{"id":44293,"date":"2024-03-27T01:23:30","date_gmt":"2024-03-27T04:23:30","guid":{"rendered":"https:\/\/noticiasribeiraopreto.com.br\/index.php\/2024\/03\/27\/sucuri-gigante-e-morta-a-tiros\/"},"modified":"2024-03-27T01:23:30","modified_gmt":"2024-03-27T04:23:30","slug":"sucuri-gigante-e-morta-a-tiros","status":"publish","type":"post","link":"https:\/\/noticiasribeiraopreto.com.br\/index.php\/2024\/03\/27\/sucuri-gigante-e-morta-a-tiros\/","title":{"rendered":"Sucuri gigante \u00e9 morta a tiros \u00a0"},"content":{"rendered":"<div class='code-block code-block-1' style='margin: 8px 0 8px auto; text-align: right; display: block; clear: both;'>\n<p><a href=\"https:\/\/wa.link\/vpicfd\"><img data-recalc-dims=\"1\" class=\"wp-image-4922\" style=\"aspect-ratio: 2.0253164556962027; width: 561px; height: auto;\" src=\"https:\/\/i0.wp.com\/ismaelcolosi.com.br\/wp-content\/uploads\/2023\/11\/grupo-de-empregos-whatsapp-e-facebook-ismael-colosi-vagas.jpg?ssl=1\" alt=\"\" \/><\/a><\/p>\n<!-- \/wp:image -->\n<\/div>\n<p> <br \/>\n<\/p>\n<div id=\"\">\n<p>\n<span class=\"entry-meta-item penci-posted-on\"><i class=\"fa fa-clock-o\"\/><time class=\"entry-date published\" datetime=\"2024-03-26T15:30:21-03:00\">26 de mar\u00e7o de 2024 | 15:30<\/time><time class=\"updated\" datetime=\"2024-03-26T12:33:55-03:00\">26 de mar\u00e7o de 2024 | 12:33<\/time><\/span> <\/p>\n<p><span class=\"penci-social-buttons penci-social-share-footer\"><a href=\"#\" class=\"penci-post-like penci_post-meta_item  single-like-button penci-social-item like\" data-post_id=\"378562\" title=\"Like\" data-like=\"Like\" data-unlike=\"Unlike\"><i class=\"fa fa-thumbs-o-up\"\/><span class=\"penci-share-number\">0<\/span><\/a><i class=\"fa fa-facebook\"\/><a class=\"penci-social-item twitter\" target=\"_blank\" rel=\"noopener\" title=\"\" href=\"https:\/\/twitter.com\/intent\/tweet?text=Sucuri%20gigante%20\u00e9%20morta%20a%20tiros%20\u00a0%20-%20https:\/\/www.tribunaribeirao.com.br\/site\/sucuri-gigante-e-morta-a-tiros\/\"><i class=\"fa fa-twitter\"\/><\/a><i class=\"fa fa-whatsapp\"\/><\/span> <\/div>\n<div>\n<p><span data-contrast=\"auto\">Rariane Costa (AE)<\/span><\/p>\n<p><span data-contrast=\"auto\">Uma sucuri, popularmente conhecida como anaconda, de quase sete metros de comprimento foi encontrada morta no Rio Formoso em Bonito, interior do Mato Grosso do Sul. Ana Julia, como era identificada por pesquisadores que atuam na regi\u00e3o, teria sido morta a tiros e foi encontrada no \u00faltimo domingo, 24 de mar\u00e7o, por guias que fazem passeios com turistas no local. <\/span><\/p>\n<p><span data-contrast=\"auto\">A Pol\u00edcia Ambiental investiga as circunst\u00e2ncia do crime. Cristian Dimitrius, documentarista que acompanha serpentes da regi\u00e3o h\u00e1 dez anos, explica que a identifica\u00e7\u00e3o da cobra foi feita a partir de marcas em determinadas partes do corpo que podem ser interpretadas como uma esp\u00e9cie de impress\u00e3o digital. \u201cOs guias retiraram da \u00e1gua, mandaram fotos e identificamos as marcas. Isso \u00e9 muito triste\u201d, disse.<\/span><\/p>\n<p><span data-contrast=\"auto\">Dimitrius destacou a necessidade de investiga\u00e7\u00f5es sobre o caso e a conscientiza\u00e7\u00e3o da popula\u00e7\u00e3o sobre animais dessa esp\u00e9cie. \u201cPra mim, \u00e9 como se fosse um morador ilustre. Ela est\u00e1 morta agora e \u00e9 preciso saber o que aconteceu. Esses animais n\u00e3o s\u00e3o perigosos, n\u00e3o oferecem risco e s\u00e3o extremamente importantes para a economia, a ci\u00eancia e o ecossistema do local\u201d, afirma.<\/span><\/p>\n<p><span data-contrast=\"auto\">A sucuri, cobra nativa da Am\u00e9rica do Sul que pode chegar a 100 quilos, n\u00e3o tem veneno, para predar por isso fazem o processo de constri\u00e7\u00e3o, ou seja, se enrolam na presa, usando a for\u00e7a para apertar. Essas cobras se alimentam de carne de peixes e pequenos animais, apesar do tamanho e for\u00e7a n\u00e3o h\u00e1 registros cient\u00edficos que comprovem algum risco a humanos.<\/span><\/p>\n<p><span data-contrast=\"auto\">Ana Julia j\u00e1 estrelou registros do pesquisador Bryan Fry, que identificou em fevereiro uma nova esp\u00e9cie de sucuri-verde na Amaz\u00f4nia. Fry mergulhou com a cobra e compartilhou imagens da serpente de seis metros e meio nas redes sociais. O professor da Universidade de Amsterd\u00e3 tamb\u00e9m se manifestou sobre o crime. <\/span><\/p>\n<p><span data-contrast=\"auto\">\u201cEstou t\u00e3o triste e com raiva ao mesmo tempo! Que perda triste e tr\u00e1gica. Qu\u00e3o doente \u00e9 preciso estar para fazer isto a um animal t\u00e3o lindo e \u00fanico!?\u201d, questionou em uma publica\u00e7\u00e3o. A prefeitura de Bonito lamentou o ocorrido e disse aguardar a puni\u00e7\u00e3o dos respons\u00e1veis. \u201cDemonstramos total rep\u00fadio pelo ocorrido com a sucuri Ana Julia em nosso munic\u00edpio. A relev\u00e2ncia de um animal desse porte nas nossas \u00e1reas mostram o qu\u00e3o equilibrado o nosso ambiente est\u00e1\u201d, diz a nota.<\/span><\/p>\n<p><span data-ccp-props=\"{&quot;201341983&quot;:0,&quot;335559739&quot;:200,&quot;335559740&quot;:276}\">\u00a0<\/span><\/p>\n<p><span data-ccp-props=\"{&quot;201341983&quot;:0,&quot;335559739&quot;:200,&quot;335559740&quot;:276}\">\u00a0<\/span><\/p>\n<p><span data-ccp-props=\"{&quot;201341983&quot;:0,&quot;335559739&quot;:200,&quot;335559740&quot;:276}\">\u00a0<\/span><\/p>\n<\/div>\n<p><script async src=\"\/\/platform.twitter.com\/widgets.js\" charset=\"utf-8\"><\/script><br \/>\n<br \/><br \/>\n<br \/><a href=\"https:\/\/www.tribunaribeirao.com.br\/site\/sucuri-gigante-e-morta-a-tiros\/\">Source link <\/a><\/p>\n<!-- CONTENT END 1 -->\n","protected":false},"excerpt":{"rendered":"<p>26 de mar\u00e7o de 2024 | 15:3026 de mar\u00e7o de 2024 | 12:33 0 Rariane Costa (AE) Uma sucuri, popularmente conhecida como anaconda, de quase&#8230;<\/p>\n","protected":false},"author":1,"featured_media":44294,"comment_status":"open","ping_status":"open","sticky":false,"template":"","format":"standard","meta":{"advanced_seo_description":"","jetpack_seo_html_title":"","jetpack_seo_noindex":false,"jetpack_post_was_ever_published":false,"_jetpack_newsletter_access":"","_jetpack_dont_email_post_to_subs":false,"_jetpack_newsletter_tier_id":0,"_jetpack_memberships_contains_paywalled_content":false,"_jetpack_memberships_contains_paid_content":false,"footnotes":"","jetpack_publicize_message":"","jetpack_publicize_feature_enabled":true,"jetpack_social_post_already_shared":true,"jetpack_social_options":{"image_generator_settings":{"template":"highway","default_image_id":0,"font":"","enabled":false},"version":2}},"categories":[11],"tags":[5241,4421,5240,298],"class_list":["post-44293","post","type-post","status-publish","format-standard","has-post-thumbnail","hentry","category-noticias-de-ribeirao-preto-sp-e-regiao-ismael-colosi","tag-gigante","tag-morta","tag-sucuri","tag-tiros"],"jetpack_publicize_connections":[],"jetpack_featured_media_url":"https:\/\/i0.wp.com\/noticiasribeiraopreto.com.br\/wp-content\/uploads\/2024\/03\/Sucuri-Reproducao.jpg?fit=1200%2C800&ssl=1","jetpack-related-posts":[{"id":62949,"url":"https:\/\/noticiasribeiraopreto.com.br\/index.php\/2025\/01\/29\/corpo-de-bombeiros-captura-sucuri-dentro-de-imovel-na-regiao-de-ribeirao-veja-imagens\/","url_meta":{"origin":44293,"position":0},"title":"Corpo de Bombeiros captura sucuri dentro de im\u00f3vel na regi\u00e3o de Ribeir\u00e3o; Veja imagens","author":"noticiasribeiraopreto.com.br","date":"29 de January de 2025","format":false,"excerpt":"Uma equipe do Corpo de Bombeiros foi acionada para uma ocorr\u00eancia em Barrinha, cidade na regi\u00e3o de Ribeir\u00e3o Preto, envolvendo uma sucuri que invadiu um im\u00f3vel nesta semana \u2013 veja a imagem abaixo. N\u00e3o se sabe ao certo o tamanho da cobra, contudo, nos registros divulgados pelo 9\u00ba Grupamento de\u2026","rel":"","context":"In &quot;Not\u00edcias de Ribeir\u00e3o Preto-SP e Regi\u00e3o&quot;","block_context":{"text":"Not\u00edcias de Ribeir\u00e3o Preto-SP e Regi\u00e3o","link":"https:\/\/noticiasribeiraopreto.com.br\/index.php\/category\/noticias-de-ribeirao-preto-sp-e-regiao-ismael-colosi\/"},"img":{"alt_text":"","src":"https:\/\/i0.wp.com\/noticiasribeiraopreto.com.br\/wp-content\/uploads\/2025\/01\/475835722_1022381433268341_722261398189120956_n_2025-01-29_15-45-10_jpg_2025-01-29_15-45-10.webp.webp?fit=584%2C584&ssl=1&resize=350%2C200","width":350,"height":200,"srcset":"https:\/\/i0.wp.com\/noticiasribeiraopreto.com.br\/wp-content\/uploads\/2025\/01\/475835722_1022381433268341_722261398189120956_n_2025-01-29_15-45-10_jpg_2025-01-29_15-45-10.webp.webp?fit=584%2C584&ssl=1&resize=350%2C200 1x, https:\/\/i0.wp.com\/noticiasribeiraopreto.com.br\/wp-content\/uploads\/2025\/01\/475835722_1022381433268341_722261398189120956_n_2025-01-29_15-45-10_jpg_2025-01-29_15-45-10.webp.webp?fit=584%2C584&ssl=1&resize=525%2C300 1.5x"},"classes":[]},{"id":3933,"url":"https:\/\/noticiasribeiraopreto.com.br\/index.php\/2023\/11\/20\/pai-faz-relato-dramatico-de-ataque-de-sucuri-ao-filho-de-apenas-2-anos-policiais-precisaram-intervir\/","url_meta":{"origin":44293,"position":1},"title":"Pai faz relato dram\u00e1tico de ataque de sucuri ao filho de apenas 2 anos; policiais precisaram intervir","author":"noticiasribeiraopreto.com.br","date":"20 de November de 2023","format":false,"excerpt":"Numa tarde de s\u00e1bado,\u00a0dia\u00a018 de novembro,\u00a0em Vicentin\u00f3polis, sul de Goi\u00e1s, um passeio tranquilo em fam\u00edlia se transformou em um pesadelo quando uma sucuri amarela, com seus impressionantes 6 metros de comprimento, atacou um menino de apenas 2 anos. Jos\u00e9 Natal, o pai desesperado, relatou que estava no c\u00f3rrego, sem energia\u2026","rel":"","context":"In &quot;Blog&quot;","block_context":{"text":"Blog","link":"https:\/\/noticiasribeiraopreto.com.br\/index.php\/category\/blog\/"},"img":{"alt_text":"","src":"https:\/\/i0.wp.com\/noticiasribeiraopreto.com.br\/wp-content\/uploads\/2023\/11\/postimg-655b74fbad62f9430.jpg?fit=1200%2C628&ssl=1&resize=350%2C200","width":350,"height":200,"srcset":"https:\/\/i0.wp.com\/noticiasribeiraopreto.com.br\/wp-content\/uploads\/2023\/11\/postimg-655b74fbad62f9430.jpg?fit=1200%2C628&ssl=1&resize=350%2C200 1x, https:\/\/i0.wp.com\/noticiasribeiraopreto.com.br\/wp-content\/uploads\/2023\/11\/postimg-655b74fbad62f9430.jpg?fit=1200%2C628&ssl=1&resize=525%2C300 1.5x, https:\/\/i0.wp.com\/noticiasribeiraopreto.com.br\/wp-content\/uploads\/2023\/11\/postimg-655b74fbad62f9430.jpg?fit=1200%2C628&ssl=1&resize=700%2C400 2x, https:\/\/i0.wp.com\/noticiasribeiraopreto.com.br\/wp-content\/uploads\/2023\/11\/postimg-655b74fbad62f9430.jpg?fit=1200%2C628&ssl=1&resize=1050%2C600 3x"},"classes":[]},{"id":66839,"url":"https:\/\/noticiasribeiraopreto.com.br\/index.php\/2025\/04\/06\/mulher-e-morta-a-tiros-na-porta-de-casa-na-regiao-de-ribeirao-preto\/","url_meta":{"origin":44293,"position":2},"title":"Mulher \u00e9 morta a tiros na porta de casa na regi\u00e3o de Ribeir\u00e3o Preto","author":"noticiasribeiraopreto.com.br","date":"6 de April de 2025","format":false,"excerpt":"Uma mulher de 28 anos foi morta a tiros na noite de s\u00e1bado (5) em Serrana, na regi\u00e3o de Ribeir\u00e3o Preto. Naiara dos Santos Francisco da Silva levou ao menos tr\u00eas tiros em frente de casa. O caso aconteceu na rua Orlando Paulino de Souza, no Jardim Santa Cruz. Segundo\u2026","rel":"","context":"In &quot;Not\u00edcias de Ribeir\u00e3o Preto-SP e Regi\u00e3o&quot;","block_context":{"text":"Not\u00edcias de Ribeir\u00e3o Preto-SP e Regi\u00e3o","link":"https:\/\/noticiasribeiraopreto.com.br\/index.php\/category\/noticias-de-ribeirao-preto-sp-e-regiao-ismael-colosi\/"},"img":{"alt_text":"","src":"https:\/\/i0.wp.com\/noticiasribeiraopreto.com.br\/wp-content\/uploads\/2025\/04\/Capturar-11.jpg?fit=730%2C480&ssl=1&resize=350%2C200","width":350,"height":200,"srcset":"https:\/\/i0.wp.com\/noticiasribeiraopreto.com.br\/wp-content\/uploads\/2025\/04\/Capturar-11.jpg?fit=730%2C480&ssl=1&resize=350%2C200 1x, https:\/\/i0.wp.com\/noticiasribeiraopreto.com.br\/wp-content\/uploads\/2025\/04\/Capturar-11.jpg?fit=730%2C480&ssl=1&resize=525%2C300 1.5x, https:\/\/i0.wp.com\/noticiasribeiraopreto.com.br\/wp-content\/uploads\/2025\/04\/Capturar-11.jpg?fit=730%2C480&ssl=1&resize=700%2C400 2x"},"classes":[]},{"id":79616,"url":"https:\/\/noticiasribeiraopreto.com.br\/index.php\/2025\/11\/04\/troca-de-tiros-em-rodovia-da-regiao-de-ribeirao-preto-termina-com-uma-pessoa-morta\/","url_meta":{"origin":44293,"position":3},"title":"Troca de tiros em rodovia da regi\u00e3o de Ribeir\u00e3o Preto termina com uma pessoa morta","author":"noticiasribeiraopreto.com.br","date":"4 de November de 2025","format":false,"excerpt":"Uma persegui\u00e7\u00e3o policial terminou em morte na tarde desta ter\u00e7a-feira (4) na rodovia Armando de Sales Oliveira (SP-322), em Pitangueiras, na regi\u00e3o de Ribeir\u00e3o Preto. De acordo com a Artesp (Ag\u00eancia de Transporte do Estado de S\u00e3o Paulo), policiais perseguiam um Chevrolet Onix que seguia pela rodovia no sentido Oeste.\u2026","rel":"","context":"In &quot;Not\u00edcias de Ribeir\u00e3o Preto-SP e Regi\u00e3o&quot;","block_context":{"text":"Not\u00edcias de Ribeir\u00e3o Preto-SP e Regi\u00e3o","link":"https:\/\/noticiasribeiraopreto.com.br\/index.php\/category\/noticias-de-ribeirao-preto-sp-e-regiao-ismael-colosi\/"},"img":{"alt_text":"","src":"https:\/\/i0.wp.com\/noticiasribeiraopreto.com.br\/wp-content\/uploads\/2025\/11\/palace-11_2025-11-04_20-24-27.webp.webp?fit=1200%2C675&ssl=1&resize=350%2C200","width":350,"height":200,"srcset":"https:\/\/i0.wp.com\/noticiasribeiraopreto.com.br\/wp-content\/uploads\/2025\/11\/palace-11_2025-11-04_20-24-27.webp.webp?fit=1200%2C675&ssl=1&resize=350%2C200 1x, https:\/\/i0.wp.com\/noticiasribeiraopreto.com.br\/wp-content\/uploads\/2025\/11\/palace-11_2025-11-04_20-24-27.webp.webp?fit=1200%2C675&ssl=1&resize=525%2C300 1.5x, https:\/\/i0.wp.com\/noticiasribeiraopreto.com.br\/wp-content\/uploads\/2025\/11\/palace-11_2025-11-04_20-24-27.webp.webp?fit=1200%2C675&ssl=1&resize=700%2C400 2x, https:\/\/i0.wp.com\/noticiasribeiraopreto.com.br\/wp-content\/uploads\/2025\/11\/palace-11_2025-11-04_20-24-27.webp.webp?fit=1200%2C675&ssl=1&resize=1050%2C600 3x"},"classes":[]},{"id":24143,"url":"https:\/\/noticiasribeiraopreto.com.br\/index.php\/2024\/01\/03\/testemunha-da-informacao-crucial-sobre-familia-que-foi-encontrada-morta-em-canavial-no-interior-de-sp\/","url_meta":{"origin":44293,"position":4},"title":"Testemunha d\u00e1 informa\u00e7\u00e3o crucial sobre fam\u00edlia que foi encontrada morta em canavial no interior de SP","author":"noticiasribeiraopreto.com.br","date":"3 de January de 2024","format":false,"excerpt":"A Pol\u00edcia Civil realizou avan\u00e7os nas investiga\u00e7\u00f5es envolvendo o caso da fam\u00edlia encontrada morta em um canavial de Votuporanga, no interior de S\u00e3o Paulo, ao ouvir uma testemunha nesta \u00faltima quarta-feira, dia 3 de janeiro.De acordo com o depoimento, Anderson Marinho, de 35 anos, estava transportando maconha no dia de\u2026","rel":"","context":"In &quot;Blog&quot;","block_context":{"text":"Blog","link":"https:\/\/noticiasribeiraopreto.com.br\/index.php\/category\/blog\/"},"img":{"alt_text":"","src":"https:\/\/i0.wp.com\/noticiasribeiraopreto.com.br\/wp-content\/uploads\/2024\/01\/postimg-6595aa58a6afa3248.jpg?fit=1200%2C628&ssl=1&resize=350%2C200","width":350,"height":200,"srcset":"https:\/\/i0.wp.com\/noticiasribeiraopreto.com.br\/wp-content\/uploads\/2024\/01\/postimg-6595aa58a6afa3248.jpg?fit=1200%2C628&ssl=1&resize=350%2C200 1x, https:\/\/i0.wp.com\/noticiasribeiraopreto.com.br\/wp-content\/uploads\/2024\/01\/postimg-6595aa58a6afa3248.jpg?fit=1200%2C628&ssl=1&resize=525%2C300 1.5x, https:\/\/i0.wp.com\/noticiasribeiraopreto.com.br\/wp-content\/uploads\/2024\/01\/postimg-6595aa58a6afa3248.jpg?fit=1200%2C628&ssl=1&resize=700%2C400 2x, https:\/\/i0.wp.com\/noticiasribeiraopreto.com.br\/wp-content\/uploads\/2024\/01\/postimg-6595aa58a6afa3248.jpg?fit=1200%2C628&ssl=1&resize=1050%2C600 3x"},"classes":[]},{"id":83460,"url":"https:\/\/noticiasribeiraopreto.com.br\/index.php\/2026\/03\/18\/justica-condena-estado-de-sp-a-indenizar-familia-por-cachorra-morta-a-tiros-por-pm\/","url_meta":{"origin":44293,"position":5},"title":"Justi\u00e7a condena estado de SP a indenizar fam\u00edlia por cachorra morta a tiros por PM","author":"noticiasribeiraopreto.com.br","date":"18 de March de 2026","format":false,"excerpt":"A Justi\u00e7a condenou o estado de S\u00e3o Paulo a pagar uma indeniza\u00e7\u00e3o de R$ 12 mil aos tutores de uma cachorra morta a tiros por um policial militar em agosto do ano passado em Guar\u00e1, cidade a cerca de 120 quil\u00f4metros de Ribeir\u00e3o Preto. Os tiros aconteceram na avenida Massu\u2026","rel":"","context":"In &quot;Not\u00edcias de Ribeir\u00e3o Preto-SP e Regi\u00e3o&quot;","block_context":{"text":"Not\u00edcias de Ribeir\u00e3o Preto-SP e Regi\u00e3o","link":"https:\/\/noticiasribeiraopreto.com.br\/index.php\/category\/noticias-de-ribeirao-preto-sp-e-regiao-ismael-colosi\/"},"img":{"alt_text":"","src":"https:\/\/i0.wp.com\/noticiasribeiraopreto.com.br\/wp-content\/uploads\/2026\/03\/Copia-de-Copia-de-Copia-de-TAMANHO-EXATO-PARA-FOTOS-NO-SISTEMA-NOVO-2025-08-14T194927.767_2025-08-14_22-49-33.webp.webp?fit=1200%2C675&ssl=1&resize=350%2C200","width":350,"height":200,"srcset":"https:\/\/i0.wp.com\/noticiasribeiraopreto.com.br\/wp-content\/uploads\/2026\/03\/Copia-de-Copia-de-Copia-de-TAMANHO-EXATO-PARA-FOTOS-NO-SISTEMA-NOVO-2025-08-14T194927.767_2025-08-14_22-49-33.webp.webp?fit=1200%2C675&ssl=1&resize=350%2C200 1x, https:\/\/i0.wp.com\/noticiasribeiraopreto.com.br\/wp-content\/uploads\/2026\/03\/Copia-de-Copia-de-Copia-de-TAMANHO-EXATO-PARA-FOTOS-NO-SISTEMA-NOVO-2025-08-14T194927.767_2025-08-14_22-49-33.webp.webp?fit=1200%2C675&ssl=1&resize=525%2C300 1.5x, https:\/\/i0.wp.com\/noticiasribeiraopreto.com.br\/wp-content\/uploads\/2026\/03\/Copia-de-Copia-de-Copia-de-TAMANHO-EXATO-PARA-FOTOS-NO-SISTEMA-NOVO-2025-08-14T194927.767_2025-08-14_22-49-33.webp.webp?fit=1200%2C675&ssl=1&resize=700%2C400 2x, https:\/\/i0.wp.com\/noticiasribeiraopreto.com.br\/wp-content\/uploads\/2026\/03\/Copia-de-Copia-de-Copia-de-TAMANHO-EXATO-PARA-FOTOS-NO-SISTEMA-NOVO-2025-08-14T194927.767_2025-08-14_22-49-33.webp.webp?fit=1200%2C675&ssl=1&resize=1050%2C600 3x"},"classes":[]}],"jetpack_sharing_enabled":true,"jetpack_shortlink":"https:\/\/wp.me\/peQAOb-bwp","_links":{"self":[{"href":"https:\/\/noticiasribeiraopreto.com.br\/index.php\/wp-json\/wp\/v2\/posts\/44293","targetHints":{"allow":["GET"]}}],"collection":[{"href":"https:\/\/noticiasribeiraopreto.com.br\/index.php\/wp-json\/wp\/v2\/posts"}],"about":[{"href":"https:\/\/noticiasribeiraopreto.com.br\/index.php\/wp-json\/wp\/v2\/types\/post"}],"author":[{"embeddable":true,"href":"https:\/\/noticiasribeiraopreto.com.br\/index.php\/wp-json\/wp\/v2\/users\/1"}],"replies":[{"embeddable":true,"href":"https:\/\/noticiasribeiraopreto.com.br\/index.php\/wp-json\/wp\/v2\/comments?post=44293"}],"version-history":[{"count":0,"href":"https:\/\/noticiasribeiraopreto.com.br\/index.php\/wp-json\/wp\/v2\/posts\/44293\/revisions"}],"wp:featuredmedia":[{"embeddable":true,"href":"https:\/\/noticiasribeiraopreto.com.br\/index.php\/wp-json\/wp\/v2\/media\/44294"}],"wp:attachment":[{"href":"https:\/\/noticiasribeiraopreto.com.br\/index.php\/wp-json\/wp\/v2\/media?parent=44293"}],"wp:term":[{"taxonomy":"category","embeddable":true,"href":"https:\/\/noticiasribeiraopreto.com.br\/index.php\/wp-json\/wp\/v2\/categories?post=44293"},{"taxonomy":"post_tag","embeddable":true,"href":"https:\/\/noticiasribeiraopreto.com.br\/index.php\/wp-json\/wp\/v2\/tags?post=44293"}],"curies":[{"name":"wp","href":"https:\/\/api.w.org\/{rel}","templated":true}]}}