{"id":44389,"date":"2024-03-27T16:02:52","date_gmt":"2024-03-27T19:02:52","guid":{"rendered":"https:\/\/noticiasribeiraopreto.com.br\/index.php\/2024\/03\/27\/rodoviaria-espera-por-27-mil-pessoas\/"},"modified":"2024-03-27T16:02:52","modified_gmt":"2024-03-27T19:02:52","slug":"rodoviaria-espera-por-27-mil-pessoas","status":"publish","type":"post","link":"https:\/\/noticiasribeiraopreto.com.br\/index.php\/2024\/03\/27\/rodoviaria-espera-por-27-mil-pessoas\/","title":{"rendered":"Rodovi\u00e1ria espera por 27 mil pessoas\u00a0"},"content":{"rendered":"<div class='code-block code-block-1' style='margin: 8px 0 8px auto; text-align: right; display: block; clear: both;'>\n<p><a href=\"https:\/\/wa.link\/vpicfd\"><img data-recalc-dims=\"1\" class=\"wp-image-4922\" style=\"aspect-ratio: 2.0253164556962027; width: 561px; height: auto;\" src=\"https:\/\/i0.wp.com\/ismaelcolosi.com.br\/wp-content\/uploads\/2023\/11\/grupo-de-empregos-whatsapp-e-facebook-ismael-colosi-vagas.jpg?ssl=1\" alt=\"\" \/><\/a><\/p>\n<!-- \/wp:image -->\n<\/div>\n<p> <br \/>\n<\/p>\n<div id=\"post-378769\">\n<header class=\"entry-header penci-entry-header penci-title-center\">\n<p>\n<span class=\"entry-meta-item penci-posted-on\"><i class=\"fa fa-clock-o\"\/><time class=\"entry-date published\" datetime=\"2024-03-27T16:00:26-03:00\">27 de mar\u00e7o de 2024 | 16:00<\/time><time class=\"updated\" datetime=\"2024-03-27T10:43:53-03:00\">27 de mar\u00e7o de 2024 | 10:43<\/time><\/span> <\/p>\n<p><span class=\"penci-social-buttons penci-social-share-footer\"><a href=\"#\" class=\"penci-post-like penci_post-meta_item  single-like-button penci-social-item like\" data-post_id=\"378769\" title=\"Like\" data-like=\"Like\" data-unlike=\"Unlike\"><i class=\"fa fa-thumbs-o-up\"\/><span class=\"penci-share-number\">0<\/span><\/a><i class=\"fa fa-facebook\"\/><a class=\"penci-social-item twitter\" target=\"_blank\" rel=\"noopener\" title=\"\" href=\"https:\/\/twitter.com\/intent\/tweet?text=Rodovi\u00e1ria%20espera%20por%2027%20mil%20pessoas\u00a0%20-%20https:\/\/www.tribunaribeirao.com.br\/site\/rodoviaria-espera-por-27-mil-pessoas\/\"><i class=\"fa fa-twitter\"\/><\/a><i class=\"fa fa-whatsapp\"\/><\/span> <\/header>\n<div class=\"penci-entry-content entry-content\">\n<p><span data-contrast=\"none\">Muita gente pretende viajar de \u00f4nibus neste feriado prolongado da Semana Santa, celebrado a partir desta Sexta-Feira da Paix\u00e3o (29), passando pelo S\u00e1bado de Aleluia (30) e terminando no Domingo de P\u00e1scoa, 31 de mar\u00e7o. Por\u00e9m, o movimento no Terminal Rodovi\u00e1rio de Ribeir\u00e3o Preto deve come\u00e7ar nesta quinta-feira (28), se estendendo at\u00e9 segunda-feira, 1\u00ba de abril. <\/span><span data-ccp-props=\"{&quot;201341983&quot;:0,&quot;335559739&quot;:200,&quot;335559740&quot;:276}\">\u00a0<\/span><\/p>\n<p><span data-contrast=\"none\">Segundo a concession\u00e1ria Socicam Terminais de Passageiros, que administra a Rodovi\u00e1ria Central de Ribeir\u00e3o Preto, 27.000 pessoas devem embarcar e desembarcar no local at\u00e9 dia 1\u00ba. Os per\u00edodos com maior procura s\u00e3o quinta, sexta-feira e segunda-feira. Cerca de 5.500 viajantes s\u00e3o esperados nestes tr\u00eas dias. <\/span><\/p>\n<p><span data-contrast=\"none\">As cidades mais procuradas s\u00e3o a capital paulista, Rio de Janeiro (RJ), Belo Horizonte (MG) e os munic\u00edpios do litoral de S\u00e3o Paulo. <\/span><span data-contrast=\"auto\">Geralmente, e caso haja necessidade, mas ve\u00edculos extras estar\u00e3o \u00e0 disposi\u00e7\u00e3o dos passageiros. A Socicam lembra que o uso de m\u00e1scara facial \u00e9 opcional no transporte p\u00fablico do Estado de S\u00e3o Paulo. <\/span><\/p>\n<p><span data-contrast=\"auto\">Para evitar transtornos, entre em contato previamente com a empresa de \u00f4nibus que deseja viajar e cheque informa\u00e7\u00f5es sobre disponibilidade de passagens, datas e hor\u00e1rios. Se puder, fa\u00e7a a compra da sua passagem pela internet. Para mais informa\u00e7\u00f5es, acesse www.socicam.com.br.<\/span><\/p>\n<p><span data-ccp-props=\"{&quot;201341983&quot;:0,&quot;335559739&quot;:200,&quot;335559740&quot;:276}\">\u00a0<\/span><\/p>\n<p><span data-ccp-props=\"{&quot;201341983&quot;:0,&quot;335559739&quot;:200,&quot;335559740&quot;:276}\">\u00a0<\/span><\/p>\n<\/div>\n<footer class=\"penci-entry-footer\">\n <\/footer>\n<\/div>\n<p><script async src=\"\/\/platform.twitter.com\/widgets.js\" charset=\"utf-8\"><\/script><br \/>\n<br \/><br \/>\n<br \/><a href=\"https:\/\/www.tribunaribeirao.com.br\/site\/rodoviaria-espera-por-27-mil-pessoas\/\">Source link <\/a><\/p>\n<!-- CONTENT END 1 -->\n","protected":false},"excerpt":{"rendered":"<p>27 de mar\u00e7o de 2024 | 16:0027 de mar\u00e7o de 2024 | 10:43 0 Muita gente pretende viajar de \u00f4nibus neste feriado prolongado da Semana&#8230;<\/p>\n","protected":false},"author":1,"featured_media":44390,"comment_status":"open","ping_status":"open","sticky":false,"template":"","format":"standard","meta":{"advanced_seo_description":"","jetpack_seo_html_title":"","jetpack_seo_noindex":false,"jetpack_post_was_ever_published":false,"_jetpack_newsletter_access":"","_jetpack_dont_email_post_to_subs":false,"_jetpack_newsletter_tier_id":0,"_jetpack_memberships_contains_paywalled_content":false,"_jetpack_memberships_contains_paid_content":false,"footnotes":"","jetpack_publicize_message":"","jetpack_publicize_feature_enabled":true,"jetpack_social_post_already_shared":true,"jetpack_social_options":{"image_generator_settings":{"template":"highway","default_image_id":0,"font":"","enabled":false},"version":2}},"categories":[11],"tags":[4162,402,581,134,924],"class_list":["post-44389","post","type-post","status-publish","format-standard","has-post-thumbnail","hentry","category-noticias-de-ribeirao-preto-sp-e-regiao-ismael-colosi","tag-espera","tag-mil","tag-pessoas","tag-por","tag-rodoviaria"],"jetpack_publicize_connections":[],"jetpack_featured_media_url":"https:\/\/i0.wp.com\/noticiasribeiraopreto.com.br\/wp-content\/uploads\/2024\/03\/foto1.jpg?fit=534%2C400&ssl=1","jetpack-related-posts":[{"id":36209,"url":"https:\/\/noticiasribeiraopreto.com.br\/index.php\/2024\/02\/08\/rodoviaria-espera-por-36-mil-pessoas-2\/","url_meta":{"origin":44389,"position":0},"title":"Rodovi\u00e1ria de RP espera por 36 mil pessoas\u00a0","author":"noticiasribeiraopreto.com.br","date":"8 de February de 2024","format":false,"excerpt":"8 de fevereiro de 2024 | 18:008 de fevereiro de 2024 | 16:26 0Muita gente pretende viajar de \u00f4nibus neste feriado prolongado de carnaval, celebrado entre s\u00e1bado, 10 de fevereiro,e a Quarta-Feira de Cinzas (14). Por\u00e9m, o movimento no Terminal Rodovi\u00e1rio de Ribeir\u00e3o Preto deve come\u00e7ar nesta sexta-feira (9), se\u2026","rel":"","context":"In &quot;Not\u00edcias de Ribeir\u00e3o Preto-SP e Regi\u00e3o&quot;","block_context":{"text":"Not\u00edcias de Ribeir\u00e3o Preto-SP e Regi\u00e3o","link":"https:\/\/noticiasribeiraopreto.com.br\/index.php\/category\/noticias-de-ribeirao-preto-sp-e-regiao-ismael-colosi\/"},"img":{"alt_text":"","src":"https:\/\/i0.wp.com\/noticiasribeiraopreto.com.br\/wp-content\/uploads\/2024\/02\/5-3-1024x618-1-scaled.jpg?fit=1000%2C604&ssl=1&resize=350%2C200","width":350,"height":200,"srcset":"https:\/\/i0.wp.com\/noticiasribeiraopreto.com.br\/wp-content\/uploads\/2024\/02\/5-3-1024x618-1-scaled.jpg?fit=1000%2C604&ssl=1&resize=350%2C200 1x, https:\/\/i0.wp.com\/noticiasribeiraopreto.com.br\/wp-content\/uploads\/2024\/02\/5-3-1024x618-1-scaled.jpg?fit=1000%2C604&ssl=1&resize=525%2C300 1.5x, https:\/\/i0.wp.com\/noticiasribeiraopreto.com.br\/wp-content\/uploads\/2024\/02\/5-3-1024x618-1-scaled.jpg?fit=1000%2C604&ssl=1&resize=700%2C400 2x"},"classes":[]},{"id":68941,"url":"https:\/\/noticiasribeiraopreto.com.br\/index.php\/2025\/04\/30\/rodoviaria-espera-por-27-mil-viajantes-neste-feriado\/","url_meta":{"origin":44389,"position":1},"title":"Rodovi\u00e1ria espera por 27 mil viajantes neste feriado","author":"noticiasribeiraopreto.com.br","date":"30 de April de 2025","format":false,"excerpt":"30 de abril de 2025 15:3030 de abril de 2025 10:265 Compartilhar0 A Rodovi\u00e1ria Central de Ribeir\u00e3o Preto espera por grande movimento neste feriado de Primeiro de Maio, Dia Internacional do Trabalho, celebrado nesta quinta-feira. Em per\u00edodos de folga prolongada, a procura por passagens aumenta bastante e exige alguns cuidados\u2026","rel":"","context":"In &quot;Not\u00edcias de Ribeir\u00e3o Preto-SP e Regi\u00e3o&quot;","block_context":{"text":"Not\u00edcias de Ribeir\u00e3o Preto-SP e Regi\u00e3o","link":"https:\/\/noticiasribeiraopreto.com.br\/index.php\/category\/noticias-de-ribeirao-preto-sp-e-regiao-ismael-colosi\/"},"img":{"alt_text":"","src":"https:\/\/i0.wp.com\/noticiasribeiraopreto.com.br\/wp-content\/uploads\/2025\/04\/22mai2024rodoviariarpfotprisk-scaled.jpg?fit=750%2C500&ssl=1&resize=350%2C200","width":350,"height":200,"srcset":"https:\/\/i0.wp.com\/noticiasribeiraopreto.com.br\/wp-content\/uploads\/2025\/04\/22mai2024rodoviariarpfotprisk-scaled.jpg?fit=750%2C500&ssl=1&resize=350%2C200 1x, https:\/\/i0.wp.com\/noticiasribeiraopreto.com.br\/wp-content\/uploads\/2025\/04\/22mai2024rodoviariarpfotprisk-scaled.jpg?fit=750%2C500&ssl=1&resize=525%2C300 1.5x, https:\/\/i0.wp.com\/noticiasribeiraopreto.com.br\/wp-content\/uploads\/2025\/04\/22mai2024rodoviariarpfotprisk-scaled.jpg?fit=750%2C500&ssl=1&resize=700%2C400 2x"},"classes":[]},{"id":44452,"url":"https:\/\/noticiasribeiraopreto.com.br\/index.php\/2024\/03\/27\/mais-de-600-mil-veiculos-devem-circular-nas-rodovias-da-regiao\/","url_meta":{"origin":44389,"position":2},"title":"Mais de 600 mil ve\u00edculos devem circular nas rodovias da regi\u00e3o","author":"noticiasribeiraopreto.com.br","date":"27 de March de 2024","format":false,"excerpt":"Opera\u00e7\u00e3o Semana Santa nas estradas ser\u00e1 realizada entre quinta-feira e segunda-feira com aumento de at\u00e9 24% no tr\u00e1fego 27 de mar\u00e7o de 2024 | 16:13 2 Por: Adalberto Luque A Opera\u00e7\u00e3o Semana Santa 2024 nas estradas come\u00e7a \u00e0 00h00 desta quinta-feira (28) e vai at\u00e9 as 23h59 de segunda-feira (1\/04).\u2026","rel":"","context":"In &quot;Not\u00edcias de Ribeir\u00e3o Preto-SP e Regi\u00e3o&quot;","block_context":{"text":"Not\u00edcias de Ribeir\u00e3o Preto-SP e Regi\u00e3o","link":"https:\/\/noticiasribeiraopreto.com.br\/index.php\/category\/noticias-de-ribeirao-preto-sp-e-regiao-ismael-colosi\/"},"img":{"alt_text":"","src":"https:\/\/i0.wp.com\/noticiasribeiraopreto.com.br\/wp-content\/uploads\/2024\/03\/00-27-mar-2024-feriado-02-Policia-Militar-Rodoviaria-SP-Foto-Divulgacao-scaled.jpg?fit=727%2C500&ssl=1&resize=350%2C200","width":350,"height":200,"srcset":"https:\/\/i0.wp.com\/noticiasribeiraopreto.com.br\/wp-content\/uploads\/2024\/03\/00-27-mar-2024-feriado-02-Policia-Militar-Rodoviaria-SP-Foto-Divulgacao-scaled.jpg?fit=727%2C500&ssl=1&resize=350%2C200 1x, https:\/\/i0.wp.com\/noticiasribeiraopreto.com.br\/wp-content\/uploads\/2024\/03\/00-27-mar-2024-feriado-02-Policia-Militar-Rodoviaria-SP-Foto-Divulgacao-scaled.jpg?fit=727%2C500&ssl=1&resize=525%2C300 1.5x, https:\/\/i0.wp.com\/noticiasribeiraopreto.com.br\/wp-content\/uploads\/2024\/03\/00-27-mar-2024-feriado-02-Policia-Militar-Rodoviaria-SP-Foto-Divulgacao-scaled.jpg?fit=727%2C500&ssl=1&resize=700%2C400 2x"},"classes":[]},{"id":7212,"url":"https:\/\/noticiasribeiraopreto.com.br\/index.php\/2023\/11\/27\/policia-rodoviaria-apreende-dinheiro-no-anel-viario-sul\/","url_meta":{"origin":44389,"position":3},"title":"Pol\u00edcia Rodovi\u00e1ria apreende dinheiro no Anel Vi\u00e1rio Sul","author":"noticiasribeiraopreto.com.br","date":"27 de November de 2023","format":false,"excerpt":"Motorista transportava mais de R$ 40 mil e, durante abordagem, n\u00e3o soube explicar origem do dinheiro 27 de novembro de 2023 | 12:56 2Por: Adalberto LuqueA Pol\u00edcia Militar Rodovi\u00e1ria (PMRv) apreendeu, na manh\u00e3 desta segunda-feira (27), R$ 40.499 em c\u00e9dulas de diversos valores. O dinheiro estava dentro de um ve\u00edculo\u2026","rel":"","context":"In &quot;Not\u00edcias de Ribeir\u00e3o Preto-SP e Regi\u00e3o&quot;","block_context":{"text":"Not\u00edcias de Ribeir\u00e3o Preto-SP e Regi\u00e3o","link":"https:\/\/noticiasribeiraopreto.com.br\/index.php\/category\/noticias-de-ribeirao-preto-sp-e-regiao-ismael-colosi\/"},"img":{"alt_text":"","src":"https:\/\/i0.wp.com\/noticiasribeiraopreto.com.br\/wp-content\/uploads\/2023\/11\/00-27-nov-2023-apreensao-dinheiro-foto-pmrv.jpg?fit=595%2C594&ssl=1&resize=350%2C200","width":350,"height":200,"srcset":"https:\/\/i0.wp.com\/noticiasribeiraopreto.com.br\/wp-content\/uploads\/2023\/11\/00-27-nov-2023-apreensao-dinheiro-foto-pmrv.jpg?fit=595%2C594&ssl=1&resize=350%2C200 1x, https:\/\/i0.wp.com\/noticiasribeiraopreto.com.br\/wp-content\/uploads\/2023\/11\/00-27-nov-2023-apreensao-dinheiro-foto-pmrv.jpg?fit=595%2C594&ssl=1&resize=525%2C300 1.5x"},"classes":[]},{"id":42092,"url":"https:\/\/noticiasribeiraopreto.com.br\/index.php\/2024\/03\/12\/sequestrador-de-onibus-no-rio-se-entrega-a-policia\/","url_meta":{"origin":44389,"position":4},"title":"Sequestrador de \u00f4nibus no Rio se entrega \u00e0 pol\u00edcia","author":"noticiasribeiraopreto.com.br","date":"12 de March de 2024","format":false,"excerpt":"12 de mar\u00e7o de 2024 | 19:19 0O porta-voz da Pol\u00edcia Militar, coronel Marco Andrade, informou que o homem que sequestrou um \u00f4nibus no Rio de Janeiro na tarde desta ter\u00e7a-feira (12) se entregou. O homem sequestrou o ve\u00edculo\u00a0da Via\u00e7\u00e3o Sampaio na Rodovi\u00e1ria do Rio, no Santo Cristo, regi\u00e3o portu\u00e1ria\u2026","rel":"","context":"In &quot;Not\u00edcias de Ribeir\u00e3o Preto-SP e Regi\u00e3o&quot;","block_context":{"text":"Not\u00edcias de Ribeir\u00e3o Preto-SP e Regi\u00e3o","link":"https:\/\/noticiasribeiraopreto.com.br\/index.php\/category\/noticias-de-ribeirao-preto-sp-e-regiao-ismael-colosi\/"},"img":{"alt_text":"","src":"https:\/\/i0.wp.com\/noticiasribeiraopreto.com.br\/wp-content\/uploads\/2024\/03\/image-scaled.jpg?fit=1000%2C499&ssl=1&resize=350%2C200","width":350,"height":200,"srcset":"https:\/\/i0.wp.com\/noticiasribeiraopreto.com.br\/wp-content\/uploads\/2024\/03\/image-scaled.jpg?fit=1000%2C499&ssl=1&resize=350%2C200 1x, https:\/\/i0.wp.com\/noticiasribeiraopreto.com.br\/wp-content\/uploads\/2024\/03\/image-scaled.jpg?fit=1000%2C499&ssl=1&resize=525%2C300 1.5x, https:\/\/i0.wp.com\/noticiasribeiraopreto.com.br\/wp-content\/uploads\/2024\/03\/image-scaled.jpg?fit=1000%2C499&ssl=1&resize=700%2C400 2x"},"classes":[]},{"id":47838,"url":"https:\/\/noticiasribeiraopreto.com.br\/index.php\/2024\/04\/29\/agrishow-espera-mais-de-195-mil-visitantes-a-partir-desta-segunda-em-ribeirao-preto\/","url_meta":{"origin":44389,"position":5},"title":"Agrishow espera mais de 195 mil visitantes a partir desta segunda em Ribeir\u00e3o Preto","author":"noticiasribeiraopreto.com.br","date":"29 de April de 2024","format":false,"excerpt":"A 29\u00aa Agrishow come\u00e7a nesta segunda-feira (29), a partir das 8h, em Ribeir\u00e3o Preto. A expectativa dos organizadores \u00e9 receber mais de 195 mil visitantes at\u00e9 a pr\u00f3xima sexta-feira (3). A feira, considerada a principal do segmento de tecnologia agr\u00edcola da Am\u00e9rica Latina, deve receber pessoas de mais de 50\u2026","rel":"","context":"In &quot;Not\u00edcias de Ribeir\u00e3o Preto-SP e Regi\u00e3o&quot;","block_context":{"text":"Not\u00edcias de Ribeir\u00e3o Preto-SP e Regi\u00e3o","link":"https:\/\/noticiasribeiraopreto.com.br\/index.php\/category\/noticias-de-ribeirao-preto-sp-e-regiao-ismael-colosi\/"},"img":{"alt_text":"","src":"https:\/\/i0.wp.com\/noticiasribeiraopreto.com.br\/wp-content\/uploads\/2024\/04\/WhatsApp-Image-2024-04-29-at-06.14.07_2024-04-29_10-00-45_jpeg.webp.webp?fit=1200%2C903&ssl=1&resize=350%2C200","width":350,"height":200,"srcset":"https:\/\/i0.wp.com\/noticiasribeiraopreto.com.br\/wp-content\/uploads\/2024\/04\/WhatsApp-Image-2024-04-29-at-06.14.07_2024-04-29_10-00-45_jpeg.webp.webp?fit=1200%2C903&ssl=1&resize=350%2C200 1x, https:\/\/i0.wp.com\/noticiasribeiraopreto.com.br\/wp-content\/uploads\/2024\/04\/WhatsApp-Image-2024-04-29-at-06.14.07_2024-04-29_10-00-45_jpeg.webp.webp?fit=1200%2C903&ssl=1&resize=525%2C300 1.5x, https:\/\/i0.wp.com\/noticiasribeiraopreto.com.br\/wp-content\/uploads\/2024\/04\/WhatsApp-Image-2024-04-29-at-06.14.07_2024-04-29_10-00-45_jpeg.webp.webp?fit=1200%2C903&ssl=1&resize=700%2C400 2x, https:\/\/i0.wp.com\/noticiasribeiraopreto.com.br\/wp-content\/uploads\/2024\/04\/WhatsApp-Image-2024-04-29-at-06.14.07_2024-04-29_10-00-45_jpeg.webp.webp?fit=1200%2C903&ssl=1&resize=1050%2C600 3x"},"classes":[]}],"jetpack_sharing_enabled":true,"jetpack_shortlink":"https:\/\/wp.me\/peQAOb-bxX","_links":{"self":[{"href":"https:\/\/noticiasribeiraopreto.com.br\/index.php\/wp-json\/wp\/v2\/posts\/44389","targetHints":{"allow":["GET"]}}],"collection":[{"href":"https:\/\/noticiasribeiraopreto.com.br\/index.php\/wp-json\/wp\/v2\/posts"}],"about":[{"href":"https:\/\/noticiasribeiraopreto.com.br\/index.php\/wp-json\/wp\/v2\/types\/post"}],"author":[{"embeddable":true,"href":"https:\/\/noticiasribeiraopreto.com.br\/index.php\/wp-json\/wp\/v2\/users\/1"}],"replies":[{"embeddable":true,"href":"https:\/\/noticiasribeiraopreto.com.br\/index.php\/wp-json\/wp\/v2\/comments?post=44389"}],"version-history":[{"count":0,"href":"https:\/\/noticiasribeiraopreto.com.br\/index.php\/wp-json\/wp\/v2\/posts\/44389\/revisions"}],"wp:featuredmedia":[{"embeddable":true,"href":"https:\/\/noticiasribeiraopreto.com.br\/index.php\/wp-json\/wp\/v2\/media\/44390"}],"wp:attachment":[{"href":"https:\/\/noticiasribeiraopreto.com.br\/index.php\/wp-json\/wp\/v2\/media?parent=44389"}],"wp:term":[{"taxonomy":"category","embeddable":true,"href":"https:\/\/noticiasribeiraopreto.com.br\/index.php\/wp-json\/wp\/v2\/categories?post=44389"},{"taxonomy":"post_tag","embeddable":true,"href":"https:\/\/noticiasribeiraopreto.com.br\/index.php\/wp-json\/wp\/v2\/tags?post=44389"}],"curies":[{"name":"wp","href":"https:\/\/api.w.org\/{rel}","templated":true}]}}