{"id":44422,"date":"2024-03-27T16:10:45","date_gmt":"2024-03-27T19:10:45","guid":{"rendered":"https:\/\/noticiasribeiraopreto.com.br\/index.php\/2024\/03\/27\/ministerio-da-saude-inclui-regiao-de-ribeirao-preto-na-lista-da-vacina-contra-dengue\/"},"modified":"2024-03-27T16:10:45","modified_gmt":"2024-03-27T19:10:45","slug":"ministerio-da-saude-inclui-regiao-de-ribeirao-preto-na-lista-da-vacina-contra-dengue","status":"publish","type":"post","link":"https:\/\/noticiasribeiraopreto.com.br\/index.php\/2024\/03\/27\/ministerio-da-saude-inclui-regiao-de-ribeirao-preto-na-lista-da-vacina-contra-dengue\/","title":{"rendered":"Minist\u00e9rio da Sa\u00fade inclui regi\u00e3o de Ribeir\u00e3o Preto na lista da vacina contra dengue"},"content":{"rendered":"<div class='code-block code-block-1' style='margin: 8px 0 8px auto; text-align: right; display: block; clear: both;'>\n<p><a href=\"https:\/\/wa.link\/vpicfd\"><img data-recalc-dims=\"1\" class=\"wp-image-4922\" style=\"aspect-ratio: 2.0253164556962027; width: 561px; height: auto;\" src=\"https:\/\/i0.wp.com\/ismaelcolosi.com.br\/wp-content\/uploads\/2023\/11\/grupo-de-empregos-whatsapp-e-facebook-ismael-colosi-vagas.jpg?ssl=1\" alt=\"\" \/><\/a><\/p>\n<!-- \/wp:image -->\n<\/div>\n<p> <br \/>\n<\/p>\n<div>\n<p>O<strong><a href=\"https:\/\/www.gov.br\/saude\/pt-br\/assuntos\/noticias\/2024\/marco\/mais-154-municipios-serao-contemplados-com-doses-de-vacinas-contra-a-dengue\" target=\"_blank\" rel=\"noreferrer noopener nofollow\"> Minist\u00e9rio da Sa\u00fade <\/a><\/strong>vai distribuir a vacina contra a dengue para mais 154 munic\u00edpios brasileiros, incluindo a regi\u00e3o de<strong> Ribeir\u00e3o Preto<\/strong>. O an\u00fancio foi feito nesta quarta-feira (27). <mark style=\"background-color:#fcb900\" class=\"has-inline-color has-black-color\">A vacina\u00e7\u00e3o contra a doen\u00e7a na rede p\u00fablica \u00e9 destinada para crian\u00e7as e adolescentes de 10 a 14 anos.<\/mark><\/p>\n<p>De acordo com a pasta, as seguintes regi\u00f5es de sa\u00fade foram contempladas pela amplia\u00e7\u00e3o: <strong>Central \u2013 ES<\/strong>, <strong>Betim-MG<\/strong>, <strong>Uberaba \u2013 MG<\/strong>, <strong>Uberl\u00e2ndia\/Araguari \u2013 MG<\/strong>, <strong>Recife<\/strong>, <strong>Apucarana \u2013 PR<\/strong>, <strong>Grande Florian\u00f3polis<\/strong>, <strong>Aqu\u00edfero Guarani (onde fica Ribeir\u00e3o Preto)<\/strong>, <strong>Regi\u00e3o Metropolitana de Campinas<\/strong>, <strong>S\u00e3o Jos\u00e9 do Rio Preto <\/strong>e <strong>S\u00e3o Paulo<\/strong>.<\/p>\n<p>Al\u00e9m de <strong>Ribeir\u00e3o Preto<\/strong>, a regi\u00e3o Aqu\u00edfero Guarani conta com <strong>Cravinhos, Guatapar\u00e1, Jardin\u00f3polis, Lu\u00eds Ant\u00f4nio, Santa Rita do Passa Quatro, Santa Rosa de Viterbo, S\u00e3o Sim\u00e3o, Serra Azul e Serrana.<\/strong><\/p>\n<p>Dados do minist\u00e9rio indicam que, at\u00e9 o momento, 1.235.119 doses foram enviadas aos estados e munic\u00edpios desde o in\u00edcio da vacina\u00e7\u00e3o contra a dengue. Dessas, 534.631 foram registradas como aplicadas, enquanto 700.488 ainda n\u00e3o foram registradas. De todos os 521 munic\u00edpios que receberam a vacina, 13 n\u00e3o enviaram dados para o governo federal.<\/p>\n<figure class=\"wp-block-embed is-type-video is-provider-youtube wp-block-embed-youtube wp-embed-aspect-16-9 wp-has-aspect-ratio\">\n<div class=\"wp-block-embed__wrapper\">\n<p><iframe loading=\"lazy\" title=\"#AoVivo | Atualiza\u00e7\u00e3o do cen\u00e1rio epidemiol\u00f3gico da dengue no pa\u00eds\" width=\"500\" height=\"281\" src=\"https:\/\/www.youtube.com\/embed\/VdSs9QCSR5I?feature=oembed\" frameborder=\"0\" allow=\"accelerometer; autoplay; clipboard-write; encrypted-media; gyroscope; picture-in-picture; web-share\" referrerpolicy=\"strict-origin-when-cross-origin\" allowfullscreen><\/iframe><\/p>\n<\/div>\n<\/figure>\n<p>Al\u00e9m disso, 668 mil doses est\u00e3o pr\u00f3ximas do vencimento, previsto para 30 de abril. O diretor do Departamento de Emerg\u00eancia em Sa\u00fade P\u00fablica e do COE \u2013 Dengue (Centro de Opera\u00e7\u00f5es de Emerg\u00eancias em Sa\u00fade P\u00fablica para Dengue e outras Arboviroses), M\u00e1rcio Garcia, detalhou o esquema de amplia\u00e7\u00e3o de munic\u00edpios contemplados.<\/p>\n<p>\u201cA gente sabe que tem um quantitativo dessas doses que n\u00e3o foi aplicado. N\u00e3o podemos deixar essas doses vencerem, \u00e9 preciso utiliz\u00e1-las. Diante disso, o Minist\u00e9rio da Sa\u00fade trouxe uma solu\u00e7\u00e3o: redistribuir, dentro das unidades federadas, ou seja, dentro dos estados, para munic\u00edpios que ainda n\u00e3o foram contemplados\u201d.<\/p>\n<p>Segundo Garcia, a redistribui\u00e7\u00e3o para munic\u00edpios dentro dos pr\u00f3prios estados ser\u00e1 regulamentada por uma nota t\u00e9cnica publicada ainda hoje.<\/p>\n<h4 class=\"wp-block-heading\"><strong>Nova remessa<\/strong><\/h4>\n<p>Ainda segundo Garcia, o minist\u00e9rio recebeu nova remessa de doses contra a dengue \u2013 a primeira comprada, j\u00e1 que a anterior foi doada pelo fabricante. Ao todo, 930 mil doses ser\u00e3o distribu\u00eddas para os 521 munic\u00edpios anteriormente selecionados e para os 154 agora contemplados com a amplia\u00e7\u00e3o.<\/p>\n<p>\u201cEnviaremos uma parte dessas doses para repor as que foram remanejadas em munic\u00edpios inicialmente contemplados. Assim, garantiremos a continuidade da vacina\u00e7\u00e3o em locais com dose por vencer agora e que v\u00e3o redistribuir. E tamb\u00e9m vamos garantir doses para aqueles munic\u00edpios que est\u00e3o vacinando bem\u201d, explicou (com informa\u00e7\u00f5es Paula Laboissi\u00e8re\/Ag\u00eancia Brasil).<\/p>\n<p>SAIBA MAIS<br \/>Confira o que abre e fecha no feriado da Semana Santa em Ribeir\u00e3o Preto<\/p>\n<h4 class=\"wp-block-heading\"><strong>FIQUE ON<\/strong><\/h4>\n<p>Fique ligado em tudo que acontece em Ribeir\u00e3o Preto e regi\u00e3o. Siga os perfis do <strong>acidade on<\/strong> no<a href=\"https:\/\/www.instagram.com\/acidadeonribeirao\" target=\"_blank\" rel=\"noreferrer noopener nofollow\"> Instagram<\/a> e no <a href=\"https:\/\/www.facebook.com\/acidadeonribeirao\" target=\"_blank\" rel=\"noreferrer noopener nofollow\">Facebook<\/a>.<\/p>\n<p>Receba not\u00edcias do<strong> acidade on<\/strong> no WhatsApp. <a href=\"https:\/\/chat.whatsapp.com\/GFH9HUMUTHNFJdnyEd0xxq\" target=\"_blank\" rel=\"noreferrer noopener nofollow\">Para entrar no grupo, basta clicar aqui.<\/a><\/p>\n<p>Fa\u00e7a uma den\u00fancia ou sugira uma reportagem sobre Ribeir\u00e3o Preto e regi\u00e3o pelo WhatsApp: 16 99117 7802.<\/p>\n<p>VEJA TAMB\u00c9M<br \/>Molejo atualiza estado de sa\u00fade do cantor Anderson Leonardo<\/p>\n<p><!-- AI CONTENT END 1 -->\n<\/div>\n<p><script async src=\"\/\/www.instagram.com\/embed.js\"><\/script><br \/>\n<br \/><br \/>\n<br \/><a href=\"https:\/\/www.acidadeon.com\/ribeiraopreto\/politica\/ministerio-da-saude-inclui-regiao-de-ribeirao-preto-na-lista-da-vacina-contra-dengue\/\">Source link <\/a><\/p>\n<!-- CONTENT END 1 -->\n","protected":false},"excerpt":{"rendered":"<p>O Minist\u00e9rio da Sa\u00fade vai distribuir a vacina contra a dengue para mais 154 munic\u00edpios brasileiros, incluindo a regi\u00e3o de Ribeir\u00e3o Preto. O an\u00fancio foi&#8230;<\/p>\n","protected":false},"author":1,"featured_media":44423,"comment_status":"open","ping_status":"open","sticky":false,"template":"","format":"standard","meta":{"advanced_seo_description":"","jetpack_seo_html_title":"","jetpack_seo_noindex":false,"jetpack_post_was_ever_published":false,"_jetpack_newsletter_access":"","_jetpack_dont_email_post_to_subs":false,"_jetpack_newsletter_tier_id":0,"_jetpack_memberships_contains_paywalled_content":false,"_jetpack_memberships_contains_paid_content":false,"footnotes":"","jetpack_publicize_message":"","jetpack_publicize_feature_enabled":true,"jetpack_social_post_already_shared":true,"jetpack_social_options":{"image_generator_settings":{"template":"highway","default_image_id":0,"font":"","enabled":false},"version":2}},"categories":[11],"tags":[],"class_list":["post-44422","post","type-post","status-publish","format-standard","has-post-thumbnail","hentry","category-noticias-de-ribeirao-preto-sp-e-regiao-ismael-colosi"],"jetpack_publicize_connections":[],"jetpack_featured_media_url":"https:\/\/i0.wp.com\/noticiasribeiraopreto.com.br\/wp-content\/uploads\/2024\/03\/AnyConv.com__vacina-dengue-scaled.webp.webp?fit=2560%2C1707&ssl=1","jetpack-related-posts":[{"id":44660,"url":"https:\/\/noticiasribeiraopreto.com.br\/index.php\/2024\/03\/29\/rp-recebera-vacina-contra-a-dengue\/","url_meta":{"origin":44422,"position":0},"title":"RP receber\u00e1 vacina contra a dengue \u00a0","author":"noticiasribeiraopreto.com.br","date":"29 de March de 2024","format":false,"excerpt":"O Minist\u00e9rio da Sa\u00fade vai distribuir a vacina contra a dengue para mais 154 munic\u00edpios brasileiros, entre eles dez da regi\u00e3o metropolitana descritos como pertencentes \u00e0 \u00e1rea do Aqu\u00edfero Guarani: Ribeir\u00e3o Preto, Cravinhos, Jardin\u00f3polis, S\u00e3o Sim\u00e3o, Serrana, Lu\u00eds Ant\u00f4nio, Guatapar\u00e1, Santa Rosa de Viterbo, Serra Azul e Santa Rita do\u2026","rel":"","context":"In &quot;Not\u00edcias de Ribeir\u00e3o Preto-SP e Regi\u00e3o&quot;","block_context":{"text":"Not\u00edcias de Ribeir\u00e3o Preto-SP e Regi\u00e3o","link":"https:\/\/noticiasribeiraopreto.com.br\/index.php\/category\/noticias-de-ribeirao-preto-sp-e-regiao-ismael-colosi\/"},"img":{"alt_text":"","src":"https:\/\/i0.wp.com\/noticiasribeiraopreto.com.br\/wp-content\/uploads\/2024\/03\/DengueVAC-Takeda-Divulgacao.jpg?fit=1161%2C696&ssl=1&resize=350%2C200","width":350,"height":200,"srcset":"https:\/\/i0.wp.com\/noticiasribeiraopreto.com.br\/wp-content\/uploads\/2024\/03\/DengueVAC-Takeda-Divulgacao.jpg?fit=1161%2C696&ssl=1&resize=350%2C200 1x, https:\/\/i0.wp.com\/noticiasribeiraopreto.com.br\/wp-content\/uploads\/2024\/03\/DengueVAC-Takeda-Divulgacao.jpg?fit=1161%2C696&ssl=1&resize=525%2C300 1.5x, https:\/\/i0.wp.com\/noticiasribeiraopreto.com.br\/wp-content\/uploads\/2024\/03\/DengueVAC-Takeda-Divulgacao.jpg?fit=1161%2C696&ssl=1&resize=700%2C400 2x, https:\/\/i0.wp.com\/noticiasribeiraopreto.com.br\/wp-content\/uploads\/2024\/03\/DengueVAC-Takeda-Divulgacao.jpg?fit=1161%2C696&ssl=1&resize=1050%2C600 3x"},"classes":[]},{"id":44437,"url":"https:\/\/noticiasribeiraopreto.com.br\/index.php\/2024\/03\/27\/alerta-ribeirao-preto-tem-quase-20-mil-casos-suspeitos-de-dengue\/","url_meta":{"origin":44422,"position":1},"title":"Alerta: Ribeir\u00e3o Preto tem quase 20 mil casos suspeitos de dengue","author":"noticiasribeiraopreto.com.br","date":"27 de March de 2024","format":false,"excerpt":"Os n\u00fameros divulgados no boletim epidemiol\u00f3gico da Secretaria Municipal da Sa\u00fade nesta quarta-feira (27) apontam que 19.740 pessoas est\u00e3o com suspeita de dengue em Ribeir\u00e3o Preto, enquanto 9.541 tiveram os resultados confirmados. At\u00e9 o momento, quatro mortes foram registradas em decorr\u00eancia da doen\u00e7a. \u00a0 De acordo com o boletim, a\u2026","rel":"","context":"In &quot;Not\u00edcias de Ribeir\u00e3o Preto-SP e Regi\u00e3o&quot;","block_context":{"text":"Not\u00edcias de Ribeir\u00e3o Preto-SP e Regi\u00e3o","link":"https:\/\/noticiasribeiraopreto.com.br\/index.php\/category\/noticias-de-ribeirao-preto-sp-e-regiao-ismael-colosi\/"},"img":{"alt_text":"","src":"https:\/\/i0.wp.com\/noticiasribeiraopreto.com.br\/wp-content\/uploads\/2024\/03\/dengue-1.jpg?fit=1200%2C824&ssl=1&resize=350%2C200","width":350,"height":200,"srcset":"https:\/\/i0.wp.com\/noticiasribeiraopreto.com.br\/wp-content\/uploads\/2024\/03\/dengue-1.jpg?fit=1200%2C824&ssl=1&resize=350%2C200 1x, https:\/\/i0.wp.com\/noticiasribeiraopreto.com.br\/wp-content\/uploads\/2024\/03\/dengue-1.jpg?fit=1200%2C824&ssl=1&resize=525%2C300 1.5x, https:\/\/i0.wp.com\/noticiasribeiraopreto.com.br\/wp-content\/uploads\/2024\/03\/dengue-1.jpg?fit=1200%2C824&ssl=1&resize=700%2C400 2x, https:\/\/i0.wp.com\/noticiasribeiraopreto.com.br\/wp-content\/uploads\/2024\/03\/dengue-1.jpg?fit=1200%2C824&ssl=1&resize=1050%2C600 3x"},"classes":[]},{"id":45133,"url":"https:\/\/noticiasribeiraopreto.com.br\/index.php\/2024\/04\/02\/rp-tera-11-267-doses-de-vacina-contra-dengue\/","url_meta":{"origin":44422,"position":2},"title":"RP ter\u00e1 11.267 doses de vacina contra dengue","author":"noticiasribeiraopreto.com.br","date":"2 de April de 2024","format":false,"excerpt":"O Minist\u00e9rio da Sa\u00fade vai distribuir a vacina contra a dengue para mais 165 munic\u00edpios brasileiros \u2013 eram 154 inicialmente, mas o n\u00famero foi ampliado \u2013, entre eles dez da regi\u00e3o metropolitana descritos como pertencentes \u00e0 \u00e1rea do Aqu\u00edfero Guarani. Cerca de 15 mil doses ser\u00e3o enviadas para essas dez\u2026","rel":"","context":"In &quot;Not\u00edcias de Ribeir\u00e3o Preto-SP e Regi\u00e3o&quot;","block_context":{"text":"Not\u00edcias de Ribeir\u00e3o Preto-SP e Regi\u00e3o","link":"https:\/\/noticiasribeiraopreto.com.br\/index.php\/category\/noticias-de-ribeirao-preto-sp-e-regiao-ismael-colosi\/"},"img":{"alt_text":"","src":"https:\/\/i0.wp.com\/noticiasribeiraopreto.com.br\/wp-content\/uploads\/2024\/04\/DengueVAC-Rogerio-Vidmantas-Prefeitura-de-Dourados-1.jpg?fit=800%2C483&ssl=1&resize=350%2C200","width":350,"height":200,"srcset":"https:\/\/i0.wp.com\/noticiasribeiraopreto.com.br\/wp-content\/uploads\/2024\/04\/DengueVAC-Rogerio-Vidmantas-Prefeitura-de-Dourados-1.jpg?fit=800%2C483&ssl=1&resize=350%2C200 1x, https:\/\/i0.wp.com\/noticiasribeiraopreto.com.br\/wp-content\/uploads\/2024\/04\/DengueVAC-Rogerio-Vidmantas-Prefeitura-de-Dourados-1.jpg?fit=800%2C483&ssl=1&resize=525%2C300 1.5x, https:\/\/i0.wp.com\/noticiasribeiraopreto.com.br\/wp-content\/uploads\/2024\/04\/DengueVAC-Rogerio-Vidmantas-Prefeitura-de-Dourados-1.jpg?fit=800%2C483&ssl=1&resize=700%2C400 2x"},"classes":[]},{"id":53867,"url":"https:\/\/noticiasribeiraopreto.com.br\/index.php\/2024\/06\/25\/ribeirao-chega-perto-de-zerar-estoque-de-vacina-contra-dengue-e-faixa-etaria-e-mantida\/","url_meta":{"origin":44422,"position":3},"title":"\u200b\u200bRibeir\u00e3o chega perto de zerar estoque de vacina contra dengue e faixa et\u00e1ria \u00e9 mantida","author":"noticiasribeiraopreto.com.br","date":"25 de June de 2024","format":false,"excerpt":"A vacina\u00e7\u00e3o contra dengue em Ribeir\u00e3o Preto est\u00e1 pr\u00f3xima de atingir a meta de aplicar as 11 mil doses recebidas pelo Minist\u00e9rio da Sa\u00fade, em abril, deste ano. Segundo a Secretaria Municipal da Sa\u00fade, diante do alcance da vacina\u00e7\u00e3o no p\u00fablico-alvo, que \u00e9 de crian\u00e7as e adolescentes de 10 a\u2026","rel":"","context":"In &quot;Not\u00edcias de Ribeir\u00e3o Preto-SP e Regi\u00e3o&quot;","block_context":{"text":"Not\u00edcias de Ribeir\u00e3o Preto-SP e Regi\u00e3o","link":"https:\/\/noticiasribeiraopreto.com.br\/index.php\/category\/noticias-de-ribeirao-preto-sp-e-regiao-ismael-colosi\/"},"img":{"alt_text":"","src":"https:\/\/i0.wp.com\/noticiasribeiraopreto.com.br\/wp-content\/uploads\/2024\/06\/Copia-de-Copia-de-TAMANHO-EXATO-PARA-FOTOS-NO-SISTEMA-NOVO-16_2024-06-25_19-10-16_jpg_2024-06-25_19-10-16.webp.webp?fit=1200%2C675&ssl=1&resize=350%2C200","width":350,"height":200,"srcset":"https:\/\/i0.wp.com\/noticiasribeiraopreto.com.br\/wp-content\/uploads\/2024\/06\/Copia-de-Copia-de-TAMANHO-EXATO-PARA-FOTOS-NO-SISTEMA-NOVO-16_2024-06-25_19-10-16_jpg_2024-06-25_19-10-16.webp.webp?fit=1200%2C675&ssl=1&resize=350%2C200 1x, https:\/\/i0.wp.com\/noticiasribeiraopreto.com.br\/wp-content\/uploads\/2024\/06\/Copia-de-Copia-de-TAMANHO-EXATO-PARA-FOTOS-NO-SISTEMA-NOVO-16_2024-06-25_19-10-16_jpg_2024-06-25_19-10-16.webp.webp?fit=1200%2C675&ssl=1&resize=525%2C300 1.5x, https:\/\/i0.wp.com\/noticiasribeiraopreto.com.br\/wp-content\/uploads\/2024\/06\/Copia-de-Copia-de-TAMANHO-EXATO-PARA-FOTOS-NO-SISTEMA-NOVO-16_2024-06-25_19-10-16_jpg_2024-06-25_19-10-16.webp.webp?fit=1200%2C675&ssl=1&resize=700%2C400 2x, https:\/\/i0.wp.com\/noticiasribeiraopreto.com.br\/wp-content\/uploads\/2024\/06\/Copia-de-Copia-de-TAMANHO-EXATO-PARA-FOTOS-NO-SISTEMA-NOVO-16_2024-06-25_19-10-16_jpg_2024-06-25_19-10-16.webp.webp?fit=1200%2C675&ssl=1&resize=1050%2C600 3x"},"classes":[]},{"id":44567,"url":"https:\/\/noticiasribeiraopreto.com.br\/index.php\/2024\/03\/28\/veja-todas-as-cidades-do-interior-de-sp-que-vao-receber-a-vacina-contra-a-dengue\/","url_meta":{"origin":44422,"position":4},"title":"Veja todas as cidades do interior de SP que v\u00e3o receber a vacina contra a dengue","author":"noticiasribeiraopreto.com.br","date":"28 de March de 2024","format":false,"excerpt":"O Minist\u00e9rio da Sa\u00fade anunciou que 49 munic\u00edpios do interior de S\u00e3o Paulo v\u00e3o receber as doses da vacina contra a dengue. Entre as cidades, est\u00e3o Ribeir\u00e3o Preto, Campinas e S\u00e3o Jos\u00e9 do Rio Preto. A capital do estado tamb\u00e9m vai receber os imunizantes. Confira abaixo a lista das cidades\u2026","rel":"","context":"In &quot;Not\u00edcias de Ribeir\u00e3o Preto-SP e Regi\u00e3o&quot;","block_context":{"text":"Not\u00edcias de Ribeir\u00e3o Preto-SP e Regi\u00e3o","link":"https:\/\/noticiasribeiraopreto.com.br\/index.php\/category\/noticias-de-ribeirao-preto-sp-e-regiao-ismael-colosi\/"},"img":{"alt_text":"","src":"https:\/\/i0.wp.com\/noticiasribeiraopreto.com.br\/wp-content\/uploads\/2024\/03\/AnyConv.com__vacina-dengue-1.webp.webp?fit=845%2C561&ssl=1&resize=350%2C200","width":350,"height":200,"srcset":"https:\/\/i0.wp.com\/noticiasribeiraopreto.com.br\/wp-content\/uploads\/2024\/03\/AnyConv.com__vacina-dengue-1.webp.webp?fit=845%2C561&ssl=1&resize=350%2C200 1x, https:\/\/i0.wp.com\/noticiasribeiraopreto.com.br\/wp-content\/uploads\/2024\/03\/AnyConv.com__vacina-dengue-1.webp.webp?fit=845%2C561&ssl=1&resize=525%2C300 1.5x, https:\/\/i0.wp.com\/noticiasribeiraopreto.com.br\/wp-content\/uploads\/2024\/03\/AnyConv.com__vacina-dengue-1.webp.webp?fit=845%2C561&ssl=1&resize=700%2C400 2x"},"classes":[]},{"id":44693,"url":"https:\/\/noticiasribeiraopreto.com.br\/index.php\/2024\/03\/29\/mais-154-municipios-vao-receber-vacinas-contra-a-dengue\/","url_meta":{"origin":44422,"position":5},"title":"Mais 154 munic\u00edpios v\u00e3o receber vacinas contra a dengue","author":"noticiasribeiraopreto.com.br","date":"29 de March de 2024","format":false,"excerpt":"O Minist\u00e9rio da Sa\u00fade divulgou, nesta quinta-feira (28), a lista completa dos 154 munic\u00edpios que ser\u00e3o contemplados com doses da vacina contra a dengue em abril. O an\u00fancio da amplia\u00e7\u00e3o de localidades selecionadas para receber os imunizantes, com essa terceira remessa,\u00a0tinha sido feito um dia antes pela pasta.\u00a0 Os 154\u2026","rel":"","context":"In &quot;Not\u00edcias de Ribeir\u00e3o Preto-SP e Regi\u00e3o&quot;","block_context":{"text":"Not\u00edcias de Ribeir\u00e3o Preto-SP e Regi\u00e3o","link":"https:\/\/noticiasribeiraopreto.com.br\/index.php\/category\/noticias-de-ribeirao-preto-sp-e-regiao-ismael-colosi\/"},"img":{"alt_text":"","src":"https:\/\/i0.wp.com\/noticiasribeiraopreto.com.br\/wp-content\/uploads\/2024\/03\/imagem-10.jpg?fit=1170%2C700&ssl=1&resize=350%2C200","width":350,"height":200,"srcset":"https:\/\/i0.wp.com\/noticiasribeiraopreto.com.br\/wp-content\/uploads\/2024\/03\/imagem-10.jpg?fit=1170%2C700&ssl=1&resize=350%2C200 1x, https:\/\/i0.wp.com\/noticiasribeiraopreto.com.br\/wp-content\/uploads\/2024\/03\/imagem-10.jpg?fit=1170%2C700&ssl=1&resize=525%2C300 1.5x, https:\/\/i0.wp.com\/noticiasribeiraopreto.com.br\/wp-content\/uploads\/2024\/03\/imagem-10.jpg?fit=1170%2C700&ssl=1&resize=700%2C400 2x, https:\/\/i0.wp.com\/noticiasribeiraopreto.com.br\/wp-content\/uploads\/2024\/03\/imagem-10.jpg?fit=1170%2C700&ssl=1&resize=1050%2C600 3x"},"classes":[]}],"jetpack_sharing_enabled":true,"jetpack_shortlink":"https:\/\/wp.me\/peQAOb-byu","_links":{"self":[{"href":"https:\/\/noticiasribeiraopreto.com.br\/index.php\/wp-json\/wp\/v2\/posts\/44422","targetHints":{"allow":["GET"]}}],"collection":[{"href":"https:\/\/noticiasribeiraopreto.com.br\/index.php\/wp-json\/wp\/v2\/posts"}],"about":[{"href":"https:\/\/noticiasribeiraopreto.com.br\/index.php\/wp-json\/wp\/v2\/types\/post"}],"author":[{"embeddable":true,"href":"https:\/\/noticiasribeiraopreto.com.br\/index.php\/wp-json\/wp\/v2\/users\/1"}],"replies":[{"embeddable":true,"href":"https:\/\/noticiasribeiraopreto.com.br\/index.php\/wp-json\/wp\/v2\/comments?post=44422"}],"version-history":[{"count":0,"href":"https:\/\/noticiasribeiraopreto.com.br\/index.php\/wp-json\/wp\/v2\/posts\/44422\/revisions"}],"wp:featuredmedia":[{"embeddable":true,"href":"https:\/\/noticiasribeiraopreto.com.br\/index.php\/wp-json\/wp\/v2\/media\/44423"}],"wp:attachment":[{"href":"https:\/\/noticiasribeiraopreto.com.br\/index.php\/wp-json\/wp\/v2\/media?parent=44422"}],"wp:term":[{"taxonomy":"category","embeddable":true,"href":"https:\/\/noticiasribeiraopreto.com.br\/index.php\/wp-json\/wp\/v2\/categories?post=44422"},{"taxonomy":"post_tag","embeddable":true,"href":"https:\/\/noticiasribeiraopreto.com.br\/index.php\/wp-json\/wp\/v2\/tags?post=44422"}],"curies":[{"name":"wp","href":"https:\/\/api.w.org\/{rel}","templated":true}]}}