{"id":44424,"date":"2024-03-27T16:17:52","date_gmt":"2024-03-27T19:17:52","guid":{"rendered":"https:\/\/noticiasribeiraopreto.com.br\/index.php\/2024\/03\/27\/vagas-jovem-aprendiz-para-trabalhar-de-casa\/"},"modified":"2024-03-27T16:17:52","modified_gmt":"2024-03-27T19:17:52","slug":"vagas-jovem-aprendiz-para-trabalhar-de-casa","status":"publish","type":"post","link":"https:\/\/noticiasribeiraopreto.com.br\/index.php\/2024\/03\/27\/vagas-jovem-aprendiz-para-trabalhar-de-casa\/","title":{"rendered":"Vagas Jovem Aprendiz para trabalhar de casa"},"content":{"rendered":"<div class=\"col-md-12\">\n<div class=\"archive-section-content\" id=\"post-37682\">\n<div class=\"row clearfix archive-news-content\">\n<div class=\"col-sm-6 gutter-right\">\n<div class=\"news-image\">\n\t\t\t\t<a href=\"https:\/\/www.capitalvagas.com.br\/jovem-aprendiz-vivo-2024-veja-informacoes-sobre-inscricoes-vagas-abertas-e-salarios\/\"><br \/>\n\t\t\t\t\t<img data-recalc-dims=\"1\" loading=\"lazy\" width=\"761\" height=\"492\" src=\"https:\/\/i0.wp.com\/www.capitalvagas.com.br\/wp-content\/uploads\/2024\/02\/vivo-telefonica-brasil-companyupdate-1708439628465-761x492.webp?resize=761%2C492&#038;ssl=1\" class=\"img-responsive wp-post-image\" alt=\"Jovem Aprendiz VIVO 2024: Veja informa\u00e7\u00f5es sobre Inscri\u00e7\u00f5es, Vagas Abertas e Sal\u00e1rios\" decoding=\"async\">\t\t\t\t\t<\/p>\n<div class=\"mask\"><\/div>\n<div class='code-block code-block-1' style='margin: 8px 0 8px auto; text-align: right; display: block; clear: both;'>\n<p><a href=\"https:\/\/wa.link\/vpicfd\"><img data-recalc-dims=\"1\" class=\"wp-image-4922\" style=\"aspect-ratio: 2.0253164556962027; width: 561px; height: auto;\" src=\"https:\/\/i0.wp.com\/ismaelcolosi.com.br\/wp-content\/uploads\/2023\/11\/grupo-de-empregos-whatsapp-e-facebook-ismael-colosi-vagas.jpg?ssl=1\" alt=\"\" \/><\/a><\/p>\n<!-- \/wp:image -->\n<\/div>\n<p><!-- .mask --><br \/>\n\t\t\t\t<\/a><br \/>\n\t\t\t\t\t\t\t\t<span class=\"cat-links\"><a href=\"https:\/\/www.capitalvagas.com.br\/jovem-aprendiz\/\" rel=\"category tag\">Jovem Aprendiz<\/a><\/span>\n\t\t\t\t\t\t\t<\/div>\n<p><!-- .news-image -->\n\t\t<\/div>\n<div class=\"col-sm-6 gutter-left\">\n<div class=\"news-detail\">\n<h4 class=\"news-title big-news-title\">\n\t\t\t\t\t<a href=\"https:\/\/www.capitalvagas.com.br\/jovem-aprendiz-vivo-2024-veja-informacoes-sobre-inscricoes-vagas-abertas-e-salarios\/\">Jovem Aprendiz VIVO 2024: Veja informa\u00e7\u00f5es sobre Inscri\u00e7\u00f5es, Vagas Abertas e Sal\u00e1rios<\/a><br \/>\n\t\t\t\t<\/h4>\n<p><!-- .news-title --><\/p>\n<div class=\"entry-meta\">\n\t\t\t\t\t\t\t\t\t\t\t<\/div>\n<p><!-- .entry-meta --><\/p>\n<div class=\"news-content\">\n<p>A Vivo, uma das maiores empresas de telecomunica\u00e7\u00f5es do Brasil, est\u00e1 oferecendo cerca de 290 vagas de emprego em seu Programa de Jovem Aprendiz. Dispon\u00edveis em 23 estados e no<\/p>\n<p>\t\t\t\t\t<a href=\"https:\/\/www.capitalvagas.com.br\/jovem-aprendiz-vivo-2024-veja-informacoes-sobre-inscricoes-vagas-abertas-e-salarios\/\" class=\"btn-more\"><br \/>\n\t\t\t\t\t\tLeia mais\t\t\t\t\t<\/a><!-- .btn-more -->\n\t\t\t\t<\/div>\n<p><!-- .news-content -->\n\t\t\t<\/div>\n<\/p><\/div>\n<\/p><\/div>\n<p><!-- .row.clearfix.archive-news-content #post-37682 -->\n<\/div>\n<p><!-- .archive-section-content --><\/p>\n<div class=\"code-block code-block-3\" style=\"margin: 8px 0; clear: both;\">\n<script async src=\"https:\/\/pagead2.googlesyndication.com\/pagead\/js\/adsbygoogle.js?client=ca-pub-4943055693750262\" crossorigin=\"anonymous\"><\/script><br \/>\n<ins class=\"adsbygoogle\" style=\"display:block\" data-ad-format=\"fluid\" data-ad-layout-key=\"-dn+7f+35-mv+vw\" data-ad-client=\"ca-pub-4943055693750262\" data-ad-slot=\"6748774866\"><\/ins><br \/>\n<script>\n     (adsbygoogle = window.adsbygoogle || []).push({});\n<\/script><\/div>\n<div class=\"archive-section-content\" id=\"post-37510\">\n<div class=\"row clearfix archive-news-content\">\n<div class=\"col-sm-6 gutter-right\">\n<div class=\"news-image\">\n\t\t\t\t<a href=\"https:\/\/www.capitalvagas.com.br\/epharmer-abre-vaga-home-office-para-jovem-aprendiz-com-salario-de-r-93000-por-mes\/\"><br \/>\n\t\t\t\t\t<img data-recalc-dims=\"1\" loading=\"lazy\" width=\"761\" height=\"492\" src=\"https:\/\/i0.wp.com\/www.capitalvagas.com.br\/wp-content\/uploads\/2024\/01\/WhatsApp-Image-2022-06-25-at-09.57.25-761x492.webp?resize=761%2C492&#038;ssl=1\" class=\"img-responsive wp-post-image\" alt=\"Epharmer abre vaga HOME OFFICE para JOVEM APRENDIZ com sal\u00e1rio de R$ 930,00 por m\u00eas\" decoding=\"async\">\t\t\t\t\t<\/p>\n<div class=\"mask\"><\/div>\n<p><!-- .mask --><br \/>\n\t\t\t\t<\/a><br \/>\n\t\t\t\t\t\t\t\t<span class=\"cat-links\"><a href=\"https:\/\/www.capitalvagas.com.br\/home-office\/\" rel=\"category tag\">Home Office<\/a> <a href=\"https:\/\/www.capitalvagas.com.br\/jovem-aprendiz\/\" rel=\"category tag\">Jovem Aprendiz<\/a><\/span>\n\t\t\t\t\t\t\t<\/div>\n<p><!-- .news-image -->\n\t\t<\/div>\n<div class=\"col-sm-6 gutter-left\">\n<div class=\"news-detail\">\n<h4 class=\"news-title big-news-title\">\n\t\t\t\t\t<a href=\"https:\/\/www.capitalvagas.com.br\/epharmer-abre-vaga-home-office-para-jovem-aprendiz-com-salario-de-r-93000-por-mes\/\">Epharmer abre vaga HOME OFFICE para JOVEM APRENDIZ com sal\u00e1rio de R$ 930,00 por m\u00eas<\/a><br \/>\n\t\t\t\t<\/h4>\n<p><!-- .news-title --><\/p>\n<div class=\"entry-meta\">\n\t\t\t\t\t\t\t\t\t\t\t<\/div>\n<p><!-- .entry-meta --><\/p>\n<div class=\"news-content\">\n<p>Aprendiz \u2013 Home Office Aprendiz Remoto Vaga tamb\u00e9m para PcD DESCRI\u00c7\u00c3O DA VAGA Crescer \u00e9 o \u00fanico caminho, e para que possamos oxigenar conex\u00f5es e impulsionar a sa\u00fade buscamos talentos<\/p>\n<p>\t\t\t\t\t<a href=\"https:\/\/www.capitalvagas.com.br\/epharmer-abre-vaga-home-office-para-jovem-aprendiz-com-salario-de-r-93000-por-mes\/\" class=\"btn-more\"><br \/>\n\t\t\t\t\t\tLeia mais\t\t\t\t\t<\/a><!-- .btn-more -->\n\t\t\t\t<\/div>\n<p><!-- .news-content -->\n\t\t\t<\/div>\n<\/p><\/div>\n<\/p><\/div>\n<p><!-- .row.clearfix.archive-news-content #post-37510 -->\n<\/div>\n<p><!-- .archive-section-content --><\/p>\n<div class=\"code-block code-block-3\" style=\"margin: 8px 0; clear: both;\">\n<script async src=\"https:\/\/pagead2.googlesyndication.com\/pagead\/js\/adsbygoogle.js?client=ca-pub-4943055693750262\" crossorigin=\"anonymous\"><\/script><br \/>\n<ins class=\"adsbygoogle\" style=\"display:block\" data-ad-format=\"fluid\" data-ad-layout-key=\"-dn+7f+35-mv+vw\" data-ad-client=\"ca-pub-4943055693750262\" data-ad-slot=\"6748774866\"><\/ins><br \/>\n<script>\n     (adsbygoogle = window.adsbygoogle || []).push({});\n<\/script><\/div>\n<div class=\"archive-section-content\" id=\"post-37501\">\n<div class=\"row clearfix archive-news-content\">\n<div class=\"col-sm-6 gutter-right\">\n<div class=\"news-image\">\n\t\t\t\t<a href=\"https:\/\/www.capitalvagas.com.br\/home-office-jovem-aprendiz-tivit-2024-inscricoes-vagas-e-salario-para-jovens-com-idade-entre-14-a-24-anos\/\"><br \/>\n\t\t\t\t\t<img data-recalc-dims=\"1\" loading=\"lazy\" width=\"761\" height=\"492\" src=\"https:\/\/i0.wp.com\/www.capitalvagas.com.br\/wp-content\/uploads\/2024\/01\/TVT-761x492.webp?resize=761%2C492&#038;ssl=1\" class=\"img-responsive wp-post-image\" alt=\"Home Office: Jovem Aprendiz TIVIT 2024: Inscri\u00e7\u00f5es, vagas e sal\u00e1rio para Jovens com idade entre 14 a 24 anos\" decoding=\"async\">\t\t\t\t\t<\/p>\n<div class=\"mask\"><\/div>\n<p><!-- .mask --><br \/>\n\t\t\t\t<\/a><br \/>\n\t\t\t\t\t\t\t\t<span class=\"cat-links\"><a href=\"https:\/\/www.capitalvagas.com.br\/home-office\/\" rel=\"category tag\">Home Office<\/a> <a href=\"https:\/\/www.capitalvagas.com.br\/jovem-aprendiz\/\" rel=\"category tag\">Jovem Aprendiz<\/a><\/span>\n\t\t\t\t\t\t\t<\/div>\n<p><!-- .news-image -->\n\t\t<\/div>\n<div class=\"col-sm-6 gutter-left\">\n<div class=\"news-detail\">\n<h4 class=\"news-title big-news-title\">\n\t\t\t\t\t<a href=\"https:\/\/www.capitalvagas.com.br\/home-office-jovem-aprendiz-tivit-2024-inscricoes-vagas-e-salario-para-jovens-com-idade-entre-14-a-24-anos\/\">Home Office: Jovem Aprendiz TIVIT 2024: Inscri\u00e7\u00f5es, vagas e sal\u00e1rio para Jovens com idade entre 14 a 24 anos<\/a><br \/>\n\t\t\t\t<\/h4>\n<p><!-- .news-title --><\/p>\n<div class=\"entry-meta\">\n\t\t\t\t\t\t\t\t\t\t\t<\/div>\n<p><!-- .entry-meta --><\/p>\n<div class=\"news-content\">\n<p>NA TIVIT DINAMISMO E TRANSFORMA\u00c7\u00c3O CONSTANTE FAZEM PARTE DO SEU DIA A DIA A TIVIT \u00e9 uma multinacional brasileira que transforma neg\u00f3cios por meio da tecnologia. Com 25 anos de<\/p>\n<p>\t\t\t\t\t<a href=\"https:\/\/www.capitalvagas.com.br\/home-office-jovem-aprendiz-tivit-2024-inscricoes-vagas-e-salario-para-jovens-com-idade-entre-14-a-24-anos\/\" class=\"btn-more\"><br \/>\n\t\t\t\t\t\tLeia mais\t\t\t\t\t<\/a><!-- .btn-more -->\n\t\t\t\t<\/div>\n<p><!-- .news-content -->\n\t\t\t<\/div>\n<\/p><\/div>\n<\/p><\/div>\n<p><!-- .row.clearfix.archive-news-content #post-37501 -->\n<\/div>\n<p><!-- .archive-section-content --><\/p>\n<div class=\"code-block code-block-3\" style=\"margin: 8px 0; clear: both;\">\n<script async src=\"https:\/\/pagead2.googlesyndication.com\/pagead\/js\/adsbygoogle.js?client=ca-pub-4943055693750262\" crossorigin=\"anonymous\"><\/script><br \/>\n<ins class=\"adsbygoogle\" style=\"display:block\" data-ad-format=\"fluid\" data-ad-layout-key=\"-dn+7f+35-mv+vw\" data-ad-client=\"ca-pub-4943055693750262\" data-ad-slot=\"6748774866\"><\/ins><br \/>\n<script>\n     (adsbygoogle = window.adsbygoogle || []).push({});\n<\/script><\/div>\n<div class=\"archive-section-content\" id=\"post-37495\">\n<div class=\"row clearfix archive-news-content\">\n<div class=\"col-sm-6 gutter-right\">\n<div class=\"news-image\">\n\t\t\t\t<a href=\"https:\/\/www.capitalvagas.com.br\/jovem-aprendiz-home-office-fast-shop-2024-empresa-contarta-jovens-com-idade-entre-16-a-21-anos-para-trabalhar-de-casa\/\"><br \/>\n\t\t\t\t\t<img data-recalc-dims=\"1\" width=\"761\" height=\"492\" src=\"https:\/\/i0.wp.com\/www.capitalvagas.com.br\/wp-content\/uploads\/2024\/01\/JOVEM-APRENDIZ-FAST-761x492.webp?resize=761%2C492&#038;ssl=1\" class=\"img-responsive wp-post-image\" alt=\"Jovem Aprendiz HOME OFFICE FAST SHOP 2024: Empresa contarta Jovens com idade entre 16 a 21 anos para TRABALHAR DE CASA\" decoding=\"async\" loading=\"lazy\">\t\t\t\t\t<\/p>\n<div class=\"mask\"><\/div>\n<p><!-- .mask --><br \/>\n\t\t\t\t<\/a><br \/>\n\t\t\t\t\t\t\t\t<span class=\"cat-links\"><a href=\"https:\/\/www.capitalvagas.com.br\/home-office\/\" rel=\"category tag\">Home Office<\/a> <a href=\"https:\/\/www.capitalvagas.com.br\/jovem-aprendiz\/\" rel=\"category tag\">Jovem Aprendiz<\/a><\/span>\n\t\t\t\t\t\t\t<\/div>\n<p><!-- .news-image -->\n\t\t<\/div>\n<div class=\"col-sm-6 gutter-left\">\n<div class=\"news-detail\">\n<h4 class=\"news-title big-news-title\">\n\t\t\t\t\t<a href=\"https:\/\/www.capitalvagas.com.br\/jovem-aprendiz-home-office-fast-shop-2024-empresa-contarta-jovens-com-idade-entre-16-a-21-anos-para-trabalhar-de-casa\/\">Jovem Aprendiz HOME OFFICE FAST SHOP 2024: Empresa contarta Jovens com idade entre 16 a 21 anos para TRABALHAR DE CASA<\/a><br \/>\n\t\t\t\t<\/h4>\n<p><!-- .news-title --><\/p>\n<div class=\"entry-meta\">\n\t\t\t\t\t\t\t\t\t\t\t<\/div>\n<p><!-- .entry-meta --><\/p>\n<div class=\"news-content\">\n<p>A diversidade no ambiente de trabalho n\u00e3o \u00e9 apenas uma tend\u00eancia, mas uma for\u00e7a motriz para o desempenho organizacional. A Fast, uma empresa comprometida com a inclus\u00e3o, reconhece a import\u00e2ncia<\/p>\n<p>\t\t\t\t\t<a href=\"https:\/\/www.capitalvagas.com.br\/jovem-aprendiz-home-office-fast-shop-2024-empresa-contarta-jovens-com-idade-entre-16-a-21-anos-para-trabalhar-de-casa\/\" class=\"btn-more\"><br \/>\n\t\t\t\t\t\tLeia mais\t\t\t\t\t<\/a><!-- .btn-more -->\n\t\t\t\t<\/div>\n<p><!-- .news-content -->\n\t\t\t<\/div>\n<\/p><\/div>\n<\/p><\/div>\n<p><!-- .row.clearfix.archive-news-content #post-37495 -->\n<\/div>\n<p><!-- .archive-section-content --><\/p>\n<div class=\"code-block code-block-3\" style=\"margin: 8px 0; clear: both;\">\n<script async src=\"https:\/\/pagead2.googlesyndication.com\/pagead\/js\/adsbygoogle.js?client=ca-pub-4943055693750262\" crossorigin=\"anonymous\"><\/script><br \/>\n<ins class=\"adsbygoogle\" style=\"display:block\" data-ad-format=\"fluid\" data-ad-layout-key=\"-dn+7f+35-mv+vw\" data-ad-client=\"ca-pub-4943055693750262\" data-ad-slot=\"6748774866\"><\/ins><br \/>\n<script>\n     (adsbygoogle = window.adsbygoogle || []).push({});\n<\/script><\/div>\n<div class=\"archive-section-content\" id=\"post-37042\">\n<div class=\"row clearfix archive-news-content\">\n<div class=\"col-sm-6 gutter-right\">\n<div class=\"news-image\">\n\t\t\t\t<a href=\"https:\/\/www.capitalvagas.com.br\/trabalhe-de-casa-oportunidade-de-jovem-aprendiz-de-contabilidade-home-office-com-idade-entre-16-e-22-anos\/\">\n\t\t\t\t\t<picture><source srcset=\"https:\/\/www.capitalvagas.com.br\/wp-content\/webp-express\/webp-images\/doc-root\/wp-content\/uploads\/2023\/05\/Jovem-Aprendiz.jpg.webp 600w, https:\/\/www.capitalvagas.com.br\/wp-content\/webp-express\/webp-images\/doc-root\/wp-content\/uploads\/2023\/05\/Jovem-Aprendiz-300x185.jpg.webp 300w\" sizes=\"(max-width: 600px) 100vw, 600px\" type=\"image\/webp\"><img data-recalc-dims=\"1\" width=\"600\" height=\"370\" src=\"https:\/\/i0.wp.com\/www.capitalvagas.com.br\/wp-content\/uploads\/2023\/05\/Jovem-Aprendiz.jpg?resize=600%2C370&#038;ssl=1\" class=\"img-responsive wp-post-image webpexpress-processed\" alt=\"Trabalhe de Casa! Oportunidade de Jovem Aprendiz de Contabilidade HOME OFFICE com Idade entre 16 e 22 anos\" decoding=\"async\" loading=\"lazy\" srcset=\"https:\/\/www.capitalvagas.com.br\/wp-content\/uploads\/2023\/05\/Jovem-Aprendiz.jpg 600w, https:\/\/www.capitalvagas.com.br\/wp-content\/uploads\/2023\/05\/Jovem-Aprendiz-300x185.jpg 300w\" sizes=\"auto, (max-width: 600px) 100vw, 600px\"><\/source><\/picture>\n<div class=\"mask\"><\/div>\n<p><!-- .mask --><br \/>\n\t\t\t\t<\/a><br \/>\n\t\t\t\t\t\t\t\t<span class=\"cat-links\"><a href=\"https:\/\/www.capitalvagas.com.br\/home-office\/\" rel=\"category tag\">Home Office<\/a> <a href=\"https:\/\/www.capitalvagas.com.br\/jovem-aprendiz\/\" rel=\"category tag\">Jovem Aprendiz<\/a><\/span>\n\t\t\t\t\t\t\t<\/div>\n<p><!-- .news-image -->\n\t\t<\/div>\n<div class=\"col-sm-6 gutter-left\">\n<div class=\"news-detail\">\n<h4 class=\"news-title big-news-title\">\n\t\t\t\t\t<a href=\"https:\/\/www.capitalvagas.com.br\/trabalhe-de-casa-oportunidade-de-jovem-aprendiz-de-contabilidade-home-office-com-idade-entre-16-e-22-anos\/\">Trabalhe de Casa! Oportunidade de Jovem Aprendiz de Contabilidade HOME OFFICE com Idade entre 16 e 22 anos<\/a><br \/>\n\t\t\t\t<\/h4>\n<p><!-- .news-title --><\/p>\n<div class=\"entry-meta\">\n\t\t\t\t\t\t\t\t\t\t\t<\/div>\n<p><!-- .entry-meta --><\/p>\n<div class=\"news-content\">\n<p>\ud83d\udce2 Oportunidade de Jovem Aprendiz de Contabilidade HOME OFFICE \ud83c\udfe0\ud83d\udcbc Se voc\u00ea \u00e9 jovem, proativo e busca ingressar no mundo da contabilidade, temos uma \u00f3tima not\u00edcia para voc\u00ea! Estamos com<\/p>\n<p>\t\t\t\t\t<a href=\"https:\/\/www.capitalvagas.com.br\/trabalhe-de-casa-oportunidade-de-jovem-aprendiz-de-contabilidade-home-office-com-idade-entre-16-e-22-anos\/\" class=\"btn-more\"><br \/>\n\t\t\t\t\t\tLeia mais\t\t\t\t\t<\/a><!-- .btn-more -->\n\t\t\t\t<\/div>\n<p><!-- .news-content -->\n\t\t\t<\/div>\n<\/p><\/div>\n<\/p><\/div>\n<p><!-- .row.clearfix.archive-news-content #post-37042 -->\n<\/div>\n<p><!-- .archive-section-content --><\/p>\n<div class=\"code-block code-block-3\" style=\"margin: 8px 0; clear: both;\">\n<script async src=\"https:\/\/pagead2.googlesyndication.com\/pagead\/js\/adsbygoogle.js?client=ca-pub-4943055693750262\" crossorigin=\"anonymous\"><\/script><br \/>\n<ins class=\"adsbygoogle\" style=\"display:block\" data-ad-format=\"fluid\" data-ad-layout-key=\"-dn+7f+35-mv+vw\" data-ad-client=\"ca-pub-4943055693750262\" data-ad-slot=\"6748774866\"><\/ins><br \/>\n<script>\n     (adsbygoogle = window.adsbygoogle || []).push({});\n<\/script><\/div>\n<div class=\"archive-section-content\" id=\"post-36958\">\n<div class=\"row clearfix archive-news-content\">\n<div class=\"col-sm-6 gutter-right\">\n<div class=\"news-image\">\n\t\t\t\t<a href=\"https:\/\/www.capitalvagas.com.br\/jovem-aprendiz-shopee-2023-vagas-para-jovens-de-idade-entre-17-e-22-anos\/\"><br \/>\n\t\t\t\t\t<img data-recalc-dims=\"1\" width=\"761\" height=\"492\" src=\"https:\/\/i0.wp.com\/www.capitalvagas.com.br\/wp-content\/uploads\/2023\/06\/shopee-e1687517835895-761x492.webp?resize=761%2C492&#038;ssl=1\" class=\"img-responsive wp-post-image\" alt=\"Jovem Aprendiz Shopee 2023: Vagas para Jovens de idade entre 17 e 22 anos\" decoding=\"async\" loading=\"lazy\">\t\t\t\t\t<\/p>\n<div class=\"mask\"><\/div>\n<p><!-- .mask --><br \/>\n\t\t\t\t<\/a><br \/>\n\t\t\t\t\t\t\t\t<span class=\"cat-links\"><a href=\"https:\/\/www.capitalvagas.com.br\/jovem-aprendiz\/\" rel=\"category tag\">Jovem Aprendiz<\/a><\/span>\n\t\t\t\t\t\t\t<\/div>\n<p><!-- .news-image -->\n\t\t<\/div>\n<div class=\"col-sm-6 gutter-left\">\n<div class=\"news-detail\">\n<h4 class=\"news-title big-news-title\">\n\t\t\t\t\t<a href=\"https:\/\/www.capitalvagas.com.br\/jovem-aprendiz-shopee-2023-vagas-para-jovens-de-idade-entre-17-e-22-anos\/\">Jovem Aprendiz Shopee 2023: Vagas para Jovens de idade entre 17 e 22 anos<\/a><br \/>\n\t\t\t\t<\/h4>\n<p><!-- .news-title --><\/p>\n<div class=\"entry-meta\">\n\t\t\t\t\t\t\t\t\t\t\t<\/div>\n<p><!-- .entry-meta --><\/p>\n<div class=\"news-content\">\n<p>Programa de Aprendizes Shopee 3\u00ba Edi\u00e7\u00e3o Faixa salarial a combinar Todo o Brasil Regime CLT Benef\u00edcios: Assist\u00eancia m\u00e9dica Assist\u00eancia odontol\u00f3gica Seguro de vida Vale-alimenta\u00e7\u00e3o Vale-refei\u00e7\u00e3o Vale-transporte Descri\u00e7\u00e3o Descri\u00e7\u00e3o:Estamos iniciando nosso<\/p>\n<p>\t\t\t\t\t<a href=\"https:\/\/www.capitalvagas.com.br\/jovem-aprendiz-shopee-2023-vagas-para-jovens-de-idade-entre-17-e-22-anos\/\" class=\"btn-more\"><br \/>\n\t\t\t\t\t\tLeia mais\t\t\t\t\t<\/a><!-- .btn-more -->\n\t\t\t\t<\/div>\n<p><!-- .news-content -->\n\t\t\t<\/div>\n<\/p><\/div>\n<\/p><\/div>\n<p><!-- .row.clearfix.archive-news-content #post-36958 -->\n<\/div>\n<p><!-- .archive-section-content --><\/p>\n<div class=\"code-block code-block-3\" style=\"margin: 8px 0; clear: both;\">\n<script async src=\"https:\/\/pagead2.googlesyndication.com\/pagead\/js\/adsbygoogle.js?client=ca-pub-4943055693750262\" crossorigin=\"anonymous\"><\/script><br \/>\n<ins class=\"adsbygoogle\" style=\"display:block\" data-ad-format=\"fluid\" data-ad-layout-key=\"-dn+7f+35-mv+vw\" data-ad-client=\"ca-pub-4943055693750262\" data-ad-slot=\"6748774866\"><\/ins><br \/>\n<script>\n     (adsbygoogle = window.adsbygoogle || []).push({});\n<\/script><\/div>\n<div class=\"archive-section-content\" id=\"post-36942\">\n<div class=\"row clearfix archive-news-content\">\n<div class=\"col-sm-6 gutter-right\">\n<div class=\"news-image\">\n\t\t\t\t<a href=\"https:\/\/www.capitalvagas.com.br\/jovem-aprendiz-azul-linhas-aereas-brasil-2023-jovens-de-16-a-21-anos-cursando-ou-nao-o-ensino-medio\/\">\n\t\t\t\t\t<picture><source srcset=\"https:\/\/www.capitalvagas.com.br\/wp-content\/webp-express\/webp-images\/doc-root\/wp-content\/uploads\/2023\/06\/APRENDIZ-AZUL-2023-761x492.png.webp\" type=\"image\/webp\"><img data-recalc-dims=\"1\" width=\"761\" height=\"492\" src=\"https:\/\/i0.wp.com\/www.capitalvagas.com.br\/wp-content\/uploads\/2023\/06\/APRENDIZ-AZUL-2023-761x492.png?resize=761%2C492&#038;ssl=1\" class=\"img-responsive wp-post-image webpexpress-processed\" alt=\"Jovem Aprendiz Azul Linhas A\u00e9reas Brasil 2023; Jovens de 16 a 21 anos Cursando ou n\u00e3o o ensino m\u00e9dio\" decoding=\"async\" loading=\"lazy\"><\/source><\/picture>\n<div class=\"mask\"><\/div>\n<p><!-- .mask --><br \/>\n\t\t\t\t<\/a><br \/>\n\t\t\t\t\t\t\t\t<span class=\"cat-links\"><a href=\"https:\/\/www.capitalvagas.com.br\/jovem-aprendiz\/\" rel=\"category tag\">Jovem Aprendiz<\/a><\/span>\n\t\t\t\t\t\t\t<\/div>\n<p><!-- .news-image -->\n\t\t<\/div>\n<div class=\"col-sm-6 gutter-left\">\n<div class=\"news-detail\">\n<h4 class=\"news-title big-news-title\">\n\t\t\t\t\t<a href=\"https:\/\/www.capitalvagas.com.br\/jovem-aprendiz-azul-linhas-aereas-brasil-2023-jovens-de-16-a-21-anos-cursando-ou-nao-o-ensino-medio\/\">Jovem Aprendiz Azul Linhas A\u00e9reas Brasil 2023; Jovens de 16 a 21 anos Cursando ou n\u00e3o o ensino m\u00e9dio<\/a><br \/>\n\t\t\t\t<\/h4>\n<p><!-- .news-title --><\/p>\n<div class=\"entry-meta\">\n\t\t\t\t\t\t\t\t\t\t\t<\/div>\n<p><!-- .entry-meta --><\/p>\n<div class=\"news-content\">\n<p>APRENDIZ \u2013 AZUL LINHAS A\u00c9REAS \u2013 BRASIL SOBRE A VAGA J\u00e1 pensou em fazer parte do time da Melhor Companhia A\u00e9rea do Mundo? Ent\u00e3o, comece sua carreira sendo o Melhor<\/p>\n<p>\t\t\t\t\t<a href=\"https:\/\/www.capitalvagas.com.br\/jovem-aprendiz-azul-linhas-aereas-brasil-2023-jovens-de-16-a-21-anos-cursando-ou-nao-o-ensino-medio\/\" class=\"btn-more\"><br \/>\n\t\t\t\t\t\tLeia mais\t\t\t\t\t<\/a><!-- .btn-more -->\n\t\t\t\t<\/div>\n<p><!-- .news-content -->\n\t\t\t<\/div>\n<\/p><\/div>\n<\/p><\/div>\n<p><!-- .row.clearfix.archive-news-content #post-36942 -->\n<\/div>\n<p><!-- .archive-section-content --><\/p>\n<div class=\"code-block code-block-3\" style=\"margin: 8px 0; clear: both;\">\n<script async src=\"https:\/\/pagead2.googlesyndication.com\/pagead\/js\/adsbygoogle.js?client=ca-pub-4943055693750262\" crossorigin=\"anonymous\"><\/script><br \/>\n<ins class=\"adsbygoogle\" style=\"display:block\" data-ad-format=\"fluid\" data-ad-layout-key=\"-dn+7f+35-mv+vw\" data-ad-client=\"ca-pub-4943055693750262\" data-ad-slot=\"6748774866\"><\/ins><br \/>\n<script>\n     (adsbygoogle = window.adsbygoogle || []).push({});\n<\/script><\/div>\n<div class=\"archive-section-content\" id=\"post-36777\">\n<div class=\"row clearfix archive-news-content\">\n<div class=\"col-sm-6 gutter-right\">\n<div class=\"news-image\">\n\t\t\t\t<a href=\"https:\/\/www.capitalvagas.com.br\/jovem-aprendiz-itau-2023-inscricoes-para-jovens-de-16-a-21-anos\/\">\n\t\t\t\t\t<picture><source srcset=\"https:\/\/www.capitalvagas.com.br\/wp-content\/webp-express\/webp-images\/doc-root\/wp-content\/uploads\/2023\/05\/Itau-esta-oferecendo-vagas-para-o-Jovem-Aprendiz-2023-em-todo-o-Brasil.png.webp 680w, https:\/\/www.capitalvagas.com.br\/wp-content\/webp-express\/webp-images\/doc-root\/wp-content\/uploads\/2023\/05\/Itau-esta-oferecendo-vagas-para-o-Jovem-Aprendiz-2023-em-todo-o-Brasil-300x154.png.webp 300w\" sizes=\"(max-width: 680px) 100vw, 680px\" type=\"image\/webp\"><img data-recalc-dims=\"1\" width=\"680\" height=\"350\" src=\"https:\/\/i0.wp.com\/www.capitalvagas.com.br\/wp-content\/uploads\/2023\/05\/Itau-esta-oferecendo-vagas-para-o-Jovem-Aprendiz-2023-em-todo-o-Brasil.png?resize=680%2C350&#038;ssl=1\" class=\"img-responsive wp-post-image webpexpress-processed\" alt=\"Jovem Aprendiz ITA\u00da 2023: Inscri\u00e7\u00f5es para Jovens de 16 a 21 anos\" decoding=\"async\" loading=\"lazy\" srcset=\"https:\/\/www.capitalvagas.com.br\/wp-content\/uploads\/2023\/05\/Itau-esta-oferecendo-vagas-para-o-Jovem-Aprendiz-2023-em-todo-o-Brasil.png 680w, https:\/\/www.capitalvagas.com.br\/wp-content\/uploads\/2023\/05\/Itau-esta-oferecendo-vagas-para-o-Jovem-Aprendiz-2023-em-todo-o-Brasil-300x154.png 300w\" sizes=\"auto, (max-width: 680px) 100vw, 680px\"><\/source><\/picture>\n<div class=\"mask\"><\/div>\n<p><!-- .mask --><br \/>\n\t\t\t\t<\/a><br \/>\n\t\t\t\t\t\t\t\t<span class=\"cat-links\"><a href=\"https:\/\/www.capitalvagas.com.br\/jovem-aprendiz\/\" rel=\"category tag\">Jovem Aprendiz<\/a><\/span>\n\t\t\t\t\t\t\t<\/div>\n<p><!-- .news-image -->\n\t\t<\/div>\n<div class=\"col-sm-6 gutter-left\">\n<div class=\"news-detail\">\n<h4 class=\"news-title big-news-title\">\n\t\t\t\t\t<a href=\"https:\/\/www.capitalvagas.com.br\/jovem-aprendiz-itau-2023-inscricoes-para-jovens-de-16-a-21-anos\/\">Jovem Aprendiz ITA\u00da 2023: Inscri\u00e7\u00f5es para Jovens de 16 a 21 anos<\/a><br \/>\n\t\t\t\t<\/h4>\n<p><!-- .news-title --><\/p>\n<div class=\"entry-meta\">\n\t\t\t\t\t\t\t\t\t\t\t<\/div>\n<p><!-- .entry-meta --><\/p>\n<div class=\"news-content\">\n<p>Jovem Aprendiz \u2013 Vagas em todo o Brasil O Programa Jovem Aprendiz: O nosso programa tem a miss\u00e3o de promover a inser\u00e7\u00e3o de jovens no mercado de trabalho. E esse<\/p>\n<p>\t\t\t\t\t<a href=\"https:\/\/www.capitalvagas.com.br\/jovem-aprendiz-itau-2023-inscricoes-para-jovens-de-16-a-21-anos\/\" class=\"btn-more\"><br \/>\n\t\t\t\t\t\tLeia mais\t\t\t\t\t<\/a><!-- .btn-more -->\n\t\t\t\t<\/div>\n<p><!-- .news-content -->\n\t\t\t<\/div>\n<\/p><\/div>\n<\/p><\/div>\n<p><!-- .row.clearfix.archive-news-content #post-36777 -->\n<\/div>\n<p><!-- .archive-section-content -->\n\t\t\t\t\t\t\t<\/div>\n<!-- CONTENT END 1 -->\n","protected":false},"excerpt":{"rendered":"<p>Jovem Aprendiz Jovem Aprendiz VIVO 2024: Veja informa\u00e7\u00f5es sobre Inscri\u00e7\u00f5es, Vagas Abertas e Sal\u00e1rios A Vivo, uma das maiores empresas de telecomunica\u00e7\u00f5es do Brasil, est\u00e1&#8230;<\/p>\n","protected":false},"author":1,"featured_media":39279,"comment_status":"open","ping_status":"open","sticky":false,"template":"","format":"standard","meta":{"advanced_seo_description":"","jetpack_seo_html_title":"","jetpack_seo_noindex":false,"jetpack_post_was_ever_published":false,"_jetpack_newsletter_access":"","_jetpack_dont_email_post_to_subs":false,"_jetpack_newsletter_tier_id":0,"_jetpack_memberships_contains_paywalled_content":false,"_jetpack_memberships_contains_paid_content":false,"footnotes":"","jetpack_publicize_message":"","jetpack_publicize_feature_enabled":true,"jetpack_social_post_already_shared":true,"jetpack_social_options":{"image_generator_settings":{"template":"highway","default_image_id":0,"font":"","enabled":false},"version":2}},"categories":[16],"tags":[],"class_list":["post-44424","post","type-post","status-publish","format-standard","has-post-thumbnail","hentry","category-vagas-de-emprego-para-trabalhar-de-casa-home-office-remoto"],"jetpack_publicize_connections":[],"jetpack_featured_media_url":"https:\/\/i0.wp.com\/noticiasribeiraopreto.com.br\/wp-content\/uploads\/2024\/02\/vivo-telefonica-brasil-companyupdate-1708439628465-761x492.webp?fit=761%2C492&ssl=1","jetpack-related-posts":[{"id":55620,"url":"https:\/\/noticiasribeiraopreto.com.br\/index.php\/2024\/08\/04\/vagas-jovem-aprendiz-para-trabalhar-de-casa-4\/","url_meta":{"origin":44424,"position":0},"title":"Vagas Jovem Aprendiz para trabalhar de casa","author":"noticiasribeiraopreto.com.br","date":"4 de August de 2024","format":false,"excerpt":"Home Office Jovem Aprendiz Seu primeiro emprego diretamente de casa! Cobmax abre vagas para JOVEM APRENDIZ 100% HOME OFFICE Aqui, despertamos o potencial m\u00e1ximo de pessoas e organiza\u00e7\u00f5es por meio de tecnologias em venda para transformar jornadas! Estamos h\u00e1 14 anos otimizamos jornadas de compras de clientes para criar Leia\u2026","rel":"","context":"In &quot;Vagas de Emprego Remoto - Home Office&quot;","block_context":{"text":"Vagas de Emprego Remoto - Home Office","link":"https:\/\/noticiasribeiraopreto.com.br\/index.php\/category\/empregos-classificados-vagas-trabalho\/vagas-de-empregos-em-ribeirao-preto-regiao-brasil\/vagas-de-emprego-para-trabalhar-de-casa-home-office-remoto\/"},"img":{"alt_text":"","src":"https:\/\/i0.wp.com\/noticiasribeiraopreto.com.br\/wp-content\/uploads\/2024\/06\/jovem-aprendia-cobmax-761x492.webp?fit=761%2C492&ssl=1&resize=350%2C200","width":350,"height":200,"srcset":"https:\/\/i0.wp.com\/noticiasribeiraopreto.com.br\/wp-content\/uploads\/2024\/06\/jovem-aprendia-cobmax-761x492.webp?fit=761%2C492&ssl=1&resize=350%2C200 1x, https:\/\/i0.wp.com\/noticiasribeiraopreto.com.br\/wp-content\/uploads\/2024\/06\/jovem-aprendia-cobmax-761x492.webp?fit=761%2C492&ssl=1&resize=525%2C300 1.5x, https:\/\/i0.wp.com\/noticiasribeiraopreto.com.br\/wp-content\/uploads\/2024\/06\/jovem-aprendia-cobmax-761x492.webp?fit=761%2C492&ssl=1&resize=700%2C400 2x"},"classes":[]},{"id":52939,"url":"https:\/\/noticiasribeiraopreto.com.br\/index.php\/2024\/06\/14\/vagas-jovem-aprendiz-para-trabalhar-de-casa-3\/","url_meta":{"origin":44424,"position":1},"title":"Vagas Jovem Aprendiz para trabalhar de casa","author":"noticiasribeiraopreto.com.br","date":"14 de June de 2024","format":false,"excerpt":"Home Office Jovem Aprendiz Seu primeiro emprego diretamente de casa! Cobmax abre vagas para JOVEM APRENDIZ 100% HOME OFFICE Aqui, despertamos o potencial m\u00e1ximo de pessoas e organiza\u00e7\u00f5es por meio de tecnologias em venda para transformar jornadas! Estamos h\u00e1 14 anos otimizamos jornadas de compras de clientes para criar Leia\u2026","rel":"","context":"In &quot;Vagas de Emprego Remoto - Home Office&quot;","block_context":{"text":"Vagas de Emprego Remoto - Home Office","link":"https:\/\/noticiasribeiraopreto.com.br\/index.php\/category\/empregos-classificados-vagas-trabalho\/vagas-de-empregos-em-ribeirao-preto-regiao-brasil\/vagas-de-emprego-para-trabalhar-de-casa-home-office-remoto\/"},"img":{"alt_text":"","src":"https:\/\/i0.wp.com\/noticiasribeiraopreto.com.br\/wp-content\/uploads\/2024\/06\/jovem-aprendia-cobmax-761x492.webp?fit=761%2C492&ssl=1&resize=350%2C200","width":350,"height":200,"srcset":"https:\/\/i0.wp.com\/noticiasribeiraopreto.com.br\/wp-content\/uploads\/2024\/06\/jovem-aprendia-cobmax-761x492.webp?fit=761%2C492&ssl=1&resize=350%2C200 1x, https:\/\/i0.wp.com\/noticiasribeiraopreto.com.br\/wp-content\/uploads\/2024\/06\/jovem-aprendia-cobmax-761x492.webp?fit=761%2C492&ssl=1&resize=525%2C300 1.5x, https:\/\/i0.wp.com\/noticiasribeiraopreto.com.br\/wp-content\/uploads\/2024\/06\/jovem-aprendia-cobmax-761x492.webp?fit=761%2C492&ssl=1&resize=700%2C400 2x"},"classes":[]},{"id":52099,"url":"https:\/\/noticiasribeiraopreto.com.br\/index.php\/2024\/06\/04\/vagas-jovem-aprendiz-para-trabalhar-de-casa-2\/","url_meta":{"origin":44424,"position":2},"title":"Vagas Jovem Aprendiz para trabalhar de casa","author":"noticiasribeiraopreto.com.br","date":"4 de June de 2024","format":false,"excerpt":"Home Office Jovem Aprendiz Seu primeiro emprego diretamente de casa! Cobmax abre vagas para JOVEM APRENDIZ 100% HOME OFFICE Aqui, despertamos o potencial m\u00e1ximo de pessoas e organiza\u00e7\u00f5es por meio de tecnologias em venda para transformar jornadas! Estamos h\u00e1 14 anos otimizamos jornadas de compras de clientes para criar Leia\u2026","rel":"","context":"In &quot;Vagas de Emprego Remoto - Home Office&quot;","block_context":{"text":"Vagas de Emprego Remoto - Home Office","link":"https:\/\/noticiasribeiraopreto.com.br\/index.php\/category\/empregos-classificados-vagas-trabalho\/vagas-de-empregos-em-ribeirao-preto-regiao-brasil\/vagas-de-emprego-para-trabalhar-de-casa-home-office-remoto\/"},"img":{"alt_text":"","src":"https:\/\/i0.wp.com\/noticiasribeiraopreto.com.br\/wp-content\/uploads\/2024\/06\/jovem-aprendia-cobmax-761x492.webp?fit=761%2C492&ssl=1&resize=350%2C200","width":350,"height":200,"srcset":"https:\/\/i0.wp.com\/noticiasribeiraopreto.com.br\/wp-content\/uploads\/2024\/06\/jovem-aprendia-cobmax-761x492.webp?fit=761%2C492&ssl=1&resize=350%2C200 1x, https:\/\/i0.wp.com\/noticiasribeiraopreto.com.br\/wp-content\/uploads\/2024\/06\/jovem-aprendia-cobmax-761x492.webp?fit=761%2C492&ssl=1&resize=525%2C300 1.5x, https:\/\/i0.wp.com\/noticiasribeiraopreto.com.br\/wp-content\/uploads\/2024\/06\/jovem-aprendia-cobmax-761x492.webp?fit=761%2C492&ssl=1&resize=700%2C400 2x"},"classes":[]},{"id":33416,"url":"https:\/\/noticiasribeiraopreto.com.br\/index.php\/2024\/01\/29\/blip-brasil-abre-13-vagas-no-modelo-remoto-para-trabalhar-de-casa-em-diversas-areas-veja-as-vagas-disponiveis\/","url_meta":{"origin":44424,"position":3},"title":"Blip Brasil abre 13 vagas no modelo Remoto para TRABALHAR DE CASA em DIVERSAS \u00c1REAS; Veja as vagas dispon\u00edveis","author":"noticiasribeiraopreto.com.br","date":"29 de January de 2024","format":false,"excerpt":"Home Office Blip Brasil abre 13 vagas no modelo Remoto para TRABALHAR DE CASA em DIVERSAS \u00c1REAS; Veja as vagas dispon\u00edveis Home Office Trabalhe de Casa 4 dias por semana e receba um sal\u00e1rio de 3 MIL POR M\u00caS na Conex\u00e3o Talento Home Office HOME OFFICE: UNIMED abre PROCESSO SELETIVO\u2026","rel":"","context":"In &quot;Vagas de Emprego Remoto - Home Office&quot;","block_context":{"text":"Vagas de Emprego Remoto - Home Office","link":"https:\/\/noticiasribeiraopreto.com.br\/index.php\/category\/empregos-classificados-vagas-trabalho\/vagas-de-empregos-em-ribeirao-preto-regiao-brasil\/vagas-de-emprego-para-trabalhar-de-casa-home-office-remoto\/"},"img":{"alt_text":"","src":"https:\/\/i0.wp.com\/noticiasribeiraopreto.com.br\/wp-content\/uploads\/2024\/01\/BLIP-761x492.webp?fit=761%2C492&ssl=1&resize=350%2C200","width":350,"height":200,"srcset":"https:\/\/i0.wp.com\/noticiasribeiraopreto.com.br\/wp-content\/uploads\/2024\/01\/BLIP-761x492.webp?fit=761%2C492&ssl=1&resize=350%2C200 1x, https:\/\/i0.wp.com\/noticiasribeiraopreto.com.br\/wp-content\/uploads\/2024\/01\/BLIP-761x492.webp?fit=761%2C492&ssl=1&resize=525%2C300 1.5x, https:\/\/i0.wp.com\/noticiasribeiraopreto.com.br\/wp-content\/uploads\/2024\/01\/BLIP-761x492.webp?fit=761%2C492&ssl=1&resize=700%2C400 2x"},"classes":[]},{"id":41315,"url":"https:\/\/noticiasribeiraopreto.com.br\/index.php\/2024\/03\/07\/jovem-aprendiz-home-office-meliuz-abriu-vaga-home-office-para-trabalhar-de-casa-como-aprendiz-de-recursos-humanos\/","url_meta":{"origin":44424,"position":4},"title":"Jovem Aprendiz Home Office: M\u00e9liuz abriu vaga HOME OFFICE para TRABALHAR DE CASA como Aprendiz de Recursos Humanos","author":"noticiasribeiraopreto.com.br","date":"7 de March de 2024","format":false,"excerpt":"Home Office Jovem Aprendiz Home Office: M\u00e9liuz abriu vaga HOME OFFICE para TRABALHAR DE CASA como Aprendiz de Recursos Humanos Home Office HOME OFFICE SEM EXPERI\u00caNCIA: HYPERATIVA abre vagas para TRABALHAR DE CASA no cargo de Assistente de Sac Home Office Will Bank abriu vagas HOME OFFICE para Trabalhar de\u2026","rel":"","context":"In &quot;Vagas de Emprego Remoto - Home Office&quot;","block_context":{"text":"Vagas de Emprego Remoto - Home Office","link":"https:\/\/noticiasribeiraopreto.com.br\/index.php\/category\/empregos-classificados-vagas-trabalho\/vagas-de-empregos-em-ribeirao-preto-regiao-brasil\/vagas-de-emprego-para-trabalhar-de-casa-home-office-remoto\/"},"img":{"alt_text":"","src":"https:\/\/i0.wp.com\/noticiasribeiraopreto.com.br\/wp-content\/uploads\/2024\/03\/MELIUZ-761x492.webp?fit=761%2C492&ssl=1&resize=350%2C200","width":350,"height":200,"srcset":"https:\/\/i0.wp.com\/noticiasribeiraopreto.com.br\/wp-content\/uploads\/2024\/03\/MELIUZ-761x492.webp?fit=761%2C492&ssl=1&resize=350%2C200 1x, https:\/\/i0.wp.com\/noticiasribeiraopreto.com.br\/wp-content\/uploads\/2024\/03\/MELIUZ-761x492.webp?fit=761%2C492&ssl=1&resize=525%2C300 1.5x, https:\/\/i0.wp.com\/noticiasribeiraopreto.com.br\/wp-content\/uploads\/2024\/03\/MELIUZ-761x492.webp?fit=761%2C492&ssl=1&resize=700%2C400 2x"},"classes":[]},{"id":31940,"url":"https:\/\/noticiasribeiraopreto.com.br\/index.php\/2024\/01\/23\/jovem-aprendiz-home-office-fast-shop-2024-empresa-contarta-jovens-com-idade-entre-16-a-21-anos-para-trabalhar-de-casa\/","url_meta":{"origin":44424,"position":5},"title":"Jovem Aprendiz HOME OFFICE FAST SHOP 2024: Empresa contarta Jovens com idade entre 16 a 21 anos para TRABALHAR DE CASA","author":"noticiasribeiraopreto.com.br","date":"23 de January de 2024","format":false,"excerpt":"Jovem Aprendiz HOME OFFICE FAST SHOP 2024: Empresa contarta Jovens com idade entre 16 a 21 anos para TRABALHAR DE CASA A diversidade no ambiente de trabalho n\u00e3o \u00e9 apenas uma tend\u00eancia, mas uma for\u00e7a motriz para o desempenho organizacional. A Fast, uma empresa comprometida com a inclus\u00e3o, reconhece a\u2026","rel":"","context":"In &quot;Vagas de Emprego Remoto - Home Office&quot;","block_context":{"text":"Vagas de Emprego Remoto - Home Office","link":"https:\/\/noticiasribeiraopreto.com.br\/index.php\/category\/empregos-classificados-vagas-trabalho\/vagas-de-empregos-em-ribeirao-preto-regiao-brasil\/vagas-de-emprego-para-trabalhar-de-casa-home-office-remoto\/"},"img":{"alt_text":"","src":"","width":0,"height":0},"classes":[]}],"jetpack_sharing_enabled":true,"jetpack_shortlink":"https:\/\/wp.me\/peQAOb-byw","_links":{"self":[{"href":"https:\/\/noticiasribeiraopreto.com.br\/index.php\/wp-json\/wp\/v2\/posts\/44424","targetHints":{"allow":["GET"]}}],"collection":[{"href":"https:\/\/noticiasribeiraopreto.com.br\/index.php\/wp-json\/wp\/v2\/posts"}],"about":[{"href":"https:\/\/noticiasribeiraopreto.com.br\/index.php\/wp-json\/wp\/v2\/types\/post"}],"author":[{"embeddable":true,"href":"https:\/\/noticiasribeiraopreto.com.br\/index.php\/wp-json\/wp\/v2\/users\/1"}],"replies":[{"embeddable":true,"href":"https:\/\/noticiasribeiraopreto.com.br\/index.php\/wp-json\/wp\/v2\/comments?post=44424"}],"version-history":[{"count":0,"href":"https:\/\/noticiasribeiraopreto.com.br\/index.php\/wp-json\/wp\/v2\/posts\/44424\/revisions"}],"wp:featuredmedia":[{"embeddable":true,"href":"https:\/\/noticiasribeiraopreto.com.br\/index.php\/wp-json\/wp\/v2\/media\/39279"}],"wp:attachment":[{"href":"https:\/\/noticiasribeiraopreto.com.br\/index.php\/wp-json\/wp\/v2\/media?parent=44424"}],"wp:term":[{"taxonomy":"category","embeddable":true,"href":"https:\/\/noticiasribeiraopreto.com.br\/index.php\/wp-json\/wp\/v2\/categories?post=44424"},{"taxonomy":"post_tag","embeddable":true,"href":"https:\/\/noticiasribeiraopreto.com.br\/index.php\/wp-json\/wp\/v2\/tags?post=44424"}],"curies":[{"name":"wp","href":"https:\/\/api.w.org\/{rel}","templated":true}]}}