{"id":44431,"date":"2024-03-27T17:05:04","date_gmt":"2024-03-27T20:05:04","guid":{"rendered":"https:\/\/noticiasribeiraopreto.com.br\/index.php\/2024\/03\/27\/mercadao-de-ribeirao-estende-horario-de-funcionamento-na-semana-santa-veja-como-fica\/"},"modified":"2024-03-27T17:05:04","modified_gmt":"2024-03-27T20:05:04","slug":"mercadao-de-ribeirao-estende-horario-de-funcionamento-na-semana-santa-veja-como-fica","status":"publish","type":"post","link":"https:\/\/noticiasribeiraopreto.com.br\/index.php\/2024\/03\/27\/mercadao-de-ribeirao-estende-horario-de-funcionamento-na-semana-santa-veja-como-fica\/","title":{"rendered":"Mercad\u00e3o de Ribeir\u00e3o estende hor\u00e1rio de funcionamento na Semana Santa; Veja como fica"},"content":{"rendered":"<div class='code-block code-block-1' style='margin: 8px 0 8px auto; text-align: right; display: block; clear: both;'>\n<p><a href=\"https:\/\/wa.link\/vpicfd\"><img data-recalc-dims=\"1\" class=\"wp-image-4922\" style=\"aspect-ratio: 2.0253164556962027; width: 561px; height: auto;\" src=\"https:\/\/i0.wp.com\/ismaelcolosi.com.br\/wp-content\/uploads\/2023\/11\/grupo-de-empregos-whatsapp-e-facebook-ismael-colosi-vagas.jpg?ssl=1\" alt=\"\" \/><\/a><\/p>\n<!-- \/wp:image -->\n<\/div>\n<p> <br \/>\n<\/p>\n<div data-td-block-uid=\"tdi_101\">\n<div class=\"tdb-block-inner td-fix-index\">\n<p>O <strong>Mercad\u00e3o Central de Ribeir\u00e3o Preto<\/strong> estendeu o <strong>hor\u00e1rio de funcionamento<\/strong>, nesta <strong>quarta (27) e quinta-feira (28)<\/strong>, devido \u00e0 alta procura de peixes para o card\u00e1pio da <strong>Sexta-feira Santa<\/strong>.<\/p>\n<p><mark style=\"background-color:#fcb900\" class=\"has-inline-color\">O local \u00e9 um dos pontos mais movimentados da cidade nesta \u00e9poca e est\u00e1 localizado no quadril\u00e1tero entre as ruas S\u00e3o Sebasti\u00e3o, Jos\u00e9 Bonif\u00e1cio, Am\u00e9rico Brasiliense e avenida Jer\u00f4nimo Gon\u00e7alves, no <strong>Centro de Ribeir\u00e3o<\/strong>.<\/mark><\/p>\n<h4 class=\"wp-block-heading\"><strong>Procura por peixes<\/strong><\/h4>\n<p>Neste tempo, a Igreja Cat\u00f3lica recomenda o <strong>jejum de carne vermelha<\/strong>, o que aumenta a procura por peixes, principalmente o bacalhau, uma das principais escolhas.<\/p>\n<figure class=\"wp-block-pullquote\">\n<blockquote>\n<p>O Bacalhau com certeza \u00e9 o prato da Sexta-feira Santa, e neste ano o consumidor pode comemorar, porque depois de muitas altas, durante de muitos anos, afinal, tivemos o problema da pandemia, depois da alta do d\u00f3lar, esse ano n\u00f3s n\u00e3o tivemos nenhum desses [problemas]<\/p>\n<p><cite>disse o empres\u00e1rio Oswaldo Galo, em entrevista a CBN Ribeir\u00e3o.<\/cite><\/p><\/blockquote>\n<\/figure>\n<p>Contudo, quem preferir outro pescado, de acordo com o empres\u00e1rio, o <strong>Mercad\u00e3o <\/strong>oferece uma variedade de op\u00e7\u00f5es e pre\u00e7os.<\/p>\n<h4 class=\"wp-block-heading\"><strong>Confira o hor\u00e1rio de funcionamento do Mercad\u00e3o Central na Semana Santa<\/strong><\/h4>\n<ul>\n<li><mark style=\"background-color:#fcb900\" class=\"has-inline-color\">Quarta-feira (27): das 07 \u00e0s 19h<\/mark><\/li>\n<\/ul>\n<ul>\n<li><mark style=\"background-color:#fcb900\" class=\"has-inline-color\">Quinta-feira (28): das 07 \u00e0s 19h<\/mark><\/li>\n<\/ul>\n<ul>\n<li>Sexta-feira (29): das 08h \u00e0s 14h<\/li>\n<\/ul>\n<ul>\n<li>S\u00e1bado (30): das 07h \u00e0s 17h<\/li>\n<\/ul>\n<hr class=\"wp-block-separator has-alpha-channel-opacity\"\/>\n<p>SAIBA MAIS<\/p>\n<p>Confira o que abre e fecha no feriado da Semana Santa em Ribeir\u00e3o Preto<\/p>\n<h4 class=\"wp-block-heading\"><strong><mark style=\"background-color:#fcb900\" class=\"has-inline-color\">FIQUE ON<\/mark><\/strong><\/h4>\n<p>Fique ligado em tudo que acontece em Ribeir\u00e3o Preto e regi\u00e3o. Siga os perfis do\u00a0<strong>acidade on\u00a0<\/strong>no\u00a0<a href=\"https:\/\/www.instagram.com\/acidadeonribeirao\" target=\"_blank\" rel=\"noreferrer noopener\">Instagram<\/a>\u00a0e no\u00a0<a href=\"https:\/\/www.facebook.com\/acidadeonribeirao\" target=\"_blank\" rel=\"noreferrer noopener\">Facebook<\/a>.<\/p>\n<p>Receba not\u00edcias do acidade on no WhatsApp. Para entrar no grupo, basta\u00a0<a href=\"https:\/\/chat.whatsapp.com\/GFH9HUMUTHNFJdnyEd0xxq\" target=\"_blank\" rel=\"noreferrer noopener\">clicar aqui<\/a>.<\/p>\n<p>Fa\u00e7a uma den\u00fancia ou sugira uma reportagem sobre Ribeir\u00e3o Preto e regi\u00e3o pelo WhatsApp: 16 99117 7802.<\/p>\n<p>VEJA TAMB\u00c9M<\/p>\n<p>Como tirar sal do bacalhau?<\/p>\n<p><!-- AI CONTENT END 1 -->\n<\/div>\n<\/div>\n<p><script async src=\"\/\/www.instagram.com\/embed.js\"><\/script><br \/>\n<br \/><br \/>\n<br \/><a href=\"https:\/\/www.acidadeon.com\/ribeiraopreto\/cotidiano\/mercadao-de-ribeirao-estende-horario-de-funcionamento-na-semana-santa-veja-como-fica\/\">Source link <\/a><\/p>\n<!-- CONTENT END 1 -->\n","protected":false},"excerpt":{"rendered":"<p>O Mercad\u00e3o Central de Ribeir\u00e3o Preto estendeu o hor\u00e1rio de funcionamento, nesta quarta (27) e quinta-feira (28), devido \u00e0 alta procura de peixes para o&#8230;<\/p>\n","protected":false},"author":1,"featured_media":44432,"comment_status":"open","ping_status":"open","sticky":false,"template":"","format":"standard","meta":{"advanced_seo_description":"","jetpack_seo_html_title":"","jetpack_seo_noindex":false,"jetpack_post_was_ever_published":false,"_jetpack_newsletter_access":"","_jetpack_dont_email_post_to_subs":false,"_jetpack_newsletter_tier_id":0,"_jetpack_memberships_contains_paywalled_content":false,"_jetpack_memberships_contains_paid_content":false,"footnotes":"","jetpack_publicize_message":"","jetpack_publicize_feature_enabled":true,"jetpack_social_post_already_shared":true,"jetpack_social_options":{"image_generator_settings":{"template":"highway","default_image_id":0,"font":"","enabled":false},"version":2}},"categories":[11],"tags":[],"class_list":["post-44431","post","type-post","status-publish","format-standard","has-post-thumbnail","hentry","category-noticias-de-ribeirao-preto-sp-e-regiao-ismael-colosi"],"jetpack_publicize_connections":[],"jetpack_featured_media_url":"https:\/\/i0.wp.com\/noticiasribeiraopreto.com.br\/wp-content\/uploads\/2024\/03\/2019_27_09_aniversario_mercadao_alexandre_de_azevedo_097.jpg?fit=1620%2C1080&ssl=1","jetpack-related-posts":[{"id":67776,"url":"https:\/\/noticiasribeiraopreto.com.br\/index.php\/2025\/04\/18\/por-que-nao-se-come-carne-na-sexta-feira-santa-veja-como-substituir-o-alimento\/","url_meta":{"origin":44431,"position":0},"title":"Por que n\u00e3o se come carne na Sexta-feira Santa? Veja como substituir o alimento","author":"noticiasribeiraopreto.com.br","date":"18 de April de 2025","format":false,"excerpt":"Hoje (18) \u00e9 celebrada a Sexta-feira Santa, uma das datas mais significativas no calend\u00e1rio da Igreja Cat\u00f3lica. A data est\u00e1 inserida na Semana Santa e marca o dia da crucifica\u00e7\u00e3o e da morte de Jesus. >>>FIQUE POR DENTRO: Veja hor\u00e1rios dos supermercados na P\u00e1scoa e Tiradentes em Ribeir\u00e3o Por que\u2026","rel":"","context":"In &quot;Not\u00edcias de Ribeir\u00e3o Preto-SP e Regi\u00e3o&quot;","block_context":{"text":"Not\u00edcias de Ribeir\u00e3o Preto-SP e Regi\u00e3o","link":"https:\/\/noticiasribeiraopreto.com.br\/index.php\/category\/noticias-de-ribeirao-preto-sp-e-regiao-ismael-colosi\/"},"img":{"alt_text":"","src":"https:\/\/i0.wp.com\/noticiasribeiraopreto.com.br\/wp-content\/uploads\/2025\/04\/Copia-de-Copia-de-Copia-de-TAMANHO-EXATO-PARA-FOTOS-NO-SISTEMA-NOVO-2025-04-18T102011.068_2025-04-18_13-20-16.webp.webp?fit=1200%2C675&ssl=1&resize=350%2C200","width":350,"height":200,"srcset":"https:\/\/i0.wp.com\/noticiasribeiraopreto.com.br\/wp-content\/uploads\/2025\/04\/Copia-de-Copia-de-Copia-de-TAMANHO-EXATO-PARA-FOTOS-NO-SISTEMA-NOVO-2025-04-18T102011.068_2025-04-18_13-20-16.webp.webp?fit=1200%2C675&ssl=1&resize=350%2C200 1x, https:\/\/i0.wp.com\/noticiasribeiraopreto.com.br\/wp-content\/uploads\/2025\/04\/Copia-de-Copia-de-Copia-de-TAMANHO-EXATO-PARA-FOTOS-NO-SISTEMA-NOVO-2025-04-18T102011.068_2025-04-18_13-20-16.webp.webp?fit=1200%2C675&ssl=1&resize=525%2C300 1.5x, https:\/\/i0.wp.com\/noticiasribeiraopreto.com.br\/wp-content\/uploads\/2025\/04\/Copia-de-Copia-de-Copia-de-TAMANHO-EXATO-PARA-FOTOS-NO-SISTEMA-NOVO-2025-04-18T102011.068_2025-04-18_13-20-16.webp.webp?fit=1200%2C675&ssl=1&resize=700%2C400 2x, https:\/\/i0.wp.com\/noticiasribeiraopreto.com.br\/wp-content\/uploads\/2025\/04\/Copia-de-Copia-de-Copia-de-TAMANHO-EXATO-PARA-FOTOS-NO-SISTEMA-NOVO-2025-04-18T102011.068_2025-04-18_13-20-16.webp.webp?fit=1200%2C675&ssl=1&resize=1050%2C600 3x"},"classes":[]},{"id":81294,"url":"https:\/\/noticiasribeiraopreto.com.br\/index.php\/2025\/12\/31\/veja-horario-de-funcionamento-do-mercadao-central-de-ribeirao-preto-neste-fim-de-ano\/","url_meta":{"origin":44431,"position":1},"title":"Veja hor\u00e1rio de funcionamento\u00a0do Mercad\u00e3o Central de Ribeir\u00e3o Preto neste fim de ano","author":"noticiasribeiraopreto.com.br","date":"31 de December de 2025","format":false,"excerpt":"O\u00a0Mercad\u00e3o Central de Ribeir\u00e3o Preto\u00a0funcionar\u00e1 em hor\u00e1rio reduzido nesta quarta-feira (31), v\u00e9spera do Ano Novo. O estabelecimento \u00e9 um tradicional ponto de com\u00e9rcio\u00a0no Centro da cidade, localizado entre as ruas S\u00e3o Sebasti\u00e3o, Jos\u00e9 Bonif\u00e1cio e a avenida Jer\u00f4nimo Gon\u00e7alves. Confira o funcionamento do Mercad\u00e3o Central: 31 de dezembro (quarta-feira) \u2013\u2026","rel":"","context":"In &quot;Not\u00edcias de Ribeir\u00e3o Preto-SP e Regi\u00e3o&quot;","block_context":{"text":"Not\u00edcias de Ribeir\u00e3o Preto-SP e Regi\u00e3o","link":"https:\/\/noticiasribeiraopreto.com.br\/index.php\/category\/noticias-de-ribeirao-preto-sp-e-regiao-ismael-colosi\/"},"img":{"alt_text":"","src":"https:\/\/i0.wp.com\/noticiasribeiraopreto.com.br\/wp-content\/uploads\/2025\/12\/2019_27_09_aniversario_mercadao_alexandre_de_azevedo_097_2025-12-09_18-39-51.webp.webp?fit=1200%2C800&ssl=1&resize=350%2C200","width":350,"height":200,"srcset":"https:\/\/i0.wp.com\/noticiasribeiraopreto.com.br\/wp-content\/uploads\/2025\/12\/2019_27_09_aniversario_mercadao_alexandre_de_azevedo_097_2025-12-09_18-39-51.webp.webp?fit=1200%2C800&ssl=1&resize=350%2C200 1x, https:\/\/i0.wp.com\/noticiasribeiraopreto.com.br\/wp-content\/uploads\/2025\/12\/2019_27_09_aniversario_mercadao_alexandre_de_azevedo_097_2025-12-09_18-39-51.webp.webp?fit=1200%2C800&ssl=1&resize=525%2C300 1.5x, https:\/\/i0.wp.com\/noticiasribeiraopreto.com.br\/wp-content\/uploads\/2025\/12\/2019_27_09_aniversario_mercadao_alexandre_de_azevedo_097_2025-12-09_18-39-51.webp.webp?fit=1200%2C800&ssl=1&resize=700%2C400 2x, https:\/\/i0.wp.com\/noticiasribeiraopreto.com.br\/wp-content\/uploads\/2025\/12\/2019_27_09_aniversario_mercadao_alexandre_de_azevedo_097_2025-12-09_18-39-51.webp.webp?fit=1200%2C800&ssl=1&resize=1050%2C600 3x"},"classes":[]},{"id":22192,"url":"https:\/\/noticiasribeiraopreto.com.br\/index.php\/2023\/12\/29\/mercadao-de-ribeirao-tem-horario-especial-neste-final-de-semana-veja-como-fica\/","url_meta":{"origin":44431,"position":2},"title":"Mercad\u00e3o de Ribeir\u00e3o tem hor\u00e1rio especial neste final de semana; Veja como fica","author":"noticiasribeiraopreto.com.br","date":"29 de December de 2023","format":false,"excerpt":"O Mercad\u00e3o Central de Ribeir\u00e3o Preto informou que, devido \u00e0s celebra\u00e7\u00f5es de ano novo, o hor\u00e1rio de atendimento ao p\u00fablico foi alterado neste \u00faltimo final de semana de 2023. Um dos mais movimentados pontos de com\u00e9rcio da cidade, o mercad\u00e3o est\u00e1 localizado no quadril\u00e1tero entre as ruas S\u00e3o Sebasti\u00e3o, Jos\u00e9\u2026","rel":"","context":"In &quot;Not\u00edcias de Ribeir\u00e3o Preto-SP e Regi\u00e3o&quot;","block_context":{"text":"Not\u00edcias de Ribeir\u00e3o Preto-SP e Regi\u00e3o","link":"https:\/\/noticiasribeiraopreto.com.br\/index.php\/category\/noticias-de-ribeirao-preto-sp-e-regiao-ismael-colosi\/"},"img":{"alt_text":"","src":"https:\/\/i0.wp.com\/noticiasribeiraopreto.com.br\/wp-content\/uploads\/2023\/12\/2019_27_09_aniversario_mercadao_alexandre_de_azevedo_097.jpg?fit=1200%2C800&ssl=1&resize=350%2C200","width":350,"height":200,"srcset":"https:\/\/i0.wp.com\/noticiasribeiraopreto.com.br\/wp-content\/uploads\/2023\/12\/2019_27_09_aniversario_mercadao_alexandre_de_azevedo_097.jpg?fit=1200%2C800&ssl=1&resize=350%2C200 1x, https:\/\/i0.wp.com\/noticiasribeiraopreto.com.br\/wp-content\/uploads\/2023\/12\/2019_27_09_aniversario_mercadao_alexandre_de_azevedo_097.jpg?fit=1200%2C800&ssl=1&resize=525%2C300 1.5x, https:\/\/i0.wp.com\/noticiasribeiraopreto.com.br\/wp-content\/uploads\/2023\/12\/2019_27_09_aniversario_mercadao_alexandre_de_azevedo_097.jpg?fit=1200%2C800&ssl=1&resize=700%2C400 2x, https:\/\/i0.wp.com\/noticiasribeiraopreto.com.br\/wp-content\/uploads\/2023\/12\/2019_27_09_aniversario_mercadao_alexandre_de_azevedo_097.jpg?fit=1200%2C800&ssl=1&resize=1050%2C600 3x"},"classes":[]},{"id":67859,"url":"https:\/\/noticiasribeiraopreto.com.br\/index.php\/2025\/04\/19\/jornal-da-franca-bacalhau-pode-chegar-a-15-m-e-90-kg-veja-curiosidades-sobre-o-queridinho-da-pascoa\/","url_meta":{"origin":44431,"position":3},"title":"Jornal da Franca &#8211; Bacalhau pode chegar a 1,5 m e 90 kg: veja curiosidades sobre o queridinho da P\u00e1scoa","author":"noticiasribeiraopreto.com.br","date":"19 de April de 2025","format":false,"excerpt":"compartilhar no whatsapp compartilhar no telegram compartilhar no facebook compartilhar no linkedin Muito consumido na Semana Santa, o bacalhau virou tradi\u00e7\u00e3o no Brasil ap\u00f3s a chegada dos portugueses, no s\u00e9culo 19 \u00a0 Bacalhau virou tradi\u00e7\u00e3o no Brasil ap\u00f3s a chegada dos portugueses \u2013 foto Viver Bem Unimed \u00a0 Presen\u00e7a garantida\u2026","rel":"","context":"In &quot;Not\u00edcias de Franca-SP&quot;","block_context":{"text":"Not\u00edcias de Franca-SP","link":"https:\/\/noticiasribeiraopreto.com.br\/index.php\/category\/noticias-de-ribeirao-preto-sp-e-regiao-ismael-colosi\/noticias-franca-sp\/"},"img":{"alt_text":"","src":"https:\/\/i0.wp.com\/noticiasribeiraopreto.com.br\/wp-content\/uploads\/2025\/04\/bacalhau-foto-viver-bem-unimed.jpg?fit=1200%2C768&ssl=1&resize=350%2C200","width":350,"height":200,"srcset":"https:\/\/i0.wp.com\/noticiasribeiraopreto.com.br\/wp-content\/uploads\/2025\/04\/bacalhau-foto-viver-bem-unimed.jpg?fit=1200%2C768&ssl=1&resize=350%2C200 1x, https:\/\/i0.wp.com\/noticiasribeiraopreto.com.br\/wp-content\/uploads\/2025\/04\/bacalhau-foto-viver-bem-unimed.jpg?fit=1200%2C768&ssl=1&resize=525%2C300 1.5x, https:\/\/i0.wp.com\/noticiasribeiraopreto.com.br\/wp-content\/uploads\/2025\/04\/bacalhau-foto-viver-bem-unimed.jpg?fit=1200%2C768&ssl=1&resize=700%2C400 2x, https:\/\/i0.wp.com\/noticiasribeiraopreto.com.br\/wp-content\/uploads\/2025\/04\/bacalhau-foto-viver-bem-unimed.jpg?fit=1200%2C768&ssl=1&resize=1050%2C600 3x"},"classes":[]},{"id":84094,"url":"https:\/\/noticiasribeiraopreto.com.br\/index.php\/2026\/04\/01\/feriado-altera-funcionamento-do-comercio-e-dos-shoppings-em-ribeirao-preto\/","url_meta":{"origin":44431,"position":4},"title":"Feriado altera funcionamento do com\u00e9rcio e dos shoppings em Ribeir\u00e3o Preto","author":"noticiasribeiraopreto.com.br","date":"1 de April de 2026","format":false,"excerpt":"Ler o resumo da not\u00edcia Feriado altera funcionamento do com\u00e9rcio e dos shoppings em Ribeir\u00e3o Preto A Sexta-feira Santa, no pr\u00f3ximo dia 3 de abril, \u00e9 considerada feriado nacional conforme a CLT (Consolida\u00e7\u00e3o das Leis do Trabalho). J\u00e1 o Domingo de P\u00e1scoa, no dia 5, n\u00e3o \u00e9 classificado como feriado.\u2026","rel":"","context":"In &quot;Not\u00edcias de Ribeir\u00e3o Preto-SP e Regi\u00e3o&quot;","block_context":{"text":"Not\u00edcias de Ribeir\u00e3o Preto-SP e Regi\u00e3o","link":"https:\/\/noticiasribeiraopreto.com.br\/index.php\/category\/noticias-de-ribeirao-preto-sp-e-regiao-ismael-colosi\/"},"img":{"alt_text":"","src":"https:\/\/i0.wp.com\/noticiasribeiraopreto.com.br\/wp-content\/uploads\/2026\/04\/IMG_0768-1_2025-12-03_22-39-13.webp.webp?fit=1200%2C800&ssl=1&resize=350%2C200","width":350,"height":200,"srcset":"https:\/\/i0.wp.com\/noticiasribeiraopreto.com.br\/wp-content\/uploads\/2026\/04\/IMG_0768-1_2025-12-03_22-39-13.webp.webp?fit=1200%2C800&ssl=1&resize=350%2C200 1x, https:\/\/i0.wp.com\/noticiasribeiraopreto.com.br\/wp-content\/uploads\/2026\/04\/IMG_0768-1_2025-12-03_22-39-13.webp.webp?fit=1200%2C800&ssl=1&resize=525%2C300 1.5x, https:\/\/i0.wp.com\/noticiasribeiraopreto.com.br\/wp-content\/uploads\/2026\/04\/IMG_0768-1_2025-12-03_22-39-13.webp.webp?fit=1200%2C800&ssl=1&resize=700%2C400 2x, https:\/\/i0.wp.com\/noticiasribeiraopreto.com.br\/wp-content\/uploads\/2026\/04\/IMG_0768-1_2025-12-03_22-39-13.webp.webp?fit=1200%2C800&ssl=1&resize=1050%2C600 3x"},"classes":[]},{"id":81022,"url":"https:\/\/noticiasribeiraopreto.com.br\/index.php\/2025\/12\/21\/veja-horario-de-funcionamento-do-mercadao-na-semana-do-natal\/","url_meta":{"origin":44431,"position":5},"title":"Veja hor\u00e1rio de funcionamento do Mercad\u00e3o na semana do Natal","author":"noticiasribeiraopreto.com.br","date":"21 de December de 2025","format":false,"excerpt":"Com a proximidade do Natal, o Mercad\u00e3o Central de Ribeir\u00e3o Preto funciona em hor\u00e1rio especial para atender os consumidores que pretendem visitar o espa\u00e7o antes da data comemorativa. O tradicional estabelecimento \u00e9 um dos pontos de com\u00e9rcio mais movimentados da cidade e est\u00e1 localizado no quadril\u00e1tero entre as ruas S\u00e3o\u2026","rel":"","context":"In &quot;Not\u00edcias de Ribeir\u00e3o Preto-SP e Regi\u00e3o&quot;","block_context":{"text":"Not\u00edcias de Ribeir\u00e3o Preto-SP e Regi\u00e3o","link":"https:\/\/noticiasribeiraopreto.com.br\/index.php\/category\/noticias-de-ribeirao-preto-sp-e-regiao-ismael-colosi\/"},"img":{"alt_text":"","src":"https:\/\/i0.wp.com\/noticiasribeiraopreto.com.br\/wp-content\/uploads\/2025\/12\/2019_27_09_aniversario_mercadao_alexandre_de_azevedo_097_2025-12-09_18-39-51.webp.webp?fit=1200%2C800&ssl=1&resize=350%2C200","width":350,"height":200,"srcset":"https:\/\/i0.wp.com\/noticiasribeiraopreto.com.br\/wp-content\/uploads\/2025\/12\/2019_27_09_aniversario_mercadao_alexandre_de_azevedo_097_2025-12-09_18-39-51.webp.webp?fit=1200%2C800&ssl=1&resize=350%2C200 1x, https:\/\/i0.wp.com\/noticiasribeiraopreto.com.br\/wp-content\/uploads\/2025\/12\/2019_27_09_aniversario_mercadao_alexandre_de_azevedo_097_2025-12-09_18-39-51.webp.webp?fit=1200%2C800&ssl=1&resize=525%2C300 1.5x, https:\/\/i0.wp.com\/noticiasribeiraopreto.com.br\/wp-content\/uploads\/2025\/12\/2019_27_09_aniversario_mercadao_alexandre_de_azevedo_097_2025-12-09_18-39-51.webp.webp?fit=1200%2C800&ssl=1&resize=700%2C400 2x, https:\/\/i0.wp.com\/noticiasribeiraopreto.com.br\/wp-content\/uploads\/2025\/12\/2019_27_09_aniversario_mercadao_alexandre_de_azevedo_097_2025-12-09_18-39-51.webp.webp?fit=1200%2C800&ssl=1&resize=1050%2C600 3x"},"classes":[]}],"jetpack_sharing_enabled":true,"jetpack_shortlink":"https:\/\/wp.me\/peQAOb-byD","_links":{"self":[{"href":"https:\/\/noticiasribeiraopreto.com.br\/index.php\/wp-json\/wp\/v2\/posts\/44431","targetHints":{"allow":["GET"]}}],"collection":[{"href":"https:\/\/noticiasribeiraopreto.com.br\/index.php\/wp-json\/wp\/v2\/posts"}],"about":[{"href":"https:\/\/noticiasribeiraopreto.com.br\/index.php\/wp-json\/wp\/v2\/types\/post"}],"author":[{"embeddable":true,"href":"https:\/\/noticiasribeiraopreto.com.br\/index.php\/wp-json\/wp\/v2\/users\/1"}],"replies":[{"embeddable":true,"href":"https:\/\/noticiasribeiraopreto.com.br\/index.php\/wp-json\/wp\/v2\/comments?post=44431"}],"version-history":[{"count":0,"href":"https:\/\/noticiasribeiraopreto.com.br\/index.php\/wp-json\/wp\/v2\/posts\/44431\/revisions"}],"wp:featuredmedia":[{"embeddable":true,"href":"https:\/\/noticiasribeiraopreto.com.br\/index.php\/wp-json\/wp\/v2\/media\/44432"}],"wp:attachment":[{"href":"https:\/\/noticiasribeiraopreto.com.br\/index.php\/wp-json\/wp\/v2\/media?parent=44431"}],"wp:term":[{"taxonomy":"category","embeddable":true,"href":"https:\/\/noticiasribeiraopreto.com.br\/index.php\/wp-json\/wp\/v2\/categories?post=44431"},{"taxonomy":"post_tag","embeddable":true,"href":"https:\/\/noticiasribeiraopreto.com.br\/index.php\/wp-json\/wp\/v2\/tags?post=44431"}],"curies":[{"name":"wp","href":"https:\/\/api.w.org\/{rel}","templated":true}]}}