{"id":44433,"date":"2024-03-27T17:18:21","date_gmt":"2024-03-27T20:18:21","guid":{"rendered":"https:\/\/noticiasribeiraopreto.com.br\/index.php\/2024\/03\/27\/caes-entendem-significado-de-objetos-como-humanos\/"},"modified":"2024-03-27T17:18:21","modified_gmt":"2024-03-27T20:18:21","slug":"caes-entendem-significado-de-objetos-como-humanos","status":"publish","type":"post","link":"https:\/\/noticiasribeiraopreto.com.br\/index.php\/2024\/03\/27\/caes-entendem-significado-de-objetos-como-humanos\/","title":{"rendered":"C\u00e3es entendem significado de objetos como humanos\u00a0"},"content":{"rendered":"<div class='code-block code-block-1' style='margin: 8px 0 8px auto; text-align: right; display: block; clear: both;'>\n<p><a href=\"https:\/\/wa.link\/vpicfd\"><img data-recalc-dims=\"1\" class=\"wp-image-4922\" style=\"aspect-ratio: 2.0253164556962027; width: 561px; height: auto;\" src=\"https:\/\/i0.wp.com\/ismaelcolosi.com.br\/wp-content\/uploads\/2023\/11\/grupo-de-empregos-whatsapp-e-facebook-ismael-colosi-vagas.jpg?ssl=1\" alt=\"\" \/><\/a><\/p>\n<!-- \/wp:image -->\n<\/div>\n<p> <br \/>\n<\/p>\n<div id=\"post-378812\">\n<header class=\"entry-header penci-entry-header penci-title-center\">\n<p>\n<span class=\"entry-meta-item penci-posted-on\"><i class=\"fa fa-clock-o\"\/><time class=\"entry-date published\" datetime=\"2024-03-27T17:00:21-03:00\">27 de mar\u00e7o de 2024 | 17:00<\/time><time class=\"updated\" datetime=\"2024-03-27T12:54:42-03:00\">27 de mar\u00e7o de 2024 | 12:54<\/time><\/span> <\/p>\n<p><span class=\"penci-social-buttons penci-social-share-footer\"><a href=\"#\" class=\"penci-post-like penci_post-meta_item  single-like-button penci-social-item like\" data-post_id=\"378812\" title=\"Like\" data-like=\"Like\" data-unlike=\"Unlike\"><i class=\"fa fa-thumbs-o-up\"\/><span class=\"penci-share-number\">0<\/span><\/a><i class=\"fa fa-facebook\"\/><a class=\"penci-social-item twitter\" target=\"_blank\" rel=\"noopener\" title=\"\" href=\"https:\/\/twitter.com\/intent\/tweet?text=C\u00e3es%20entendem%20significado%20de%20objetos%20como%20humanos\u00a0%20-%20https:\/\/www.tribunaribeirao.com.br\/site\/caes-entendem-significado-de-objetos-como-humanos\/\"><i class=\"fa fa-twitter\"\/><\/a><i class=\"fa fa-whatsapp\"\/><\/span> <\/header>\n<div class=\"penci-entry-content entry-content\">\n<p><span class=\"TextRun Underlined SCXW28990549 BCX0\" lang=\"PT-BR\" xml:lang=\"PT-BR\" data-contrast=\"auto\"><span class=\"NormalTextRun SCXW28990549 BCX0\">Ramana<\/span> <span class=\"NormalTextRun SCXW28990549 BCX0\">Rech<\/span><span class=\"NormalTextRun SCXW28990549 BCX0\"> (AE<\/span><span class=\"NormalTextRun SCXW28990549 BCX0\">)<\/span><\/span><span class=\"LineBreakBlob BlobObject DragDrop SCXW28990549 BCX0\"><span class=\"SCXW28990549 BCX0\">\u00a0<\/span><br class=\"SCXW28990549 BCX0\"\/><\/span><span class=\"LineBreakBlob BlobObject DragDrop SCXW28990549 BCX0\"><span class=\"SCXW28990549 BCX0\">\u00a0<\/span><br class=\"SCXW28990549 BCX0\"\/><\/span><span class=\"TextRun SCXW28990549 BCX0\" lang=\"PT-BR\" xml:lang=\"PT-BR\" data-contrast=\"auto\"><span class=\"NormalTextRun SCXW28990549 BCX0\">Uma pesquisa conduzida por cientistas de uma universidade da Hungria indicou que cachorros conseguem entender o significado de alguns objetos, desde que eles se importem com aquilo, em uma resposta similar ao de seres humanos. Esse foi o primeiro estudo que avaliou a capacidade neural de animais n\u00e3o humanos em identificar objetos.<\/span><\/span><span class=\"LineBreakBlob BlobObject DragDrop SCXW28990549 BCX0\"><span class=\"SCXW28990549 BCX0\">\u00a0<\/span><br class=\"SCXW28990549 BCX0\"\/><\/span><span class=\"LineBreakBlob BlobObject DragDrop SCXW28990549 BCX0\"><span class=\"SCXW28990549 BCX0\">\u00a0<\/span><br class=\"SCXW28990549 BCX0\"\/><\/span><span class=\"TextRun SCXW28990549 BCX0\" lang=\"PT-BR\" xml:lang=\"PT-BR\" data-contrast=\"auto\"><span class=\"NormalTextRun SCXW28990549 BCX0\">Em seres humanos, palavras ativam mem\u00f3rias que s\u00e3o as chamadas representa\u00e7\u00f5es de determinado objeto. A pesquisa mostra que os cachorros tamb\u00e9m contam com uma representa\u00e7\u00e3o mental ao escutar o nome de algo com o qual est\u00e3o habituados.<\/span><\/span><span class=\"LineBreakBlob BlobObject DragDrop SCXW28990549 BCX0\"><span class=\"SCXW28990549 BCX0\">\u00a0<\/span><br class=\"SCXW28990549 BCX0\"\/><\/span><span class=\"LineBreakBlob BlobObject DragDrop SCXW28990549 BCX0\"><span class=\"SCXW28990549 BCX0\">\u00a0<\/span><br class=\"SCXW28990549 BCX0\"\/><\/span><span class=\"TextRun SCXW28990549 BCX0\" lang=\"PT-BR\" xml:lang=\"PT-BR\" data-contrast=\"auto\"><span class=\"NormalTextRun SCXW28990549 BCX0\">De acordo com o artigo publicado na revista <\/span><span class=\"NormalTextRun SpellingErrorV2Themed SCXW28990549 BCX0\">Current<\/span> <span class=\"NormalTextRun SpellingErrorV2Themed SCXW28990549 BCX0\">Biology<\/span><span class=\"NormalTextRun SCXW28990549 BCX0\">, a habilidade dos cachorros n\u00e3o pode ser generalizada para todos os animais. Mas indica, talvez, uma capacidade maior entre os mam\u00edferos, que pode ser desenvolvida a partir do contato com o sistema de comunica\u00e7\u00e3o sem\u00e2ntico, ou seja, de sentido das palavras. <\/span><\/span><span class=\"LineBreakBlob BlobObject DragDrop SCXW28990549 BCX0\"><span class=\"SCXW28990549 BCX0\">\u00a0<\/span><br class=\"SCXW28990549 BCX0\"\/><\/span><span class=\"LineBreakBlob BlobObject DragDrop SCXW28990549 BCX0\"><span class=\"SCXW28990549 BCX0\">\u00a0<\/span><br class=\"SCXW28990549 BCX0\"\/><\/span><span class=\"TextRun SCXW28990549 BCX0\" lang=\"PT-BR\" xml:lang=\"PT-BR\" data-contrast=\"auto\"><span class=\"NormalTextRun SCXW28990549 BCX0\">Do ponto de vista evolucion\u00e1rio, essa habilidade pode ter surgido entre os c\u00e3es durante a sele\u00e7\u00e3o para coopera\u00e7\u00e3o com os humanos.<\/span> <span class=\"NormalTextRun SCXW28990549 BCX0\">Os pesquisadores reuniram 27 cachorros. Os tutores, por sua vez, selecionaram cinco objetos, em geral brinquedos, com os quais os animais estavam habituados. <\/span><\/span><span class=\"LineBreakBlob BlobObject DragDrop SCXW28990549 BCX0\"><span class=\"SCXW28990549 BCX0\">\u00a0<\/span><br class=\"SCXW28990549 BCX0\"\/><\/span><span class=\"LineBreakBlob BlobObject DragDrop SCXW28990549 BCX0\"><span class=\"SCXW28990549 BCX0\">\u00a0<\/span><br class=\"SCXW28990549 BCX0\"\/><\/span><span class=\"TextRun SCXW28990549 BCX0\" lang=\"PT-BR\" xml:lang=\"PT-BR\" data-contrast=\"auto\"><span class=\"NormalTextRun SCXW28990549 BCX0\">Durante o teste, um \u00e1udio gravado dizia o nome de um objeto e, em seguida, o tutor mostrava um item que correspondia ao da frase e outro que n\u00e3o correspondia. Por exemplo, o humano poderia dizer \u201colhe a bola\u201d e, em seguida, mostrar um disco. <\/span><\/span><span class=\"LineBreakBlob BlobObject DragDrop SCXW28990549 BCX0\"><span class=\"SCXW28990549 BCX0\">\u00a0<\/span><br class=\"SCXW28990549 BCX0\"\/><\/span><span class=\"LineBreakBlob BlobObject DragDrop SCXW28990549 BCX0\"><span class=\"SCXW28990549 BCX0\">\u00a0<\/span><br class=\"SCXW28990549 BCX0\"\/><\/span><span class=\"TextRun SCXW28990549 BCX0\" lang=\"PT-BR\" xml:lang=\"PT-BR\" data-contrast=\"auto\"><span class=\"NormalTextRun SCXW28990549 BCX0\">Os pesquisadores aplicaram nos c\u00e3es a t\u00e9cnica de <\/span><span class=\"NormalTextRun SCXW28990549 BCX0\">eletroencefalografia<\/span><span class=\"NormalTextRun SCXW28990549 BCX0\"> (EEG) n\u00e3o-invasivo.<\/span> <span class=\"NormalTextRun SCXW28990549 BCX0\">A <\/span><span class=\"NormalTextRun SCXW28990549 BCX0\">ideia<\/span><span class=\"NormalTextRun SCXW28990549 BCX0\"> era que, se os animais percebessem o significado dos objetos, eles ativariam uma representa\u00e7\u00e3o mental do objeto. Por isso, a resposta cerebral do c\u00e3o refletiria uma representa\u00e7\u00e3o mental diferente do objeto apresentado pelo tutor.<\/span><\/span><span class=\"LineBreakBlob BlobObject DragDrop SCXW28990549 BCX0\"><span class=\"SCXW28990549 BCX0\">\u00a0<\/span><br class=\"SCXW28990549 BCX0\"\/><\/span><span class=\"LineBreakBlob BlobObject DragDrop SCXW28990549 BCX0\"><span class=\"SCXW28990549 BCX0\">\u00a0<\/span><br class=\"SCXW28990549 BCX0\"\/><\/span><span class=\"TextRun SCXW28990549 BCX0\" lang=\"PT-BR\" xml:lang=\"PT-BR\" data-contrast=\"auto\"><span class=\"NormalTextRun SCXW28990549 BCX0\">Ao monitorar as atividades cerebrais, os pesquisadores descobriram que quando o objeto e a palavra correspondiam havia um padr\u00e3o de atividade diferente de quando havia correspond\u00eancia O mesmo ocorria em testes <\/span><span class=\"NormalTextRun SCXW28990549 BCX0\">semelhantes feito com seres humanos. Para os c\u00e3es, a diferen\u00e7a entre objetos correspondentes e n\u00e3o correspondentes era maior quando se tratava de algo que eles conheciam melhor.<\/span><\/span><span class=\"LineBreakBlob BlobObject DragDrop SCXW28990549 BCX0\"><span class=\"SCXW28990549 BCX0\">\u00a0<\/span><br class=\"SCXW28990549 BCX0\"\/><\/span><span class=\"LineBreakBlob BlobObject DragDrop SCXW28990549 BCX0\"><span class=\"SCXW28990549 BCX0\">\u00a0<\/span><br class=\"SCXW28990549 BCX0\"\/><\/span><\/p>\n<\/div>\n<footer class=\"penci-entry-footer\">\n <\/footer>\n<\/div>\n<p><script async src=\"\/\/platform.twitter.com\/widgets.js\" charset=\"utf-8\"><\/script><br \/>\n<br \/><br \/>\n<br \/><a href=\"https:\/\/www.tribunaribeirao.com.br\/site\/caes-entendem-significado-de-objetos-como-humanos\/\">Source link <\/a><\/p>\n<!-- CONTENT END 1 -->\n","protected":false},"excerpt":{"rendered":"<p>27 de mar\u00e7o de 2024 | 17:0027 de mar\u00e7o de 2024 | 12:54 0 Ramana Rech (AE)\u00a0\u00a0Uma pesquisa conduzida por cientistas de uma universidade da&#8230;<\/p>\n","protected":false},"author":1,"featured_media":44434,"comment_status":"open","ping_status":"open","sticky":false,"template":"","format":"standard","meta":{"advanced_seo_description":"","jetpack_seo_html_title":"","jetpack_seo_noindex":false,"jetpack_post_was_ever_published":false,"_jetpack_newsletter_access":"","_jetpack_dont_email_post_to_subs":false,"_jetpack_newsletter_tier_id":0,"_jetpack_memberships_contains_paywalled_content":false,"_jetpack_memberships_contains_paid_content":false,"footnotes":"","jetpack_publicize_message":"","jetpack_publicize_feature_enabled":true,"jetpack_social_post_already_shared":true,"jetpack_social_options":{"image_generator_settings":{"template":"highway","default_image_id":0,"font":"","enabled":false},"version":2}},"categories":[11],"tags":[1248,265,5253,2160,5255,5254],"class_list":["post-44433","post","type-post","status-publish","format-standard","has-post-thumbnail","hentry","category-noticias-de-ribeirao-preto-sp-e-regiao-ismael-colosi","tag-caes","tag-como","tag-entendem","tag-humanos","tag-objetos","tag-significado"],"jetpack_publicize_connections":[],"jetpack_featured_media_url":"https:\/\/i0.wp.com\/noticiasribeiraopreto.com.br\/wp-content\/uploads\/2024\/03\/Cachorro-Guilherme-Sircili.jpg?fit=750%2C500&ssl=1","jetpack-related-posts":[{"id":66803,"url":"https:\/\/noticiasribeiraopreto.com.br\/index.php\/2025\/04\/05\/jornal-da-franca-quando-os-caes-olham-as-pessoas-parecem-ter-consciencia-veja-o-que-cientista-diz\/","url_meta":{"origin":44433,"position":0},"title":"Jornal da Franca &#8211; Quando os c\u00e3es olham as pessoas, parecem ter consci\u00eancia; veja o que cientista diz","author":"noticiasribeiraopreto.com.br","date":"5 de April de 2025","format":false,"excerpt":"compartilhar no whatsapp compartilhar no telegram compartilhar no facebook compartilhar no linkedin Cachorros tamb\u00e9m demonstram ter outros sentimentos comuns aos seres humanos Um novo estudo sugere que cachorros, assim como os humanos, t\u00eam consci\u00eancia e provavelmente compreendem as consequ\u00eancias de suas a\u00e7\u00f5es. As descobertas, publicadas no peri\u00f3dico Scientific Reports, dizem\u2026","rel":"","context":"In &quot;Not\u00edcias de Franca-SP&quot;","block_context":{"text":"Not\u00edcias de Franca-SP","link":"https:\/\/noticiasribeiraopreto.com.br\/index.php\/category\/noticias-de-ribeirao-preto-sp-e-regiao-ismael-colosi\/noticias-franca-sp\/"},"img":{"alt_text":"","src":"https:\/\/i0.wp.com\/noticiasribeiraopreto.com.br\/wp-content\/uploads\/2025\/04\/IMG-20230111-WA0054.jpg?fit=1024%2C682&ssl=1&resize=350%2C200","width":350,"height":200,"srcset":"https:\/\/i0.wp.com\/noticiasribeiraopreto.com.br\/wp-content\/uploads\/2025\/04\/IMG-20230111-WA0054.jpg?fit=1024%2C682&ssl=1&resize=350%2C200 1x, https:\/\/i0.wp.com\/noticiasribeiraopreto.com.br\/wp-content\/uploads\/2025\/04\/IMG-20230111-WA0054.jpg?fit=1024%2C682&ssl=1&resize=525%2C300 1.5x, https:\/\/i0.wp.com\/noticiasribeiraopreto.com.br\/wp-content\/uploads\/2025\/04\/IMG-20230111-WA0054.jpg?fit=1024%2C682&ssl=1&resize=700%2C400 2x"},"classes":[]},{"id":69869,"url":"https:\/\/noticiasribeiraopreto.com.br\/index.php\/2025\/05\/10\/jornal-da-franca-estudo-revela-quantas-palavras-um-cachorro-entende-e-quais-racas-entendem-melhor\/","url_meta":{"origin":44433,"position":1},"title":"Jornal da Franca &#8211; Estudo revela quantas palavras um cachorro entende e quais ra\u00e7as entendem melhor","author":"noticiasribeiraopreto.com.br","date":"10 de May de 2025","format":false,"excerpt":"compartilhar no whatsapp compartilhar no telegram compartilhar no facebook compartilhar no linkedin Al\u00e9m de confirmar o entendimento dos c\u00e3es, a pesquisa tamb\u00e9m especificou quais ra\u00e7as t\u00eam mais facilidade em entender comandos Quem tem um cachorro em casa j\u00e1 se perguntou se o animal realmente compreende o que dizemos ou se\u2026","rel":"","context":"In &quot;Not\u00edcias de Franca-SP&quot;","block_context":{"text":"Not\u00edcias de Franca-SP","link":"https:\/\/noticiasribeiraopreto.com.br\/index.php\/category\/noticias-de-ribeirao-preto-sp-e-regiao-ismael-colosi\/noticias-franca-sp\/"},"img":{"alt_text":"","src":"https:\/\/i0.wp.com\/noticiasribeiraopreto.com.br\/wp-content\/uploads\/2025\/05\/2193.jpg?fit=1000%2C667&ssl=1&resize=350%2C200","width":350,"height":200,"srcset":"https:\/\/i0.wp.com\/noticiasribeiraopreto.com.br\/wp-content\/uploads\/2025\/05\/2193.jpg?fit=1000%2C667&ssl=1&resize=350%2C200 1x, https:\/\/i0.wp.com\/noticiasribeiraopreto.com.br\/wp-content\/uploads\/2025\/05\/2193.jpg?fit=1000%2C667&ssl=1&resize=525%2C300 1.5x, https:\/\/i0.wp.com\/noticiasribeiraopreto.com.br\/wp-content\/uploads\/2025\/05\/2193.jpg?fit=1000%2C667&ssl=1&resize=700%2C400 2x"},"classes":[]},{"id":67880,"url":"https:\/\/noticiasribeiraopreto.com.br\/index.php\/2025\/04\/19\/jornal-da-franca-sim-seu-cao-entende-estudo-diz-que-ele-identifica-questoes-relevantes-da-conversa\/","url_meta":{"origin":44433,"position":2},"title":"Jornal da Franca &#8211; Sim, seu c\u00e3o entende: estudo diz que ele identifica quest\u00f5es relevantes da conversa","author":"noticiasribeiraopreto.com.br","date":"19 de April de 2025","format":false,"excerpt":"compartilhar no whatsapp compartilhar no telegram compartilhar no facebook compartilhar no linkedin Estudo destaca que essa capacidade n\u00e3o est\u00e1 limitada a momentos em que os humanos buscam ativamente se comunicar com os c\u00e3es. Um novo estudo revelou que os c\u00e3es conseguem detectar conte\u00fado relevante em uma conversa humana, mesmo quando\u2026","rel":"","context":"In &quot;Not\u00edcias de Franca-SP&quot;","block_context":{"text":"Not\u00edcias de Franca-SP","link":"https:\/\/noticiasribeiraopreto.com.br\/index.php\/category\/noticias-de-ribeirao-preto-sp-e-regiao-ismael-colosi\/noticias-franca-sp\/"},"img":{"alt_text":"","src":"https:\/\/i0.wp.com\/noticiasribeiraopreto.com.br\/wp-content\/uploads\/2025\/04\/29447245.jpg?fit=1000%2C667&ssl=1&resize=350%2C200","width":350,"height":200,"srcset":"https:\/\/i0.wp.com\/noticiasribeiraopreto.com.br\/wp-content\/uploads\/2025\/04\/29447245.jpg?fit=1000%2C667&ssl=1&resize=350%2C200 1x, https:\/\/i0.wp.com\/noticiasribeiraopreto.com.br\/wp-content\/uploads\/2025\/04\/29447245.jpg?fit=1000%2C667&ssl=1&resize=525%2C300 1.5x, https:\/\/i0.wp.com\/noticiasribeiraopreto.com.br\/wp-content\/uploads\/2025\/04\/29447245.jpg?fit=1000%2C667&ssl=1&resize=700%2C400 2x"},"classes":[]},{"id":68593,"url":"https:\/\/noticiasribeiraopreto.com.br\/index.php\/2025\/04\/26\/jornal-da-franca-revelada-a-raca-de-cachorro-mais-fiel-do-mundo-veja-o-ranking-da-lealdade-canina\/","url_meta":{"origin":44433,"position":3},"title":"Jornal da Franca &#8211; Revelada a ra\u00e7a de cachorro mais fiel do mundo. Veja o ranking da lealdade canina","author":"noticiasribeiraopreto.com.br","date":"26 de April de 2025","format":false,"excerpt":"compartilhar no whatsapp compartilhar no telegram compartilhar no facebook compartilhar no linkedin O v\u00ednculo entre humanos e os c\u00e3es \u00e9 \u00fanico e especial, e cada animal de estima\u00e7\u00e3o pode ser o mais fiel do mundo para seu tutor. Os\u00a0c\u00e3es\u00a0s\u00e3o conhecidos por sua lealdade inabal\u00e1vel, um tra\u00e7o que os tornou companheiros\u2026","rel":"","context":"In &quot;Not\u00edcias de Franca-SP&quot;","block_context":{"text":"Not\u00edcias de Franca-SP","link":"https:\/\/noticiasribeiraopreto.com.br\/index.php\/category\/noticias-de-ribeirao-preto-sp-e-regiao-ismael-colosi\/noticias-franca-sp\/"},"img":{"alt_text":"","src":"https:\/\/i0.wp.com\/noticiasribeiraopreto.com.br\/wp-content\/uploads\/2025\/04\/36837.jpg?fit=1000%2C666&ssl=1&resize=350%2C200","width":350,"height":200,"srcset":"https:\/\/i0.wp.com\/noticiasribeiraopreto.com.br\/wp-content\/uploads\/2025\/04\/36837.jpg?fit=1000%2C666&ssl=1&resize=350%2C200 1x, https:\/\/i0.wp.com\/noticiasribeiraopreto.com.br\/wp-content\/uploads\/2025\/04\/36837.jpg?fit=1000%2C666&ssl=1&resize=525%2C300 1.5x, https:\/\/i0.wp.com\/noticiasribeiraopreto.com.br\/wp-content\/uploads\/2025\/04\/36837.jpg?fit=1000%2C666&ssl=1&resize=700%2C400 2x"},"classes":[]},{"id":72507,"url":"https:\/\/noticiasribeiraopreto.com.br\/index.php\/2025\/06\/17\/jornal-da-franca-seu-cachorro-fica-te-encarando-parado-especialistas-explicam-qual-e-o-motivo\/","url_meta":{"origin":44433,"position":4},"title":"Jornal da Franca &#8211; Seu cachorro fica te encarando parado? Especialistas explicam qual \u00e9 o motivo","author":"noticiasribeiraopreto.com.br","date":"17 de June de 2025","format":false,"excerpt":"compartilhar no whatsapp compartilhar no telegram compartilhar no facebook compartilhar no linkedin Seu cachorro fica te encarando parado? Saiba o que esse comportamento revela sobre emo\u00e7\u00f5es, v\u00ednculo e comunica\u00e7\u00e3o silenciosa. Voc\u00ea j\u00e1 teve a sensa\u00e7\u00e3o de estar sendo observado e, ao virar, se deparou com seu cachorro parado, te encarando\u2026","rel":"","context":"In &quot;Not\u00edcias de Franca-SP&quot;","block_context":{"text":"Not\u00edcias de Franca-SP","link":"https:\/\/noticiasribeiraopreto.com.br\/index.php\/category\/noticias-de-ribeirao-preto-sp-e-regiao-ismael-colosi\/noticias-franca-sp\/"},"img":{"alt_text":"","src":"https:\/\/i0.wp.com\/noticiasribeiraopreto.com.br\/wp-content\/uploads\/2025\/06\/30737.jpg?fit=1000%2C667&ssl=1&resize=350%2C200","width":350,"height":200,"srcset":"https:\/\/i0.wp.com\/noticiasribeiraopreto.com.br\/wp-content\/uploads\/2025\/06\/30737.jpg?fit=1000%2C667&ssl=1&resize=350%2C200 1x, https:\/\/i0.wp.com\/noticiasribeiraopreto.com.br\/wp-content\/uploads\/2025\/06\/30737.jpg?fit=1000%2C667&ssl=1&resize=525%2C300 1.5x, https:\/\/i0.wp.com\/noticiasribeiraopreto.com.br\/wp-content\/uploads\/2025\/06\/30737.jpg?fit=1000%2C667&ssl=1&resize=700%2C400 2x"},"classes":[]},{"id":66009,"url":"https:\/\/noticiasribeiraopreto.com.br\/index.php\/2025\/03\/26\/jornal-da-franca-como-os-caes-se-conectam-emocionalmente-conosco-e-como-melhorar-a-sintonia-com-eles\/","url_meta":{"origin":44433,"position":5},"title":"Jornal da Franca &#8211; Como os c\u00e3es se conectam emocionalmente conosco e como melhorar a sintonia com eles","author":"noticiasribeiraopreto.com.br","date":"26 de March de 2025","format":false,"excerpt":"compartilhar no whatsapp compartilhar no telegram compartilhar no facebook compartilhar no linkedin O contato visual\u00a0com o c\u00e3o \u00e9 outra coisa que aumenta a sincroniza\u00e7\u00e3o com ele pois isso ajuda a criar uma sincroniza\u00e7\u00e3o neural. Sincroniza\u00e7\u00e3o \u00e9 uma habilidade fundamental nos nossos relacionamentos porque ajuda a fortalecer os\u00a0la\u00e7os sociais e manter\u2026","rel":"","context":"In &quot;Not\u00edcias de Franca-SP&quot;","block_context":{"text":"Not\u00edcias de Franca-SP","link":"https:\/\/noticiasribeiraopreto.com.br\/index.php\/category\/noticias-de-ribeirao-preto-sp-e-regiao-ismael-colosi\/noticias-franca-sp\/"},"img":{"alt_text":"","src":"https:\/\/i0.wp.com\/noticiasribeiraopreto.com.br\/wp-content\/uploads\/2025\/03\/Schilope-00.jpg?fit=1170%2C841&ssl=1&resize=350%2C200","width":350,"height":200,"srcset":"https:\/\/i0.wp.com\/noticiasribeiraopreto.com.br\/wp-content\/uploads\/2025\/03\/Schilope-00.jpg?fit=1170%2C841&ssl=1&resize=350%2C200 1x, https:\/\/i0.wp.com\/noticiasribeiraopreto.com.br\/wp-content\/uploads\/2025\/03\/Schilope-00.jpg?fit=1170%2C841&ssl=1&resize=525%2C300 1.5x, https:\/\/i0.wp.com\/noticiasribeiraopreto.com.br\/wp-content\/uploads\/2025\/03\/Schilope-00.jpg?fit=1170%2C841&ssl=1&resize=700%2C400 2x, https:\/\/i0.wp.com\/noticiasribeiraopreto.com.br\/wp-content\/uploads\/2025\/03\/Schilope-00.jpg?fit=1170%2C841&ssl=1&resize=1050%2C600 3x"},"classes":[]}],"jetpack_sharing_enabled":true,"jetpack_shortlink":"https:\/\/wp.me\/peQAOb-byF","_links":{"self":[{"href":"https:\/\/noticiasribeiraopreto.com.br\/index.php\/wp-json\/wp\/v2\/posts\/44433","targetHints":{"allow":["GET"]}}],"collection":[{"href":"https:\/\/noticiasribeiraopreto.com.br\/index.php\/wp-json\/wp\/v2\/posts"}],"about":[{"href":"https:\/\/noticiasribeiraopreto.com.br\/index.php\/wp-json\/wp\/v2\/types\/post"}],"author":[{"embeddable":true,"href":"https:\/\/noticiasribeiraopreto.com.br\/index.php\/wp-json\/wp\/v2\/users\/1"}],"replies":[{"embeddable":true,"href":"https:\/\/noticiasribeiraopreto.com.br\/index.php\/wp-json\/wp\/v2\/comments?post=44433"}],"version-history":[{"count":0,"href":"https:\/\/noticiasribeiraopreto.com.br\/index.php\/wp-json\/wp\/v2\/posts\/44433\/revisions"}],"wp:featuredmedia":[{"embeddable":true,"href":"https:\/\/noticiasribeiraopreto.com.br\/index.php\/wp-json\/wp\/v2\/media\/44434"}],"wp:attachment":[{"href":"https:\/\/noticiasribeiraopreto.com.br\/index.php\/wp-json\/wp\/v2\/media?parent=44433"}],"wp:term":[{"taxonomy":"category","embeddable":true,"href":"https:\/\/noticiasribeiraopreto.com.br\/index.php\/wp-json\/wp\/v2\/categories?post=44433"},{"taxonomy":"post_tag","embeddable":true,"href":"https:\/\/noticiasribeiraopreto.com.br\/index.php\/wp-json\/wp\/v2\/tags?post=44433"}],"curies":[{"name":"wp","href":"https:\/\/api.w.org\/{rel}","templated":true}]}}