{"id":44437,"date":"2024-03-27T17:38:11","date_gmt":"2024-03-27T20:38:11","guid":{"rendered":"https:\/\/noticiasribeiraopreto.com.br\/index.php\/2024\/03\/27\/alerta-ribeirao-preto-tem-quase-20-mil-casos-suspeitos-de-dengue\/"},"modified":"2024-03-27T17:38:11","modified_gmt":"2024-03-27T20:38:11","slug":"alerta-ribeirao-preto-tem-quase-20-mil-casos-suspeitos-de-dengue","status":"publish","type":"post","link":"https:\/\/noticiasribeiraopreto.com.br\/index.php\/2024\/03\/27\/alerta-ribeirao-preto-tem-quase-20-mil-casos-suspeitos-de-dengue\/","title":{"rendered":"Alerta: Ribeir\u00e3o Preto tem quase 20 mil casos suspeitos de dengue"},"content":{"rendered":"<div class='code-block code-block-1' style='margin: 8px 0 8px auto; text-align: right; display: block; clear: both;'>\n<p><a href=\"https:\/\/wa.link\/vpicfd\"><img data-recalc-dims=\"1\" class=\"wp-image-4922\" style=\"aspect-ratio: 2.0253164556962027; width: 561px; height: auto;\" src=\"https:\/\/i0.wp.com\/ismaelcolosi.com.br\/wp-content\/uploads\/2023\/11\/grupo-de-empregos-whatsapp-e-facebook-ismael-colosi-vagas.jpg?ssl=1\" alt=\"\" \/><\/a><\/p>\n<!-- \/wp:image -->\n<\/div>\n<p> <br \/>\n<\/p>\n<div>\n<p>Os n\u00fameros divulgados no boletim epidemiol\u00f3gico da Secretaria Municipal da Sa\u00fade nesta quarta-feira (27) apontam que <span style=\"background-color:#f7cc62\" class=\"td_text_highlight_marker\"><mark style=\"background-color:rgba(0, 0, 0, 0)\" class=\"has-inline-color has-black-color\">19.740 pessoas est\u00e3o com suspeita de dengue em Ribeir\u00e3o Preto, enquanto 9.541 tiveram os resultados confirmados.<\/mark><\/span> At\u00e9 o momento, <strong>quatro mortes<\/strong> foram registradas em decorr\u00eancia da doen\u00e7a. \u00a0<\/p>\n<p>De acordo com o boletim, a<strong> zona Leste<\/strong> continua sendo a <strong>regi\u00e3o<\/strong> com <strong>mais casos confirmados<\/strong> da doen\u00e7a, seguida da zona <strong>Norte<\/strong>, <strong>Oeste<\/strong>, <strong>Sul <\/strong>e <strong>Central<\/strong>.<\/p>\n<h4 class=\"wp-block-heading\"><strong>Vacina liberada para Ribeir\u00e3o Preto<\/strong><\/h4>\n<p>O<strong><a href=\"https:\/\/www.gov.br\/saude\/pt-br\/assuntos\/noticias\/2024\/marco\/mais-154-municipios-serao-contemplados-com-doses-de-vacinas-contra-a-dengue\" target=\"_blank\" rel=\"noreferrer noopener\">\u00a0Minist\u00e9rio da Sa\u00fade\u00a0<\/a><\/strong>vai distribuir a vacina contra a dengue para mais 154 munic\u00edpios brasileiros, incluindo a regi\u00e3o de<strong>\u00a0Ribeir\u00e3o Preto<\/strong>. O an\u00fancio foi feito nesta quarta-feira (27).<mark style=\"background-color:rgba(0, 0, 0, 0)\" class=\"has-inline-color has-black-color\"> <strong>A vacina\u00e7\u00e3o contra a doen\u00e7a na rede p\u00fablica \u00e9 destinada para crian\u00e7as e adolescentes de 10 a 14 anos.<\/strong><\/mark><\/p>\n<p>De acordo com a pasta, as seguintes regi\u00f5es de sa\u00fade foram contempladas pela amplia\u00e7\u00e3o:\u00a0<strong>Central \u2013 ES<\/strong>,\u00a0<strong>Betim-MG<\/strong>,\u00a0<strong>Uberaba \u2013 MG<\/strong>,\u00a0<strong>Uberl\u00e2ndia\/Araguari \u2013 MG<\/strong>,\u00a0<strong>Recife<\/strong>,\u00a0<strong>Apucarana \u2013 PR<\/strong>,\u00a0<strong>Grande Florian\u00f3polis<\/strong>,\u00a0<strong>Aqu\u00edfero Guarani (onde fica Ribeir\u00e3o Preto)<\/strong>,\u00a0<strong>Regi\u00e3o Metropolitana de Campinas<\/strong>,\u00a0<strong>S\u00e3o Jos\u00e9 do Rio Preto\u00a0<\/strong>e\u00a0<strong>S\u00e3o Paulo<\/strong>.<\/p>\n<p>Al\u00e9m de\u00a0<strong>Ribeir\u00e3o Preto<\/strong>, a regi\u00e3o Aqu\u00edfero Guarani conta com\u00a0<strong>Cravinhos, Guatapar\u00e1, Jardin\u00f3polis, Lu\u00eds Ant\u00f4nio, Santa Rita do Passa Quatro, Santa Rosa de Viterbo, S\u00e3o Sim\u00e3o, Serra Azul e Serrana.<\/strong><\/p>\n<p>SAIBA MAIS <\/p>\n<p>Mercad\u00e3o de Ribeir\u00e3o estende hor\u00e1rio de funcionamento na Semana Santa; Veja como fica<\/p>\n<h4 class=\"wp-block-heading\"><strong><mark>FIQUE ON<\/mark><\/strong><\/h4>\n<p>Fique ligado em tudo que acontece em Ribeir\u00e3o Preto e regi\u00e3o. Siga os perfis do\u00a0<strong>acidade on\u00a0<\/strong>no\u00a0<a href=\"https:\/\/www.instagram.com\/acidadeonribeirao\" target=\"_blank\" rel=\"noreferrer noopener\">Instagram<\/a>\u00a0e no\u00a0<a href=\"https:\/\/www.facebook.com\/acidadeonribeirao\" target=\"_blank\" rel=\"noreferrer noopener\">Facebook<\/a>.<\/p>\n<p>Receba not\u00edcias do acidade on no WhatsApp. Para entrar no grupo, basta\u00a0<a href=\"https:\/\/chat.whatsapp.com\/GFH9HUMUTHNFJdnyEd0xxq\" target=\"_blank\" rel=\"noreferrer noopener\">clicar aqui<\/a>.<\/p>\n<p>Fa\u00e7a uma den\u00fancia ou sugira uma reportagem sobre Ribeir\u00e3o Preto e regi\u00e3o pelo WhatsApp: 16 99117 7802.<\/p>\n<p>VEJA TAMB\u00c9M<\/p>\n<p>Bruna Marquezine e Neymar estavam na mesma festa?<\/p>\n<p><!-- AI CONTENT END 1 -->\n<\/div>\n<p><script async src=\"\/\/www.instagram.com\/embed.js\"><\/script><br \/>\n<br \/><br \/>\n<br \/><a href=\"https:\/\/www.acidadeon.com\/ribeiraopreto\/cotidiano\/alerta-ribeirao-preto-tem-quase-20-mil-casos-suspeitos-de-dengue\/\">Source link <\/a><\/p>\n<!-- CONTENT END 1 -->\n","protected":false},"excerpt":{"rendered":"<p>Os n\u00fameros divulgados no boletim epidemiol\u00f3gico da Secretaria Municipal da Sa\u00fade nesta quarta-feira (27) apontam que 19.740 pessoas est\u00e3o com suspeita de dengue em Ribeir\u00e3o&#8230;<\/p>\n","protected":false},"author":1,"featured_media":44438,"comment_status":"open","ping_status":"open","sticky":false,"template":"","format":"standard","meta":{"advanced_seo_description":"","jetpack_seo_html_title":"","jetpack_seo_noindex":false,"jetpack_post_was_ever_published":false,"_jetpack_newsletter_access":"","_jetpack_dont_email_post_to_subs":false,"_jetpack_newsletter_tier_id":0,"_jetpack_memberships_contains_paywalled_content":false,"_jetpack_memberships_contains_paid_content":false,"footnotes":"","jetpack_publicize_message":"","jetpack_publicize_feature_enabled":true,"jetpack_social_post_already_shared":true,"jetpack_social_options":{"image_generator_settings":{"template":"highway","default_image_id":0,"font":"","enabled":false},"version":2}},"categories":[11],"tags":[],"class_list":["post-44437","post","type-post","status-publish","format-standard","has-post-thumbnail","hentry","category-noticias-de-ribeirao-preto-sp-e-regiao-ismael-colosi"],"jetpack_publicize_connections":[],"jetpack_featured_media_url":"https:\/\/i0.wp.com\/noticiasribeiraopreto.com.br\/wp-content\/uploads\/2024\/03\/dengue-1.jpg?fit=1573%2C1080&ssl=1","jetpack-related-posts":[{"id":38813,"url":"https:\/\/noticiasribeiraopreto.com.br\/index.php\/2024\/02\/21\/veja-a-regiao-que-concentra-o-maior-numero-de-casos-de-dengue-em-ribeirao\/","url_meta":{"origin":44437,"position":0},"title":"Veja a regi\u00e3o que concentra o maior n\u00famero de casos de dengue em Ribeir\u00e3o","author":"noticiasribeiraopreto.com.br","date":"21 de February de 2024","format":false,"excerpt":"A Secretaria Municipal de Sa\u00fade de Ribeir\u00e3o Preto divulgou, nesta quarta-feira (21), os novos dados do boletim semanal com os n\u00fameros de casos de dengue no munic\u00edpio. De acordo com os n\u00fameros da Vigil\u00e2ncia Sanit\u00e1ria, de janeiro at\u00e9 o dia 20 de fevereiro, 7.810 pessoas est\u00e3o com suspeita da doen\u00e7a\u2026","rel":"","context":"In &quot;Not\u00edcias de Ribeir\u00e3o Preto-SP e Regi\u00e3o&quot;","block_context":{"text":"Not\u00edcias de Ribeir\u00e3o Preto-SP e Regi\u00e3o","link":"https:\/\/noticiasribeiraopreto.com.br\/index.php\/category\/noticias-de-ribeirao-preto-sp-e-regiao-ismael-colosi\/"},"img":{"alt_text":"","src":"https:\/\/i0.wp.com\/noticiasribeiraopreto.com.br\/wp-content\/uploads\/2024\/02\/mosquito_aedes_1200x675_08102021170150.jpg?fit=1200%2C675&ssl=1&resize=350%2C200","width":350,"height":200,"srcset":"https:\/\/i0.wp.com\/noticiasribeiraopreto.com.br\/wp-content\/uploads\/2024\/02\/mosquito_aedes_1200x675_08102021170150.jpg?fit=1200%2C675&ssl=1&resize=350%2C200 1x, https:\/\/i0.wp.com\/noticiasribeiraopreto.com.br\/wp-content\/uploads\/2024\/02\/mosquito_aedes_1200x675_08102021170150.jpg?fit=1200%2C675&ssl=1&resize=525%2C300 1.5x, https:\/\/i0.wp.com\/noticiasribeiraopreto.com.br\/wp-content\/uploads\/2024\/02\/mosquito_aedes_1200x675_08102021170150.jpg?fit=1200%2C675&ssl=1&resize=700%2C400 2x, https:\/\/i0.wp.com\/noticiasribeiraopreto.com.br\/wp-content\/uploads\/2024\/02\/mosquito_aedes_1200x675_08102021170150.jpg?fit=1200%2C675&ssl=1&resize=1050%2C600 3x"},"classes":[]},{"id":39847,"url":"https:\/\/noticiasribeiraopreto.com.br\/index.php\/2024\/02\/28\/ribeirao-preto-confirma-duas-mortes-por-dengue-veja-o-numero-de-casos-confirmados\/","url_meta":{"origin":44437,"position":1},"title":"Ribeir\u00e3o Preto confirma duas mortes por dengue; Veja o n\u00famero de casos confirmados","author":"noticiasribeiraopreto.com.br","date":"28 de February de 2024","format":false,"excerpt":"A Prefeitura de Ribeir\u00e3o Preto confirmou, atrav\u00e9s de boletim divulgado nesta quarta-feira (28), duas mortes por dengue na cidade. N\u00e3o foram divulgadas as informa\u00e7\u00f5es sobre as v\u00edtimas. De acordo com os n\u00fameros divulgados pela Vigil\u00e2ncia Epidemiol\u00f3gica, de janeiro at\u00e9 o dia 27 de fevereiro, 10.368 pessoas est\u00e3o com suspeita da\u2026","rel":"","context":"In &quot;Not\u00edcias de Ribeir\u00e3o Preto-SP e Regi\u00e3o&quot;","block_context":{"text":"Not\u00edcias de Ribeir\u00e3o Preto-SP e Regi\u00e3o","link":"https:\/\/noticiasribeiraopreto.com.br\/index.php\/category\/noticias-de-ribeirao-preto-sp-e-regiao-ismael-colosi\/"},"img":{"alt_text":"","src":"https:\/\/i0.wp.com\/noticiasribeiraopreto.com.br\/wp-content\/uploads\/2024\/02\/dengue_1200x675_04052022105135.jpg?fit=1200%2C675&ssl=1&resize=350%2C200","width":350,"height":200,"srcset":"https:\/\/i0.wp.com\/noticiasribeiraopreto.com.br\/wp-content\/uploads\/2024\/02\/dengue_1200x675_04052022105135.jpg?fit=1200%2C675&ssl=1&resize=350%2C200 1x, https:\/\/i0.wp.com\/noticiasribeiraopreto.com.br\/wp-content\/uploads\/2024\/02\/dengue_1200x675_04052022105135.jpg?fit=1200%2C675&ssl=1&resize=525%2C300 1.5x, https:\/\/i0.wp.com\/noticiasribeiraopreto.com.br\/wp-content\/uploads\/2024\/02\/dengue_1200x675_04052022105135.jpg?fit=1200%2C675&ssl=1&resize=700%2C400 2x, https:\/\/i0.wp.com\/noticiasribeiraopreto.com.br\/wp-content\/uploads\/2024\/02\/dengue_1200x675_04052022105135.jpg?fit=1200%2C675&ssl=1&resize=1050%2C600 3x"},"classes":[]},{"id":42211,"url":"https:\/\/noticiasribeiraopreto.com.br\/index.php\/2024\/03\/13\/em-uma-semana-ribeirao-preto-registra-mais-de-15-mil-casos-de-dengue\/","url_meta":{"origin":44437,"position":2},"title":"Em uma semana, Ribeir\u00e3o Preto registra mais de 1,5 mil casos de dengue","author":"noticiasribeiraopreto.com.br","date":"13 de March de 2024","format":false,"excerpt":"A Secretaria Municipal de Ribeir\u00e3o Preto divulgou nesta quarta-feira (13) os n\u00fameros atualizados da dengue. At\u00e9 o momento, a cidade registra 6.400 casos confirmados da doen\u00e7a, \u00a01.595 a mais em uma semana, o que representa um aumento de 33,17%. Segundo o boletim divulgado semanalmente, 15.303 pessoas aguardam a confirma\u00e7\u00e3o se\u2026","rel":"","context":"In &quot;Not\u00edcias de Ribeir\u00e3o Preto-SP e Regi\u00e3o&quot;","block_context":{"text":"Not\u00edcias de Ribeir\u00e3o Preto-SP e Regi\u00e3o","link":"https:\/\/noticiasribeiraopreto.com.br\/index.php\/category\/noticias-de-ribeirao-preto-sp-e-regiao-ismael-colosi\/"},"img":{"alt_text":"","src":"https:\/\/i0.wp.com\/noticiasribeiraopreto.com.br\/wp-content\/uploads\/2024\/03\/mosquito-213805_1280.jpg?fit=1200%2C800&ssl=1&resize=350%2C200","width":350,"height":200,"srcset":"https:\/\/i0.wp.com\/noticiasribeiraopreto.com.br\/wp-content\/uploads\/2024\/03\/mosquito-213805_1280.jpg?fit=1200%2C800&ssl=1&resize=350%2C200 1x, https:\/\/i0.wp.com\/noticiasribeiraopreto.com.br\/wp-content\/uploads\/2024\/03\/mosquito-213805_1280.jpg?fit=1200%2C800&ssl=1&resize=525%2C300 1.5x, https:\/\/i0.wp.com\/noticiasribeiraopreto.com.br\/wp-content\/uploads\/2024\/03\/mosquito-213805_1280.jpg?fit=1200%2C800&ssl=1&resize=700%2C400 2x, https:\/\/i0.wp.com\/noticiasribeiraopreto.com.br\/wp-content\/uploads\/2024\/03\/mosquito-213805_1280.jpg?fit=1200%2C800&ssl=1&resize=1050%2C600 3x"},"classes":[]},{"id":39855,"url":"https:\/\/noticiasribeiraopreto.com.br\/index.php\/2024\/02\/28\/rp-confirma-duas-mortes-por-dengue\/","url_meta":{"origin":44437,"position":3},"title":"RP confirma duas mortes por dengue","author":"noticiasribeiraopreto.com.br","date":"28 de February de 2024","format":false,"excerpt":"28 de fevereiro de 2024 | 16:5328 de fevereiro de 2024 | 16:56 0A Prefeitura de Ribeir\u00e3o Preto divulgou nesta quarta-feira (28), um boletim confirmando duas mortes por dengue na cidade. N\u00e3o foram divulgadas as informa\u00e7\u00f5es sobre as v\u00edtimas.Segundo a Vigil\u00e2ncia Epidemiol\u00f3gica, de janeiro at\u00e9 o dia 27 de fevereiro,\u00a010.368\u2026","rel":"","context":"In &quot;Not\u00edcias de Ribeir\u00e3o Preto-SP e Regi\u00e3o&quot;","block_context":{"text":"Not\u00edcias de Ribeir\u00e3o Preto-SP e Regi\u00e3o","link":"https:\/\/noticiasribeiraopreto.com.br\/index.php\/category\/noticias-de-ribeirao-preto-sp-e-regiao-ismael-colosi\/"},"img":{"alt_text":"","src":"https:\/\/i0.wp.com\/noticiasribeiraopreto.com.br\/wp-content\/uploads\/2024\/02\/6-acoes-importantes-para-eliminar-o-mosquito-da-dengue-538-x-358-1-scaled.jpg?fit=1000%2C563&ssl=1&resize=350%2C200","width":350,"height":200,"srcset":"https:\/\/i0.wp.com\/noticiasribeiraopreto.com.br\/wp-content\/uploads\/2024\/02\/6-acoes-importantes-para-eliminar-o-mosquito-da-dengue-538-x-358-1-scaled.jpg?fit=1000%2C563&ssl=1&resize=350%2C200 1x, https:\/\/i0.wp.com\/noticiasribeiraopreto.com.br\/wp-content\/uploads\/2024\/02\/6-acoes-importantes-para-eliminar-o-mosquito-da-dengue-538-x-358-1-scaled.jpg?fit=1000%2C563&ssl=1&resize=525%2C300 1.5x, https:\/\/i0.wp.com\/noticiasribeiraopreto.com.br\/wp-content\/uploads\/2024\/02\/6-acoes-importantes-para-eliminar-o-mosquito-da-dengue-538-x-358-1-scaled.jpg?fit=1000%2C563&ssl=1&resize=700%2C400 2x"},"classes":[]},{"id":46214,"url":"https:\/\/noticiasribeiraopreto.com.br\/index.php\/2024\/04\/10\/mortes-por-dengue-sobem-para-seis-em-ribeirao-preto\/","url_meta":{"origin":44437,"position":4},"title":"Mortes por dengue sobem para seis em Ribeir\u00e3o Preto","author":"noticiasribeiraopreto.com.br","date":"10 de April de 2024","format":false,"excerpt":"Foi confirmado nesta quarta-feira (10) que Ribeir\u00e3o Preto tem seis mortes causadas por dengue este ano. Al\u00e9m dos \u00f3bitos, a cidade registra 12.990 casos confirmados da doen\u00e7a e 25.227 suspeitos. Segundo consta na divulga\u00e7\u00e3o, a zona Leste continua sendo a regi\u00e3o com mais casos confirmados, s\u00e3o 3.566. Em seguida, vem\u2026","rel":"","context":"In &quot;Not\u00edcias de Ribeir\u00e3o Preto-SP e Regi\u00e3o&quot;","block_context":{"text":"Not\u00edcias de Ribeir\u00e3o Preto-SP e Regi\u00e3o","link":"https:\/\/noticiasribeiraopreto.com.br\/index.php\/category\/noticias-de-ribeirao-preto-sp-e-regiao-ismael-colosi\/"},"img":{"alt_text":"","src":"https:\/\/i0.wp.com\/noticiasribeiraopreto.com.br\/wp-content\/uploads\/2024\/04\/1712760997_Copia-de-Copia-de-TAMANHO-EXATO-PARA-FOTOS-NO-SISTEMA-NOVO-13.jpg?fit=1200%2C675&ssl=1&resize=350%2C200","width":350,"height":200,"srcset":"https:\/\/i0.wp.com\/noticiasribeiraopreto.com.br\/wp-content\/uploads\/2024\/04\/1712760997_Copia-de-Copia-de-TAMANHO-EXATO-PARA-FOTOS-NO-SISTEMA-NOVO-13.jpg?fit=1200%2C675&ssl=1&resize=350%2C200 1x, https:\/\/i0.wp.com\/noticiasribeiraopreto.com.br\/wp-content\/uploads\/2024\/04\/1712760997_Copia-de-Copia-de-TAMANHO-EXATO-PARA-FOTOS-NO-SISTEMA-NOVO-13.jpg?fit=1200%2C675&ssl=1&resize=525%2C300 1.5x, https:\/\/i0.wp.com\/noticiasribeiraopreto.com.br\/wp-content\/uploads\/2024\/04\/1712760997_Copia-de-Copia-de-TAMANHO-EXATO-PARA-FOTOS-NO-SISTEMA-NOVO-13.jpg?fit=1200%2C675&ssl=1&resize=700%2C400 2x, https:\/\/i0.wp.com\/noticiasribeiraopreto.com.br\/wp-content\/uploads\/2024\/04\/1712760997_Copia-de-Copia-de-TAMANHO-EXATO-PARA-FOTOS-NO-SISTEMA-NOVO-13.jpg?fit=1200%2C675&ssl=1&resize=1050%2C600 3x"},"classes":[]},{"id":45285,"url":"https:\/\/noticiasribeiraopreto.com.br\/index.php\/2024\/04\/03\/dengue-em-ribeirao-preto-ultrapassa-dez-mil-casos-confirmados\/","url_meta":{"origin":44437,"position":5},"title":"Dengue em Ribeir\u00e3o Preto ultrapassa dez mil casos confirmados","author":"noticiasribeiraopreto.com.br","date":"3 de April de 2024","format":false,"excerpt":"Ribeir\u00e3o Preto ultrapassou os dez mil casos confirmados de dengue, de acordo com o boletim epidemiol\u00f3gico divulgado nesta quarta-feira (3), pela Secretaria Municipal da Sa\u00fade.\u00a0 Ao todo, 11.095 pessoas testaram positivo para \u00e0 doen\u00e7a, enquanto outras 22.274 aguardam confirma\u00e7\u00e3o. A cidade registra quatro mortes em decorr\u00eancia da dengue. O que\u2026","rel":"","context":"In &quot;Not\u00edcias de Ribeir\u00e3o Preto-SP e Regi\u00e3o&quot;","block_context":{"text":"Not\u00edcias de Ribeir\u00e3o Preto-SP e Regi\u00e3o","link":"https:\/\/noticiasribeiraopreto.com.br\/index.php\/category\/noticias-de-ribeirao-preto-sp-e-regiao-ismael-colosi\/"},"img":{"alt_text":"","src":"https:\/\/i0.wp.com\/noticiasribeiraopreto.com.br\/wp-content\/uploads\/2024\/04\/Copia-de-Copia-de-TAMANHO-EXATO-PARA-FOTOS-NO-SISTEMA-NOVO-21.jpg?fit=1200%2C675&ssl=1&resize=350%2C200","width":350,"height":200,"srcset":"https:\/\/i0.wp.com\/noticiasribeiraopreto.com.br\/wp-content\/uploads\/2024\/04\/Copia-de-Copia-de-TAMANHO-EXATO-PARA-FOTOS-NO-SISTEMA-NOVO-21.jpg?fit=1200%2C675&ssl=1&resize=350%2C200 1x, https:\/\/i0.wp.com\/noticiasribeiraopreto.com.br\/wp-content\/uploads\/2024\/04\/Copia-de-Copia-de-TAMANHO-EXATO-PARA-FOTOS-NO-SISTEMA-NOVO-21.jpg?fit=1200%2C675&ssl=1&resize=525%2C300 1.5x, https:\/\/i0.wp.com\/noticiasribeiraopreto.com.br\/wp-content\/uploads\/2024\/04\/Copia-de-Copia-de-TAMANHO-EXATO-PARA-FOTOS-NO-SISTEMA-NOVO-21.jpg?fit=1200%2C675&ssl=1&resize=700%2C400 2x, https:\/\/i0.wp.com\/noticiasribeiraopreto.com.br\/wp-content\/uploads\/2024\/04\/Copia-de-Copia-de-TAMANHO-EXATO-PARA-FOTOS-NO-SISTEMA-NOVO-21.jpg?fit=1200%2C675&ssl=1&resize=1050%2C600 3x"},"classes":[]}],"jetpack_sharing_enabled":true,"jetpack_shortlink":"https:\/\/wp.me\/peQAOb-byJ","_links":{"self":[{"href":"https:\/\/noticiasribeiraopreto.com.br\/index.php\/wp-json\/wp\/v2\/posts\/44437","targetHints":{"allow":["GET"]}}],"collection":[{"href":"https:\/\/noticiasribeiraopreto.com.br\/index.php\/wp-json\/wp\/v2\/posts"}],"about":[{"href":"https:\/\/noticiasribeiraopreto.com.br\/index.php\/wp-json\/wp\/v2\/types\/post"}],"author":[{"embeddable":true,"href":"https:\/\/noticiasribeiraopreto.com.br\/index.php\/wp-json\/wp\/v2\/users\/1"}],"replies":[{"embeddable":true,"href":"https:\/\/noticiasribeiraopreto.com.br\/index.php\/wp-json\/wp\/v2\/comments?post=44437"}],"version-history":[{"count":0,"href":"https:\/\/noticiasribeiraopreto.com.br\/index.php\/wp-json\/wp\/v2\/posts\/44437\/revisions"}],"wp:featuredmedia":[{"embeddable":true,"href":"https:\/\/noticiasribeiraopreto.com.br\/index.php\/wp-json\/wp\/v2\/media\/44438"}],"wp:attachment":[{"href":"https:\/\/noticiasribeiraopreto.com.br\/index.php\/wp-json\/wp\/v2\/media?parent=44437"}],"wp:term":[{"taxonomy":"category","embeddable":true,"href":"https:\/\/noticiasribeiraopreto.com.br\/index.php\/wp-json\/wp\/v2\/categories?post=44437"},{"taxonomy":"post_tag","embeddable":true,"href":"https:\/\/noticiasribeiraopreto.com.br\/index.php\/wp-json\/wp\/v2\/tags?post=44437"}],"curies":[{"name":"wp","href":"https:\/\/api.w.org\/{rel}","templated":true}]}}