{"id":44442,"date":"2024-03-27T18:07:42","date_gmt":"2024-03-27T21:07:42","guid":{"rendered":"https:\/\/noticiasribeiraopreto.com.br\/index.php\/2024\/03\/27\/nove-de-julho-assinatura-de-contrato-ocorrera-na-primeira-quinzena-de-abril\/"},"modified":"2024-03-27T18:07:42","modified_gmt":"2024-03-27T21:07:42","slug":"nove-de-julho-assinatura-de-contrato-ocorrera-na-primeira-quinzena-de-abril","status":"publish","type":"post","link":"https:\/\/noticiasribeiraopreto.com.br\/index.php\/2024\/03\/27\/nove-de-julho-assinatura-de-contrato-ocorrera-na-primeira-quinzena-de-abril\/","title":{"rendered":"Nove de Julho: assinatura de contrato ocorrer\u00e1 na primeira quinzena de abril"},"content":{"rendered":"<div class='code-block code-block-1' style='margin: 8px 0 8px auto; text-align: right; display: block; clear: both;'>\n<p><a href=\"https:\/\/wa.link\/vpicfd\"><img data-recalc-dims=\"1\" class=\"wp-image-4922\" style=\"aspect-ratio: 2.0253164556962027; width: 561px; height: auto;\" src=\"https:\/\/i0.wp.com\/ismaelcolosi.com.br\/wp-content\/uploads\/2023\/11\/grupo-de-empregos-whatsapp-e-facebook-ismael-colosi-vagas.jpg?ssl=1\" alt=\"\" \/><\/a><\/p>\n<!-- \/wp:image -->\n<\/div>\n<p> <br \/>\n<\/p>\n<div id=\"\">\n<p>\n<span class=\"entry-meta-item penci-posted-on\"><i class=\"fa fa-clock-o\"\/><time class=\"entry-date published\" datetime=\"2024-03-27T18:00:00-03:00\">27 de mar\u00e7o de 2024 | 18:00<\/time><time class=\"updated\" datetime=\"2024-03-27T15:07:32-03:00\">27 de mar\u00e7o de 2024 | 15:07<\/time><\/span> <\/p>\n<p><span class=\"penci-social-buttons penci-social-share-footer\"><a href=\"#\" class=\"penci-post-like penci_post-meta_item  single-like-button penci-social-item like\" data-post_id=\"378818\" title=\"Like\" data-like=\"Like\" data-unlike=\"Unlike\"><i class=\"fa fa-thumbs-o-up\"\/><span class=\"penci-share-number\">0<\/span><\/a><i class=\"fa fa-facebook\"\/><a class=\"penci-social-item twitter\" target=\"_blank\" rel=\"noopener\" title=\"\" href=\"https:\/\/twitter.com\/intent\/tweet?text=Nove%20de%20Julho:%20assinatura%20de%20contrato%20ocorrer\u00e1%20na%20primeira%20quinzena%20de%20abril%20-%20https:\/\/www.tribunaribeirao.com.br\/site\/nove-de-julho-assinatura-de-contrato-ocorrera-na-primeira-quinzena-de-abril\/\"><i class=\"fa fa-twitter\"\/><\/a><i class=\"fa fa-whatsapp\"\/><\/span> <\/div>\n<div>\n<p>O valor das obras de revitaliza\u00e7\u00e3o e implanta\u00e7\u00e3o do corredor de \u00f4nibus na avenida Nove de Julho, teve redu\u00e7\u00e3o no valor global. A empresa Era-T\u00e9cnica Engenharia Constru\u00e7\u00f5es e Servi\u00e7os Ltda., venceu a licita\u00e7\u00e3o com a proposta de R$ 32.411.776,19, ou seja, 5,63% em rela\u00e7\u00e3o ao custo estimado inicialmente que era de R$ R$ 34.344.037,88.<\/p>\n<p>O Governo Municipal, atrav\u00e9s da secretaria de Obras P\u00fablica est\u00e1 empenhado para realizar a conclus\u00e3o das obras da avenida Nove de Julho. \u201cDentro de 10 a 15 dias iremos assinar o contrato com a empresa, e imediatamente iremos emitir a ordem de servi\u00e7o. O governo municipal ir\u00e1 realizar fiscaliza\u00e7\u00f5es constantes na obra\u201d, afirma o secret\u00e1rio de Obras P\u00fablicas, Pedro Luiz Pegoraro.<\/p>\n<p>As obras na Nove de Julho come\u00e7aram no dia 21 de julho de 2023, mas foram suspensas no m\u00eas de dezembro de 2023, depois do governo municipal romper o contrato com a empresa Metropolitana, na \u00e9poca respons\u00e1vel pela obra. A construtora n\u00e3o cumpriu o que foi estipulado em contrato, e entregou apenas 8% da obra, quando o previsto para o per\u00edodo era de 40%. O Governo Municipal entrou em contato com a empresa segunda colocada do processo de licita\u00e7\u00e3o, mas a construtora n\u00e3o aceitou a proposta. A partir da\u00ed foi aberto o novo processo de licita\u00e7\u00e3o, e teve o empenho de todas as secretarias envolvidas para realizar dentro do prazo legal, mais r\u00e1pido poss\u00edvel.<\/p>\n<p>Durante o processo, com o intuito de minimizar os transtornos para os comerciantes, motoristas e popula\u00e7\u00e3o em geral, a prefeitura, atrav\u00e9s das secretarias de Obras P\u00fablicas, Infraestrutura e RP Mobi, realizou interven\u00e7\u00e3o na avenida Nove de Julho, com limpeza, instala\u00e7\u00e3o de bols\u00f5es de estacionamento, e tamb\u00e9m o trabalho de a\u00e7\u00f5es emergenciais na avenida Francisco Junqueira, para melhorar a fluidez do tr\u00e2nsito no local. As obras da revitaliza\u00e7\u00e3o dos dois lados da avenida Nove de Julho e a constru\u00e7\u00e3o de 1,6 km do corredor de \u00f4nibus ter\u00e3o o prazo de 12 meses para conclus\u00e3o, a contar da data da emiss\u00e3o da ordem de servi\u00e7o.<\/p>\n<\/div>\n<p><script async src=\"\/\/platform.twitter.com\/widgets.js\" charset=\"utf-8\"><\/script><br \/>\n<br \/><br \/>\n<br \/><a href=\"https:\/\/www.tribunaribeirao.com.br\/site\/nove-de-julho-assinatura-de-contrato-ocorrera-na-primeira-quinzena-de-abril\/\">Source link <\/a><\/p>\n<!-- CONTENT END 1 -->\n","protected":false},"excerpt":{"rendered":"<p>27 de mar\u00e7o de 2024 | 18:0027 de mar\u00e7o de 2024 | 15:07 0 O valor das obras de revitaliza\u00e7\u00e3o e implanta\u00e7\u00e3o do corredor de&#8230;<\/p>\n","protected":false},"author":1,"featured_media":44443,"comment_status":"open","ping_status":"open","sticky":false,"template":"","format":"standard","meta":{"advanced_seo_description":"","jetpack_seo_html_title":"","jetpack_seo_noindex":false,"jetpack_post_was_ever_published":false,"_jetpack_newsletter_access":"","_jetpack_dont_email_post_to_subs":false,"_jetpack_newsletter_tier_id":0,"_jetpack_memberships_contains_paywalled_content":false,"_jetpack_memberships_contains_paid_content":false,"footnotes":"","jetpack_publicize_message":"","jetpack_publicize_feature_enabled":true,"jetpack_social_post_already_shared":true,"jetpack_social_options":{"image_generator_settings":{"template":"highway","default_image_id":0,"font":"","enabled":false},"version":2}},"categories":[11],"tags":[3924,1381,1535,1229,1228,5256,189,5257],"class_list":["post-44442","post","type-post","status-publish","format-standard","has-post-thumbnail","hentry","category-noticias-de-ribeirao-preto-sp-e-regiao-ismael-colosi","tag-abril","tag-assinatura","tag-contrato","tag-julho","tag-nove","tag-ocorrera","tag-primeira","tag-quinzena"],"jetpack_publicize_connections":[],"jetpack_featured_media_url":"https:\/\/i0.wp.com\/noticiasribeiraopreto.com.br\/wp-content\/uploads\/2024\/03\/nove_de_julho_-_fernando_gonzaga_1.jpg?fit=751%2C500&ssl=1","jetpack-related-posts":[{"id":44249,"url":"https:\/\/noticiasribeiraopreto.com.br\/index.php\/2024\/03\/26\/homologada-licitacao-para-obras-na-avenida-nove-de-julho\/","url_meta":{"origin":44442,"position":0},"title":"Homologada licita\u00e7\u00e3o para obras na Avenida Nove de Julho","author":"noticiasribeiraopreto.com.br","date":"26 de March de 2024","format":false,"excerpt":"26 de mar\u00e7o de 2024 | 18:07 0 A prefeitura de Ribeir\u00e3o Preto homologou nesta ter\u00e7a-feira, 26 de mar\u00e7o, a licita\u00e7\u00e3o para executar o remanescente da obra de revitaliza\u00e7\u00e3o e implanta\u00e7\u00e3o do corredor de \u00f4nibus na Avenida Nove de Julho. A disputa ocorreu na modalidade de Concorr\u00eancia P\u00fablica e a\u2026","rel":"","context":"In &quot;Not\u00edcias de Ribeir\u00e3o Preto-SP e Regi\u00e3o&quot;","block_context":{"text":"Not\u00edcias de Ribeir\u00e3o Preto-SP e Regi\u00e3o","link":"https:\/\/noticiasribeiraopreto.com.br\/index.php\/category\/noticias-de-ribeirao-preto-sp-e-regiao-ismael-colosi\/"},"img":{"alt_text":"","src":"https:\/\/i0.wp.com\/noticiasribeiraopreto.com.br\/wp-content\/uploads\/2024\/03\/nove_de_julho_-_foto_guilherme_sircili1-scaled.jpg?fit=967%2C645&ssl=1&resize=350%2C200","width":350,"height":200,"srcset":"https:\/\/i0.wp.com\/noticiasribeiraopreto.com.br\/wp-content\/uploads\/2024\/03\/nove_de_julho_-_foto_guilherme_sircili1-scaled.jpg?fit=967%2C645&ssl=1&resize=350%2C200 1x, https:\/\/i0.wp.com\/noticiasribeiraopreto.com.br\/wp-content\/uploads\/2024\/03\/nove_de_julho_-_foto_guilherme_sircili1-scaled.jpg?fit=967%2C645&ssl=1&resize=525%2C300 1.5x, https:\/\/i0.wp.com\/noticiasribeiraopreto.com.br\/wp-content\/uploads\/2024\/03\/nove_de_julho_-_foto_guilherme_sircili1-scaled.jpg?fit=967%2C645&ssl=1&resize=700%2C400 2x"},"classes":[]},{"id":41099,"url":"https:\/\/noticiasribeiraopreto.com.br\/index.php\/2024\/03\/06\/artesaos-vao-promover-quatro-feiras-em-marco\/","url_meta":{"origin":44442,"position":1},"title":"Artes\u00e3os v\u00e3o promover\u00a0quatro feiras em mar\u00e7o\u00a0","author":"noticiasribeiraopreto.com.br","date":"6 de March de 2024","format":false,"excerpt":"6 de mar\u00e7o de 2024 | 16:006 de mar\u00e7o de 2024 | 12:23 0Com objetivo de apresentar os trabalhos desenvolvidos pelas v\u00e1rias associa\u00e7\u00f5es de artes\u00e3os de Ribeir\u00e3o Preto e celebrar o Dia do Artes\u00e3o e do Artesanato, comemorado oficialmente em 19 de mar\u00e7o, a Feira de Artesanato preparou uma s\u00e9rie\u2026","rel":"","context":"In &quot;Not\u00edcias de Ribeir\u00e3o Preto-SP e Regi\u00e3o&quot;","block_context":{"text":"Not\u00edcias de Ribeir\u00e3o Preto-SP e Regi\u00e3o","link":"https:\/\/noticiasribeiraopreto.com.br\/index.php\/category\/noticias-de-ribeirao-preto-sp-e-regiao-ismael-colosi\/"},"img":{"alt_text":"","src":"https:\/\/i0.wp.com\/noticiasribeiraopreto.com.br\/wp-content\/uploads\/2024\/03\/Artesaos-Divulgacao-02-scaled.jpg?fit=860%2C645&ssl=1&resize=350%2C200","width":350,"height":200,"srcset":"https:\/\/i0.wp.com\/noticiasribeiraopreto.com.br\/wp-content\/uploads\/2024\/03\/Artesaos-Divulgacao-02-scaled.jpg?fit=860%2C645&ssl=1&resize=350%2C200 1x, https:\/\/i0.wp.com\/noticiasribeiraopreto.com.br\/wp-content\/uploads\/2024\/03\/Artesaos-Divulgacao-02-scaled.jpg?fit=860%2C645&ssl=1&resize=525%2C300 1.5x, https:\/\/i0.wp.com\/noticiasribeiraopreto.com.br\/wp-content\/uploads\/2024\/03\/Artesaos-Divulgacao-02-scaled.jpg?fit=860%2C645&ssl=1&resize=700%2C400 2x"},"classes":[]},{"id":66164,"url":"https:\/\/noticiasribeiraopreto.com.br\/index.php\/2025\/03\/28\/quatro-massas-de-ar-frio-chegam-no-mes-de-abril-veja-previsao-no-estado-de-sp\/","url_meta":{"origin":44442,"position":2},"title":"Quatro massas de ar frio chegam no m\u00eas de abril; Veja previs\u00e3o no estado de SP","author":"noticiasribeiraopreto.com.br","date":"28 de March de 2025","format":false,"excerpt":"O m\u00eas de abril, que come\u00e7a na pr\u00f3xima ter\u00e7a-feira, tem previs\u00e3o de quatro massas de ar frio e ao menos tr\u00eas delas podem chegar ao estado de S\u00e3o Paulo. Segundo a Climatempo, na primeira quinzena est\u00e3o previstas tr\u00eas massas de ar de origem polar. A meteorologista Jos\u00e9lia Pegorim diz que\u2026","rel":"","context":"In &quot;Not\u00edcias de Ribeir\u00e3o Preto-SP e Regi\u00e3o&quot;","block_context":{"text":"Not\u00edcias de Ribeir\u00e3o Preto-SP e Regi\u00e3o","link":"https:\/\/noticiasribeiraopreto.com.br\/index.php\/category\/noticias-de-ribeirao-preto-sp-e-regiao-ismael-colosi\/"},"img":{"alt_text":"","src":"https:\/\/i0.wp.com\/noticiasribeiraopreto.com.br\/wp-content\/uploads\/2025\/03\/1743181393_frio_luva_1200x675_16042022092951.jpg?fit=1200%2C675&ssl=1&resize=350%2C200","width":350,"height":200,"srcset":"https:\/\/i0.wp.com\/noticiasribeiraopreto.com.br\/wp-content\/uploads\/2025\/03\/1743181393_frio_luva_1200x675_16042022092951.jpg?fit=1200%2C675&ssl=1&resize=350%2C200 1x, https:\/\/i0.wp.com\/noticiasribeiraopreto.com.br\/wp-content\/uploads\/2025\/03\/1743181393_frio_luva_1200x675_16042022092951.jpg?fit=1200%2C675&ssl=1&resize=525%2C300 1.5x, https:\/\/i0.wp.com\/noticiasribeiraopreto.com.br\/wp-content\/uploads\/2025\/03\/1743181393_frio_luva_1200x675_16042022092951.jpg?fit=1200%2C675&ssl=1&resize=700%2C400 2x, https:\/\/i0.wp.com\/noticiasribeiraopreto.com.br\/wp-content\/uploads\/2025\/03\/1743181393_frio_luva_1200x675_16042022092951.jpg?fit=1200%2C675&ssl=1&resize=1050%2C600 3x"},"classes":[]},{"id":66102,"url":"https:\/\/noticiasribeiraopreto.com.br\/index.php\/2025\/03\/27\/avenida-nove-de-julho-e-totalmente-liberada-ao-trafego-em-ribeirao-preto-apos-obras-de-revitalizacao\/","url_meta":{"origin":44442,"position":3},"title":"Avenida Nove de Julho \u00e9 Totalmente Liberada ao Tr\u00e1fego em Ribeir\u00e3o Preto Ap\u00f3s Obras de Revitaliza\u00e7\u00e3o","author":"noticiasribeiraopreto.com.br","date":"27 de March de 2025","format":false,"excerpt":"Ap\u00f3s um ano e nove meses de obras, a Avenida Nove de Julho, uma das principais vias de Ribeir\u00e3o Preto, foi totalmente liberada para o tr\u00e1fego nesta quinta-feira, 27 de mar\u00e7o de 2025. A via, que estava interditada desde julho de 2023, passou por um processo abrangente de revitaliza\u00e7\u00e3o e\u2026","rel":"","context":"In &quot;Not\u00edcias de Ribeir\u00e3o Preto-SP e Regi\u00e3o&quot;","block_context":{"text":"Not\u00edcias de Ribeir\u00e3o Preto-SP e Regi\u00e3o","link":"https:\/\/noticiasribeiraopreto.com.br\/index.php\/category\/noticias-de-ribeirao-preto-sp-e-regiao-ismael-colosi\/"},"img":{"alt_text":"","src":"https:\/\/i0.wp.com\/noticiasribeiraopreto.com.br\/wp-content\/uploads\/2025\/03\/reabertura_9_de_julho_-_foto_fernando_gonzaga_36.jpg?fit=1200%2C800&ssl=1&resize=350%2C200","width":350,"height":200,"srcset":"https:\/\/i0.wp.com\/noticiasribeiraopreto.com.br\/wp-content\/uploads\/2025\/03\/reabertura_9_de_julho_-_foto_fernando_gonzaga_36.jpg?fit=1200%2C800&ssl=1&resize=350%2C200 1x, https:\/\/i0.wp.com\/noticiasribeiraopreto.com.br\/wp-content\/uploads\/2025\/03\/reabertura_9_de_julho_-_foto_fernando_gonzaga_36.jpg?fit=1200%2C800&ssl=1&resize=525%2C300 1.5x, https:\/\/i0.wp.com\/noticiasribeiraopreto.com.br\/wp-content\/uploads\/2025\/03\/reabertura_9_de_julho_-_foto_fernando_gonzaga_36.jpg?fit=1200%2C800&ssl=1&resize=700%2C400 2x, https:\/\/i0.wp.com\/noticiasribeiraopreto.com.br\/wp-content\/uploads\/2025\/03\/reabertura_9_de_julho_-_foto_fernando_gonzaga_36.jpg?fit=1200%2C800&ssl=1&resize=1050%2C600 3x"},"classes":[]},{"id":46122,"url":"https:\/\/noticiasribeiraopreto.com.br\/index.php\/2024\/04\/09\/veja-quando-as-obras-da-nove-de-julho-em-ribeirao-preto-serao-retomadas\/","url_meta":{"origin":44442,"position":4},"title":"Veja quando as obras da Nove de Julho em Ribeir\u00e3o Preto ser\u00e3o retomadas\u00a0","author":"noticiasribeiraopreto.com.br","date":"9 de April de 2024","format":false,"excerpt":"A Prefeitura de Ribeir\u00e3o Preto anunciou na tarde desta ter\u00e7a-feira (9), que as obras de revitaliza\u00e7\u00e3o e implanta\u00e7\u00e3o do corredor de \u00f4nibus da avenida Nove de Julho j\u00e1 tem data confirmada: 22 de abril. O prazo previsto para conclus\u00e3o \u00e9 de um ano, a contar da emiss\u00e3o da Ordem de\u2026","rel":"","context":"In &quot;Not\u00edcias de Ribeir\u00e3o Preto-SP e Regi\u00e3o&quot;","block_context":{"text":"Not\u00edcias de Ribeir\u00e3o Preto-SP e Regi\u00e3o","link":"https:\/\/noticiasribeiraopreto.com.br\/index.php\/category\/noticias-de-ribeirao-preto-sp-e-regiao-ismael-colosi\/"},"img":{"alt_text":"","src":"https:\/\/i0.wp.com\/noticiasribeiraopreto.com.br\/wp-content\/uploads\/2024\/04\/Copia-de-Copia-de-TAMANHO-EXATO-PARA-FOTOS-NO-SISTEMA-NOVO-10.jpg?fit=1200%2C675&ssl=1&resize=350%2C200","width":350,"height":200,"srcset":"https:\/\/i0.wp.com\/noticiasribeiraopreto.com.br\/wp-content\/uploads\/2024\/04\/Copia-de-Copia-de-TAMANHO-EXATO-PARA-FOTOS-NO-SISTEMA-NOVO-10.jpg?fit=1200%2C675&ssl=1&resize=350%2C200 1x, https:\/\/i0.wp.com\/noticiasribeiraopreto.com.br\/wp-content\/uploads\/2024\/04\/Copia-de-Copia-de-TAMANHO-EXATO-PARA-FOTOS-NO-SISTEMA-NOVO-10.jpg?fit=1200%2C675&ssl=1&resize=525%2C300 1.5x, https:\/\/i0.wp.com\/noticiasribeiraopreto.com.br\/wp-content\/uploads\/2024\/04\/Copia-de-Copia-de-TAMANHO-EXATO-PARA-FOTOS-NO-SISTEMA-NOVO-10.jpg?fit=1200%2C675&ssl=1&resize=700%2C400 2x, https:\/\/i0.wp.com\/noticiasribeiraopreto.com.br\/wp-content\/uploads\/2024\/04\/Copia-de-Copia-de-TAMANHO-EXATO-PARA-FOTOS-NO-SISTEMA-NOVO-10.jpg?fit=1200%2C675&ssl=1&resize=1050%2C600 3x"},"classes":[]},{"id":11091,"url":"https:\/\/noticiasribeiraopreto.com.br\/index.php\/2023\/12\/05\/prefeitura-de-ribeirao-preto-rompe-contrato-com-a-empresa-da-obra-da-nove-de-julho\/","url_meta":{"origin":44442,"position":5},"title":"Prefeitura de Ribeir\u00e3o Preto rompe contrato com a empresa da obra da Nove de Julho","author":"noticiasribeiraopreto.com.br","date":"5 de December de 2023","format":false,"excerpt":"A Prefeitura de Ribeir\u00e3o Preto oficializou, nesta ter\u00e7a-feira (5), o rompimento do contrato com a empresa Metropolitana, respons\u00e1vel pelas obras de restaura\u00e7\u00e3o da avenida Nove de Julho e pela coloca\u00e7\u00e3o de galerias de \u00e1gua pluvial no Centro. De acordo com o Executivo, a empresa foi notificada cinco vezes sobre o\u2026","rel":"","context":"In &quot;Not\u00edcias de Ribeir\u00e3o Preto-SP e Regi\u00e3o&quot;","block_context":{"text":"Not\u00edcias de Ribeir\u00e3o Preto-SP e Regi\u00e3o","link":"https:\/\/noticiasribeiraopreto.com.br\/index.php\/category\/noticias-de-ribeirao-preto-sp-e-regiao-ismael-colosi\/"},"img":{"alt_text":"","src":"https:\/\/i0.wp.com\/noticiasribeiraopreto.com.br\/wp-content\/uploads\/2023\/12\/WhatsApp-Image-2023-12-05-at-11.04.13.jpeg?fit=1200%2C764&ssl=1&resize=350%2C200","width":350,"height":200,"srcset":"https:\/\/i0.wp.com\/noticiasribeiraopreto.com.br\/wp-content\/uploads\/2023\/12\/WhatsApp-Image-2023-12-05-at-11.04.13.jpeg?fit=1200%2C764&ssl=1&resize=350%2C200 1x, https:\/\/i0.wp.com\/noticiasribeiraopreto.com.br\/wp-content\/uploads\/2023\/12\/WhatsApp-Image-2023-12-05-at-11.04.13.jpeg?fit=1200%2C764&ssl=1&resize=525%2C300 1.5x, https:\/\/i0.wp.com\/noticiasribeiraopreto.com.br\/wp-content\/uploads\/2023\/12\/WhatsApp-Image-2023-12-05-at-11.04.13.jpeg?fit=1200%2C764&ssl=1&resize=700%2C400 2x, https:\/\/i0.wp.com\/noticiasribeiraopreto.com.br\/wp-content\/uploads\/2023\/12\/WhatsApp-Image-2023-12-05-at-11.04.13.jpeg?fit=1200%2C764&ssl=1&resize=1050%2C600 3x"},"classes":[]}],"jetpack_sharing_enabled":true,"jetpack_shortlink":"https:\/\/wp.me\/peQAOb-byO","_links":{"self":[{"href":"https:\/\/noticiasribeiraopreto.com.br\/index.php\/wp-json\/wp\/v2\/posts\/44442","targetHints":{"allow":["GET"]}}],"collection":[{"href":"https:\/\/noticiasribeiraopreto.com.br\/index.php\/wp-json\/wp\/v2\/posts"}],"about":[{"href":"https:\/\/noticiasribeiraopreto.com.br\/index.php\/wp-json\/wp\/v2\/types\/post"}],"author":[{"embeddable":true,"href":"https:\/\/noticiasribeiraopreto.com.br\/index.php\/wp-json\/wp\/v2\/users\/1"}],"replies":[{"embeddable":true,"href":"https:\/\/noticiasribeiraopreto.com.br\/index.php\/wp-json\/wp\/v2\/comments?post=44442"}],"version-history":[{"count":0,"href":"https:\/\/noticiasribeiraopreto.com.br\/index.php\/wp-json\/wp\/v2\/posts\/44442\/revisions"}],"wp:featuredmedia":[{"embeddable":true,"href":"https:\/\/noticiasribeiraopreto.com.br\/index.php\/wp-json\/wp\/v2\/media\/44443"}],"wp:attachment":[{"href":"https:\/\/noticiasribeiraopreto.com.br\/index.php\/wp-json\/wp\/v2\/media?parent=44442"}],"wp:term":[{"taxonomy":"category","embeddable":true,"href":"https:\/\/noticiasribeiraopreto.com.br\/index.php\/wp-json\/wp\/v2\/categories?post=44442"},{"taxonomy":"post_tag","embeddable":true,"href":"https:\/\/noticiasribeiraopreto.com.br\/index.php\/wp-json\/wp\/v2\/tags?post=44442"}],"curies":[{"name":"wp","href":"https:\/\/api.w.org\/{rel}","templated":true}]}}