{"id":44450,"date":"2024-03-27T18:42:39","date_gmt":"2024-03-27T21:42:39","guid":{"rendered":"https:\/\/noticiasribeiraopreto.com.br\/index.php\/2024\/03\/27\/veja-ate-quando-vai-o-alerta-de-chuvas-intensas-no-interior-de-sp-saiba-os-locais\/"},"modified":"2024-03-27T18:42:39","modified_gmt":"2024-03-27T21:42:39","slug":"veja-ate-quando-vai-o-alerta-de-chuvas-intensas-no-interior-de-sp-saiba-os-locais","status":"publish","type":"post","link":"https:\/\/noticiasribeiraopreto.com.br\/index.php\/2024\/03\/27\/veja-ate-quando-vai-o-alerta-de-chuvas-intensas-no-interior-de-sp-saiba-os-locais\/","title":{"rendered":"Veja at\u00e9 quando vai o alerta de chuvas intensas no interior de SP; Saiba os locais"},"content":{"rendered":"<div class='code-block code-block-1' style='margin: 8px 0 8px auto; text-align: right; display: block; clear: both;'>\n<p><a href=\"https:\/\/wa.link\/vpicfd\"><img data-recalc-dims=\"1\" class=\"wp-image-4922\" style=\"aspect-ratio: 2.0253164556962027; width: 561px; height: auto;\" src=\"https:\/\/i0.wp.com\/ismaelcolosi.com.br\/wp-content\/uploads\/2023\/11\/grupo-de-empregos-whatsapp-e-facebook-ismael-colosi-vagas.jpg?ssl=1\" alt=\"\" \/><\/a><\/p>\n<!-- \/wp:image -->\n<\/div>\n<p> <br \/>\n<\/p>\n<div data-td-block-uid=\"tdi_101\">\n<div class=\"tdb-block-inner td-fix-index\">\n<p>O <strong>interior de S\u00e3o Paulo<\/strong> segue com alerta de temporais nesta quinta-feira (28), segundo a <strong><a href=\"https:\/\/www.climatempo.com.br\/noticia\/2024\/03\/27\/temporais-na-divisa-de-sao-paulo-com-minas-gerais-4560\" target=\"_blank\" rel=\"noreferrer noopener nofollow\">Climatempo<\/a><\/strong>. Os meteorologistas apontam para possibilidade de chuvas de at\u00e9 30 mil\u00edmetros e ventos intensos de at\u00e9 60 km\/h.<\/p>\n<p>\u201cA circula\u00e7\u00e3o de ventos nos n\u00edveis m\u00e9dios e baixos da atmosfera, traz um fluxo maior de umidade do interior do pa\u00eds para o <strong>extremo norte de S\u00e3o Paulo<\/strong> e o <strong>centro-sul <\/strong>e <strong>Tri\u00e2ngulo de Minas<\/strong>. Temos muita infiltra\u00e7\u00e3o mar\u00edtima, tamb\u00e9m colaborando para a forma\u00e7\u00e3o dessas nuvens de chuva\u201d, destaca a Climatempo.<\/p>\n<p>Os meteorologistas ainda informam que o dia vai continuar nublado e com temperaturas mais baixas. Os locais afetados v\u00e3o desde o<strong> litoral norte de S\u00e3o Paulo<\/strong> at\u00e9 \u00e1reas da <strong>Serra da Mantiqueira<\/strong>, <strong>Vale do Para\u00edba <\/strong>e <strong>sul de Minas Gerais<\/strong>.<\/p>\n<p>De acordo com o <strong><a href=\"https:\/\/alertas2.inmet.gov.br\/46885\" target=\"_blank\" rel=\"noreferrer noopener nofollow\">Inmet (Instituto Nacional de Meteorologia)<\/a><\/strong>, no <strong>interior de S\u00e3o Paulo<\/strong>, ainda est\u00e3o inclu\u00eddas as regi\u00f5es de<strong> Ribeir\u00e3o Preto<\/strong>, <strong>S\u00e3o Jos\u00e9 do Rio Preto<\/strong>.<\/p>\n<h4 class=\"wp-block-heading\"><strong>Sol no final desta semana<\/strong><\/h4>\n<p>A Climatempo informa que a condi\u00e7\u00e3o de chuva come\u00e7a ficar mais irregular e mal distribu\u00edda entre a sexta-feira (29) e o s\u00e1bado (30). \u201cA tend\u00eancia \u00e9 de mais sol para estas regi\u00f5es e temperaturas ficando mais elevadas durante as tardes\u201d, informa.<\/p>\n<p>Contudo, segue com condi\u00e7\u00f5es para pancadas de chuva entre a tarde e a noite, mas, sem risco de temporal. \u201cO domingo de P\u00e1scoa ser\u00e1 marcado por tempo firme em todo o litoral norte paulista e nas cidades do sul do estado de Minas Gerais\u201d, completa.<\/p>\n<p>SAIBA MAIS<br \/>Minist\u00e9rio da Sa\u00fade inclui regi\u00e3o de Ribeir\u00e3o Preto na lista da vacina contra dengue<\/p>\n<h4 class=\"wp-block-heading\"><strong>FIQUE ON<\/strong><\/h4>\n<p>Fique ligado em tudo que acontece em Ribeir\u00e3o Preto e regi\u00e3o. Siga os perfis do<strong> acidade on <\/strong>no <a href=\"https:\/\/www.instagram.com\/acidadeonribeirao\" target=\"_blank\" rel=\"noreferrer noopener nofollow\">Instagram<\/a> e no <a href=\"https:\/\/www.facebook.com\/acidadeonribeirao\" target=\"_blank\" rel=\"noreferrer noopener nofollow\">Facebook<\/a>.<\/p>\n<p>Receba not\u00edcias do <strong>acidade on<\/strong> no WhatsApp. <a href=\"https:\/\/chat.whatsapp.com\/GFH9HUMUTHNFJdnyEd0xxq\" target=\"_blank\" rel=\"noreferrer noopener nofollow\">Para entrar no grupo, basta clicar aqui.<\/a><\/p>\n<p>Fa\u00e7a uma den\u00fancia ou sugira uma reportagem sobre Ribeir\u00e3o Preto e regi\u00e3o pelo WhatsApp: 16 99117 7802.<\/p>\n<p>VEJA TAMB\u00c9M<br \/>Quem \u00e9 a jornalista que est\u00e1 gr\u00e1vida de Rodrigo Santoro?<\/p>\n<p><!-- AI CONTENT END 1 -->\n<\/div>\n<\/div>\n<p><script async src=\"\/\/www.instagram.com\/embed.js\"><\/script><br \/>\n<br \/><br \/>\n<br \/><a href=\"https:\/\/www.acidadeon.com\/ribeiraopreto\/cotidiano\/veja-ate-quando-vai-o-alerta-de-chuvas-intensas-no-interior-de-sp-saiba-os-locais\/\">Source link <\/a><\/p>\n<!-- CONTENT END 1 -->\n","protected":false},"excerpt":{"rendered":"<p>O interior de S\u00e3o Paulo segue com alerta de temporais nesta quinta-feira (28), segundo a Climatempo. Os meteorologistas apontam para possibilidade de chuvas de at\u00e9&#8230;<\/p>\n","protected":false},"author":1,"featured_media":44451,"comment_status":"open","ping_status":"open","sticky":false,"template":"","format":"standard","meta":{"advanced_seo_description":"","jetpack_seo_html_title":"","jetpack_seo_noindex":false,"jetpack_seo_schema_type":"","_jetpack_newsletter_access":"","_jetpack_dont_email_post_to_subs":false,"_jetpack_newsletter_tier_id":0,"_jetpack_memberships_contains_paywalled_content":false,"_jetpack_feature_clip_id":0,"_jetpack_memberships_contains_paid_content":false,"footnotes":"","jetpack_publicize_message":"","jetpack_publicize_feature_enabled":true,"jetpack_social_post_already_shared":true,"jetpack_social_options":{"image_generator_settings":{"template":"highway","default_image_id":0,"font":"","enabled":false},"version":2},"jetpack_post_was_ever_published":false},"categories":[11],"tags":[],"class_list":["post-44450","post","type-post","status-publish","format-standard","has-post-thumbnail","hentry","category-noticias-de-ribeirao-preto-sp-e-regiao-ismael-colosi"],"jetpack_publicize_connections":[],"jetpack-related-posts":[{"id":29511,"url":"https:\/\/noticiasribeiraopreto.com.br\/index.php\/2024\/01\/18\/interior-de-sp-tem-alerta-de-chuvas-intensas-veja-os-locais-afetados\/","url_meta":{"origin":44450,"position":0},"title":"Interior de SP tem alerta de chuvas intensas; Veja os locais afetados","author":"noticiasribeiraopreto.com.br","date":"18 de January de 2024","format":false,"excerpt":"O Inmet (Instituto Nacional de Meteorologia) publicou nesta quinta-feira (18) um alerta de chuvas intensas para o interior de S\u00e3o Paulo. O aviso \u00e9 v\u00e1lido at\u00e9 as 10h desta sexta-feira (19). De acordo com o \u00f3rg\u00e3o, pode chover o acumulado de at\u00e9 50 mil\u00edmetros no per\u00edodo de um dia e\u2026","rel":"","context":"In &quot;Not\u00edcias de Ribeir\u00e3o Preto-SP e Regi\u00e3o&quot;","block_context":{"text":"Not\u00edcias de Ribeir\u00e3o Preto-SP e Regi\u00e3o","link":"https:\/\/noticiasribeiraopreto.com.br\/index.php\/category\/noticias-de-ribeirao-preto-sp-e-regiao-ismael-colosi\/"},"img":{"alt_text":"","src":"https:\/\/i0.wp.com\/noticiasribeiraopreto.com.br\/wp-content\/uploads\/2024\/01\/chuva-no-interior.jpeg?fit=1200%2C903&ssl=1&resize=350%2C200","width":350,"height":200,"srcset":"https:\/\/i0.wp.com\/noticiasribeiraopreto.com.br\/wp-content\/uploads\/2024\/01\/chuva-no-interior.jpeg?fit=1200%2C903&ssl=1&resize=350%2C200 1x, https:\/\/i0.wp.com\/noticiasribeiraopreto.com.br\/wp-content\/uploads\/2024\/01\/chuva-no-interior.jpeg?fit=1200%2C903&ssl=1&resize=525%2C300 1.5x, https:\/\/i0.wp.com\/noticiasribeiraopreto.com.br\/wp-content\/uploads\/2024\/01\/chuva-no-interior.jpeg?fit=1200%2C903&ssl=1&resize=700%2C400 2x, https:\/\/i0.wp.com\/noticiasribeiraopreto.com.br\/wp-content\/uploads\/2024\/01\/chuva-no-interior.jpeg?fit=1200%2C903&ssl=1&resize=1050%2C600 3x"},"classes":[]},{"id":5503,"url":"https:\/\/noticiasribeiraopreto.com.br\/index.php\/2023\/11\/23\/interior-de-sp-segue-com-alerta-de-chuva-com-ventos-intensos-e-granizo-veja-os-locais\/","url_meta":{"origin":44450,"position":1},"title":"Interior de SP segue com alerta de chuva com ventos intensos e granizo; Veja os locais","author":"noticiasribeiraopreto.com.br","date":"23 de November de 2023","format":false,"excerpt":"O Inmet (Instituto Nacional de Meteorologia) publicou um alerta de \u201cperigo\u201d para tempestade com ventos intensos e possibilidade de granizo no interior de S\u00e3o Paulo. A Defesa Civil estadual tamb\u00e9m publicou um aviso para chuva intensa para S\u00e3o Paulo nos pr\u00f3ximos dias. O aviso do Inmet \u00e9 v\u00e1lido at\u00e9 as\u2026","rel":"","context":"In &quot;Not\u00edcias de Ribeir\u00e3o Preto-SP e Regi\u00e3o&quot;","block_context":{"text":"Not\u00edcias de Ribeir\u00e3o Preto-SP e Regi\u00e3o","link":"https:\/\/noticiasribeiraopreto.com.br\/index.php\/category\/noticias-de-ribeirao-preto-sp-e-regiao-ismael-colosi\/"},"img":{"alt_text":"","src":"https:\/\/i0.wp.com\/noticiasribeiraopreto.com.br\/wp-content\/uploads\/2023\/11\/chuva_temporal_1024x576_07012021130023.jpg?fit=1024%2C575&ssl=1&resize=350%2C200","width":350,"height":200,"srcset":"https:\/\/i0.wp.com\/noticiasribeiraopreto.com.br\/wp-content\/uploads\/2023\/11\/chuva_temporal_1024x576_07012021130023.jpg?fit=1024%2C575&ssl=1&resize=350%2C200 1x, https:\/\/i0.wp.com\/noticiasribeiraopreto.com.br\/wp-content\/uploads\/2023\/11\/chuva_temporal_1024x576_07012021130023.jpg?fit=1024%2C575&ssl=1&resize=525%2C300 1.5x, https:\/\/i0.wp.com\/noticiasribeiraopreto.com.br\/wp-content\/uploads\/2023\/11\/chuva_temporal_1024x576_07012021130023.jpg?fit=1024%2C575&ssl=1&resize=700%2C400 2x"},"classes":[]},{"id":61782,"url":"https:\/\/noticiasribeiraopreto.com.br\/index.php\/2024\/12\/21\/verao-comeca-com-alerta-de-perigo-para-chuva-no-interior-de-sp-veja-regioes\/","url_meta":{"origin":44450,"position":2},"title":"Ver\u00e3o come\u00e7a com alerta de perigo para chuva no interior de SP; Veja regi\u00f5es","author":"noticiasribeiraopreto.com.br","date":"21 de December de 2024","format":false,"excerpt":"O ver\u00e3o come\u00e7ou oficialmente neste s\u00e1bado (21), contudo, os meteorologistas alertam para a forma\u00e7\u00e3o de uma ZCAS (Zona de Converg\u00eancia do Atl\u00e2ntico Sul) que deve provocar muita chuva no Sudeste nos pr\u00f3ximos dias. De acordo com a Climatempo, os acumulados de chuva podem ultrapassar 150 mil\u00edmetros em algumas regi\u00f5es. Por\u2026","rel":"","context":"In &quot;Not\u00edcias de Ribeir\u00e3o Preto-SP e Regi\u00e3o&quot;","block_context":{"text":"Not\u00edcias de Ribeir\u00e3o Preto-SP e Regi\u00e3o","link":"https:\/\/noticiasribeiraopreto.com.br\/index.php\/category\/noticias-de-ribeirao-preto-sp-e-regiao-ismael-colosi\/"},"img":{"alt_text":"","src":"https:\/\/i0.wp.com\/noticiasribeiraopreto.com.br\/wp-content\/uploads\/2024\/12\/WhatsApp-Image-2024-12-03-at-09.16.43_2024-12-03_12-22-10_jpeg_2024-12-03_12-22-10.webp.webp?fit=1200%2C540&ssl=1&resize=350%2C200","width":350,"height":200,"srcset":"https:\/\/i0.wp.com\/noticiasribeiraopreto.com.br\/wp-content\/uploads\/2024\/12\/WhatsApp-Image-2024-12-03-at-09.16.43_2024-12-03_12-22-10_jpeg_2024-12-03_12-22-10.webp.webp?fit=1200%2C540&ssl=1&resize=350%2C200 1x, https:\/\/i0.wp.com\/noticiasribeiraopreto.com.br\/wp-content\/uploads\/2024\/12\/WhatsApp-Image-2024-12-03-at-09.16.43_2024-12-03_12-22-10_jpeg_2024-12-03_12-22-10.webp.webp?fit=1200%2C540&ssl=1&resize=525%2C300 1.5x, https:\/\/i0.wp.com\/noticiasribeiraopreto.com.br\/wp-content\/uploads\/2024\/12\/WhatsApp-Image-2024-12-03-at-09.16.43_2024-12-03_12-22-10_jpeg_2024-12-03_12-22-10.webp.webp?fit=1200%2C540&ssl=1&resize=700%2C400 2x, https:\/\/i0.wp.com\/noticiasribeiraopreto.com.br\/wp-content\/uploads\/2024\/12\/WhatsApp-Image-2024-12-03-at-09.16.43_2024-12-03_12-22-10_jpeg_2024-12-03_12-22-10.webp.webp?fit=1200%2C540&ssl=1&resize=1050%2C600 3x"},"classes":[]},{"id":58634,"url":"https:\/\/noticiasribeiraopreto.com.br\/index.php\/2024\/10\/02\/primeira-frente-fria-de-outubro-se-aproxima-do-interior-de-sp-com-chuva-e-ventos-intensos\/","url_meta":{"origin":44450,"position":3},"title":"Primeira frente fria de outubro se aproxima do interior de SP com chuva e ventos intensos","author":"noticiasribeiraopreto.com.br","date":"2 de October de 2024","format":false,"excerpt":"A frente fria que se desloca pelo Brasil nesta quarta-feira (2) marca a entrada do primeiro sistema frontal significativo de outubro, trazendo instabilidades e mudan\u00e7as clim\u00e1ticas para amplas \u00e1reas do Pa\u00eds, principal para os estados da regi\u00e3o Sul, Mato Grosso do Sul e S\u00e3o Paulo, que podem registrar chuva e\u2026","rel":"","context":"In &quot;Not\u00edcias de Ribeir\u00e3o Preto-SP e Regi\u00e3o&quot;","block_context":{"text":"Not\u00edcias de Ribeir\u00e3o Preto-SP e Regi\u00e3o","link":"https:\/\/noticiasribeiraopreto.com.br\/index.php\/category\/noticias-de-ribeirao-preto-sp-e-regiao-ismael-colosi\/"},"img":{"alt_text":"","src":"https:\/\/i0.wp.com\/noticiasribeiraopreto.com.br\/wp-content\/uploads\/2024\/05\/AnyConv.com__frente-fria.webp.webp?fit=1200%2C628&ssl=1&resize=350%2C200","width":350,"height":200,"srcset":"https:\/\/i0.wp.com\/noticiasribeiraopreto.com.br\/wp-content\/uploads\/2024\/05\/AnyConv.com__frente-fria.webp.webp?fit=1200%2C628&ssl=1&resize=350%2C200 1x, https:\/\/i0.wp.com\/noticiasribeiraopreto.com.br\/wp-content\/uploads\/2024\/05\/AnyConv.com__frente-fria.webp.webp?fit=1200%2C628&ssl=1&resize=525%2C300 1.5x, https:\/\/i0.wp.com\/noticiasribeiraopreto.com.br\/wp-content\/uploads\/2024\/05\/AnyConv.com__frente-fria.webp.webp?fit=1200%2C628&ssl=1&resize=700%2C400 2x, https:\/\/i0.wp.com\/noticiasribeiraopreto.com.br\/wp-content\/uploads\/2024\/05\/AnyConv.com__frente-fria.webp.webp?fit=1200%2C628&ssl=1&resize=1050%2C600 3x"},"classes":[]},{"id":91102,"url":"https:\/\/noticiasribeiraopreto.com.br\/index.php\/2026\/09\/04\/inmet-publica-dois-alertas-para-o-interior-de-sp-veja-os-locais\/","url_meta":{"origin":44450,"position":4},"title":"Inmet publica dois alertas para o interior de SP; veja os locais","author":"noticiasribeiraopreto.com.br","date":"4 de September de 2026","format":false,"excerpt":"O Inmet (Instituto Nacional de Meteorologia) publicou dois alertas amarelos de perigo potencial para o interior de S\u00e3o Paulo. Os avisos s\u00e3o v\u00e1lidos at\u00e9 o final desta sexta-feira (4). Receba not\u00edcias do\u00a0acidade on Ribeir\u00e3o\u00a0no WhatsApp e fique por dentro de tudo! Basta acessar o link\u00a0aqui! Confira os alertas do Inmet\u2026","rel":"","context":"In &quot;Not\u00edcias de Ribeir\u00e3o Preto-SP e Regi\u00e3o&quot;","block_context":{"text":"Not\u00edcias de Ribeir\u00e3o Preto-SP e Regi\u00e3o","link":"https:\/\/noticiasribeiraopreto.com.br\/index.php\/category\/noticias-de-ribeirao-preto-sp-e-regiao-ismael-colosi\/"},"img":{"alt_text":"","src":"https:\/\/i0.wp.com\/noticiasribeiraopreto.com.br\/wp-content\/uploads\/2026\/09\/alerta-inmet-tempestade-1024x576.jpeg?fit=1024%2C576&ssl=1&resize=350%2C200","width":350,"height":200,"srcset":"https:\/\/i0.wp.com\/noticiasribeiraopreto.com.br\/wp-content\/uploads\/2026\/09\/alerta-inmet-tempestade-1024x576.jpeg?fit=1024%2C576&ssl=1&resize=350%2C200 1x, https:\/\/i0.wp.com\/noticiasribeiraopreto.com.br\/wp-content\/uploads\/2026\/09\/alerta-inmet-tempestade-1024x576.jpeg?fit=1024%2C576&ssl=1&resize=525%2C300 1.5x, https:\/\/i0.wp.com\/noticiasribeiraopreto.com.br\/wp-content\/uploads\/2026\/09\/alerta-inmet-tempestade-1024x576.jpeg?fit=1024%2C576&ssl=1&resize=700%2C400 2x"},"classes":[]},{"id":24364,"url":"https:\/\/noticiasribeiraopreto.com.br\/index.php\/2024\/01\/04\/chuva-continua-veja-a-previsao-do-tempo-para-o-interior-de-sp\/","url_meta":{"origin":44450,"position":5},"title":"Chuva continua? Veja a previs\u00e3o do tempo para o interior de SP","author":"noticiasribeiraopreto.com.br","date":"4 de January de 2024","format":false,"excerpt":"As temperaturas em Ribeir\u00e3o Preto, no interior de S\u00e3o Paulo, devem continuar acima dos 30\u00b0C nesta quinta-feira (4), segundos os meteorologistas. A Climatempo ainda informa que existe a possibilidade de chuva nos per\u00edodos da tarde e da noite. As temperaturas devem variar entre 21\u00b0C e 32\u00b0C e est\u00e3o previstos o\u2026","rel":"","context":"In &quot;Not\u00edcias de Ribeir\u00e3o Preto-SP e Regi\u00e3o&quot;","block_context":{"text":"Not\u00edcias de Ribeir\u00e3o Preto-SP e Regi\u00e3o","link":"https:\/\/noticiasribeiraopreto.com.br\/index.php\/category\/noticias-de-ribeirao-preto-sp-e-regiao-ismael-colosi\/"},"img":{"alt_text":"","src":"https:\/\/i0.wp.com\/noticiasribeiraopreto.com.br\/wp-content\/uploads\/2024\/01\/WhatsApp-Image-2023-12-23-at-18.39.14.jpeg?fit=1200%2C844&ssl=1&resize=350%2C200","width":350,"height":200,"srcset":"https:\/\/i0.wp.com\/noticiasribeiraopreto.com.br\/wp-content\/uploads\/2024\/01\/WhatsApp-Image-2023-12-23-at-18.39.14.jpeg?fit=1200%2C844&ssl=1&resize=350%2C200 1x, https:\/\/i0.wp.com\/noticiasribeiraopreto.com.br\/wp-content\/uploads\/2024\/01\/WhatsApp-Image-2023-12-23-at-18.39.14.jpeg?fit=1200%2C844&ssl=1&resize=525%2C300 1.5x, https:\/\/i0.wp.com\/noticiasribeiraopreto.com.br\/wp-content\/uploads\/2024\/01\/WhatsApp-Image-2023-12-23-at-18.39.14.jpeg?fit=1200%2C844&ssl=1&resize=700%2C400 2x, https:\/\/i0.wp.com\/noticiasribeiraopreto.com.br\/wp-content\/uploads\/2024\/01\/WhatsApp-Image-2023-12-23-at-18.39.14.jpeg?fit=1200%2C844&ssl=1&resize=1050%2C600 3x"},"classes":[]}],"jetpack_sharing_enabled":true,"jetpack_shortlink":"https:\/\/wp.me\/peQAOb-byW","jetpack_featured_media_url":"https:\/\/i0.wp.com\/noticiasribeiraopreto.com.br\/wp-content\/uploads\/2024\/03\/WhatsApp-Image-2024-03-24-at-09.46.01.jpeg?fit=1600%2C1209&ssl=1","_links":{"self":[{"href":"https:\/\/noticiasribeiraopreto.com.br\/index.php\/wp-json\/wp\/v2\/posts\/44450","targetHints":{"allow":["GET"]}}],"collection":[{"href":"https:\/\/noticiasribeiraopreto.com.br\/index.php\/wp-json\/wp\/v2\/posts"}],"about":[{"href":"https:\/\/noticiasribeiraopreto.com.br\/index.php\/wp-json\/wp\/v2\/types\/post"}],"author":[{"embeddable":true,"href":"https:\/\/noticiasribeiraopreto.com.br\/index.php\/wp-json\/wp\/v2\/users\/1"}],"replies":[{"embeddable":true,"href":"https:\/\/noticiasribeiraopreto.com.br\/index.php\/wp-json\/wp\/v2\/comments?post=44450"}],"version-history":[{"count":0,"href":"https:\/\/noticiasribeiraopreto.com.br\/index.php\/wp-json\/wp\/v2\/posts\/44450\/revisions"}],"wp:featuredmedia":[{"embeddable":true,"href":"https:\/\/noticiasribeiraopreto.com.br\/index.php\/wp-json\/wp\/v2\/media\/44451"}],"wp:attachment":[{"href":"https:\/\/noticiasribeiraopreto.com.br\/index.php\/wp-json\/wp\/v2\/media?parent=44450"}],"wp:term":[{"taxonomy":"category","embeddable":true,"href":"https:\/\/noticiasribeiraopreto.com.br\/index.php\/wp-json\/wp\/v2\/categories?post=44450"},{"taxonomy":"post_tag","embeddable":true,"href":"https:\/\/noticiasribeiraopreto.com.br\/index.php\/wp-json\/wp\/v2\/tags?post=44450"}],"curies":[{"name":"wp","href":"https:\/\/api.w.org\/{rel}","templated":true}]}}