{"id":44606,"date":"2024-03-28T18:33:37","date_gmt":"2024-03-28T21:33:37","guid":{"rendered":"https:\/\/noticiasribeiraopreto.com.br\/index.php\/2024\/03\/28\/comercio-espera-alta-de-ate-6-nas-vendas-na-pascoa\/"},"modified":"2024-03-28T18:33:37","modified_gmt":"2024-03-28T21:33:37","slug":"comercio-espera-alta-de-ate-6-nas-vendas-na-pascoa","status":"publish","type":"post","link":"https:\/\/noticiasribeiraopreto.com.br\/index.php\/2024\/03\/28\/comercio-espera-alta-de-ate-6-nas-vendas-na-pascoa\/","title":{"rendered":"Com\u00e9rcio espera alta\u00a0de at\u00e9 6% nas vendas na P\u00e1scoa"},"content":{"rendered":"<div class='code-block code-block-1' style='margin: 8px 0 8px auto; text-align: right; display: block; clear: both;'>\n<p><a href=\"https:\/\/wa.link\/vpicfd\"><img data-recalc-dims=\"1\" class=\"wp-image-4922\" style=\"aspect-ratio: 2.0253164556962027; width: 561px; height: auto;\" src=\"https:\/\/i0.wp.com\/ismaelcolosi.com.br\/wp-content\/uploads\/2023\/11\/grupo-de-empregos-whatsapp-e-facebook-ismael-colosi-vagas.jpg?ssl=1\" alt=\"\" \/><\/a><\/p>\n<!-- \/wp:image -->\n<\/div>\n<p> <br \/>\n<\/p>\n<div id=\"\">\n<p>\n<span class=\"entry-meta-item penci-posted-on\"><i class=\"fa fa-clock-o\"\/><time class=\"entry-date published\" datetime=\"2024-03-28T18:00:56-03:00\">28 de mar\u00e7o de 2024 | 18:00<\/time><time class=\"updated\" datetime=\"2024-03-28T12:42:24-03:00\">28 de mar\u00e7o de 2024 | 12:42<\/time><\/span> <\/p>\n<p><span class=\"penci-social-buttons penci-social-share-footer\"><a href=\"#\" class=\"penci-post-like penci_post-meta_item  single-like-button penci-social-item like\" data-post_id=\"378943\" title=\"Like\" data-like=\"Like\" data-unlike=\"Unlike\"><i class=\"fa fa-thumbs-o-up\"\/><span class=\"penci-share-number\">0<\/span><\/a><i class=\"fa fa-facebook\"\/><a class=\"penci-social-item twitter\" target=\"_blank\" rel=\"noopener\" title=\"\" href=\"https:\/\/twitter.com\/intent\/tweet?text=Com\u00e9rcio%20espera%20alta\u00a0de%20at\u00e9%206%20nas%20vendas%20na%20P\u00e1scoa%20-%20https:\/\/www.tribunaribeirao.com.br\/site\/comercio-espera-alta-de-ate-6-nas-vendas-na-pascoa\/\"><i class=\"fa fa-twitter\"\/><\/a><i class=\"fa fa-whatsapp\"\/><\/span> <\/div>\n<div>\n<p><span class=\"TextRun SCXW81554503 BCX0\" lang=\"PT-BR\" xml:lang=\"PT-BR\" data-contrast=\"none\"><span class=\"NormalTextRun SCXW81554503 BCX0\">O<\/span> <span class=\"NormalTextRun SCXW81554503 BCX0\">c<\/span><span class=\"NormalTextRun SCXW81554503 BCX0\">om\u00e9rcio <\/span><span class=\"NormalTextRun SCXW81554503 BCX0\">v<\/span><span class=\"NormalTextRun SCXW81554503 BCX0\">arejista de Ribeir\u00e3o Preto projeta crescimento m\u00e9dio de 4% a 6% nas vendas da P\u00e1scoa des<\/span><span class=\"NormalTextRun SCXW81554503 BCX0\">t<\/span><span class=\"NormalTextRun SCXW81554503 BCX0\">e ano em rela\u00e7\u00e3o ao mesmo per\u00edodo de 2023. <\/span><span class=\"NormalTextRun SCXW81554503 BCX0\">Com base em n\u00fameros da Confedera\u00e7\u00e3o Nacional de Dirigentes Lojistas (CNDL<\/span><span class=\"NormalTextRun SCXW81554503 BCX0\">)<\/span><span class=\"NormalTextRun SCXW81554503 BCX0\">\/SPC Brasil\/<\/span><span class=\"NormalTextRun SpellingErrorV2Themed SCXW81554503 BCX0\">Offerwise<\/span><span class=\"NormalTextRun SCXW81554503 BCX0\"> Pesquisas, o Centro de Pesquisas do Varejo (CPV) apurou que<\/span> <span class=\"NormalTextRun SCXW81554503 BCX0\">68% dos consumidores ribeir\u00e3o-pretanos pretendem ir \u00e0s <\/span><span class=\"NormalTextRun SCXW81554503 BCX0\">compras<\/span><span class=\"NormalTextRun SCXW81554503 BCX0\">`<\/span><span class=\"NormalTextRun SCXW81554503 BCX0\">.<\/span><\/span><span class=\"LineBreakBlob BlobObject DragDrop SCXW81554503 BCX0\"><span class=\"SCXW81554503 BCX0\">\u00a0<\/span><br class=\"SCXW81554503 BCX0\"\/><\/span><span class=\"LineBreakBlob BlobObject DragDrop SCXW81554503 BCX0\"><span class=\"SCXW81554503 BCX0\">\u00a0<\/span><br class=\"SCXW81554503 BCX0\"\/><\/span><span class=\"TextRun SCXW81554503 BCX0\" lang=\"PT-BR\" xml:lang=\"PT-BR\" data-contrast=\"none\"><span class=\"NormalTextRun SCXW81554503 BCX0\">O <\/span><span class=\"NormalTextRun SCXW81554503 BCX0\">\u00edndice <\/span><span class=\"NormalTextRun SCXW81554503 BCX0\">est\u00e1 <\/span><span class=\"NormalTextRun SCXW81554503 BCX0\">pouco acima da m\u00e9dia nacional<\/span><span class=\"NormalTextRun SCXW81554503 BCX0\">,<\/span><span class=\"NormalTextRun SCXW81554503 BCX0\"> estimada em 65%. Os filhos (60%) ser\u00e3o os principais presenteados, em seguida, os c\u00f4njuges (41%), m\u00e3e (38%), sobrinhos (30%) e para pr\u00f3prio comprador (27%). O t<\/span><span class=\"NormalTextRun SCXW81554503 BCX0\">\u00edquete <\/span><span class=\"NormalTextRun SCXW81554503 BCX0\">m\u00e9dio ficar\u00e1 em torno de R$ 237 com as compras de P\u00e1scoa (sendo maior entre as classes A\/B, R$ 295), com inten\u00e7\u00e3o de adquirir em m\u00e9dia cinco produtos.<\/span><\/span><span class=\"LineBreakBlob BlobObject DragDrop SCXW81554503 BCX0\"><span class=\"SCXW81554503 BCX0\">\u00a0<\/span><br class=\"SCXW81554503 BCX0\"\/><\/span><span class=\"LineBreakBlob BlobObject DragDrop SCXW81554503 BCX0\"><span class=\"SCXW81554503 BCX0\">\u00a0<\/span><br class=\"SCXW81554503 BCX0\"\/><\/span><span class=\"TextRun SCXW81554503 BCX0\" lang=\"PT-BR\" xml:lang=\"PT-BR\" data-contrast=\"none\"><span class=\"NormalTextRun SCXW81554503 BCX0\">Os campe\u00f5es de vendas ser\u00e3o os ovos de chocolate industrializados (53%), seguidos por bombons industrializados (48%), ovos de P\u00e1scoa <\/span><span class=\"NormalTextRun SCXW81554503 BCX0\">caseiros\/artesanais<\/span><span class=\"NormalTextRun SCXW81554503 BCX0\"> (41%), barras de chocolate industrializados (32%) e bombons e barras de chocolate caseiros\/artesanais (31%).<\/span><span class=\"NormalTextRun SCXW81554503 BCX0\"> Os dados foram divulgados pelo <\/span><span class=\"NormalTextRun SCXW81554503 BCX0\">CPV, mantido por Sindicato do Com\u00e9rcio Varejista de Ribeir\u00e3o Preto e Regi\u00e3o<\/span><span class=\"NormalTextRun SCXW81554503 BCX0\"> (<\/span><span class=\"NormalTextRun SpellingErrorV2Themed SCXW81554503 BCX0\">Sincovarp<\/span><span class=\"NormalTextRun SCXW81554503 BCX0\">) e C\u00e2mara de Dirigentes Lojistas<\/span><span class=\"NormalTextRun SCXW81554503 BCX0\"> (CDL RP<\/span><span class=\"NormalTextRun SCXW81554503 BCX0\">).<\/span><\/span><span class=\"LineBreakBlob BlobObject DragDrop SCXW81554503 BCX0\"><span class=\"SCXW81554503 BCX0\">\u00a0<\/span><br class=\"SCXW81554503 BCX0\"\/><\/span><span class=\"LineBreakBlob BlobObject DragDrop SCXW81554503 BCX0\"><span class=\"SCXW81554503 BCX0\">\u00a0<\/span><br class=\"SCXW81554503 BCX0\"\/><\/span><span class=\"TextRun SCXW81554503 BCX0\" lang=\"PT-BR\" xml:lang=\"PT-BR\" data-contrast=\"none\"><span class=\"NormalTextRun SCXW81554503 BCX0\">\u201c<\/span><span class=\"NormalTextRun SCXW81554503 BCX0\">Nesse primeiro trimestre, que termina exatamente no domingo (31), a aparente estabilidade da infla\u00e7\u00e3o e a redu\u00e7\u00e3o da taxa de juros estimularam as compras de ovos de chocolate, principalmente para as crian\u00e7as<\/span><span class=\"NormalTextRun SCXW81554503 BCX0\">\u201d, <\/span><span class=\"NormalTextRun SCXW81554503 BCX0\">analisa Diego <\/span><span class=\"NormalTextRun SCXW81554503 BCX0\">Galli<\/span><span class=\"NormalTextRun SCXW81554503 BCX0\"> Alberto, pesquisador e coordenador do CPV.<\/span><\/span><span class=\"LineBreakBlob BlobObject DragDrop SCXW81554503 BCX0\"><span class=\"SCXW81554503 BCX0\">\u00a0<\/span><br class=\"SCXW81554503 BCX0\"\/><\/span><span class=\"LineBreakBlob BlobObject DragDrop SCXW81554503 BCX0\"><span class=\"SCXW81554503 BCX0\">\u00a0<\/span><br class=\"SCXW81554503 BCX0\"\/><\/span><span class=\"TextRun SCXW81554503 BCX0\" lang=\"PT-BR\" xml:lang=\"PT-BR\" data-contrast=\"none\"><span class=\"NormalTextRun SCXW81554503 BCX0\">\u201c<\/span><span class=\"NormalTextRun SCXW81554503 BCX0\">Avaliamos que as vendas de mar\u00e7o ter\u00e3o dois impactos positivos principais: as promo\u00e7\u00f5es alusivas ao Dia do Consumidor (15) e a pr\u00f3pria P\u00e1scoa. O impacto negativo deve ser por conta das obras de mobilidade que continuam dificultando o acesso de consumidores em algumas regi\u00f5es da cidade<\/span><span class=\"NormalTextRun SCXW81554503 BCX0\">\u201d, emenda<\/span><span class=\"NormalTextRun SCXW81554503 BCX0\">.<\/span><\/span><span class=\"LineBreakBlob BlobObject DragDrop SCXW81554503 BCX0\"><span class=\"SCXW81554503 BCX0\">\u00a0<\/span><br class=\"SCXW81554503 BCX0\"\/><\/span><span class=\"LineBreakBlob BlobObject DragDrop SCXW81554503 BCX0\"><span class=\"SCXW81554503 BCX0\">\u00a0<\/span><br class=\"SCXW81554503 BCX0\"\/><\/span><span class=\"TextRun SCXW81554503 BCX0\" lang=\"PT-BR\" xml:lang=\"PT-BR\" data-contrast=\"none\"><span class=\"NormalTextRun SCXW81554503 BCX0\">Em n\u00edvel Brasil, a Confedera\u00e7\u00e3o Nacional do Com\u00e9rcio de Bens, Servi\u00e7os e Turismo<\/span><span class=\"NormalTextRun SCXW81554503 BCX0\"> (CNC<\/span><span class=\"NormalTextRun SCXW81554503 BCX0\">) estima crescimento m\u00e9dio de 4,5% nas vendas de P\u00e1scoa de 2024, com proje\u00e7\u00e3o de movimenta\u00e7\u00e3o de R$ 3,44 bilh\u00f5es. Os maiores volumes <\/span><span class=\"NormalTextRun SCXW81554503 BCX0\">de vendas tendem a se concentrar em S\u00e3o Paulo (R$ 948,08 milh\u00f5es), Minas Gerais (R$ 352,57 milh\u00f5es), Rio de Janeiro (R$ 243,19 milh\u00f5es) e Rio Grande do Sul (R$ 194,18 milh\u00f5es). Juntas, esses estados responder\u00e3o por 51% do volume financeiro a ser gerado pela P\u00e1scoa desse ano.<\/span><\/span><span class=\"LineBreakBlob BlobObject DragDrop SCXW81554503 BCX0\"><span class=\"SCXW81554503 BCX0\">\u00a0<\/span><br class=\"SCXW81554503 BCX0\"\/><\/span><span class=\"LineBreakBlob BlobObject DragDrop SCXW81554503 BCX0\"><span class=\"SCXW81554503 BCX0\">\u00a0<\/span><br class=\"SCXW81554503 BCX0\"\/><\/span><span class=\"TextRun SCXW81554503 BCX0\" lang=\"PT-BR\" xml:lang=\"PT-BR\" data-contrast=\"none\"><span class=\"NormalTextRun SCXW81554503 BCX0\">As lojas f\u00edsicas se destacam na prefer\u00eancia dos consumidores tanto na hora de fazer pesquisa de pre\u00e7o, quanto no momento da compra. Oito em cada dez consumidores pretendem pesquisar pre\u00e7os presencialmente (83%), com destaque para os supermercados (62%). Enquanto 67% far\u00e3o pesquisa em lojas online, principalmente em sites ou aplicativos na internet (46%) e em aplicativos de ofertas (33%).<\/span><\/span><span class=\"LineBreakBlob BlobObject DragDrop SCXW81554503 BCX0\"><span class=\"SCXW81554503 BCX0\">\u00a0<\/span><br class=\"SCXW81554503 BCX0\"\/><\/span><span class=\"LineBreakBlob BlobObject DragDrop SCXW81554503 BCX0\"><span class=\"SCXW81554503 BCX0\">\u00a0<\/span><br class=\"SCXW81554503 BCX0\"\/><\/span><span class=\"TextRun SCXW81554503 BCX0\" lang=\"PT-BR\" xml:lang=\"PT-BR\" data-contrast=\"none\"><span class=\"NormalTextRun SCXW81554503 BCX0\">Na hora de comprar essa diferen\u00e7a \u00e9 ainda maior uma vez que 94% t\u00eam inten\u00e7\u00e3o de realizar as compras em lojas f\u00edsicas, com destaque para os supermercados (54%), lojas especializadas em chocolates (48%) e lojas de grandes varejistas (41%). J\u00e1 14% pretendem fazer as compras pela internet, sendo que 80% pretendem comprar em sites, 67% em aplicativos e 42% pelo <\/span><span class=\"NormalTextRun SCXW81554503 BCX0\">Instagram<\/span><span class=\"NormalTextRun SCXW81554503 BCX0\">.<\/span><\/span><span class=\"LineBreakBlob BlobObject DragDrop SCXW81554503 BCX0\"><span class=\"SCXW81554503 BCX0\">\u00a0<\/span><br class=\"SCXW81554503 BCX0\"\/><\/span><span class=\"LineBreakBlob BlobObject DragDrop SCXW81554503 BCX0\"><span class=\"SCXW81554503 BCX0\">\u00a0<\/span><br class=\"SCXW81554503 BCX0\"\/><\/span><span class=\"TextRun SCXW81554503 BCX0\" lang=\"PT-BR\" xml:lang=\"PT-BR\" data-contrast=\"none\"><span class=\"NormalTextRun SCXW81554503 BCX0\">Mais da metade dos consumidores (54%) acham que os pre\u00e7os dos produtos est\u00e3o mais caros este ano frente ao ano passado, 23% que est\u00e3o na mesma faixa de pre\u00e7o e 13% que est\u00e3o mais baratos.<\/span> <span class=\"NormalTextRun SCXW81554503 BCX0\">Como era de se esperar, 39% dos consumidores optaram por fazerem suas compras agora na semana da P\u00e1scoa, em especial nos \u00faltimos dias. Os principais fatores que influenciam na escolha dos locais de compra s\u00e3o a qualidade dos produtos (45%), o pre\u00e7o (40%) e as promo\u00e7\u00f5es e os descontos (34%).<\/span><\/span><span class=\"LineBreakBlob BlobObject DragDrop SCXW81554503 BCX0\"><span class=\"SCXW81554503 BCX0\">\u00a0<\/span><br class=\"SCXW81554503 BCX0\"\/><\/span><span class=\"LineBreakBlob BlobObject DragDrop SCXW81554503 BCX0\"><span class=\"SCXW81554503 BCX0\">\u00a0<\/span><br class=\"SCXW81554503 BCX0\"\/><\/span><span class=\"TextRun SCXW81554503 BCX0\" lang=\"PT-BR\" xml:lang=\"PT-BR\" data-contrast=\"none\"><span class=\"NormalTextRun SCXW81554503 BCX0\">Marcelo Camargo<\/span><span class=\"NormalTextRun SCXW81554503 BCX0\">\/<\/span><span class=\"NormalTextRun SpellingErrorV2Themed SCXW81554503 BCX0\">Ag<\/span><span class=\"NormalTextRun SpellingErrorV2Themed SCXW81554503 BCX0\">.<\/span><span class=\"NormalTextRun SpellingErrorV2Themed SCXW81554503 BCX0\">Br<\/span><span class=\"NormalTextRun SCXW81554503 BCX0\">.<\/span><\/span><span class=\"LineBreakBlob BlobObject DragDrop SCXW81554503 BCX0\"><span class=\"SCXW81554503 BCX0\">\u00a0<\/span><br class=\"SCXW81554503 BCX0\"\/><\/span><span class=\"TextRun SCXW81554503 BCX0\" lang=\"PT-BR\" xml:lang=\"PT-BR\" data-contrast=\"none\"><span class=\"NormalTextRun SCXW81554503 BCX0\">Segundo o CPV, os campe\u00f5es de vendas ser\u00e3o os ovos de chocolate industrializados (53%), seguidos por bombons industrializados (48%)<\/span><\/span><span class=\"EOP SCXW81554503 BCX0\" data-ccp-props=\"{&quot;201341983&quot;:0,&quot;335559739&quot;:200,&quot;335559740&quot;:276}\">\u00a0<\/span><\/p>\n<\/div>\n<p><script async src=\"\/\/platform.twitter.com\/widgets.js\" charset=\"utf-8\"><\/script><br \/>\n<br \/><br \/>\n<br \/><a href=\"https:\/\/www.tribunaribeirao.com.br\/site\/comercio-espera-alta-de-ate-6-nas-vendas-na-pascoa\/\">Source link <\/a><\/p>\n<!-- CONTENT END 1 -->\n","protected":false},"excerpt":{"rendered":"<p>28 de mar\u00e7o de 2024 | 18:0028 de mar\u00e7o de 2024 | 12:42 0 O com\u00e9rcio varejista de Ribeir\u00e3o Preto projeta crescimento m\u00e9dio de 4%&#8230;<\/p>\n","protected":false},"author":1,"featured_media":44607,"comment_status":"open","ping_status":"open","sticky":false,"template":"","format":"standard","meta":{"advanced_seo_description":"","jetpack_seo_html_title":"","jetpack_seo_noindex":false,"jetpack_post_was_ever_published":false,"_jetpack_newsletter_access":"","_jetpack_dont_email_post_to_subs":false,"_jetpack_newsletter_tier_id":0,"_jetpack_memberships_contains_paywalled_content":false,"_jetpack_memberships_contains_paid_content":false,"footnotes":"","jetpack_publicize_message":"","jetpack_publicize_feature_enabled":true,"jetpack_social_post_already_shared":true,"jetpack_social_options":{"image_generator_settings":{"template":"highway","default_image_id":0,"font":"","enabled":false},"version":2}},"categories":[11],"tags":[5275,103,386,4162,104,4643,105],"class_list":["post-44606","post","type-post","status-publish","format-standard","has-post-thumbnail","hentry","category-noticias-de-ribeirao-preto-sp-e-regiao-ismael-colosi","tag-altade","tag-ate","tag-comercio","tag-espera","tag-nas","tag-pascoa","tag-vendas"],"jetpack_publicize_connections":[],"jetpack_featured_media_url":"https:\/\/i0.wp.com\/noticiasribeiraopreto.com.br\/wp-content\/uploads\/2024\/03\/PascoaRP-Marcelo-Camargo-Ag.Br_.-01-scaled.jpg?fit=750%2C500&ssl=1","jetpack-related-posts":[{"id":44510,"url":"https:\/\/noticiasribeiraopreto.com.br\/index.php\/2024\/03\/28\/pascoa-2024-vendas-do-comercio-brasileiro-devem-ultrapassar-os-r-3-bilhoes\/","url_meta":{"origin":44606,"position":0},"title":"P\u00e1scoa 2024: vendas do com\u00e9rcio brasileiro devem ultrapassar os R$ 3 bilh\u00f5es","author":"noticiasribeiraopreto.com.br","date":"28 de March de 2024","format":false,"excerpt":"28 de mar\u00e7o de 2024 | 9:0327 de mar\u00e7o de 2024 | 12:04 0 Dados da Confedera\u00e7\u00e3o Nacional do Com\u00e9rcio de Bens, Servi\u00e7os e Turismo (CNC), apontam para um faturamento total de R$ 3,44 bilh\u00f5es em vendas relacionadas \u00e0 P\u00e1scoa. O valor representa um crescimento de 4,5% na compara\u00e7\u00e3o com\u2026","rel":"","context":"In &quot;Not\u00edcias de Ribeir\u00e3o Preto-SP e Regi\u00e3o&quot;","block_context":{"text":"Not\u00edcias de Ribeir\u00e3o Preto-SP e Regi\u00e3o","link":"https:\/\/noticiasribeiraopreto.com.br\/index.php\/category\/noticias-de-ribeirao-preto-sp-e-regiao-ismael-colosi\/"},"img":{"alt_text":"","src":"https:\/\/i0.wp.com\/noticiasribeiraopreto.com.br\/wp-content\/uploads\/2024\/03\/30-1.jpg?fit=771%2C500&ssl=1&resize=350%2C200","width":350,"height":200,"srcset":"https:\/\/i0.wp.com\/noticiasribeiraopreto.com.br\/wp-content\/uploads\/2024\/03\/30-1.jpg?fit=771%2C500&ssl=1&resize=350%2C200 1x, https:\/\/i0.wp.com\/noticiasribeiraopreto.com.br\/wp-content\/uploads\/2024\/03\/30-1.jpg?fit=771%2C500&ssl=1&resize=525%2C300 1.5x, https:\/\/i0.wp.com\/noticiasribeiraopreto.com.br\/wp-content\/uploads\/2024\/03\/30-1.jpg?fit=771%2C500&ssl=1&resize=700%2C400 2x"},"classes":[]},{"id":42609,"url":"https:\/\/noticiasribeiraopreto.com.br\/index.php\/2024\/03\/15\/vendas-na-pascoa-devem-ser-recorde\/","url_meta":{"origin":44606,"position":1},"title":"Vendas na P\u00e1scoa devem ser recorde\u00a0","author":"noticiasribeiraopreto.com.br","date":"15 de March de 2024","format":false,"excerpt":"15 de mar\u00e7o de 2024 | 15:0015 de mar\u00e7o de 2024 | 11:07 0O varejo brasileiro deve alcan\u00e7ar um recorde de vendas na P\u00e1scoa deste ano. O volume vendido deve totalizar R$ 3,44 bilh\u00f5es, o que representaria um crescimento de 4,5% em rela\u00e7\u00e3o \u00e0 mesma data do ano passado, j\u00e1\u2026","rel":"","context":"In &quot;Not\u00edcias de Ribeir\u00e3o Preto-SP e Regi\u00e3o&quot;","block_context":{"text":"Not\u00edcias de Ribeir\u00e3o Preto-SP e Regi\u00e3o","link":"https:\/\/noticiasribeiraopreto.com.br\/index.php\/category\/noticias-de-ribeirao-preto-sp-e-regiao-ismael-colosi\/"},"img":{"alt_text":"","src":"https:\/\/i0.wp.com\/noticiasribeiraopreto.com.br\/wp-content\/uploads\/2024\/03\/Pascoa-cHO-Marcelo-Camargo-Ag.Br_-scaled.jpg?fit=1000%2C598&ssl=1&resize=350%2C200","width":350,"height":200,"srcset":"https:\/\/i0.wp.com\/noticiasribeiraopreto.com.br\/wp-content\/uploads\/2024\/03\/Pascoa-cHO-Marcelo-Camargo-Ag.Br_-scaled.jpg?fit=1000%2C598&ssl=1&resize=350%2C200 1x, https:\/\/i0.wp.com\/noticiasribeiraopreto.com.br\/wp-content\/uploads\/2024\/03\/Pascoa-cHO-Marcelo-Camargo-Ag.Br_-scaled.jpg?fit=1000%2C598&ssl=1&resize=525%2C300 1.5x, https:\/\/i0.wp.com\/noticiasribeiraopreto.com.br\/wp-content\/uploads\/2024\/03\/Pascoa-cHO-Marcelo-Camargo-Ag.Br_-scaled.jpg?fit=1000%2C598&ssl=1&resize=700%2C400 2x"},"classes":[]},{"id":85188,"url":"https:\/\/noticiasribeiraopreto.com.br\/index.php\/2026\/04\/24\/com-pascoa-e-agrishow-comercio-de-ribeirao-preto-projeta-alta-media-de-ate-15-nas-vendas-de-abril\/","url_meta":{"origin":44606,"position":2},"title":"Com P\u00e1scoa e Agrishow, com\u00e9rcio de Ribeir\u00e3o Preto projeta alta m\u00e9dia de at\u00e9 1,5% nas vendas de abril &#8211; THMais","author":"noticiasribeiraopreto.com.br","date":"24 de April de 2026","format":false,"excerpt":"Com o per\u00edodo de P\u00e1scoa e Agrishow, o Com\u00e9rcio Varejista de Ribeir\u00e3o Preto projeta alta m\u00e9dia entre 0,5% e 1,5% nas vendas de abril de 2026, em compara\u00e7\u00e3o ao mesmo per\u00edodo do ano passado quando a varia\u00e7\u00e3o ficou positiva em 1,5%. O levantamento \u00e9 do SINCOVARP (Sindicato do Com\u00e9rcio Varejista)\u2026","rel":"","context":"In &quot;Not\u00edcias de Ribeir\u00e3o Preto-SP e Regi\u00e3o&quot;","block_context":{"text":"Not\u00edcias de Ribeir\u00e3o Preto-SP e Regi\u00e3o","link":"https:\/\/noticiasribeiraopreto.com.br\/index.php\/category\/noticias-de-ribeirao-preto-sp-e-regiao-ismael-colosi\/"},"img":{"alt_text":"","src":"https:\/\/i0.wp.com\/noticiasribeiraopreto.com.br\/wp-content\/uploads\/2026\/04\/img-5638.jpg?fit=1008%2C672&ssl=1&resize=350%2C200","width":350,"height":200,"srcset":"https:\/\/i0.wp.com\/noticiasribeiraopreto.com.br\/wp-content\/uploads\/2026\/04\/img-5638.jpg?fit=1008%2C672&ssl=1&resize=350%2C200 1x, https:\/\/i0.wp.com\/noticiasribeiraopreto.com.br\/wp-content\/uploads\/2026\/04\/img-5638.jpg?fit=1008%2C672&ssl=1&resize=525%2C300 1.5x, https:\/\/i0.wp.com\/noticiasribeiraopreto.com.br\/wp-content\/uploads\/2026\/04\/img-5638.jpg?fit=1008%2C672&ssl=1&resize=700%2C400 2x"},"classes":[]},{"id":43468,"url":"https:\/\/noticiasribeiraopreto.com.br\/index.php\/2024\/03\/21\/preco-de-ovos-de-pascoa-varia-ate-35-em-ribeirao\/","url_meta":{"origin":44606,"position":3},"title":"Pre\u00e7o de ovos de P\u00e1scoa varia at\u00e9 35% em Ribeir\u00e3o","author":"noticiasribeiraopreto.com.br","date":"21 de March de 2024","format":false,"excerpt":"21 de mar\u00e7o de 2024 | 9:4520 de mar\u00e7o de 2024 | 23:08 0Uma pesquisa de pre\u00e7os de ovos de P\u00e1scoa feita pela Associa\u00e7\u00e3o Comercial e Industrial de Ribeir\u00e3o Preto (Acirp) aponta que os produtos com brinquedos podem custar at\u00e9 quase 35% a mais do que as op\u00e7\u00f5es similares de\u2026","rel":"","context":"In &quot;Not\u00edcias de Ribeir\u00e3o Preto-SP e Regi\u00e3o&quot;","block_context":{"text":"Not\u00edcias de Ribeir\u00e3o Preto-SP e Regi\u00e3o","link":"https:\/\/noticiasribeiraopreto.com.br\/index.php\/category\/noticias-de-ribeirao-preto-sp-e-regiao-ismael-colosi\/"},"img":{"alt_text":"","src":"https:\/\/i0.wp.com\/noticiasribeiraopreto.com.br\/wp-content\/uploads\/2024\/03\/Pascoa-Marcelo-Camargo-Ag.Br_-scaled.jpg?fit=967%2C645&ssl=1&resize=350%2C200","width":350,"height":200,"srcset":"https:\/\/i0.wp.com\/noticiasribeiraopreto.com.br\/wp-content\/uploads\/2024\/03\/Pascoa-Marcelo-Camargo-Ag.Br_-scaled.jpg?fit=967%2C645&ssl=1&resize=350%2C200 1x, https:\/\/i0.wp.com\/noticiasribeiraopreto.com.br\/wp-content\/uploads\/2024\/03\/Pascoa-Marcelo-Camargo-Ag.Br_-scaled.jpg?fit=967%2C645&ssl=1&resize=525%2C300 1.5x, https:\/\/i0.wp.com\/noticiasribeiraopreto.com.br\/wp-content\/uploads\/2024\/03\/Pascoa-Marcelo-Camargo-Ag.Br_-scaled.jpg?fit=967%2C645&ssl=1&resize=700%2C400 2x"},"classes":[]},{"id":42446,"url":"https:\/\/noticiasribeiraopreto.com.br\/index.php\/2024\/03\/14\/rp-comercio-cresce-31-em-fevereiro\/","url_meta":{"origin":44606,"position":4},"title":"RP: Com\u00e9rcio cresce 3,1% em fevereiro\u00a0","author":"noticiasribeiraopreto.com.br","date":"14 de March de 2024","format":false,"excerpt":"Depois de registrar crescimento m\u00e9dio de 0,72% no acumulado do ano passado, em compara\u00e7\u00e3o com 2022, as vendas nas lojas ribeir\u00e3o-pretanas dispararam 7,3% em janeiro e, em fevereiro, cresceram 3,1% em rela\u00e7\u00e3o ao mesmo per\u00edodo de 2023, aponta levantamento do Centro de Pesquisas do Varejo (CPV), mantido pelo Sindicato do\u2026","rel":"","context":"In &quot;Not\u00edcias de Ribeir\u00e3o Preto-SP e Regi\u00e3o&quot;","block_context":{"text":"Not\u00edcias de Ribeir\u00e3o Preto-SP e Regi\u00e3o","link":"https:\/\/noticiasribeiraopreto.com.br\/index.php\/category\/noticias-de-ribeirao-preto-sp-e-regiao-ismael-colosi\/"},"img":{"alt_text":"","src":"https:\/\/i0.wp.com\/noticiasribeiraopreto.com.br\/wp-content\/uploads\/2024\/03\/8fdb1231-4850-46f2-86dd-055bc4f20df7.jpg?fit=620%2C351&ssl=1&resize=350%2C200","width":350,"height":200,"srcset":"https:\/\/i0.wp.com\/noticiasribeiraopreto.com.br\/wp-content\/uploads\/2024\/03\/8fdb1231-4850-46f2-86dd-055bc4f20df7.jpg?fit=620%2C351&ssl=1&resize=350%2C200 1x, https:\/\/i0.wp.com\/noticiasribeiraopreto.com.br\/wp-content\/uploads\/2024\/03\/8fdb1231-4850-46f2-86dd-055bc4f20df7.jpg?fit=620%2C351&ssl=1&resize=525%2C300 1.5x"},"classes":[]},{"id":67852,"url":"https:\/\/noticiasribeiraopreto.com.br\/index.php\/2025\/04\/19\/calcadao-de-ribeirao-preto-tem-movimento-intenso-na-vespera-da-pascoa\/","url_meta":{"origin":44606,"position":5},"title":"Cal\u00e7ad\u00e3o de Ribeir\u00e3o Preto tem movimento intenso na v\u00e9spera da P\u00e1scoa","author":"noticiasribeiraopreto.com.br","date":"19 de April de 2025","format":false,"excerpt":"O Cal\u00e7ad\u00e3o de Ribeir\u00e3o Preto, principal ponto de com\u00e9rcio na regi\u00e3o central da cidade, registra movimento intenso neste s\u00e1bado (19), v\u00e9spera da P\u00e1scoa. Muitos consumidores deixaram a compra dos ovos de chocolate para a \u00faltima hora e enfrenta filas nas lojas. \u00a0 \u201cVim aqui ao Centro comprar ovo de P\u00e1scoa,\u2026","rel":"","context":"In &quot;Not\u00edcias de Ribeir\u00e3o Preto-SP e Regi\u00e3o&quot;","block_context":{"text":"Not\u00edcias de Ribeir\u00e3o Preto-SP e Regi\u00e3o","link":"https:\/\/noticiasribeiraopreto.com.br\/index.php\/category\/noticias-de-ribeirao-preto-sp-e-regiao-ismael-colosi\/"},"img":{"alt_text":"","src":"https:\/\/i0.wp.com\/noticiasribeiraopreto.com.br\/wp-content\/uploads\/2025\/04\/CALCADAO_2025-04-19_16-20-24.webp.webp?fit=1200%2C741&ssl=1&resize=350%2C200","width":350,"height":200,"srcset":"https:\/\/i0.wp.com\/noticiasribeiraopreto.com.br\/wp-content\/uploads\/2025\/04\/CALCADAO_2025-04-19_16-20-24.webp.webp?fit=1200%2C741&ssl=1&resize=350%2C200 1x, https:\/\/i0.wp.com\/noticiasribeiraopreto.com.br\/wp-content\/uploads\/2025\/04\/CALCADAO_2025-04-19_16-20-24.webp.webp?fit=1200%2C741&ssl=1&resize=525%2C300 1.5x, https:\/\/i0.wp.com\/noticiasribeiraopreto.com.br\/wp-content\/uploads\/2025\/04\/CALCADAO_2025-04-19_16-20-24.webp.webp?fit=1200%2C741&ssl=1&resize=700%2C400 2x, https:\/\/i0.wp.com\/noticiasribeiraopreto.com.br\/wp-content\/uploads\/2025\/04\/CALCADAO_2025-04-19_16-20-24.webp.webp?fit=1200%2C741&ssl=1&resize=1050%2C600 3x"},"classes":[]}],"jetpack_sharing_enabled":true,"jetpack_shortlink":"https:\/\/wp.me\/peQAOb-bBs","_links":{"self":[{"href":"https:\/\/noticiasribeiraopreto.com.br\/index.php\/wp-json\/wp\/v2\/posts\/44606","targetHints":{"allow":["GET"]}}],"collection":[{"href":"https:\/\/noticiasribeiraopreto.com.br\/index.php\/wp-json\/wp\/v2\/posts"}],"about":[{"href":"https:\/\/noticiasribeiraopreto.com.br\/index.php\/wp-json\/wp\/v2\/types\/post"}],"author":[{"embeddable":true,"href":"https:\/\/noticiasribeiraopreto.com.br\/index.php\/wp-json\/wp\/v2\/users\/1"}],"replies":[{"embeddable":true,"href":"https:\/\/noticiasribeiraopreto.com.br\/index.php\/wp-json\/wp\/v2\/comments?post=44606"}],"version-history":[{"count":0,"href":"https:\/\/noticiasribeiraopreto.com.br\/index.php\/wp-json\/wp\/v2\/posts\/44606\/revisions"}],"wp:featuredmedia":[{"embeddable":true,"href":"https:\/\/noticiasribeiraopreto.com.br\/index.php\/wp-json\/wp\/v2\/media\/44607"}],"wp:attachment":[{"href":"https:\/\/noticiasribeiraopreto.com.br\/index.php\/wp-json\/wp\/v2\/media?parent=44606"}],"wp:term":[{"taxonomy":"category","embeddable":true,"href":"https:\/\/noticiasribeiraopreto.com.br\/index.php\/wp-json\/wp\/v2\/categories?post=44606"},{"taxonomy":"post_tag","embeddable":true,"href":"https:\/\/noticiasribeiraopreto.com.br\/index.php\/wp-json\/wp\/v2\/tags?post=44606"}],"curies":[{"name":"wp","href":"https:\/\/api.w.org\/{rel}","templated":true}]}}