{"id":44618,"date":"2024-03-28T20:03:51","date_gmt":"2024-03-28T23:03:51","guid":{"rendered":"https:\/\/noticiasribeiraopreto.com.br\/index.php\/2024\/03\/28\/linha-de-onibus-da-zona-leste-tem-itinerario-ampliado\/"},"modified":"2024-03-28T20:03:51","modified_gmt":"2024-03-28T23:03:51","slug":"linha-de-onibus-da-zona-leste-tem-itinerario-ampliado","status":"publish","type":"post","link":"https:\/\/noticiasribeiraopreto.com.br\/index.php\/2024\/03\/28\/linha-de-onibus-da-zona-leste-tem-itinerario-ampliado\/","title":{"rendered":"Linha de \u00f4nibus da zona Leste tem itiner\u00e1rio ampliado"},"content":{"rendered":"<div class='code-block code-block-1' style='margin: 8px 0 8px auto; text-align: right; display: block; clear: both;'>\n<p><a href=\"https:\/\/wa.link\/vpicfd\"><img data-recalc-dims=\"1\" class=\"wp-image-4922\" style=\"aspect-ratio: 2.0253164556962027; width: 561px; height: auto;\" src=\"https:\/\/i0.wp.com\/ismaelcolosi.com.br\/wp-content\/uploads\/2023\/11\/grupo-de-empregos-whatsapp-e-facebook-ismael-colosi-vagas.jpg?ssl=1\" alt=\"\" \/><\/a><\/p>\n<!-- \/wp:image -->\n<\/div>\n<p> <br \/>\n<\/p>\n<div data-td-block-uid=\"tdi_101\">\n<div class=\"tdb-block-inner td-fix-index\">\n<p>A <strong>linha de \u00f4nibus 43<\/strong> \u2013 <strong>Portal dos Ip\u00eas<\/strong> ter\u00e1 o itiner\u00e1rio <strong>ampliado<\/strong> a partir desta segunda-feira (1\u00ba). O trajeto ser\u00e1 <strong>prolongado<\/strong> at\u00e9 o loteamento<strong> Santa Iria Garden<\/strong>, que fica na <strong>rodovia Abr\u00e3o Assed<\/strong>.<\/p>\n<h4 class=\"wp-block-heading\"><strong>Veja como fica o novo itiner\u00e1rio:<\/strong><\/h4>\n<p>Segundo a <strong>RP Mobi<\/strong>, empresa que gerencia o tr\u00e2nsito e o transporte em Ribeir\u00e3o Preto, o <span style=\"background-color:#f7cc62\" class=\"td_text_highlight_marker\"><mark style=\"background-color:rgba(0, 0, 0, 0)\" class=\"has-inline-color has-black-color\">trajeto \u00e9 normal at\u00e9 a via marginal da rodovia Abr\u00e3ao Assed, seguindo por passagem sob a rodovia, avenida 1, rua 5, rua 13, rua 3, rotat\u00f3ria com avenida 1, rua 3, rua 23, rua 5, avenida 1, passagem sob a rodovia, via de acesso ao Portal dos Ip\u00eas, retomando ao seu itiner\u00e1rio normal.<\/mark><\/span><\/p>\n<p>Em caso de d\u00favidas sobre a modifica\u00e7\u00e3o e o trajeto de outras linhas de \u00f4nibus, os usu\u00e1rios podem ligar para o telefone 0800-16-16-001.<\/p>\n<p>SAIBA MAIS <\/p>\n<p>Confira as ruas e avenidas de Ribeir\u00e3o interditadas para atividades religiosas<\/p>\n<h4 class=\"wp-block-heading\"><strong><mark>FIQUE ON<\/mark><\/strong><\/h4>\n<p>Fique ligado em tudo que acontece em Ribeir\u00e3o Preto e regi\u00e3o. Siga os perfis do<strong>\u00a0acidade on<\/strong>\u00a0no<a href=\"https:\/\/www.instagram.com\/acidadeonribeirao\" target=\"_blank\" rel=\"noreferrer noopener\">\u00a0Instagram<\/a>\u00a0e no\u00a0<a href=\"https:\/\/www.facebook.com\/acidadeonribeirao\" target=\"_blank\" rel=\"noreferrer noopener\">Facebook<\/a>.<\/p>\n<p>Receba not\u00edcias do<strong>\u00a0acidade on\u00a0<\/strong>no WhatsApp.\u00a0<a href=\"https:\/\/chat.whatsapp.com\/GFH9HUMUTHNFJdnyEd0xxq\" target=\"_blank\" rel=\"noreferrer noopener\">Para entrar no grupo, basta clicar aqui.<\/a><\/p>\n<p>Fa\u00e7a uma den\u00fancia ou sugira uma reportagem sobre Ribeir\u00e3o Preto e regi\u00e3o pelo WhatsApp: 16 99117 7802.<\/p>\n<p>VEJA TAMB\u00c9M<\/p>\n<p>Fabiana Justus explica motivo para n\u00e3o divulgar o transplante antes<\/p>\n<p><!-- AI CONTENT END 1 -->\n<\/div>\n<\/div>\n<p><script async src=\"\/\/www.instagram.com\/embed.js\"><\/script><br \/>\n<br \/><br \/>\n<br \/><a href=\"https:\/\/www.acidadeon.com\/ribeiraopreto\/cotidiano\/linha-de-onibus-da-zona-leste-tem-itinerario-ampliado\/\">Source link <\/a><\/p>\n<!-- CONTENT END 1 -->\n","protected":false},"excerpt":{"rendered":"<p>A linha de \u00f4nibus 43 \u2013 Portal dos Ip\u00eas ter\u00e1 o itiner\u00e1rio ampliado a partir desta segunda-feira (1\u00ba). O trajeto ser\u00e1 prolongado at\u00e9 o loteamento&#8230;<\/p>\n","protected":false},"author":1,"featured_media":44619,"comment_status":"open","ping_status":"open","sticky":false,"template":"","format":"standard","meta":{"advanced_seo_description":"","jetpack_seo_html_title":"","jetpack_seo_noindex":false,"jetpack_post_was_ever_published":false,"_jetpack_newsletter_access":"","_jetpack_dont_email_post_to_subs":false,"_jetpack_newsletter_tier_id":0,"_jetpack_memberships_contains_paywalled_content":false,"_jetpack_memberships_contains_paid_content":false,"footnotes":"","jetpack_publicize_message":"","jetpack_publicize_feature_enabled":true,"jetpack_social_post_already_shared":true,"jetpack_social_options":{"image_generator_settings":{"template":"highway","default_image_id":0,"font":"","enabled":false},"version":2}},"categories":[11],"tags":[],"class_list":["post-44618","post","type-post","status-publish","format-standard","has-post-thumbnail","hentry","category-noticias-de-ribeirao-preto-sp-e-regiao-ismael-colosi"],"jetpack_publicize_connections":[],"jetpack_featured_media_url":"https:\/\/i0.wp.com\/noticiasribeiraopreto.com.br\/wp-content\/uploads\/2024\/03\/linha_alimentadora_foto_ascom_rpmobi.jpeg?fit=1156%2C867&ssl=1","jetpack-related-posts":[{"id":44851,"url":"https:\/\/noticiasribeiraopreto.com.br\/index.php\/2024\/03\/31\/linha-de-onibus-tera-trajeto-ampliado-em-ribeirao-preto-veja-o-itinerario\/","url_meta":{"origin":44618,"position":0},"title":"Linha de \u00f4nibus ter\u00e1 trajeto ampliado em Ribeir\u00e3o Preto; Veja o itiner\u00e1rio","author":"noticiasribeiraopreto.com.br","date":"31 de March de 2024","format":false,"excerpt":"A partir desta segunda-feira (1\u00ba), a linha de \u00f4nibus 43 \u2013 Portal dos Ip\u00eas ter\u00e1 o itiner\u00e1rio ampliado, de acordo com comunicado da RP Mobi, empresa respons\u00e1vel pela mobilidade urbana de Ribeir\u00e3o Preto. A amplia\u00e7\u00e3o, segundo a pasta, tem o intuito de \u201cproporcionar melhores condi\u00e7\u00f5es de acessibilidade ao transporte coletivo\u2026","rel":"","context":"In &quot;Not\u00edcias de Ribeir\u00e3o Preto-SP e Regi\u00e3o&quot;","block_context":{"text":"Not\u00edcias de Ribeir\u00e3o Preto-SP e Regi\u00e3o","link":"https:\/\/noticiasribeiraopreto.com.br\/index.php\/category\/noticias-de-ribeirao-preto-sp-e-regiao-ismael-colosi\/"},"img":{"alt_text":"","src":"https:\/\/i0.wp.com\/noticiasribeiraopreto.com.br\/wp-content\/uploads\/2024\/03\/alimentadoras_fotos_rpmobi__3.jpeg?fit=1200%2C900&ssl=1&resize=350%2C200","width":350,"height":200,"srcset":"https:\/\/i0.wp.com\/noticiasribeiraopreto.com.br\/wp-content\/uploads\/2024\/03\/alimentadoras_fotos_rpmobi__3.jpeg?fit=1200%2C900&ssl=1&resize=350%2C200 1x, https:\/\/i0.wp.com\/noticiasribeiraopreto.com.br\/wp-content\/uploads\/2024\/03\/alimentadoras_fotos_rpmobi__3.jpeg?fit=1200%2C900&ssl=1&resize=525%2C300 1.5x, https:\/\/i0.wp.com\/noticiasribeiraopreto.com.br\/wp-content\/uploads\/2024\/03\/alimentadoras_fotos_rpmobi__3.jpeg?fit=1200%2C900&ssl=1&resize=700%2C400 2x, https:\/\/i0.wp.com\/noticiasribeiraopreto.com.br\/wp-content\/uploads\/2024\/03\/alimentadoras_fotos_rpmobi__3.jpeg?fit=1200%2C900&ssl=1&resize=1050%2C600 3x"},"classes":[]},{"id":24659,"url":"https:\/\/noticiasribeiraopreto.com.br\/index.php\/2024\/01\/04\/linha-de-onibus-da-zona-oeste-tem-alteracao-no-trajeto-em-ribeirao-confira-o-itinerario\/","url_meta":{"origin":44618,"position":1},"title":"Linha de \u00f4nibus da zona Oeste tem altera\u00e7\u00e3o no trajeto em Ribeir\u00e3o; Confira o itiner\u00e1rio","author":"noticiasribeiraopreto.com.br","date":"4 de January de 2024","format":false,"excerpt":"A linha 506 \u2013 Jardim Progresso \u2013 do transporte p\u00fablico de Ribeir\u00e3o Preto ter\u00e1 o trajeto alterado, nesta sexta-feira (5). De acordo com a RP Mobi, empresa que opera o transporte coletivo na cidade, a altera\u00e7\u00e3o acontece devido ao servi\u00e7o de manuten\u00e7\u00e3o na rede de energia el\u00e9trica na rua B\u2026","rel":"","context":"In &quot;Not\u00edcias de Ribeir\u00e3o Preto-SP e Regi\u00e3o&quot;","block_context":{"text":"Not\u00edcias de Ribeir\u00e3o Preto-SP e Regi\u00e3o","link":"https:\/\/noticiasribeiraopreto.com.br\/index.php\/category\/noticias-de-ribeirao-preto-sp-e-regiao-ismael-colosi\/"},"img":{"alt_text":"","src":"https:\/\/i0.wp.com\/noticiasribeiraopreto.com.br\/wp-content\/uploads\/2024\/01\/rp-mobi.jpg?fit=1200%2C675&ssl=1&resize=350%2C200","width":350,"height":200,"srcset":"https:\/\/i0.wp.com\/noticiasribeiraopreto.com.br\/wp-content\/uploads\/2024\/01\/rp-mobi.jpg?fit=1200%2C675&ssl=1&resize=350%2C200 1x, https:\/\/i0.wp.com\/noticiasribeiraopreto.com.br\/wp-content\/uploads\/2024\/01\/rp-mobi.jpg?fit=1200%2C675&ssl=1&resize=525%2C300 1.5x, https:\/\/i0.wp.com\/noticiasribeiraopreto.com.br\/wp-content\/uploads\/2024\/01\/rp-mobi.jpg?fit=1200%2C675&ssl=1&resize=700%2C400 2x, https:\/\/i0.wp.com\/noticiasribeiraopreto.com.br\/wp-content\/uploads\/2024\/01\/rp-mobi.jpg?fit=1200%2C675&ssl=1&resize=1050%2C600 3x"},"classes":[]},{"id":61500,"url":"https:\/\/noticiasribeiraopreto.com.br\/index.php\/2024\/12\/14\/ribeirao-tera-duas-novas-linhas-de-onibus-a-partir-da-semana-que-vem-veja-quais\/","url_meta":{"origin":44618,"position":2},"title":"Ribeir\u00e3o ter\u00e1 duas novas linhas de \u00f4nibus a partir da semana que vem; veja quais","author":"noticiasribeiraopreto.com.br","date":"14 de December de 2024","format":false,"excerpt":"A RP Mobi anunciou que, a partir de quarta-feira (18), duas novas linhas de \u00f4nibus come\u00e7am a operar: a 923 \u2013 Perimetral-Leste e a 23 \u2013 Aeroporto. Al\u00e9m disso, a linha 904 \u2013 Leste-Oeste 2 passar\u00e1 por uma altera\u00e7\u00e3o em seu trajeto. A modifica\u00e7\u00e3o visa dar continuidade \u00e0 implementa\u00e7\u00e3o da\u2026","rel":"","context":"In &quot;Not\u00edcias de Ribeir\u00e3o Preto-SP e Regi\u00e3o&quot;","block_context":{"text":"Not\u00edcias de Ribeir\u00e3o Preto-SP e Regi\u00e3o","link":"https:\/\/noticiasribeiraopreto.com.br\/index.php\/category\/noticias-de-ribeirao-preto-sp-e-regiao-ismael-colosi\/"},"img":{"alt_text":"","src":"https:\/\/i0.wp.com\/noticiasribeiraopreto.com.br\/wp-content\/uploads\/2024\/12\/alteracao_trajeto_linha_-_foto_guilherme_sircili_2024-12-14_14-20-19_jpg_2024-12-14_14-20-19.webp.webp?fit=1200%2C800&ssl=1&resize=350%2C200","width":350,"height":200,"srcset":"https:\/\/i0.wp.com\/noticiasribeiraopreto.com.br\/wp-content\/uploads\/2024\/12\/alteracao_trajeto_linha_-_foto_guilherme_sircili_2024-12-14_14-20-19_jpg_2024-12-14_14-20-19.webp.webp?fit=1200%2C800&ssl=1&resize=350%2C200 1x, https:\/\/i0.wp.com\/noticiasribeiraopreto.com.br\/wp-content\/uploads\/2024\/12\/alteracao_trajeto_linha_-_foto_guilherme_sircili_2024-12-14_14-20-19_jpg_2024-12-14_14-20-19.webp.webp?fit=1200%2C800&ssl=1&resize=525%2C300 1.5x, https:\/\/i0.wp.com\/noticiasribeiraopreto.com.br\/wp-content\/uploads\/2024\/12\/alteracao_trajeto_linha_-_foto_guilherme_sircili_2024-12-14_14-20-19_jpg_2024-12-14_14-20-19.webp.webp?fit=1200%2C800&ssl=1&resize=700%2C400 2x, https:\/\/i0.wp.com\/noticiasribeiraopreto.com.br\/wp-content\/uploads\/2024\/12\/alteracao_trajeto_linha_-_foto_guilherme_sircili_2024-12-14_14-20-19_jpg_2024-12-14_14-20-19.webp.webp?fit=1200%2C800&ssl=1&resize=1050%2C600 3x"},"classes":[]},{"id":61633,"url":"https:\/\/noticiasribeiraopreto.com.br\/index.php\/2024\/12\/17\/ribeirao-preto-tera-novas-linhas-de-onibus-a-partir-desta-quarta-feira-saiba-quais\/","url_meta":{"origin":44618,"position":3},"title":"Ribeir\u00e3o Preto ter\u00e1 novas linhas de \u00f4nibus a partir desta quarta-feira; saiba quais","author":"noticiasribeiraopreto.com.br","date":"17 de December de 2024","format":false,"excerpt":"A\u00a0RP Mobi\u00a0anunciou que,\u00a0a partir desta quarta-feira (18),\u00a0duas novas linhas de \u00f4nibus come\u00e7am a operar:\u00a0a\u00a0923 \u2013 Perimetral-Leste\u00a0e a\u00a023 \u2013 Aeroporto.\u00a0Al\u00e9m disso,\u00a0a linha 904 \u2013 Leste-Oeste 2 passar\u00e1 por uma altera\u00e7\u00e3o em seu trajeto. A modifica\u00e7\u00e3o visa dar\u00a0continuidade \u00e0 implementa\u00e7\u00e3o da nova rede integrada de transporte, que tem como\u00a0objetivo melhorar a fluidez\u00a0e\u2026","rel":"","context":"In &quot;Not\u00edcias de Ribeir\u00e3o Preto-SP e Regi\u00e3o&quot;","block_context":{"text":"Not\u00edcias de Ribeir\u00e3o Preto-SP e Regi\u00e3o","link":"https:\/\/noticiasribeiraopreto.com.br\/index.php\/category\/noticias-de-ribeirao-preto-sp-e-regiao-ismael-colosi\/"},"img":{"alt_text":"","src":"https:\/\/i0.wp.com\/noticiasribeiraopreto.com.br\/wp-content\/uploads\/2024\/12\/alteracao_trajeto_linha_-_foto_guilherme_sircili_2024-12-14_14-20-19_jpg_2024-12-14_14-20-19.webp.webp?fit=1200%2C800&ssl=1&resize=350%2C200","width":350,"height":200,"srcset":"https:\/\/i0.wp.com\/noticiasribeiraopreto.com.br\/wp-content\/uploads\/2024\/12\/alteracao_trajeto_linha_-_foto_guilherme_sircili_2024-12-14_14-20-19_jpg_2024-12-14_14-20-19.webp.webp?fit=1200%2C800&ssl=1&resize=350%2C200 1x, https:\/\/i0.wp.com\/noticiasribeiraopreto.com.br\/wp-content\/uploads\/2024\/12\/alteracao_trajeto_linha_-_foto_guilherme_sircili_2024-12-14_14-20-19_jpg_2024-12-14_14-20-19.webp.webp?fit=1200%2C800&ssl=1&resize=525%2C300 1.5x, https:\/\/i0.wp.com\/noticiasribeiraopreto.com.br\/wp-content\/uploads\/2024\/12\/alteracao_trajeto_linha_-_foto_guilherme_sircili_2024-12-14_14-20-19_jpg_2024-12-14_14-20-19.webp.webp?fit=1200%2C800&ssl=1&resize=700%2C400 2x, https:\/\/i0.wp.com\/noticiasribeiraopreto.com.br\/wp-content\/uploads\/2024\/12\/alteracao_trajeto_linha_-_foto_guilherme_sircili_2024-12-14_14-20-19_jpg_2024-12-14_14-20-19.webp.webp?fit=1200%2C800&ssl=1&resize=1050%2C600 3x"},"classes":[]},{"id":8719,"url":"https:\/\/noticiasribeiraopreto.com.br\/index.php\/2023\/11\/30\/alteracao-no-trajeto-da-linha-de-onibus-norte-sul-comeca-nesta-sexta-feira-veja-o-itinerario\/","url_meta":{"origin":44618,"position":4},"title":"Altera\u00e7\u00e3o no trajeto da linha de \u00f4nibus Norte-Sul come\u00e7a nesta sexta-feira; Veja o itiner\u00e1rio","author":"noticiasribeiraopreto.com.br","date":"30 de November de 2023","format":false,"excerpt":"A partir desta sexta-feira (1\u00ba), o trajeto da linha 910 \u2013 Norte-Sul 1 B, ser\u00e1 alterado no sentido Ribeir\u00e3o Verde ao Ribeir\u00e3o Shopping. A altera\u00e7\u00e3o foi anunciada pela RP Mobi, empresa que gerencia o tr\u00e2nsito e transporte urbano de Ribeir\u00e3o Preto. De acordo com o \u00f3rg\u00e3o, a modifica\u00e7\u00e3o acontece para\u2026","rel":"","context":"In &quot;Not\u00edcias de Ribeir\u00e3o Preto-SP e Regi\u00e3o&quot;","block_context":{"text":"Not\u00edcias de Ribeir\u00e3o Preto-SP e Regi\u00e3o","link":"https:\/\/noticiasribeiraopreto.com.br\/index.php\/category\/noticias-de-ribeirao-preto-sp-e-regiao-ismael-colosi\/"},"img":{"alt_text":"","src":"https:\/\/i0.wp.com\/noticiasribeiraopreto.com.br\/wp-content\/uploads\/2023\/11\/1701379214_novos-onibus-ribeirao-preto.jpg?fit=1200%2C800&ssl=1&resize=350%2C200","width":350,"height":200,"srcset":"https:\/\/i0.wp.com\/noticiasribeiraopreto.com.br\/wp-content\/uploads\/2023\/11\/1701379214_novos-onibus-ribeirao-preto.jpg?fit=1200%2C800&ssl=1&resize=350%2C200 1x, https:\/\/i0.wp.com\/noticiasribeiraopreto.com.br\/wp-content\/uploads\/2023\/11\/1701379214_novos-onibus-ribeirao-preto.jpg?fit=1200%2C800&ssl=1&resize=525%2C300 1.5x, https:\/\/i0.wp.com\/noticiasribeiraopreto.com.br\/wp-content\/uploads\/2023\/11\/1701379214_novos-onibus-ribeirao-preto.jpg?fit=1200%2C800&ssl=1&resize=700%2C400 2x, https:\/\/i0.wp.com\/noticiasribeiraopreto.com.br\/wp-content\/uploads\/2023\/11\/1701379214_novos-onibus-ribeirao-preto.jpg?fit=1200%2C800&ssl=1&resize=1050%2C600 3x"},"classes":[]},{"id":76987,"url":"https:\/\/noticiasribeiraopreto.com.br\/index.php\/2025\/09\/09\/linhas-de-onibus-mudam-itinerario-em-ribeirao-preto-veja-quais\/","url_meta":{"origin":44618,"position":5},"title":"Linhas de \u00f4nibus mudam itiner\u00e1rio em Ribeir\u00e3o Preto; veja quais","author":"noticiasribeiraopreto.com.br","date":"9 de September de 2025","format":false,"excerpt":"A partir desta quarta-feira (10), seis linhas de \u00f4nibus que circulam pelo Centro de Ribeir\u00e3o Preto passam por mudan\u00e7as nos itiner\u00e1rios. De acordo com a RP Mobi, as altera\u00e7\u00f5es visam ampliar a cobertura das linhas de transporte coletivo, al\u00e9m de oferecer mais conforto e seguran\u00e7a aos passageiros. Linhas afetadas: 110\u2026","rel":"","context":"In &quot;Not\u00edcias de Ribeir\u00e3o Preto-SP e Regi\u00e3o&quot;","block_context":{"text":"Not\u00edcias de Ribeir\u00e3o Preto-SP e Regi\u00e3o","link":"https:\/\/noticiasribeiraopreto.com.br\/index.php\/category\/noticias-de-ribeirao-preto-sp-e-regiao-ismael-colosi\/"},"img":{"alt_text":"","src":"https:\/\/i0.wp.com\/noticiasribeiraopreto.com.br\/wp-content\/uploads\/2025\/07\/WhatsApp-Image-2024-10-17-at-15.21.43_2024-10-17_21-54-03_jpeg_2024-10-17_21-54-04-1024x682.webp.webp?fit=1024%2C682&ssl=1&resize=350%2C200","width":350,"height":200,"srcset":"https:\/\/i0.wp.com\/noticiasribeiraopreto.com.br\/wp-content\/uploads\/2025\/07\/WhatsApp-Image-2024-10-17-at-15.21.43_2024-10-17_21-54-03_jpeg_2024-10-17_21-54-04-1024x682.webp.webp?fit=1024%2C682&ssl=1&resize=350%2C200 1x, https:\/\/i0.wp.com\/noticiasribeiraopreto.com.br\/wp-content\/uploads\/2025\/07\/WhatsApp-Image-2024-10-17-at-15.21.43_2024-10-17_21-54-03_jpeg_2024-10-17_21-54-04-1024x682.webp.webp?fit=1024%2C682&ssl=1&resize=525%2C300 1.5x, https:\/\/i0.wp.com\/noticiasribeiraopreto.com.br\/wp-content\/uploads\/2025\/07\/WhatsApp-Image-2024-10-17-at-15.21.43_2024-10-17_21-54-03_jpeg_2024-10-17_21-54-04-1024x682.webp.webp?fit=1024%2C682&ssl=1&resize=700%2C400 2x"},"classes":[]}],"jetpack_sharing_enabled":true,"jetpack_shortlink":"https:\/\/wp.me\/peQAOb-bBE","_links":{"self":[{"href":"https:\/\/noticiasribeiraopreto.com.br\/index.php\/wp-json\/wp\/v2\/posts\/44618","targetHints":{"allow":["GET"]}}],"collection":[{"href":"https:\/\/noticiasribeiraopreto.com.br\/index.php\/wp-json\/wp\/v2\/posts"}],"about":[{"href":"https:\/\/noticiasribeiraopreto.com.br\/index.php\/wp-json\/wp\/v2\/types\/post"}],"author":[{"embeddable":true,"href":"https:\/\/noticiasribeiraopreto.com.br\/index.php\/wp-json\/wp\/v2\/users\/1"}],"replies":[{"embeddable":true,"href":"https:\/\/noticiasribeiraopreto.com.br\/index.php\/wp-json\/wp\/v2\/comments?post=44618"}],"version-history":[{"count":0,"href":"https:\/\/noticiasribeiraopreto.com.br\/index.php\/wp-json\/wp\/v2\/posts\/44618\/revisions"}],"wp:featuredmedia":[{"embeddable":true,"href":"https:\/\/noticiasribeiraopreto.com.br\/index.php\/wp-json\/wp\/v2\/media\/44619"}],"wp:attachment":[{"href":"https:\/\/noticiasribeiraopreto.com.br\/index.php\/wp-json\/wp\/v2\/media?parent=44618"}],"wp:term":[{"taxonomy":"category","embeddable":true,"href":"https:\/\/noticiasribeiraopreto.com.br\/index.php\/wp-json\/wp\/v2\/categories?post=44618"},{"taxonomy":"post_tag","embeddable":true,"href":"https:\/\/noticiasribeiraopreto.com.br\/index.php\/wp-json\/wp\/v2\/tags?post=44618"}],"curies":[{"name":"wp","href":"https:\/\/api.w.org\/{rel}","templated":true}]}}