{"id":44620,"date":"2024-03-28T20:34:58","date_gmt":"2024-03-28T23:34:58","guid":{"rendered":"https:\/\/noticiasribeiraopreto.com.br\/index.php\/2024\/03\/28\/bertinho-scandiuzzi-deixa-o-psdb\/"},"modified":"2024-03-28T20:34:58","modified_gmt":"2024-03-28T23:34:58","slug":"bertinho-scandiuzzi-deixa-o-psdb","status":"publish","type":"post","link":"https:\/\/noticiasribeiraopreto.com.br\/index.php\/2024\/03\/28\/bertinho-scandiuzzi-deixa-o-psdb\/","title":{"rendered":"Bertinho Scandiuzzi deixa o PSDB"},"content":{"rendered":"<div class='code-block code-block-1' style='margin: 8px 0 8px auto; text-align: right; display: block; clear: both;'>\n<p><a href=\"https:\/\/wa.link\/vpicfd\"><img data-recalc-dims=\"1\" class=\"wp-image-4922\" style=\"aspect-ratio: 2.0253164556962027; width: 561px; height: auto;\" src=\"https:\/\/i0.wp.com\/ismaelcolosi.com.br\/wp-content\/uploads\/2023\/11\/grupo-de-empregos-whatsapp-e-facebook-ismael-colosi-vagas.jpg?ssl=1\" alt=\"\" \/><\/a><\/p>\n<!-- \/wp:image -->\n<\/div>\n<p> <br \/>\n<\/p>\n<div id=\"post-378950\">\n<header class=\"entry-header penci-entry-header penci-title-center\">\n<p>\n<span class=\"entry-meta-item penci-posted-on\"><i class=\"fa fa-clock-o\"\/><time class=\"entry-date published updated\" datetime=\"2024-03-28T17:45:55-03:00\">28 de mar\u00e7o de 2024 | 17:45<\/time><\/span> <\/p>\n<p><span class=\"penci-social-buttons penci-social-share-footer\"><a href=\"#\" class=\"penci-post-like penci_post-meta_item  single-like-button penci-social-item like\" data-post_id=\"378950\" title=\"Like\" data-like=\"Like\" data-unlike=\"Unlike\"><i class=\"fa fa-thumbs-o-up\"\/><span class=\"penci-share-number\">0<\/span><\/a><i class=\"fa fa-facebook\"\/><a class=\"penci-social-item twitter\" target=\"_blank\" rel=\"noopener\" title=\"\" href=\"https:\/\/twitter.com\/intent\/tweet?text=Bertinho%20Scandiuzzi%20deixa%20o%20PSDB%20-%20https:\/\/www.tribunaribeirao.com.br\/site\/bertinho-scandiuzzi-deixa-o-psdb\/\"><i class=\"fa fa-twitter\"\/><\/a><i class=\"fa fa-whatsapp\"\/><\/span> <\/header>\n<div class=\"penci-entry-content entry-content\">\n<p>O vereador de Ribeir\u00e3o Preto, Bertinho Scandiuzzi deixou o PSDB nesta quinta-feira, 28 de mar\u00e7o e migrou para o PSD, do deputado federal Ricardo Silva e de seu pai, o deputado estadual, Rafael Silva. Esta semana outros dois vereadores j\u00e1 haviam anunciado a mudan\u00e7a para a legenda de Ricardo. S\u00e3o eles: Jean Corauci e Luis Fran\u00e7a, que estavam no PSB. Outro vereador, Paulo Modas, atualmente no Uni\u00e3o Brasil, tamb\u00e9m dever\u00e1 migrar para a legenda. Inclusive j\u00e1 teria assinado a ficha de filia\u00e7\u00e3o.<\/p>\n<p>Segundo apura\u00e7\u00e3o feita pelo Tribuna Ribeir\u00e3o pelo menos sete vereadores de Ribeir\u00e3o Preto devem trocar de legenda durante a Janela Eleitoral de um m\u00eas que come\u00e7ou em 7 de mar\u00e7o e vai at\u00e9 o dia 5 de abril. A Janela \u00e9 o per\u00edodo de 30 dias em que ocupantes de cargos eletivos, obtidos em pleitos proporcionais, podem trocar de partido sem perderem o mandato. Essa possibilidade est\u00e1 prevista na Lei dos Partidos Pol\u00edticos (Lei n\u00ba 9.096\/95) e \u00e9 considerada uma justa causa para desfilia\u00e7\u00e3o partid\u00e1ria, se ela for feita durante o per\u00edodo permitido.<\/p>\n<p>Entre os que mudar\u00e3o de partido est\u00e3o tamb\u00e9m Lincoln Fernandes vai deixar o PDT e ingressar no PL do ex-presidente Jair Bolsonaro. J\u00e1 Franco Ferro, que estava no PRTB, foi para o PP do vice-prefeito Daniel Gobbi, cotado como candidato natural do grupo a sucess\u00e3o de Nogueira.<\/p>\n<\/div>\n<footer class=\"penci-entry-footer\">\n <\/footer>\n<\/div>\n<p><script async src=\"\/\/platform.twitter.com\/widgets.js\" charset=\"utf-8\"><\/script><br \/>\n<br \/><br \/>\n<br \/><a href=\"https:\/\/www.tribunaribeirao.com.br\/site\/bertinho-scandiuzzi-deixa-o-psdb\/\">Source link <\/a><\/p>\n<!-- CONTENT END 1 -->\n","protected":false},"excerpt":{"rendered":"<p>28 de mar\u00e7o de 2024 | 17:45 0 O vereador de Ribeir\u00e3o Preto, Bertinho Scandiuzzi deixou o PSDB nesta quinta-feira, 28 de mar\u00e7o e migrou&#8230;<\/p>\n","protected":false},"author":1,"featured_media":44621,"comment_status":"open","ping_status":"open","sticky":false,"template":"","format":"standard","meta":{"advanced_seo_description":"","jetpack_seo_html_title":"","jetpack_seo_noindex":false,"jetpack_post_was_ever_published":false,"_jetpack_newsletter_access":"","_jetpack_dont_email_post_to_subs":false,"_jetpack_newsletter_tier_id":0,"_jetpack_memberships_contains_paywalled_content":false,"_jetpack_memberships_contains_paid_content":false,"footnotes":"","jetpack_publicize_message":"","jetpack_publicize_feature_enabled":true,"jetpack_social_post_already_shared":true,"jetpack_social_options":{"image_generator_settings":{"template":"highway","default_image_id":0,"font":"","enabled":false},"version":2}},"categories":[11],"tags":[5280,77,1151,5281],"class_list":["post-44620","post","type-post","status-publish","format-standard","has-post-thumbnail","hentry","category-noticias-de-ribeirao-preto-sp-e-regiao-ismael-colosi","tag-bertinho","tag-deixa","tag-psdb","tag-scandiuzzi"],"jetpack_publicize_connections":[],"jetpack_featured_media_url":"https:\/\/i0.wp.com\/noticiasribeiraopreto.com.br\/wp-content\/uploads\/2024\/03\/2b0432b5-d320-4908-8192-6fb85d1029a0.jpg?fit=928%2C1600&ssl=1","jetpack-related-posts":[{"id":11319,"url":"https:\/\/noticiasribeiraopreto.com.br\/index.php\/2023\/12\/05\/camara-de-ribeirao-define-presidentes-das-comissoes-permanentes-veja-como-ficou\/","url_meta":{"origin":44620,"position":0},"title":"C\u00e2mara de Ribeir\u00e3o define presidentes das comiss\u00f5es permanentes; Veja como ficou","author":"noticiasribeiraopreto.com.br","date":"5 de December de 2023","format":false,"excerpt":"A C\u00e2mara de Ribeir\u00e3o Preto definiu nesta ter\u00e7a-feira (5) a presid\u00eancia das comiss\u00f5es permanentes para 2024. Pelo segundo ano consecutivo, o vereador Renato Zucoloto (PP) vai ficar a frente da CCJ (Comiss\u00e3o de Constitui\u00e7\u00e3o e Justi\u00e7a), considerada a principal do Legislativo, j\u00e1 que pode barrar os projetos de lei antes\u2026","rel":"","context":"In &quot;Not\u00edcias de Ribeir\u00e3o Preto-SP e Regi\u00e3o&quot;","block_context":{"text":"Not\u00edcias de Ribeir\u00e3o Preto-SP e Regi\u00e3o","link":"https:\/\/noticiasribeiraopreto.com.br\/index.php\/category\/noticias-de-ribeirao-preto-sp-e-regiao-ismael-colosi\/"},"img":{"alt_text":"","src":"https:\/\/i0.wp.com\/noticiasribeiraopreto.com.br\/wp-content\/uploads\/2023\/12\/Renato-Zucoloto.jpg?fit=1200%2C800&ssl=1&resize=350%2C200","width":350,"height":200,"srcset":"https:\/\/i0.wp.com\/noticiasribeiraopreto.com.br\/wp-content\/uploads\/2023\/12\/Renato-Zucoloto.jpg?fit=1200%2C800&ssl=1&resize=350%2C200 1x, https:\/\/i0.wp.com\/noticiasribeiraopreto.com.br\/wp-content\/uploads\/2023\/12\/Renato-Zucoloto.jpg?fit=1200%2C800&ssl=1&resize=525%2C300 1.5x, https:\/\/i0.wp.com\/noticiasribeiraopreto.com.br\/wp-content\/uploads\/2023\/12\/Renato-Zucoloto.jpg?fit=1200%2C800&ssl=1&resize=700%2C400 2x, https:\/\/i0.wp.com\/noticiasribeiraopreto.com.br\/wp-content\/uploads\/2023\/12\/Renato-Zucoloto.jpg?fit=1200%2C800&ssl=1&resize=1050%2C600 3x"},"classes":[]},{"id":8740,"url":"https:\/\/noticiasribeiraopreto.com.br\/index.php\/2023\/11\/30\/isaac-antunes-e-eleito-presidente-da-camara-de-ribeirao-preto\/","url_meta":{"origin":44620,"position":1},"title":"Isaac Antunes \u00e9 eleito presidente da C\u00e2mara de Ribeir\u00e3o Preto","author":"noticiasribeiraopreto.com.br","date":"30 de November de 2023","format":false,"excerpt":"O vereador Isaac Antunes (PL) foi eleito presidente da Mesa Diretora da C\u00e2mara de Ribeir\u00e3o Preto para o ano de 2024. O parlamentar foi o \u00fanico indicado para fun\u00e7\u00e3o e recebeu 17 votos no pleito realizado na noite desta quinta-feira (30) \u2013 quatro parlamentares se abstiveram. O parlamentar est\u00e1 no\u2026","rel":"","context":"In &quot;Not\u00edcias de Ribeir\u00e3o Preto-SP e Regi\u00e3o&quot;","block_context":{"text":"Not\u00edcias de Ribeir\u00e3o Preto-SP e Regi\u00e3o","link":"https:\/\/noticiasribeiraopreto.com.br\/index.php\/category\/noticias-de-ribeirao-preto-sp-e-regiao-ismael-colosi\/"},"img":{"alt_text":"","src":"https:\/\/i0.wp.com\/noticiasribeiraopreto.com.br\/wp-content\/uploads\/2023\/11\/isaac-antunes-pl.jpg?fit=1200%2C799&ssl=1&resize=350%2C200","width":350,"height":200,"srcset":"https:\/\/i0.wp.com\/noticiasribeiraopreto.com.br\/wp-content\/uploads\/2023\/11\/isaac-antunes-pl.jpg?fit=1200%2C799&ssl=1&resize=350%2C200 1x, https:\/\/i0.wp.com\/noticiasribeiraopreto.com.br\/wp-content\/uploads\/2023\/11\/isaac-antunes-pl.jpg?fit=1200%2C799&ssl=1&resize=525%2C300 1.5x, https:\/\/i0.wp.com\/noticiasribeiraopreto.com.br\/wp-content\/uploads\/2023\/11\/isaac-antunes-pl.jpg?fit=1200%2C799&ssl=1&resize=700%2C400 2x, https:\/\/i0.wp.com\/noticiasribeiraopreto.com.br\/wp-content\/uploads\/2023\/11\/isaac-antunes-pl.jpg?fit=1200%2C799&ssl=1&resize=1050%2C600 3x"},"classes":[]},{"id":4568,"url":"https:\/\/noticiasribeiraopreto.com.br\/index.php\/2023\/11\/21\/camara-de-ribeirao-preto-aprova-nova-mocao-para-presidente-eleito-da-argentina\/","url_meta":{"origin":44620,"position":2},"title":"C\u00e2mara de Ribeir\u00e3o Preto aprova nova mo\u00e7\u00e3o para presidente eleito da Argentina","author":"noticiasribeiraopreto.com.br","date":"21 de November de 2023","format":false,"excerpt":"A C\u00e2mara de Ribeir\u00e3o Preto aprovou na noite desta ter\u00e7a-feira (21) uma mo\u00e7\u00e3o de congratula\u00e7\u00e3o para parabenizar Javier Milei, presidente eleito da Argentina, nas elei\u00e7\u00f5es realizadas no \u00faltimo domingo (19). A proposta foi aprovada com 9 votos favor\u00e1veis e 4 quatro votos contr\u00e1rios \u2013 veja como cada vereador votou abaixo.\u2026","rel":"","context":"In &quot;Not\u00edcias de Ribeir\u00e3o Preto-SP e Regi\u00e3o&quot;","block_context":{"text":"Not\u00edcias de Ribeir\u00e3o Preto-SP e Regi\u00e3o","link":"https:\/\/noticiasribeiraopreto.com.br\/index.php\/category\/noticias-de-ribeirao-preto-sp-e-regiao-ismael-colosi\/"},"img":{"alt_text":"","src":"https:\/\/i0.wp.com\/noticiasribeiraopreto.com.br\/wp-content\/uploads\/2023\/11\/javier-milei.jpg?fit=751%2C711&ssl=1&resize=350%2C200","width":350,"height":200,"srcset":"https:\/\/i0.wp.com\/noticiasribeiraopreto.com.br\/wp-content\/uploads\/2023\/11\/javier-milei.jpg?fit=751%2C711&ssl=1&resize=350%2C200 1x, https:\/\/i0.wp.com\/noticiasribeiraopreto.com.br\/wp-content\/uploads\/2023\/11\/javier-milei.jpg?fit=751%2C711&ssl=1&resize=525%2C300 1.5x, https:\/\/i0.wp.com\/noticiasribeiraopreto.com.br\/wp-content\/uploads\/2023\/11\/javier-milei.jpg?fit=751%2C711&ssl=1&resize=700%2C400 2x"},"classes":[]},{"id":60239,"url":"https:\/\/noticiasribeiraopreto.com.br\/index.php\/2024\/11\/08\/estacionamento-na-dom-pedro-i-e-na-saudade-estara-no-1o-decreto-diz-ricardo-silva\/","url_meta":{"origin":44620,"position":3},"title":"Estacionamento na Dom Pedro I e na Saudade estar\u00e1 no 1\u00ba decreto, diz Ricardo Silva","author":"noticiasribeiraopreto.com.br","date":"8 de November de 2024","format":false,"excerpt":"O prefeito eleito de Ribeir\u00e3o Preto, Ricardo Silva (PSD), afirmou nesta sexta-feira (8) que o primeiro decreto de sua futura gest\u00e3o, a partir de 1\u00ba de janeiro de 2025, ter\u00e1 a libera\u00e7\u00e3o do estacionamento fora do hor\u00e1rio de pico nas avenidas Saudade e Dom Pedro I, onde hoje funcionam as\u2026","rel":"","context":"In &quot;Not\u00edcias de Ribeir\u00e3o Preto-SP e Regi\u00e3o&quot;","block_context":{"text":"Not\u00edcias de Ribeir\u00e3o Preto-SP e Regi\u00e3o","link":"https:\/\/noticiasribeiraopreto.com.br\/index.php\/category\/noticias-de-ribeirao-preto-sp-e-regiao-ismael-colosi\/"},"img":{"alt_text":"","src":"https:\/\/i0.wp.com\/noticiasribeiraopreto.com.br\/wp-content\/uploads\/2024\/11\/area_azul_dom_pedro_conscientizacao__3.jpeg?fit=1200%2C900&ssl=1&resize=350%2C200","width":350,"height":200,"srcset":"https:\/\/i0.wp.com\/noticiasribeiraopreto.com.br\/wp-content\/uploads\/2024\/11\/area_azul_dom_pedro_conscientizacao__3.jpeg?fit=1200%2C900&ssl=1&resize=350%2C200 1x, https:\/\/i0.wp.com\/noticiasribeiraopreto.com.br\/wp-content\/uploads\/2024\/11\/area_azul_dom_pedro_conscientizacao__3.jpeg?fit=1200%2C900&ssl=1&resize=525%2C300 1.5x, https:\/\/i0.wp.com\/noticiasribeiraopreto.com.br\/wp-content\/uploads\/2024\/11\/area_azul_dom_pedro_conscientizacao__3.jpeg?fit=1200%2C900&ssl=1&resize=700%2C400 2x, https:\/\/i0.wp.com\/noticiasribeiraopreto.com.br\/wp-content\/uploads\/2024\/11\/area_azul_dom_pedro_conscientizacao__3.jpeg?fit=1200%2C900&ssl=1&resize=1050%2C600 3x"},"classes":[]},{"id":60282,"url":"https:\/\/noticiasribeiraopreto.com.br\/index.php\/2024\/11\/10\/vice-eleito-vai-intermediar-gabinete-de-transicao-com-a-camara-de-ribeirao-preto\/","url_meta":{"origin":44620,"position":4},"title":"Vice eleito vai intermediar gabinete de transi\u00e7\u00e3o com a C\u00e2mara de Ribeir\u00e3o Preto","author":"noticiasribeiraopreto.com.br","date":"10 de November de 2024","format":false,"excerpt":"O vice-prefeito eleito de Ribeir\u00e3o Preto, Alessandro Maraca (MDB), ser\u00e1 o respons\u00e1vel por ser o interlocutor do gabinete de transi\u00e7\u00e3o com a C\u00e2mara Municipal. Atualmente, Maraca exerce o mandato de vereador no Legislativo de Ribeir\u00e3o Preto. \u201cMaraca far\u00e1 o estreitamento deste di\u00e1logo, que consideramos muito necess\u00e1rio e democr\u00e1tico\u201d, disse o\u2026","rel":"","context":"In &quot;Not\u00edcias de Ribeir\u00e3o Preto-SP e Regi\u00e3o&quot;","block_context":{"text":"Not\u00edcias de Ribeir\u00e3o Preto-SP e Regi\u00e3o","link":"https:\/\/noticiasribeiraopreto.com.br\/index.php\/category\/noticias-de-ribeirao-preto-sp-e-regiao-ismael-colosi\/"},"img":{"alt_text":"","src":"https:\/\/i0.wp.com\/noticiasribeiraopreto.com.br\/wp-content\/uploads\/2024\/10\/maraca_2024-10-27_22-59-39_jpg_2024-10-27_22-59-39.webp.webp?fit=1200%2C871&ssl=1&resize=350%2C200","width":350,"height":200,"srcset":"https:\/\/i0.wp.com\/noticiasribeiraopreto.com.br\/wp-content\/uploads\/2024\/10\/maraca_2024-10-27_22-59-39_jpg_2024-10-27_22-59-39.webp.webp?fit=1200%2C871&ssl=1&resize=350%2C200 1x, https:\/\/i0.wp.com\/noticiasribeiraopreto.com.br\/wp-content\/uploads\/2024\/10\/maraca_2024-10-27_22-59-39_jpg_2024-10-27_22-59-39.webp.webp?fit=1200%2C871&ssl=1&resize=525%2C300 1.5x, https:\/\/i0.wp.com\/noticiasribeiraopreto.com.br\/wp-content\/uploads\/2024\/10\/maraca_2024-10-27_22-59-39_jpg_2024-10-27_22-59-39.webp.webp?fit=1200%2C871&ssl=1&resize=700%2C400 2x, https:\/\/i0.wp.com\/noticiasribeiraopreto.com.br\/wp-content\/uploads\/2024\/10\/maraca_2024-10-27_22-59-39_jpg_2024-10-27_22-59-39.webp.webp?fit=1200%2C871&ssl=1&resize=1050%2C600 3x"},"classes":[]},{"id":6313,"url":"https:\/\/noticiasribeiraopreto.com.br\/index.php\/2023\/11\/25\/desinteresse-domina-a-eleicao-na-camara-de-rp\/","url_meta":{"origin":44620,"position":5},"title":"Desinteresse domina a elei\u00e7\u00e3o na C\u00e2mara\u00a0de RP","author":"noticiasribeiraopreto.com.br","date":"25 de November de 2023","format":false,"excerpt":"A cinco dias para elei\u00e7\u00e3o da nova Mesa Diretora da C\u00e2mara de Ribeir\u00e3o Preto para o pr\u00f3ximo ano, somente um vereador se lan\u00e7ou candidato ao segundo cargo mais importante do munic\u00edpio, atr\u00e1s apenas da fun\u00e7\u00e3o de chefe do Executivo, hoje ocupada pelo prefeito Duarte Nogueira (PSDB). A elei\u00e7\u00e3o ser\u00e1 na\u2026","rel":"","context":"In &quot;Not\u00edcias de Ribeir\u00e3o Preto-SP e Regi\u00e3o&quot;","block_context":{"text":"Not\u00edcias de Ribeir\u00e3o Preto-SP e Regi\u00e3o","link":"https:\/\/noticiasribeiraopreto.com.br\/index.php\/category\/noticias-de-ribeirao-preto-sp-e-regiao-ismael-colosi\/"},"img":{"alt_text":"","src":"https:\/\/i0.wp.com\/noticiasribeiraopreto.com.br\/wp-content\/uploads\/2023\/11\/CamaraRP-Alfredo-Risk-Arquivo-ok-scaled.jpg?fit=1200%2C800&ssl=1&resize=350%2C200","width":350,"height":200,"srcset":"https:\/\/i0.wp.com\/noticiasribeiraopreto.com.br\/wp-content\/uploads\/2023\/11\/CamaraRP-Alfredo-Risk-Arquivo-ok-scaled.jpg?fit=1200%2C800&ssl=1&resize=350%2C200 1x, https:\/\/i0.wp.com\/noticiasribeiraopreto.com.br\/wp-content\/uploads\/2023\/11\/CamaraRP-Alfredo-Risk-Arquivo-ok-scaled.jpg?fit=1200%2C800&ssl=1&resize=525%2C300 1.5x, https:\/\/i0.wp.com\/noticiasribeiraopreto.com.br\/wp-content\/uploads\/2023\/11\/CamaraRP-Alfredo-Risk-Arquivo-ok-scaled.jpg?fit=1200%2C800&ssl=1&resize=700%2C400 2x, https:\/\/i0.wp.com\/noticiasribeiraopreto.com.br\/wp-content\/uploads\/2023\/11\/CamaraRP-Alfredo-Risk-Arquivo-ok-scaled.jpg?fit=1200%2C800&ssl=1&resize=1050%2C600 3x"},"classes":[]}],"jetpack_sharing_enabled":true,"jetpack_shortlink":"https:\/\/wp.me\/peQAOb-bBG","_links":{"self":[{"href":"https:\/\/noticiasribeiraopreto.com.br\/index.php\/wp-json\/wp\/v2\/posts\/44620","targetHints":{"allow":["GET"]}}],"collection":[{"href":"https:\/\/noticiasribeiraopreto.com.br\/index.php\/wp-json\/wp\/v2\/posts"}],"about":[{"href":"https:\/\/noticiasribeiraopreto.com.br\/index.php\/wp-json\/wp\/v2\/types\/post"}],"author":[{"embeddable":true,"href":"https:\/\/noticiasribeiraopreto.com.br\/index.php\/wp-json\/wp\/v2\/users\/1"}],"replies":[{"embeddable":true,"href":"https:\/\/noticiasribeiraopreto.com.br\/index.php\/wp-json\/wp\/v2\/comments?post=44620"}],"version-history":[{"count":0,"href":"https:\/\/noticiasribeiraopreto.com.br\/index.php\/wp-json\/wp\/v2\/posts\/44620\/revisions"}],"wp:featuredmedia":[{"embeddable":true,"href":"https:\/\/noticiasribeiraopreto.com.br\/index.php\/wp-json\/wp\/v2\/media\/44621"}],"wp:attachment":[{"href":"https:\/\/noticiasribeiraopreto.com.br\/index.php\/wp-json\/wp\/v2\/media?parent=44620"}],"wp:term":[{"taxonomy":"category","embeddable":true,"href":"https:\/\/noticiasribeiraopreto.com.br\/index.php\/wp-json\/wp\/v2\/categories?post=44620"},{"taxonomy":"post_tag","embeddable":true,"href":"https:\/\/noticiasribeiraopreto.com.br\/index.php\/wp-json\/wp\/v2\/tags?post=44620"}],"curies":[{"name":"wp","href":"https:\/\/api.w.org\/{rel}","templated":true}]}}