{"id":44635,"date":"2024-03-28T22:43:08","date_gmt":"2024-03-29T01:43:08","guid":{"rendered":"https:\/\/noticiasribeiraopreto.com.br\/index.php\/2024\/03\/28\/onibus-com-49-pessoas-tomba-e-deixa-feridos-na-regiao\/"},"modified":"2024-03-28T22:43:08","modified_gmt":"2024-03-29T01:43:08","slug":"onibus-com-49-pessoas-tomba-e-deixa-feridos-na-regiao","status":"publish","type":"post","link":"https:\/\/noticiasribeiraopreto.com.br\/index.php\/2024\/03\/28\/onibus-com-49-pessoas-tomba-e-deixa-feridos-na-regiao\/","title":{"rendered":"\u00d4nibus com 49 pessoas tomba e deixa feridos na regi\u00e3o"},"content":{"rendered":"<div class='code-block code-block-1' style='margin: 8px 0 8px auto; text-align: right; display: block; clear: both;'>\n<p><a href=\"https:\/\/wa.link\/vpicfd\"><img data-recalc-dims=\"1\" class=\"wp-image-4922\" style=\"aspect-ratio: 2.0253164556962027; width: 561px; height: auto;\" src=\"https:\/\/i0.wp.com\/ismaelcolosi.com.br\/wp-content\/uploads\/2023\/11\/grupo-de-empregos-whatsapp-e-facebook-ismael-colosi-vagas.jpg?ssl=1\" alt=\"\" \/><\/a><\/p>\n<!-- \/wp:image -->\n<\/div>\n<p> <br \/>\n<\/p>\n<div id=\"post-378927\">\n<header class=\"entry-header penci-entry-header penci-title-center\">\n<h2 class=\"penci-post-subtitle\">De acordo com o Corpo de Bombeiros, v\u00edtimas sofreram ferimentos leves e moderados<\/h2>\n<p>\n<span class=\"entry-meta-item penci-posted-on\"><i class=\"fa fa-clock-o\"\/><time class=\"entry-date published updated\" datetime=\"2024-03-28T12:11:46-03:00\">28 de mar\u00e7o de 2024 | 12:11<\/time><\/span> <\/p>\n<p><span class=\"penci-social-buttons penci-social-share-footer\"><a href=\"#\" class=\"penci-post-like penci_post-meta_item  single-like-button penci-social-item like\" data-post_id=\"378927\" title=\"Like\" data-like=\"Like\" data-unlike=\"Unlike\"><i class=\"fa fa-thumbs-o-up\"\/><span class=\"penci-share-number\">2<\/span><\/a><i class=\"fa fa-facebook\"\/><a class=\"penci-social-item twitter\" target=\"_blank\" rel=\"noopener\" title=\"\" href=\"https:\/\/twitter.com\/intent\/tweet?text=\u00d4nibus%20com%2049%20pessoas%20tomba%20e%20deixa%20feridos%20na%20regi\u00e3o%20-%20https:\/\/www.tribunaribeirao.com.br\/site\/onibus-com-49-pessoas-tomba-e-deixa-feridos-na-regiao\/\"><i class=\"fa fa-twitter\"\/><\/a><i class=\"fa fa-whatsapp\"\/><\/span> <\/header>\n<div class=\"penci-entry-content entry-content\">\n<p>Por: Adalberto Luque<\/p>\n<p>Um \u00f4nibus tombou, na madrugada desta quinta-feira (28), na Rodovia C\u00e2ndido Portinari (SP-334). O acidente ocorreu no km 358, em Batatais, no sentido a Franca. Segundo a concession\u00e1ria Arteris ViaPaulista, respons\u00e1vel pela rodovia, o acidente envolveu 48 passageiros e o motorista do ve\u00edculo.<\/p>\n<p>N\u00e3o h\u00e1 registros de v\u00edtimas graves. Pelo menos 10 pessoas sofreram ferimentos leves e moderados, entre elas o motorista do ve\u00edculo. O acidente ocorreu por volta das 04h00 e a concession\u00e1ria interditou a faixa da esquerda para resgate dos passageiros e motorista e remo\u00e7\u00e3o do ve\u00edculo.<\/p>\n<p>Equipes da Pol\u00edcia Militar Rodovi\u00e1ria (PMRv), Corpo de Bombeiros e Arteris ViaPaulista trabalhavam, na manh\u00e3 desta quinta-feira, para libera\u00e7\u00e3o dos trechos com seguran\u00e7a para o tr\u00e1fego dos usu\u00e1rios.<\/p>\n<p>Nas rodovias paulistas j\u00e1 est\u00e1 em vigor a Opera\u00e7\u00e3o Semana Santa 2024 e a concession\u00e1ria alerta aos motoristas para redobrar os cuidados ao dirigir sob chuva e com pista molhada, respeitando os limites de velocidade e mantendo dist\u00e2ncia segura do ve\u00edculo da frente e ao avistar equipes operacionais trabalhando na rodovia.<\/p>\n<p>O \u00f4nibus seguia da Capital para Minas Gerais e havia feito uma parada em Ribeir\u00e3o Preto. O caso foi registrado na Delegacia de Batatais. As causas do acidente ser\u00e3o apuradas pela Pol\u00edcia Civil.<\/p>\n<\/div>\n<footer class=\"penci-entry-footer\">\n <\/footer>\n<\/div>\n<p><script async src=\"\/\/platform.twitter.com\/widgets.js\" charset=\"utf-8\"><\/script><br \/>\n<br \/><br \/>\n<br \/><a href=\"https:\/\/www.tribunaribeirao.com.br\/site\/onibus-com-49-pessoas-tomba-e-deixa-feridos-na-regiao\/\">Source link <\/a><\/p>\n<!-- CONTENT END 1 -->\n","protected":false},"excerpt":{"rendered":"<p>De acordo com o Corpo de Bombeiros, v\u00edtimas sofreram ferimentos leves e moderados 28 de mar\u00e7o de 2024 | 12:11 2 Por: Adalberto Luque Um&#8230;<\/p>\n","protected":false},"author":1,"featured_media":44636,"comment_status":"open","ping_status":"open","sticky":false,"template":"","format":"standard","meta":{"advanced_seo_description":"","jetpack_seo_html_title":"","jetpack_seo_noindex":false,"jetpack_post_was_ever_published":false,"_jetpack_newsletter_access":"","_jetpack_dont_email_post_to_subs":false,"_jetpack_newsletter_tier_id":0,"_jetpack_memberships_contains_paywalled_content":false,"_jetpack_memberships_contains_paid_content":false,"footnotes":"","jetpack_publicize_message":"","jetpack_publicize_feature_enabled":true,"jetpack_social_post_already_shared":true,"jetpack_social_options":{"image_generator_settings":{"template":"highway","default_image_id":0,"font":"","enabled":false},"version":2}},"categories":[11],"tags":[77,1802,335,581,277,1973],"class_list":["post-44635","post","type-post","status-publish","format-standard","has-post-thumbnail","hentry","category-noticias-de-ribeirao-preto-sp-e-regiao-ismael-colosi","tag-deixa","tag-feridos","tag-onibus","tag-pessoas","tag-regiao","tag-tomba"],"jetpack_publicize_connections":[],"jetpack_featured_media_url":"https:\/\/i0.wp.com\/noticiasribeiraopreto.com.br\/wp-content\/uploads\/2024\/03\/00-28-mar-2024-acidente-batatais-foto-redes-sociais.jpg?fit=800%2C452&ssl=1","jetpack-related-posts":[{"id":51777,"url":"https:\/\/noticiasribeiraopreto.com.br\/index.php\/2024\/05\/30\/onibus-com-66-pessoas-tomba-e-deixa-1-morto-e-4-feridos-na-rodovia-anhanguera\/","url_meta":{"origin":44635,"position":0},"title":"\u00d4nibus com 66 pessoas tomba e deixa 1 morto e 4 feridos na rodovia Anhanguera \u00a0","author":"noticiasribeiraopreto.com.br","date":"30 de May de 2024","format":false,"excerpt":"Um \u00f4nibus com 66 pessoas tombou na madrugada desta quinta-feira (30) e deixou um morto e quatro feridos, entre os quais um em estado grave, no km 301 da rodovia Anhanguera, entre Cravinhos e Ribeir\u00e3o Preto. O ve\u00edculo havia sa\u00eddo de Suzano (SP) e seguia com destino a Caldas Nova\u2026","rel":"","context":"In &quot;Not\u00edcias de Ribeir\u00e3o Preto-SP e Regi\u00e3o&quot;","block_context":{"text":"Not\u00edcias de Ribeir\u00e3o Preto-SP e Regi\u00e3o","link":"https:\/\/noticiasribeiraopreto.com.br\/index.php\/category\/noticias-de-ribeirao-preto-sp-e-regiao-ismael-colosi\/"},"img":{"alt_text":"","src":"https:\/\/i0.wp.com\/noticiasribeiraopreto.com.br\/wp-content\/uploads\/2024\/05\/WhatsApp-Image-2024-05-30-at-07.00.42_2024-05-30_10-22-40_jpeg_2024-05-30_10-22-41-scaled.webp.webp?fit=1200%2C675&ssl=1&resize=350%2C200","width":350,"height":200,"srcset":"https:\/\/i0.wp.com\/noticiasribeiraopreto.com.br\/wp-content\/uploads\/2024\/05\/WhatsApp-Image-2024-05-30-at-07.00.42_2024-05-30_10-22-40_jpeg_2024-05-30_10-22-41-scaled.webp.webp?fit=1200%2C675&ssl=1&resize=350%2C200 1x, https:\/\/i0.wp.com\/noticiasribeiraopreto.com.br\/wp-content\/uploads\/2024\/05\/WhatsApp-Image-2024-05-30-at-07.00.42_2024-05-30_10-22-40_jpeg_2024-05-30_10-22-41-scaled.webp.webp?fit=1200%2C675&ssl=1&resize=525%2C300 1.5x, https:\/\/i0.wp.com\/noticiasribeiraopreto.com.br\/wp-content\/uploads\/2024\/05\/WhatsApp-Image-2024-05-30-at-07.00.42_2024-05-30_10-22-40_jpeg_2024-05-30_10-22-41-scaled.webp.webp?fit=1200%2C675&ssl=1&resize=700%2C400 2x, https:\/\/i0.wp.com\/noticiasribeiraopreto.com.br\/wp-content\/uploads\/2024\/05\/WhatsApp-Image-2024-05-30-at-07.00.42_2024-05-30_10-22-40_jpeg_2024-05-30_10-22-41-scaled.webp.webp?fit=1200%2C675&ssl=1&resize=1050%2C600 3x"},"classes":[]},{"id":51779,"url":"https:\/\/noticiasribeiraopreto.com.br\/index.php\/2024\/05\/30\/onibus-com-66-pessoas-tomba-e-deixa-1-morto-e-feridos-na-rodovia-anhanguera\/","url_meta":{"origin":44635,"position":1},"title":"\u00d4nibus com 66 pessoas tomba e deixa 1 morto e feridos na rodovia Anhanguera \u00a0","author":"noticiasribeiraopreto.com.br","date":"30 de May de 2024","format":false,"excerpt":"Um \u00f4nibus com 66 pessoas tombou na madrugada desta quinta-feira (30) e deixou um morto e ao menos quatro feridos, entre os quais um em estado grave, no km 301 da rodovia Anhanguera, entre Cravinhos e Ribeir\u00e3o Preto. O ve\u00edculo havia sa\u00eddo de Suzano (SP) e seguia com destino a\u2026","rel":"","context":"In &quot;Not\u00edcias de Ribeir\u00e3o Preto-SP e Regi\u00e3o&quot;","block_context":{"text":"Not\u00edcias de Ribeir\u00e3o Preto-SP e Regi\u00e3o","link":"https:\/\/noticiasribeiraopreto.com.br\/index.php\/category\/noticias-de-ribeirao-preto-sp-e-regiao-ismael-colosi\/"},"img":{"alt_text":"","src":"https:\/\/i0.wp.com\/noticiasribeiraopreto.com.br\/wp-content\/uploads\/2024\/05\/WhatsApp-Image-2024-05-30-at-07.00.42_2024-05-30_10-22-40_jpeg_2024-05-30_10-22-41-scaled.webp.webp?fit=1200%2C675&ssl=1&resize=350%2C200","width":350,"height":200,"srcset":"https:\/\/i0.wp.com\/noticiasribeiraopreto.com.br\/wp-content\/uploads\/2024\/05\/WhatsApp-Image-2024-05-30-at-07.00.42_2024-05-30_10-22-40_jpeg_2024-05-30_10-22-41-scaled.webp.webp?fit=1200%2C675&ssl=1&resize=350%2C200 1x, https:\/\/i0.wp.com\/noticiasribeiraopreto.com.br\/wp-content\/uploads\/2024\/05\/WhatsApp-Image-2024-05-30-at-07.00.42_2024-05-30_10-22-40_jpeg_2024-05-30_10-22-41-scaled.webp.webp?fit=1200%2C675&ssl=1&resize=525%2C300 1.5x, https:\/\/i0.wp.com\/noticiasribeiraopreto.com.br\/wp-content\/uploads\/2024\/05\/WhatsApp-Image-2024-05-30-at-07.00.42_2024-05-30_10-22-40_jpeg_2024-05-30_10-22-41-scaled.webp.webp?fit=1200%2C675&ssl=1&resize=700%2C400 2x, https:\/\/i0.wp.com\/noticiasribeiraopreto.com.br\/wp-content\/uploads\/2024\/05\/WhatsApp-Image-2024-05-30-at-07.00.42_2024-05-30_10-22-40_jpeg_2024-05-30_10-22-41-scaled.webp.webp?fit=1200%2C675&ssl=1&resize=1050%2C600 3x"},"classes":[]},{"id":81148,"url":"https:\/\/noticiasribeiraopreto.com.br\/index.php\/2025\/12\/25\/onibus-tomba-e-deixa-mortos-e-feridos-na-regiao-de-ribeirao-preto\/","url_meta":{"origin":44635,"position":2},"title":"\u00d4nibus tomba e deixa mortos e feridos na regi\u00e3o de Ribeir\u00e3o Preto","author":"noticiasribeiraopreto.com.br","date":"25 de December de 2025","format":false,"excerpt":"Um \u00f4nibus tombou em uma rotat\u00f3ria da rodovia Brigadeiro faria Lima e deixou, ao menos, dois mortos e diversos feridos na manh\u00e3 desta quarta-feira (24). O ve\u00edculo trafegava na altura do quil\u00f4metro 340, em Jaboticabal, na regi\u00e3o de Ribeir\u00e3o Preto, quando se envolveu no acidente. De acordo com o CCM\u2026","rel":"","context":"In &quot;Not\u00edcias de Ribeir\u00e3o Preto-SP e Regi\u00e3o&quot;","block_context":{"text":"Not\u00edcias de Ribeir\u00e3o Preto-SP e Regi\u00e3o","link":"https:\/\/noticiasribeiraopreto.com.br\/index.php\/category\/noticias-de-ribeirao-preto-sp-e-regiao-ismael-colosi\/"},"img":{"alt_text":"","src":"https:\/\/i0.wp.com\/noticiasribeiraopreto.com.br\/wp-content\/uploads\/2025\/12\/acidente-onibus_2025-12-24_12-58-34.webp.webp?fit=1040%2C780&ssl=1&resize=350%2C200","width":350,"height":200,"srcset":"https:\/\/i0.wp.com\/noticiasribeiraopreto.com.br\/wp-content\/uploads\/2025\/12\/acidente-onibus_2025-12-24_12-58-34.webp.webp?fit=1040%2C780&ssl=1&resize=350%2C200 1x, https:\/\/i0.wp.com\/noticiasribeiraopreto.com.br\/wp-content\/uploads\/2025\/12\/acidente-onibus_2025-12-24_12-58-34.webp.webp?fit=1040%2C780&ssl=1&resize=525%2C300 1.5x, https:\/\/i0.wp.com\/noticiasribeiraopreto.com.br\/wp-content\/uploads\/2025\/12\/acidente-onibus_2025-12-24_12-58-34.webp.webp?fit=1040%2C780&ssl=1&resize=700%2C400 2x"},"classes":[]},{"id":81120,"url":"https:\/\/noticiasribeiraopreto.com.br\/index.php\/2025\/12\/24\/onibus-tomba-deixa-tres-pessoas-mortas-e-mais-de-42-feridas-em-jaboticabal\/","url_meta":{"origin":44635,"position":3},"title":"\u00d4nibus tomba, deixa tr\u00eas pessoas mortas e mais de 42 feridas em Jaboticabal","author":"noticiasribeiraopreto.com.br","date":"24 de December de 2025","format":false,"excerpt":"\r \r \r \r \r 24 de dezembro de 2025 08:3324 de dezembro de 2025 08:34 \r Compartilhar0 \r Um acidente envolvendo um \u00f4nibus, na manh\u00e3 desta quarta-feira (24), deixou tr\u00eas pessoas mortas e mais de 42 feridas na Rodovia Brigadeiro Faria Lima (SP-326), em Jaboticabal. Segundo informa\u00e7\u00f5es do Centro\u2026","rel":"","context":"In &quot;Not\u00edcias de Ribeir\u00e3o Preto-SP e Regi\u00e3o&quot;","block_context":{"text":"Not\u00edcias de Ribeir\u00e3o Preto-SP e Regi\u00e3o","link":"https:\/\/noticiasribeiraopreto.com.br\/index.php\/category\/noticias-de-ribeirao-preto-sp-e-regiao-ismael-colosi\/"},"img":{"alt_text":"","src":"https:\/\/i0.wp.com\/noticiasribeiraopreto.com.br\/wp-content\/uploads\/2025\/12\/WhatsApp-Image-2025-12-24-at-08.10.39-1-scaled.jpeg?fit=1040%2C780&ssl=1&resize=350%2C200","width":350,"height":200,"srcset":"https:\/\/i0.wp.com\/noticiasribeiraopreto.com.br\/wp-content\/uploads\/2025\/12\/WhatsApp-Image-2025-12-24-at-08.10.39-1-scaled.jpeg?fit=1040%2C780&ssl=1&resize=350%2C200 1x, https:\/\/i0.wp.com\/noticiasribeiraopreto.com.br\/wp-content\/uploads\/2025\/12\/WhatsApp-Image-2025-12-24-at-08.10.39-1-scaled.jpeg?fit=1040%2C780&ssl=1&resize=525%2C300 1.5x, https:\/\/i0.wp.com\/noticiasribeiraopreto.com.br\/wp-content\/uploads\/2025\/12\/WhatsApp-Image-2025-12-24-at-08.10.39-1-scaled.jpeg?fit=1040%2C780&ssl=1&resize=700%2C400 2x"},"classes":[]},{"id":57661,"url":"https:\/\/noticiasribeiraopreto.com.br\/index.php\/2024\/09\/06\/caminhao-tomba-e-deixa-feridos-na-zona-norte-de-ribeirao\/","url_meta":{"origin":44635,"position":4},"title":"Caminh\u00e3o tomba e deixa feridos na zona Norte de Ribeir\u00e3o","author":"noticiasribeiraopreto.com.br","date":"6 de September de 2024","format":false,"excerpt":"Um caminh\u00e3o carregado com material de constru\u00e7\u00e3o tombou, no come\u00e7o da tarde desta sexta-feira (6), na avenida Luiz Galv\u00e3o C\u00e9sar, zona Norte de Ribeir\u00e3o Preto. De acordo com informa\u00e7\u00f5es do Corpo de Bombeiros, o ve\u00edculo saia do anel vi\u00e1rio Norte quando perdeu o controle, cruzou o canteiro central e tombou\u2026","rel":"","context":"In &quot;Not\u00edcias de Ribeir\u00e3o Preto-SP e Regi\u00e3o&quot;","block_context":{"text":"Not\u00edcias de Ribeir\u00e3o Preto-SP e Regi\u00e3o","link":"https:\/\/noticiasribeiraopreto.com.br\/index.php\/category\/noticias-de-ribeirao-preto-sp-e-regiao-ismael-colosi\/"},"img":{"alt_text":"","src":"https:\/\/i0.wp.com\/noticiasribeiraopreto.com.br\/wp-content\/uploads\/2024\/09\/Imagem-do-WhatsApp-de-2024-09-06-as-12.52.54_35702af9_2024-09-06_15-56-06_jpg_2024-09-06_15-56-06.webp.webp?fit=1200%2C552&ssl=1&resize=350%2C200","width":350,"height":200,"srcset":"https:\/\/i0.wp.com\/noticiasribeiraopreto.com.br\/wp-content\/uploads\/2024\/09\/Imagem-do-WhatsApp-de-2024-09-06-as-12.52.54_35702af9_2024-09-06_15-56-06_jpg_2024-09-06_15-56-06.webp.webp?fit=1200%2C552&ssl=1&resize=350%2C200 1x, https:\/\/i0.wp.com\/noticiasribeiraopreto.com.br\/wp-content\/uploads\/2024\/09\/Imagem-do-WhatsApp-de-2024-09-06-as-12.52.54_35702af9_2024-09-06_15-56-06_jpg_2024-09-06_15-56-06.webp.webp?fit=1200%2C552&ssl=1&resize=525%2C300 1.5x, https:\/\/i0.wp.com\/noticiasribeiraopreto.com.br\/wp-content\/uploads\/2024\/09\/Imagem-do-WhatsApp-de-2024-09-06-as-12.52.54_35702af9_2024-09-06_15-56-06_jpg_2024-09-06_15-56-06.webp.webp?fit=1200%2C552&ssl=1&resize=700%2C400 2x, https:\/\/i0.wp.com\/noticiasribeiraopreto.com.br\/wp-content\/uploads\/2024\/09\/Imagem-do-WhatsApp-de-2024-09-06-as-12.52.54_35702af9_2024-09-06_15-56-06_jpg_2024-09-06_15-56-06.webp.webp?fit=1200%2C552&ssl=1&resize=1050%2C600 3x"},"classes":[]},{"id":51785,"url":"https:\/\/noticiasribeiraopreto.com.br\/index.php\/2024\/05\/30\/identificado-motorista-morto-em-acidente-com-onibus-de-excursao-na-anhanguera\/","url_meta":{"origin":44635,"position":5},"title":"Identificado motorista morto em acidente com \u00f4nibus de excurs\u00e3o na Anhanguera","author":"noticiasribeiraopreto.com.br","date":"30 de May de 2024","format":false,"excerpt":"A Pol\u00edcia Civil identificou o motorista de um \u00f4nibus de excurs\u00e3o que morreu na madrugada desta quinta-feira (30), em um acidente com o ve\u00edculo que transportava 66 pessoas, no km 301 da rodovia Anhanguera (SP-330), em trecho de descida entre Cravinhos e Ribeir\u00e3o Preto. Segundo o boletim de ocorr\u00eancia (BO),\u2026","rel":"","context":"In &quot;Not\u00edcias de Ribeir\u00e3o Preto-SP e Regi\u00e3o&quot;","block_context":{"text":"Not\u00edcias de Ribeir\u00e3o Preto-SP e Regi\u00e3o","link":"https:\/\/noticiasribeiraopreto.com.br\/index.php\/category\/noticias-de-ribeirao-preto-sp-e-regiao-ismael-colosi\/"},"img":{"alt_text":"","src":"https:\/\/i0.wp.com\/noticiasribeiraopreto.com.br\/wp-content\/uploads\/2024\/05\/WhatsApp-Image-2024-05-30-at-11.44.49_2024-05-30_14-45-12_jpeg_2024-05-30_14-45-13.webp.webp?fit=1200%2C675&ssl=1&resize=350%2C200","width":350,"height":200,"srcset":"https:\/\/i0.wp.com\/noticiasribeiraopreto.com.br\/wp-content\/uploads\/2024\/05\/WhatsApp-Image-2024-05-30-at-11.44.49_2024-05-30_14-45-12_jpeg_2024-05-30_14-45-13.webp.webp?fit=1200%2C675&ssl=1&resize=350%2C200 1x, https:\/\/i0.wp.com\/noticiasribeiraopreto.com.br\/wp-content\/uploads\/2024\/05\/WhatsApp-Image-2024-05-30-at-11.44.49_2024-05-30_14-45-12_jpeg_2024-05-30_14-45-13.webp.webp?fit=1200%2C675&ssl=1&resize=525%2C300 1.5x, https:\/\/i0.wp.com\/noticiasribeiraopreto.com.br\/wp-content\/uploads\/2024\/05\/WhatsApp-Image-2024-05-30-at-11.44.49_2024-05-30_14-45-12_jpeg_2024-05-30_14-45-13.webp.webp?fit=1200%2C675&ssl=1&resize=700%2C400 2x, https:\/\/i0.wp.com\/noticiasribeiraopreto.com.br\/wp-content\/uploads\/2024\/05\/WhatsApp-Image-2024-05-30-at-11.44.49_2024-05-30_14-45-12_jpeg_2024-05-30_14-45-13.webp.webp?fit=1200%2C675&ssl=1&resize=1050%2C600 3x"},"classes":[]}],"jetpack_sharing_enabled":true,"jetpack_shortlink":"https:\/\/wp.me\/peQAOb-bBV","_links":{"self":[{"href":"https:\/\/noticiasribeiraopreto.com.br\/index.php\/wp-json\/wp\/v2\/posts\/44635","targetHints":{"allow":["GET"]}}],"collection":[{"href":"https:\/\/noticiasribeiraopreto.com.br\/index.php\/wp-json\/wp\/v2\/posts"}],"about":[{"href":"https:\/\/noticiasribeiraopreto.com.br\/index.php\/wp-json\/wp\/v2\/types\/post"}],"author":[{"embeddable":true,"href":"https:\/\/noticiasribeiraopreto.com.br\/index.php\/wp-json\/wp\/v2\/users\/1"}],"replies":[{"embeddable":true,"href":"https:\/\/noticiasribeiraopreto.com.br\/index.php\/wp-json\/wp\/v2\/comments?post=44635"}],"version-history":[{"count":0,"href":"https:\/\/noticiasribeiraopreto.com.br\/index.php\/wp-json\/wp\/v2\/posts\/44635\/revisions"}],"wp:featuredmedia":[{"embeddable":true,"href":"https:\/\/noticiasribeiraopreto.com.br\/index.php\/wp-json\/wp\/v2\/media\/44636"}],"wp:attachment":[{"href":"https:\/\/noticiasribeiraopreto.com.br\/index.php\/wp-json\/wp\/v2\/media?parent=44635"}],"wp:term":[{"taxonomy":"category","embeddable":true,"href":"https:\/\/noticiasribeiraopreto.com.br\/index.php\/wp-json\/wp\/v2\/categories?post=44635"},{"taxonomy":"post_tag","embeddable":true,"href":"https:\/\/noticiasribeiraopreto.com.br\/index.php\/wp-json\/wp\/v2\/tags?post=44635"}],"curies":[{"name":"wp","href":"https:\/\/api.w.org\/{rel}","templated":true}]}}