{"id":44699,"date":"2024-03-29T17:34:37","date_gmt":"2024-03-29T20:34:37","guid":{"rendered":"https:\/\/noticiasribeiraopreto.com.br\/index.php\/2024\/03\/29\/produtores-de-16-estados-poderao-renegociar-dividas-do-credito-rural\/"},"modified":"2024-03-29T17:34:37","modified_gmt":"2024-03-29T20:34:37","slug":"produtores-de-16-estados-poderao-renegociar-dividas-do-credito-rural","status":"publish","type":"post","link":"https:\/\/noticiasribeiraopreto.com.br\/index.php\/2024\/03\/29\/produtores-de-16-estados-poderao-renegociar-dividas-do-credito-rural\/","title":{"rendered":"Produtores de 16 estados poder\u00e3o renegociar d\u00edvidas do cr\u00e9dito rural"},"content":{"rendered":"<div class='code-block code-block-1' style='margin: 8px 0 8px auto; text-align: right; display: block; clear: both;'>\n<p><a href=\"https:\/\/wa.link\/vpicfd\"><img data-recalc-dims=\"1\" class=\"wp-image-4922\" style=\"aspect-ratio: 2.0253164556962027; width: 561px; height: auto;\" src=\"https:\/\/i0.wp.com\/ismaelcolosi.com.br\/wp-content\/uploads\/2023\/11\/grupo-de-empregos-whatsapp-e-facebook-ismael-colosi-vagas.jpg?ssl=1\" alt=\"\" \/><\/a><\/p>\n<!-- \/wp:image -->\n<\/div>\n<p> <br \/>\n<\/p>\n<div>\n<p>Produtores de 16 estados afetados por eventos clim\u00e1ticos ou pela queda de pre\u00e7os agr\u00edcolas poder\u00e3o renegociar d\u00edvidas do cr\u00e9dito rural para investimentos, autorizou nesta quinta-feira (28) o Conselho Monet\u00e1rio Nacional (CMN). Os pedidos precisam ser feitos at\u00e9 31 de maio.<img data-recalc-dims=\"1\" decoding=\"async\" src=\"https:\/\/i0.wp.com\/agenciabrasil.ebc.com.br\/ebc.gif?ssl=1\"\/><\/p>\n<p>Em nota, o Minist\u00e9rio da Fazenda informou que a medida foi necess\u00e1ria porque, na safra 2023\/2024, o comportamento clim\u00e1tico nas principais regi\u00f5es produtoras afetou negativamente algumas lavouras, principalmente de soja e milho, reduzindo a produtividade em localidades espec\u00edficas das regi\u00f5es Sul, Centro-Oeste e do estado de S\u00e3o Paulo.<\/p>\n<p>Al\u00e9m disso, o Minist\u00e9rio da Agricultura informou que os produtores rurais t\u00eam enfrentado dificuldades com a queda no pre\u00e7o da soja, do milho, da carne e do leite em algumas regi\u00f5es e com insumos caros.<\/p>\n<p>As institui\u00e7\u00f5es financeiras poder\u00e3o renegociar, a seu crit\u00e9rio, at\u00e9 100% do valor principal das parcelas com vencimento entre 2 de janeiro e 30 de dezembro deste ano. As linhas de cr\u00e9dito precisam ter sido contratadas at\u00e9 30 de dezembro do ano passado, e o tomador tem que precisa estar em dia com as parcelas at\u00e9 esta data.<\/p>\n<h2>Enquadramento<\/h2>\n<p>A renegocia\u00e7\u00e3o abrange parcelas de linhas de cr\u00e9dito rural de investimento contratadas com recursos controlados (recursos equalizados, recursos obrigat\u00f3rios e recursos dos Fundos Constitucionais do Nordeste, do Norte e do Centro-Oeste). Os financiamentos dever\u00e3o ter amparo do Programa Nacional de Fortalecimento da Agricultura Familiar (Pronaf), Programa Nacional de Apoio ao M\u00e9dio Produtor Rural (Pronamp) e dos demais programas de investimento rural do Banco Nacional de Desenvolvimento Econ\u00f4mico e Social (BNDES), bem como das linhas de investimento rural dos fundos constitucionais.<\/p>\n<p><strong>As atividades produtivas e os estados beneficiados s\u00e3o os seguintes:<\/strong><\/p>\n<p>\u2022 \u00a0 \u00a0soja, milho e bovinocultura de carne: Goi\u00e1s e Mato Grosso;<\/p>\n<p>\u2022 \u00a0 \u00a0bovinocultura de carne e leite: Minas Gerais;<\/p>\n<p>\u2022 \u00a0 \u00a0soja, milho e bovinocultura de leite: S\u00e3o Paulo, Paran\u00e1, Rio Grande do Sul e Santa Catarina;<\/p>\n<p>\u2022 \u00a0 \u00a0bovinocultura de carne: Rond\u00f4nia, Roraima, Par\u00e1, Acre, Amap\u00e1, Amazonas e Tocantins;<\/p>\n<p>\u2022 \u00a0 \u00a0soja, milho e bovinocultura de leite e de carne: Mato Grosso do Sul;<\/p>\n<p>\u2022 \u00a0 \u00a0bovinocultura de leite: Esp\u00edrito Santo e Rio de Janeiro.<\/p>\n<p>As parcelas renegociadas devem ser corrigidas pelos encargos financeiros contratuais, inclusive para situa\u00e7\u00e3o de inadimpl\u00eancia quando for o caso. No entanto, as parcelas com vencimento entre 28 de mar\u00e7o e 15 de abril de 2024 podem ser corrigidas pelos encargos contratuais para a situa\u00e7\u00e3o de normalidade, dispensando os encargos extras por causa de inadimpl\u00eancia. O mutu\u00e1rio deve pagar pelo menos os encargos financeiros previstos para este ano, nas respectivas datas de vencimento das parcelas.<\/p>\n<p>Nas linhas de cr\u00e9dito com a \u00faltima parcela prevista para vencimento em 2024, 2025 ou 2026, at\u00e9 100% do valor principal das parcelas de 2024 podem ser reprogramados para reembolso em at\u00e9 um ano ap\u00f3s o vencimento da \u00faltima parcela prevista no cronograma de reembolso vigente.<\/p>\n<p>Nas opera\u00e7\u00f5es com a \u00faltima parcela prevista ap\u00f3s 2026, at\u00e9 100% do principal das parcelas de 2024 devem ser somados ao saldo devedor e redistribu\u00eddos nas parcelas a vencerem a partir de 2025.<\/p>\n<h2>Estimativas<\/h2>\n<p>A renegocia\u00e7\u00e3o abrange opera\u00e7\u00f5es de investimento cujas parcelas com vencimento em 2024 podem alcan\u00e7ar R$ 20,8 bilh\u00f5es em recursos equalizados, R$ 6,3 bilh\u00f5es em recursos dos fundos constitucionais e R$ 1,1 bilh\u00e3o em recursos obrigat\u00f3rios.<\/p>\n<p>Caso todas as parcelas das opera\u00e7\u00f5es aptas \u00e0 renegocia\u00e7\u00e3o sejam prorrogadas, o custo ser\u00e1 R$ 3,2 bilh\u00f5es, distribu\u00eddos entre 2024 e 2030, sendo metade para a agricultura familiar e metade para a agricultura empresarial. O custo efetivo ser\u00e1 descontado dos valores a serem destinados para equaliza\u00e7\u00e3o de taxas dos Planos Safra 2024\/2025.<\/p>\n<h2>Pronaf<\/h2>\n<p>Quanto \u00e0s d\u00edvidas de opera\u00e7\u00f5es de cr\u00e9dito do Pronaf com recursos dos fundos constitucionais, o CMN autorizou os mutu\u00e1rios afetados por mudan\u00e7as clim\u00e1ticas a pedir a renegocia\u00e7\u00e3o at\u00e9 120 dias ap\u00f3s o vencimento da presta\u00e7\u00e3o. At\u00e9 agora, n\u00e3o havia norma sobre as condi\u00e7\u00f5es de renegocia\u00e7\u00e3o ap\u00f3s esse prazo.<\/p>\n<p>Para as parcelas vencidas h\u00e1 mais de 120 dias, o CMN definiu que devem ser aplicados os encargos para a situa\u00e7\u00e3o de inadimpl\u00eancia. No entanto, esses encargos ser\u00e3o atrelados aos fundos constitucionais, que cobram juros menores que as demais linhas de cr\u00e9dito rural.<\/p>\n<\/div>\n<p><br \/>\n<br \/><a href=\"https:\/\/www.tribunaribeirao.com.br\/site\/produtores-de-16-estados-poderao-renegociar-dividas-do-credito-rural\/\">Source link <\/a><\/p>\n<!-- CONTENT END 1 -->\n","protected":false},"excerpt":{"rendered":"<p>Produtores de 16 estados afetados por eventos clim\u00e1ticos ou pela queda de pre\u00e7os agr\u00edcolas poder\u00e3o renegociar d\u00edvidas do cr\u00e9dito rural para investimentos, autorizou nesta quinta-feira&#8230;<\/p>\n","protected":false},"author":1,"featured_media":44700,"comment_status":"open","ping_status":"open","sticky":false,"template":"","format":"standard","meta":{"advanced_seo_description":"","jetpack_seo_html_title":"","jetpack_seo_noindex":false,"jetpack_post_was_ever_published":false,"_jetpack_newsletter_access":"","_jetpack_dont_email_post_to_subs":false,"_jetpack_newsletter_tier_id":0,"_jetpack_memberships_contains_paywalled_content":false,"_jetpack_memberships_contains_paid_content":false,"footnotes":"","jetpack_publicize_message":"","jetpack_publicize_feature_enabled":true,"jetpack_social_post_already_shared":true,"jetpack_social_options":{"image_generator_settings":{"template":"highway","default_image_id":0,"font":"","enabled":false},"version":2}},"categories":[11],"tags":[3650,2899,2974,757,195,5296,556],"class_list":["post-44699","post","type-post","status-publish","format-standard","has-post-thumbnail","hentry","category-noticias-de-ribeirao-preto-sp-e-regiao-ismael-colosi","tag-credito","tag-dividas","tag-estados","tag-poderao","tag-produtores","tag-renegociar","tag-rural"],"jetpack_publicize_connections":[],"jetpack_featured_media_url":"https:\/\/i0.wp.com\/noticiasribeiraopreto.com.br\/wp-content\/uploads\/2024\/03\/imagem-9.jpg?fit=1170%2C700&ssl=1","jetpack-related-posts":[{"id":84780,"url":"https:\/\/noticiasribeiraopreto.com.br\/index.php\/2026\/04\/15\/produtores-rurais-enfrentam-juros-altos-dividas-e-falta-de-mao-de-obra-alerta-faesp\/","url_meta":{"origin":44699,"position":0},"title":"Produtores rurais enfrentam juros altos, d\u00edvidas e falta de m\u00e3o de obra, alerta Faesp","author":"noticiasribeiraopreto.com.br","date":"15 de April de 2026","format":false,"excerpt":"\r \r \r 15 de abril de 2026 18:22 \r Compartilhar0 Setor relata dificuldades com cr\u00e9dito, aus\u00eancia de seguro agr\u00edcola e uma grande preocupa\u00e7\u00e3o com mudan\u00e7as na jornada de trabalho Os produtores rurais de S\u00e3o Paulo atravessam um per\u00edodo de aperto. Juros elevados, aumento dos custos e dificuldade para encontrar\u2026","rel":"","context":"In &quot;Not\u00edcias de Ribeir\u00e3o Preto-SP e Regi\u00e3o&quot;","block_context":{"text":"Not\u00edcias de Ribeir\u00e3o Preto-SP e Regi\u00e3o","link":"https:\/\/noticiasribeiraopreto.com.br\/index.php\/category\/noticias-de-ribeirao-preto-sp-e-regiao-ismael-colosi\/"},"img":{"alt_text":"","src":"https:\/\/i0.wp.com\/noticiasribeiraopreto.com.br\/wp-content\/uploads\/2026\/04\/faesp-senar-2-scaled.jpeg?fit=1040%2C780&ssl=1&resize=350%2C200","width":350,"height":200,"srcset":"https:\/\/i0.wp.com\/noticiasribeiraopreto.com.br\/wp-content\/uploads\/2026\/04\/faesp-senar-2-scaled.jpeg?fit=1040%2C780&ssl=1&resize=350%2C200 1x, https:\/\/i0.wp.com\/noticiasribeiraopreto.com.br\/wp-content\/uploads\/2026\/04\/faesp-senar-2-scaled.jpeg?fit=1040%2C780&ssl=1&resize=525%2C300 1.5x, https:\/\/i0.wp.com\/noticiasribeiraopreto.com.br\/wp-content\/uploads\/2026\/04\/faesp-senar-2-scaled.jpeg?fit=1040%2C780&ssl=1&resize=700%2C400 2x"},"classes":[]},{"id":65336,"url":"https:\/\/noticiasribeiraopreto.com.br\/index.php\/2025\/03\/19\/sabesp-divulga-feirao-para-renegociar-dividas-de-consumidores-sem-juros-e-multas\/","url_meta":{"origin":44699,"position":1},"title":"Sabesp divulga feir\u00e3o para renegociar d\u00edvidas de consumidores sem juros e multas","author":"noticiasribeiraopreto.com.br","date":"19 de March de 2025","format":false,"excerpt":"A Sabesp inicia est\u00e1 com edi\u00e7\u00e3o do feir\u00e3o \u201cAcertando suas contas com a Sabesp\u201d, oferecendo condi\u00e7\u00f5es para regulariza\u00e7\u00e3o de d\u00edvidas. At\u00e9 o dia 31 de mar\u00e7o, os clientes Sabesp poder\u00e3o obter at\u00e9 100% de desconto em juros e multas, al\u00e9m da op\u00e7\u00e3o de parcelamento dos d\u00e9bitos. A iniciativa contempla im\u00f3veis\u2026","rel":"","context":"In &quot;Not\u00edcias de Franca-SP&quot;","block_context":{"text":"Not\u00edcias de Franca-SP","link":"https:\/\/noticiasribeiraopreto.com.br\/index.php\/category\/noticias-de-ribeirao-preto-sp-e-regiao-ismael-colosi\/noticias-franca-sp\/"},"img":{"alt_text":"","src":"https:\/\/i0.wp.com\/noticiasribeiraopreto.com.br\/wp-content\/uploads\/2025\/03\/sabesp.jpeg?fit=1200%2C814&ssl=1&resize=350%2C200","width":350,"height":200,"srcset":"https:\/\/i0.wp.com\/noticiasribeiraopreto.com.br\/wp-content\/uploads\/2025\/03\/sabesp.jpeg?fit=1200%2C814&ssl=1&resize=350%2C200 1x, https:\/\/i0.wp.com\/noticiasribeiraopreto.com.br\/wp-content\/uploads\/2025\/03\/sabesp.jpeg?fit=1200%2C814&ssl=1&resize=525%2C300 1.5x, https:\/\/i0.wp.com\/noticiasribeiraopreto.com.br\/wp-content\/uploads\/2025\/03\/sabesp.jpeg?fit=1200%2C814&ssl=1&resize=700%2C400 2x, https:\/\/i0.wp.com\/noticiasribeiraopreto.com.br\/wp-content\/uploads\/2025\/03\/sabesp.jpeg?fit=1200%2C814&ssl=1&resize=1050%2C600 3x"},"classes":[]},{"id":7465,"url":"https:\/\/noticiasribeiraopreto.com.br\/index.php\/2023\/11\/28\/estrategias-para-renegociar-suas-dividas-e-evitar-a-inadimplencia\/","url_meta":{"origin":44699,"position":2},"title":"Estrat\u00e9gias para renegociar suas d\u00edvidas e evitar a inadimpl\u00eancia","author":"noticiasribeiraopreto.com.br","date":"28 de November de 2023","format":false,"excerpt":"A inadimpl\u00eancia \u00e9 a situa\u00e7\u00e3o em que o devedor n\u00e3o cumpre com suas obriga\u00e7\u00f5es de pagamento, seja por falta de recursos, por esquecimento ou por m\u00e1-f\u00e9. A inadimpl\u00eancia pode trazer s\u00e9rias consequ\u00eancias para o devedor, como juros, multas, restri\u00e7\u00f5es no cr\u00e9dito, protestos e cobran\u00e7as judiciais. Cr\u00e9ditos: iSTockEstrat\u00e9gias para renegociar suas\u2026","rel":"","context":"In &quot;Variedades&quot;","block_context":{"text":"Variedades","link":"https:\/\/noticiasribeiraopreto.com.br\/index.php\/category\/variedades\/"},"img":{"alt_text":"","src":"https:\/\/i0.wp.com\/noticiasribeiraopreto.com.br\/wp-content\/uploads\/2023\/11\/dividas-2.jpg?fit=1200%2C638&ssl=1&resize=350%2C200","width":350,"height":200,"srcset":"https:\/\/i0.wp.com\/noticiasribeiraopreto.com.br\/wp-content\/uploads\/2023\/11\/dividas-2.jpg?fit=1200%2C638&ssl=1&resize=350%2C200 1x, https:\/\/i0.wp.com\/noticiasribeiraopreto.com.br\/wp-content\/uploads\/2023\/11\/dividas-2.jpg?fit=1200%2C638&ssl=1&resize=525%2C300 1.5x, https:\/\/i0.wp.com\/noticiasribeiraopreto.com.br\/wp-content\/uploads\/2023\/11\/dividas-2.jpg?fit=1200%2C638&ssl=1&resize=700%2C400 2x, https:\/\/i0.wp.com\/noticiasribeiraopreto.com.br\/wp-content\/uploads\/2023\/11\/dividas-2.jpg?fit=1200%2C638&ssl=1&resize=1050%2C600 3x"},"classes":[]},{"id":68938,"url":"https:\/\/noticiasribeiraopreto.com.br\/index.php\/2025\/04\/30\/produtores-rurais-de-sp-poderao-plantar-em-faixas-de-dominio-das-rodovias-saiba-mais\/","url_meta":{"origin":44699,"position":3},"title":"Produtores rurais de SP poder\u00e3o plantar em faixas de dom\u00ednio das rodovias; saiba mais","author":"noticiasribeiraopreto.com.br","date":"30 de April de 2025","format":false,"excerpt":"Os produtores rurais poder\u00e3o ampliar as \u00e1reas de cultivo nas chamadas faixas de dom\u00ednio das rodovias sob jurisdi\u00e7\u00e3o do DER-SP (Departamento de Estradas de Rodagem de S\u00e3o Paulo). A medida foi anunciada pelo governador Tarc\u00edsio de Freitas (REP) na Agrishow, em Ribeir\u00e3o Preto, na ter\u00e7a-feira (29). As faixas de dom\u00ednio\u2026","rel":"","context":"In &quot;Not\u00edcias de Ribeir\u00e3o Preto-SP e Regi\u00e3o&quot;","block_context":{"text":"Not\u00edcias de Ribeir\u00e3o Preto-SP e Regi\u00e3o","link":"https:\/\/noticiasribeiraopreto.com.br\/index.php\/category\/noticias-de-ribeirao-preto-sp-e-regiao-ismael-colosi\/"},"img":{"alt_text":"","src":"https:\/\/i0.wp.com\/noticiasribeiraopreto.com.br\/wp-content\/uploads\/2025\/04\/area-dominio_2025-04-30_16-46-39.webp.webp?fit=1200%2C675&ssl=1&resize=350%2C200","width":350,"height":200,"srcset":"https:\/\/i0.wp.com\/noticiasribeiraopreto.com.br\/wp-content\/uploads\/2025\/04\/area-dominio_2025-04-30_16-46-39.webp.webp?fit=1200%2C675&ssl=1&resize=350%2C200 1x, https:\/\/i0.wp.com\/noticiasribeiraopreto.com.br\/wp-content\/uploads\/2025\/04\/area-dominio_2025-04-30_16-46-39.webp.webp?fit=1200%2C675&ssl=1&resize=525%2C300 1.5x, https:\/\/i0.wp.com\/noticiasribeiraopreto.com.br\/wp-content\/uploads\/2025\/04\/area-dominio_2025-04-30_16-46-39.webp.webp?fit=1200%2C675&ssl=1&resize=700%2C400 2x, https:\/\/i0.wp.com\/noticiasribeiraopreto.com.br\/wp-content\/uploads\/2025\/04\/area-dominio_2025-04-30_16-46-39.webp.webp?fit=1200%2C675&ssl=1&resize=1050%2C600 3x"},"classes":[]},{"id":58369,"url":"https:\/\/noticiasribeiraopreto.com.br\/index.php\/2024\/09\/25\/saiba-como-renegociar-o-ipva-com-ate-50-de-desconto\/","url_meta":{"origin":44699,"position":4},"title":"Saiba como renegociar o IPVA com at\u00e9 50% de desconto","author":"noticiasribeiraopreto.com.br","date":"25 de September de 2024","format":false,"excerpt":"O Governo de S\u00e3o Paulo lan\u00e7ou, na ter\u00e7a-feira (24), uma nova etapa do Acordo Paulista, programa para incentivar o pagamento de d\u00edvidas. Nesta fase, contribuintes que est\u00e3o com o Imposto sobre Propriedade de Ve\u00edculo Automotor (IPVA) em atraso e inscritos na d\u00edvida ativa podem participar. O objetivo \u00e9 simplificar a\u2026","rel":"","context":"In &quot;Not\u00edcias de Ribeir\u00e3o Preto-SP e Regi\u00e3o&quot;","block_context":{"text":"Not\u00edcias de Ribeir\u00e3o Preto-SP e Regi\u00e3o","link":"https:\/\/noticiasribeiraopreto.com.br\/index.php\/category\/noticias-de-ribeirao-preto-sp-e-regiao-ismael-colosi\/"},"img":{"alt_text":"","src":"https:\/\/i0.wp.com\/noticiasribeiraopreto.com.br\/wp-content\/uploads\/2024\/09\/54009600653_a4c0c4124e_k-1536x1024-1_2024-09-25_20-32-35_jpg_2024-09-25_20-32-35.webp.webp?fit=1200%2C800&ssl=1&resize=350%2C200","width":350,"height":200,"srcset":"https:\/\/i0.wp.com\/noticiasribeiraopreto.com.br\/wp-content\/uploads\/2024\/09\/54009600653_a4c0c4124e_k-1536x1024-1_2024-09-25_20-32-35_jpg_2024-09-25_20-32-35.webp.webp?fit=1200%2C800&ssl=1&resize=350%2C200 1x, https:\/\/i0.wp.com\/noticiasribeiraopreto.com.br\/wp-content\/uploads\/2024\/09\/54009600653_a4c0c4124e_k-1536x1024-1_2024-09-25_20-32-35_jpg_2024-09-25_20-32-35.webp.webp?fit=1200%2C800&ssl=1&resize=525%2C300 1.5x, https:\/\/i0.wp.com\/noticiasribeiraopreto.com.br\/wp-content\/uploads\/2024\/09\/54009600653_a4c0c4124e_k-1536x1024-1_2024-09-25_20-32-35_jpg_2024-09-25_20-32-35.webp.webp?fit=1200%2C800&ssl=1&resize=700%2C400 2x, https:\/\/i0.wp.com\/noticiasribeiraopreto.com.br\/wp-content\/uploads\/2024\/09\/54009600653_a4c0c4124e_k-1536x1024-1_2024-09-25_20-32-35_jpg_2024-09-25_20-32-35.webp.webp?fit=1200%2C800&ssl=1&resize=1050%2C600 3x"},"classes":[]},{"id":74768,"url":"https:\/\/noticiasribeiraopreto.com.br\/index.php\/2025\/07\/29\/fies-lanca-plano-para-renegociacao-de-dividas\/","url_meta":{"origin":44699,"position":5},"title":"Fies lan\u00e7a plano para renegocia\u00e7\u00e3o de d\u00edvidas","author":"noticiasribeiraopreto.com.br","date":"29 de July de 2025","format":false,"excerpt":"29 de julho de 2025 09:154 Compartilhar0 O governo federal anunciou que estudantes com contratos do Fundo de Financiamento Estudantil (Fies) formalizados a partir de 2018 poder\u00e3o renegociar as suas d\u00edvidas. Os benefici\u00e1rios poder\u00e3o solicitar a renegocia\u00e7\u00e3o diretamente junto ao agente financeiro do contrato, de 1\u00ba de novembro de 2025\u2026","rel":"","context":"In &quot;Not\u00edcias de Ribeir\u00e3o Preto-SP e Regi\u00e3o&quot;","block_context":{"text":"Not\u00edcias de Ribeir\u00e3o Preto-SP e Regi\u00e3o","link":"https:\/\/noticiasribeiraopreto.com.br\/index.php\/category\/noticias-de-ribeirao-preto-sp-e-regiao-ismael-colosi\/"},"img":{"alt_text":"","src":"https:\/\/i0.wp.com\/noticiasribeiraopreto.com.br\/wp-content\/uploads\/2025\/07\/1753791498_fies-app_00769119_0_-B7m7Zo-696x400-1-scaled.jpeg?fit=800%2C450&ssl=1&resize=350%2C200","width":350,"height":200,"srcset":"https:\/\/i0.wp.com\/noticiasribeiraopreto.com.br\/wp-content\/uploads\/2025\/07\/1753791498_fies-app_00769119_0_-B7m7Zo-696x400-1-scaled.jpeg?fit=800%2C450&ssl=1&resize=350%2C200 1x, https:\/\/i0.wp.com\/noticiasribeiraopreto.com.br\/wp-content\/uploads\/2025\/07\/1753791498_fies-app_00769119_0_-B7m7Zo-696x400-1-scaled.jpeg?fit=800%2C450&ssl=1&resize=525%2C300 1.5x, https:\/\/i0.wp.com\/noticiasribeiraopreto.com.br\/wp-content\/uploads\/2025\/07\/1753791498_fies-app_00769119_0_-B7m7Zo-696x400-1-scaled.jpeg?fit=800%2C450&ssl=1&resize=700%2C400 2x"},"classes":[]}],"jetpack_sharing_enabled":true,"jetpack_shortlink":"https:\/\/wp.me\/peQAOb-bCX","_links":{"self":[{"href":"https:\/\/noticiasribeiraopreto.com.br\/index.php\/wp-json\/wp\/v2\/posts\/44699","targetHints":{"allow":["GET"]}}],"collection":[{"href":"https:\/\/noticiasribeiraopreto.com.br\/index.php\/wp-json\/wp\/v2\/posts"}],"about":[{"href":"https:\/\/noticiasribeiraopreto.com.br\/index.php\/wp-json\/wp\/v2\/types\/post"}],"author":[{"embeddable":true,"href":"https:\/\/noticiasribeiraopreto.com.br\/index.php\/wp-json\/wp\/v2\/users\/1"}],"replies":[{"embeddable":true,"href":"https:\/\/noticiasribeiraopreto.com.br\/index.php\/wp-json\/wp\/v2\/comments?post=44699"}],"version-history":[{"count":0,"href":"https:\/\/noticiasribeiraopreto.com.br\/index.php\/wp-json\/wp\/v2\/posts\/44699\/revisions"}],"wp:featuredmedia":[{"embeddable":true,"href":"https:\/\/noticiasribeiraopreto.com.br\/index.php\/wp-json\/wp\/v2\/media\/44700"}],"wp:attachment":[{"href":"https:\/\/noticiasribeiraopreto.com.br\/index.php\/wp-json\/wp\/v2\/media?parent=44699"}],"wp:term":[{"taxonomy":"category","embeddable":true,"href":"https:\/\/noticiasribeiraopreto.com.br\/index.php\/wp-json\/wp\/v2\/categories?post=44699"},{"taxonomy":"post_tag","embeddable":true,"href":"https:\/\/noticiasribeiraopreto.com.br\/index.php\/wp-json\/wp\/v2\/tags?post=44699"}],"curies":[{"name":"wp","href":"https:\/\/api.w.org\/{rel}","templated":true}]}}