{"id":44750,"date":"2024-03-30T11:22:35","date_gmt":"2024-03-30T14:22:35","guid":{"rendered":"https:\/\/noticiasribeiraopreto.com.br\/index.php\/2024\/03\/30\/inaugurada-rua-em-paris-em-homenagem-a-socrates\/"},"modified":"2024-03-30T11:22:35","modified_gmt":"2024-03-30T14:22:35","slug":"inaugurada-rua-em-paris-em-homenagem-a-socrates","status":"publish","type":"post","link":"https:\/\/noticiasribeiraopreto.com.br\/index.php\/2024\/03\/30\/inaugurada-rua-em-paris-em-homenagem-a-socrates\/","title":{"rendered":"Inaugurada Rua em Paris em Homenagem a S\u00f3crates"},"content":{"rendered":"<div class='code-block code-block-1' style='margin: 8px 0 8px auto; text-align: right; display: block; clear: both;'>\n<p><a href=\"https:\/\/wa.link\/vpicfd\"><img data-recalc-dims=\"1\" class=\"wp-image-4922\" style=\"aspect-ratio: 2.0253164556962027; width: 561px; height: auto;\" src=\"https:\/\/i0.wp.com\/ismaelcolosi.com.br\/wp-content\/uploads\/2023\/11\/grupo-de-empregos-whatsapp-e-facebook-ismael-colosi-vagas.jpg?ssl=1\" alt=\"\" \/><\/a><\/p>\n<!-- \/wp:image -->\n<\/div>\n<p> <br \/>\n<\/p>\n<div id=\"\">\n<p>\n<span class=\"entry-meta-item penci-posted-on\"><i class=\"fa fa-clock-o\"\/><time class=\"entry-date published updated\" datetime=\"2024-03-30T11:17:47-03:00\">30 de mar\u00e7o de 2024 | 11:17<\/time><\/span> <\/p>\n<p><span class=\"penci-social-buttons penci-social-share-footer\"><a href=\"#\" class=\"penci-post-like penci_post-meta_item  single-like-button penci-social-item like\" data-post_id=\"379016\" title=\"Like\" data-like=\"Like\" data-unlike=\"Unlike\"><i class=\"fa fa-thumbs-o-up\"\/><span class=\"penci-share-number\">0<\/span><\/a><i class=\"fa fa-facebook\"\/><a class=\"penci-social-item twitter\" target=\"_blank\" rel=\"noopener\" title=\"\" href=\"https:\/\/twitter.com\/intent\/tweet?text=Inaugurada%20Rua%20em%20Paris%20em%20Homenagem%20a%20S\u00f3crates%20-%20https:\/\/www.tribunaribeirao.com.br\/site\/inaugurada-rua-em-paris-em-homenagem-a-socrates\/\"><i class=\"fa fa-twitter\"\/><\/a><i class=\"fa fa-whatsapp\"\/><\/span> <\/div>\n<div>\n<p>Neste s\u00e1bado, uma cerim\u00f4nia marcante tomou lugar em Saint-Ouen, cidade pr\u00f3xima a Paris, com a inaugura\u00e7\u00e3o da \u201cRue du Dr. S\u00f3crates\u201d (Rua do Dr. S\u00f3crates, em portugu\u00eas). Prefeito de Ribeir\u00e3o Preto, Duarte Nogueira, presenciou a homenagem prestada ao ic\u00f4nico jogador de futebol S\u00f3crates, \u00eddolo da sele\u00e7\u00e3o brasileira. Esta nova via, localizada na Vila Ol\u00edmpica que abrigar\u00e1 a delega\u00e7\u00e3o brasileira durante os Jogos Ol\u00edmpicos de Paris 2024, simboliza n\u00e3o apenas a mem\u00f3ria do jogador, mas tamb\u00e9m os valores de democracia, liberdade, busca por justi\u00e7a e paz, t\u00e3o pertinentes nos dias atuais.<\/p>\n<p>O prefeito de Saint-Ouen destacou a inspira\u00e7\u00e3o dos ideais de S\u00f3crates, salientando que o jogador representava valores fundamentais n\u00e3o apenas para o Brasil, mas para o mundo como um todo.<\/p>\n<p><strong>Homenagem \u00e0 S\u00f3crates no Brasil<\/strong><br \/>A mudan\u00e7a de nome da rua Edgar Rodrigues para \u201cEsplanada Doutor S\u00f3crates\u201d em Ribeir\u00e3o Preto, promovida por Nogueira em fevereiro de 2024, evidencia o reconhecimento do legado do jogador, conhecido carinhosamente como \u201cMagr\u00e3o\u201d. Esta iniciativa n\u00e3o s\u00f3 reverbera na comunidade local, mas tamb\u00e9m ressalta a import\u00e2ncia de S\u00f3crates para a cultura brasileira.<\/p>\n<p>Durante sua estadia em Paris, o prefeito Duarte Nogueira refor\u00e7ou o compromisso de Ribeir\u00e3o Preto com eventos esportivos internacionais e o interc\u00e2mbio cultural, ao visitar a sede da delega\u00e7\u00e3o brasileira para os Jogos Ol\u00edmpicos de Paris 2024, situada em Saint-Ouen. Este gesto n\u00e3o s\u00f3 fortalece os la\u00e7os entre as cidades, mas tamb\u00e9m celebra o esp\u00edrito ol\u00edmpico e a mem\u00f3ria eterna de S\u00f3crates, um verdadeiro \u00edcone do esporte e defensor incans\u00e1vel dos valores humanos.<\/p>\n<\/div>\n<p><script async src=\"\/\/platform.twitter.com\/widgets.js\" charset=\"utf-8\"><\/script><br \/>\n<br \/><br \/>\n<br \/><a href=\"https:\/\/www.tribunaribeirao.com.br\/site\/inaugurada-rua-em-paris-em-homenagem-a-socrates\/\">Source link <\/a><\/p>\n<!-- CONTENT END 1 -->\n","protected":false},"excerpt":{"rendered":"<p>30 de mar\u00e7o de 2024 | 11:17 0 Neste s\u00e1bado, uma cerim\u00f4nia marcante tomou lugar em Saint-Ouen, cidade pr\u00f3xima a Paris, com a inaugura\u00e7\u00e3o da&#8230;<\/p>\n","protected":false},"author":1,"featured_media":44751,"comment_status":"open","ping_status":"open","sticky":false,"template":"","format":"standard","meta":{"advanced_seo_description":"","jetpack_seo_html_title":"","jetpack_seo_noindex":false,"jetpack_post_was_ever_published":false,"_jetpack_newsletter_access":"","_jetpack_dont_email_post_to_subs":false,"_jetpack_newsletter_tier_id":0,"_jetpack_memberships_contains_paywalled_content":false,"_jetpack_memberships_contains_paid_content":false,"footnotes":"","jetpack_publicize_message":"","jetpack_publicize_feature_enabled":true,"jetpack_social_post_already_shared":true,"jetpack_social_options":{"image_generator_settings":{"template":"highway","default_image_id":0,"font":"","enabled":false},"version":2}},"categories":[11],"tags":[1405,5302,5303,61,1407],"class_list":["post-44750","post","type-post","status-publish","format-standard","has-post-thumbnail","hentry","category-noticias-de-ribeirao-preto-sp-e-regiao-ismael-colosi","tag-homenagem","tag-inaugurada","tag-paris","tag-rua","tag-socrates"],"jetpack_publicize_connections":[],"jetpack_featured_media_url":"https:\/\/i0.wp.com\/noticiasribeiraopreto.com.br\/wp-content\/uploads\/2024\/03\/83925a4b-8a76-4a48-b70d-50e085be7640.jpg?fit=960%2C1280&ssl=1","jetpack-related-posts":[{"id":44760,"url":"https:\/\/noticiasribeiraopreto.com.br\/index.php\/2024\/03\/30\/rua-do-dr-socrates-e-inaugurada-em-paris\/","url_meta":{"origin":44750,"position":0},"title":"\u2018Rua do Dr. S\u00f3crates\u2019 \u00e9 inaugurada em Paris","author":"noticiasribeiraopreto.com.br","date":"30 de March de 2024","format":false,"excerpt":"Foi inaugurada na manh\u00e3 deste s\u00e1bado (30) a rua do Dr. S\u00f3crates em Saint-Ouen, em Paris. A \u201cRue du Dr.S\u00f3crates\u201d fica na Vila Ol\u00edmpica da cidade francesa, que abrigar\u00e1 a delega\u00e7\u00e3o brasileira durante os Jogos Ol\u00edmpicos 2024. A cerim\u00f4nia em homenagem ao \u00eddolo do Corinthians e do Botafogo de Ribeir\u00e3o\u2026","rel":"","context":"In &quot;Not\u00edcias de Ribeir\u00e3o Preto-SP e Regi\u00e3o&quot;","block_context":{"text":"Not\u00edcias de Ribeir\u00e3o Preto-SP e Regi\u00e3o","link":"https:\/\/noticiasribeiraopreto.com.br\/index.php\/category\/noticias-de-ribeirao-preto-sp-e-regiao-ismael-colosi\/"},"img":{"alt_text":"","src":"https:\/\/i0.wp.com\/noticiasribeiraopreto.com.br\/wp-content\/uploads\/2024\/03\/Copia-de-Copia-de-TAMANHO-EXATO-PARA-FOTOS-NO-SISTEMA-NOVO-11-1.jpg?fit=1200%2C675&ssl=1&resize=350%2C200","width":350,"height":200,"srcset":"https:\/\/i0.wp.com\/noticiasribeiraopreto.com.br\/wp-content\/uploads\/2024\/03\/Copia-de-Copia-de-TAMANHO-EXATO-PARA-FOTOS-NO-SISTEMA-NOVO-11-1.jpg?fit=1200%2C675&ssl=1&resize=350%2C200 1x, https:\/\/i0.wp.com\/noticiasribeiraopreto.com.br\/wp-content\/uploads\/2024\/03\/Copia-de-Copia-de-TAMANHO-EXATO-PARA-FOTOS-NO-SISTEMA-NOVO-11-1.jpg?fit=1200%2C675&ssl=1&resize=525%2C300 1.5x, https:\/\/i0.wp.com\/noticiasribeiraopreto.com.br\/wp-content\/uploads\/2024\/03\/Copia-de-Copia-de-TAMANHO-EXATO-PARA-FOTOS-NO-SISTEMA-NOVO-11-1.jpg?fit=1200%2C675&ssl=1&resize=700%2C400 2x, https:\/\/i0.wp.com\/noticiasribeiraopreto.com.br\/wp-content\/uploads\/2024\/03\/Copia-de-Copia-de-TAMANHO-EXATO-PARA-FOTOS-NO-SISTEMA-NOVO-11-1.jpg?fit=1200%2C675&ssl=1&resize=1050%2C600 3x"},"classes":[]},{"id":44231,"url":"https:\/\/noticiasribeiraopreto.com.br\/index.php\/2024\/03\/26\/prefeito-de-rp-fortalece-lacos-internacionais-e-presta-homenagem-a-socrates\/","url_meta":{"origin":44750,"position":1},"title":"Prefeito de RP vai \u00e0 Europa e presta homenagem a S\u00f3crates","author":"noticiasribeiraopreto.com.br","date":"26 de March de 2024","format":false,"excerpt":"26 de mar\u00e7o de 2024 | 16:0026 de mar\u00e7o de 2024 | 15:25 0 O prefeito de Ribeir\u00e3o Preto, Duarte Nogueira, partiu nesta ter\u00e7a-feira, dia 26, em uma miss\u00e3o internacional com destino a Paris e Roma, com o objetivo de fortalecer la\u00e7os diplom\u00e1ticos e promover interc\u00e2mbio cultural entre sua cidade\u2026","rel":"","context":"In &quot;Not\u00edcias de Ribeir\u00e3o Preto-SP e Regi\u00e3o&quot;","block_context":{"text":"Not\u00edcias de Ribeir\u00e3o Preto-SP e Regi\u00e3o","link":"https:\/\/noticiasribeiraopreto.com.br\/index.php\/category\/noticias-de-ribeirao-preto-sp-e-regiao-ismael-colosi\/"},"img":{"alt_text":"","src":"https:\/\/i0.wp.com\/noticiasribeiraopreto.com.br\/wp-content\/uploads\/2024\/03\/1a94586c-8d93-4f4d-88bb-10b54d953050.jpg?fit=1200%2C630&ssl=1&resize=350%2C200","width":350,"height":200,"srcset":"https:\/\/i0.wp.com\/noticiasribeiraopreto.com.br\/wp-content\/uploads\/2024\/03\/1a94586c-8d93-4f4d-88bb-10b54d953050.jpg?fit=1200%2C630&ssl=1&resize=350%2C200 1x, https:\/\/i0.wp.com\/noticiasribeiraopreto.com.br\/wp-content\/uploads\/2024\/03\/1a94586c-8d93-4f4d-88bb-10b54d953050.jpg?fit=1200%2C630&ssl=1&resize=525%2C300 1.5x, https:\/\/i0.wp.com\/noticiasribeiraopreto.com.br\/wp-content\/uploads\/2024\/03\/1a94586c-8d93-4f4d-88bb-10b54d953050.jpg?fit=1200%2C630&ssl=1&resize=700%2C400 2x, https:\/\/i0.wp.com\/noticiasribeiraopreto.com.br\/wp-content\/uploads\/2024\/03\/1a94586c-8d93-4f4d-88bb-10b54d953050.jpg?fit=1200%2C630&ssl=1&resize=1050%2C600 3x"},"classes":[]},{"id":13036,"url":"https:\/\/noticiasribeiraopreto.com.br\/index.php\/2023\/12\/09\/doutor-socrates-vira-nome-de-ginasio-em-ribeirao-preto\/","url_meta":{"origin":44750,"position":2},"title":"Doutor S\u00f3crates vira nome de gin\u00e1sio em Ribeir\u00e3o Preto","author":"noticiasribeiraopreto.com.br","date":"9 de December de 2023","format":false,"excerpt":"A partir desta sexta-feira (8) o gin\u00e1sio da Esta\u00e7\u00e3o Cidadania-Esporte, no bairro Alexandre Balbo, em Ribeir\u00e3o Preto, passa a se chamar \u201cDr. S\u00f3crates Brasileiro\u201d, em homenagem a um dos maiores jogadores de futebol da hist\u00f3ria. A cerim\u00f4nia que marcou a assinatura do decreto que batiza o gin\u00e1sio contou com a\u2026","rel":"","context":"In &quot;Not\u00edcias de Ribeir\u00e3o Preto-SP e Regi\u00e3o&quot;","block_context":{"text":"Not\u00edcias de Ribeir\u00e3o Preto-SP e Regi\u00e3o","link":"https:\/\/noticiasribeiraopreto.com.br\/index.php\/category\/noticias-de-ribeirao-preto-sp-e-regiao-ismael-colosi\/"},"img":{"alt_text":"","src":"https:\/\/i0.wp.com\/noticiasribeiraopreto.com.br\/wp-content\/uploads\/2023\/12\/ginasio-doutor-socrates.jpeg?fit=1024%2C650&ssl=1&resize=350%2C200","width":350,"height":200,"srcset":"https:\/\/i0.wp.com\/noticiasribeiraopreto.com.br\/wp-content\/uploads\/2023\/12\/ginasio-doutor-socrates.jpeg?fit=1024%2C650&ssl=1&resize=350%2C200 1x, https:\/\/i0.wp.com\/noticiasribeiraopreto.com.br\/wp-content\/uploads\/2023\/12\/ginasio-doutor-socrates.jpeg?fit=1024%2C650&ssl=1&resize=525%2C300 1.5x, https:\/\/i0.wp.com\/noticiasribeiraopreto.com.br\/wp-content\/uploads\/2023\/12\/ginasio-doutor-socrates.jpeg?fit=1024%2C650&ssl=1&resize=700%2C400 2x"},"classes":[]},{"id":44184,"url":"https:\/\/noticiasribeiraopreto.com.br\/index.php\/2024\/03\/26\/prefeito-de-ribeirao-preto-viaja-para-europa-saiba-o-motivo\/","url_meta":{"origin":44750,"position":3},"title":"Prefeito de Ribeir\u00e3o Preto viaja para Europa; Saiba o motivo","author":"noticiasribeiraopreto.com.br","date":"26 de March de 2024","format":false,"excerpt":"O prefeito de Ribeir\u00e3o Preto Duarte Nogueira viajou nesta ter\u00e7a-feira (26) para Paris, onde participar\u00e1 de uma homenagem que ser\u00e1 prestada ao ex-jogador de futebol S\u00f3crates. A solenidade que dar\u00e1 o nome do \u00eddolo a uma rua em Saint-Ouen, sede dos Jogos Ol\u00edmpicos de 2024, est\u00e1 marcada para o dia\u2026","rel":"","context":"In &quot;Not\u00edcias de Ribeir\u00e3o Preto-SP e Regi\u00e3o&quot;","block_context":{"text":"Not\u00edcias de Ribeir\u00e3o Preto-SP e Regi\u00e3o","link":"https:\/\/noticiasribeiraopreto.com.br\/index.php\/category\/noticias-de-ribeirao-preto-sp-e-regiao-ismael-colosi\/"},"img":{"alt_text":"","src":"https:\/\/i0.wp.com\/noticiasribeiraopreto.com.br\/wp-content\/uploads\/2024\/03\/1711468628_duarte-nogueira.jpg?fit=1200%2C799&ssl=1&resize=350%2C200","width":350,"height":200,"srcset":"https:\/\/i0.wp.com\/noticiasribeiraopreto.com.br\/wp-content\/uploads\/2024\/03\/1711468628_duarte-nogueira.jpg?fit=1200%2C799&ssl=1&resize=350%2C200 1x, https:\/\/i0.wp.com\/noticiasribeiraopreto.com.br\/wp-content\/uploads\/2024\/03\/1711468628_duarte-nogueira.jpg?fit=1200%2C799&ssl=1&resize=525%2C300 1.5x, https:\/\/i0.wp.com\/noticiasribeiraopreto.com.br\/wp-content\/uploads\/2024\/03\/1711468628_duarte-nogueira.jpg?fit=1200%2C799&ssl=1&resize=700%2C400 2x, https:\/\/i0.wp.com\/noticiasribeiraopreto.com.br\/wp-content\/uploads\/2024\/03\/1711468628_duarte-nogueira.jpg?fit=1200%2C799&ssl=1&resize=1050%2C600 3x"},"classes":[]},{"id":35575,"url":"https:\/\/noticiasribeiraopreto.com.br\/index.php\/2024\/02\/06\/nome-de-rua-da-zona-leste-de-ribeirao-muda-em-homenagem-a-socrates\/","url_meta":{"origin":44750,"position":4},"title":"Nome de rua da zona Leste de Ribeir\u00e3o muda em homenagem a S\u00f3crates","author":"noticiasribeiraopreto.com.br","date":"6 de February de 2024","format":false,"excerpt":"A Prefeitura de Ribeir\u00e3o Preto confirmou ao portal acidade on que a rua Edgar Rodrigues, no bairro Ribeir\u00e2nia, zona Leste da cidade, passar\u00e1 a ser chamada de Esplanada Doutor S\u00f3crates. A mudan\u00e7a ocorre em homenagem ao \u00eddolo do Corinthians e do Botafogo de Ribeir\u00e3o Preto, que completaria 70 anos no\u2026","rel":"","context":"In &quot;Not\u00edcias de Ribeir\u00e3o Preto-SP e Regi\u00e3o&quot;","block_context":{"text":"Not\u00edcias de Ribeir\u00e3o Preto-SP e Regi\u00e3o","link":"https:\/\/noticiasribeiraopreto.com.br\/index.php\/category\/noticias-de-ribeirao-preto-sp-e-regiao-ismael-colosi\/"},"img":{"alt_text":"","src":"https:\/\/i0.wp.com\/noticiasribeiraopreto.com.br\/wp-content\/uploads\/2024\/02\/1707258149_socrates-2.jpg?fit=1200%2C675&ssl=1&resize=350%2C200","width":350,"height":200,"srcset":"https:\/\/i0.wp.com\/noticiasribeiraopreto.com.br\/wp-content\/uploads\/2024\/02\/1707258149_socrates-2.jpg?fit=1200%2C675&ssl=1&resize=350%2C200 1x, https:\/\/i0.wp.com\/noticiasribeiraopreto.com.br\/wp-content\/uploads\/2024\/02\/1707258149_socrates-2.jpg?fit=1200%2C675&ssl=1&resize=525%2C300 1.5x, https:\/\/i0.wp.com\/noticiasribeiraopreto.com.br\/wp-content\/uploads\/2024\/02\/1707258149_socrates-2.jpg?fit=1200%2C675&ssl=1&resize=700%2C400 2x, https:\/\/i0.wp.com\/noticiasribeiraopreto.com.br\/wp-content\/uploads\/2024\/02\/1707258149_socrates-2.jpg?fit=1200%2C675&ssl=1&resize=1050%2C600 3x"},"classes":[]},{"id":35559,"url":"https:\/\/noticiasribeiraopreto.com.br\/index.php\/2024\/02\/06\/ribeirao-preto-homenageia-socrates-com-esplanada-em-seu-nome\/","url_meta":{"origin":44750,"position":5},"title":"Ribeir\u00e3o Preto homenageia S\u00f3crates com Esplanada em seu nome","author":"noticiasribeiraopreto.com.br","date":"6 de February de 2024","format":false,"excerpt":"A Prefeitura de Ribeir\u00e3o Preto confirmou ao portal acidade on que a rua Edgar Rodrigues, no bairro Ribeir\u00e2nia, zona Leste da cidade, passar\u00e1 a ser chamada de Esplanada Doutor S\u00f3crates. A indica\u00e7\u00e3o de mudan\u00e7a partiu do vereador Andre Trindade (Uni\u00e3o) e foi aprovada pelo Prefeito Duarte Nogueira (PSB). A mudan\u00e7a\u2026","rel":"","context":"In &quot;Not\u00edcias de Ribeir\u00e3o Preto-SP e Regi\u00e3o&quot;","block_context":{"text":"Not\u00edcias de Ribeir\u00e3o Preto-SP e Regi\u00e3o","link":"https:\/\/noticiasribeiraopreto.com.br\/index.php\/category\/noticias-de-ribeirao-preto-sp-e-regiao-ismael-colosi\/"},"img":{"alt_text":"","src":"https:\/\/i0.wp.com\/noticiasribeiraopreto.com.br\/wp-content\/uploads\/2024\/02\/socrates-2.jpg?fit=1200%2C675&ssl=1&resize=350%2C200","width":350,"height":200,"srcset":"https:\/\/i0.wp.com\/noticiasribeiraopreto.com.br\/wp-content\/uploads\/2024\/02\/socrates-2.jpg?fit=1200%2C675&ssl=1&resize=350%2C200 1x, https:\/\/i0.wp.com\/noticiasribeiraopreto.com.br\/wp-content\/uploads\/2024\/02\/socrates-2.jpg?fit=1200%2C675&ssl=1&resize=525%2C300 1.5x, https:\/\/i0.wp.com\/noticiasribeiraopreto.com.br\/wp-content\/uploads\/2024\/02\/socrates-2.jpg?fit=1200%2C675&ssl=1&resize=700%2C400 2x, https:\/\/i0.wp.com\/noticiasribeiraopreto.com.br\/wp-content\/uploads\/2024\/02\/socrates-2.jpg?fit=1200%2C675&ssl=1&resize=1050%2C600 3x"},"classes":[]}],"jetpack_sharing_enabled":true,"jetpack_shortlink":"https:\/\/wp.me\/peQAOb-bDM","_links":{"self":[{"href":"https:\/\/noticiasribeiraopreto.com.br\/index.php\/wp-json\/wp\/v2\/posts\/44750","targetHints":{"allow":["GET"]}}],"collection":[{"href":"https:\/\/noticiasribeiraopreto.com.br\/index.php\/wp-json\/wp\/v2\/posts"}],"about":[{"href":"https:\/\/noticiasribeiraopreto.com.br\/index.php\/wp-json\/wp\/v2\/types\/post"}],"author":[{"embeddable":true,"href":"https:\/\/noticiasribeiraopreto.com.br\/index.php\/wp-json\/wp\/v2\/users\/1"}],"replies":[{"embeddable":true,"href":"https:\/\/noticiasribeiraopreto.com.br\/index.php\/wp-json\/wp\/v2\/comments?post=44750"}],"version-history":[{"count":0,"href":"https:\/\/noticiasribeiraopreto.com.br\/index.php\/wp-json\/wp\/v2\/posts\/44750\/revisions"}],"wp:featuredmedia":[{"embeddable":true,"href":"https:\/\/noticiasribeiraopreto.com.br\/index.php\/wp-json\/wp\/v2\/media\/44751"}],"wp:attachment":[{"href":"https:\/\/noticiasribeiraopreto.com.br\/index.php\/wp-json\/wp\/v2\/media?parent=44750"}],"wp:term":[{"taxonomy":"category","embeddable":true,"href":"https:\/\/noticiasribeiraopreto.com.br\/index.php\/wp-json\/wp\/v2\/categories?post=44750"},{"taxonomy":"post_tag","embeddable":true,"href":"https:\/\/noticiasribeiraopreto.com.br\/index.php\/wp-json\/wp\/v2\/tags?post=44750"}],"curies":[{"name":"wp","href":"https:\/\/api.w.org\/{rel}","templated":true}]}}