{"id":44773,"date":"2024-03-30T15:19:13","date_gmt":"2024-03-30T18:19:13","guid":{"rendered":"https:\/\/noticiasribeiraopreto.com.br\/index.php\/2024\/03\/30\/como-e-o-trabalho-na-produtora-que-adotou-semana-de-quatro-dias-com-folga-nas-quartas\/"},"modified":"2024-03-30T15:19:13","modified_gmt":"2024-03-30T18:19:13","slug":"como-e-o-trabalho-na-produtora-que-adotou-semana-de-quatro-dias-com-folga-nas-quartas","status":"publish","type":"post","link":"https:\/\/noticiasribeiraopreto.com.br\/index.php\/2024\/03\/30\/como-e-o-trabalho-na-produtora-que-adotou-semana-de-quatro-dias-com-folga-nas-quartas\/","title":{"rendered":"Como \u00e9 o trabalho na produtora que adotou semana de quatro dias com folga\u00a0nas\u00a0quartas"},"content":{"rendered":"<div class='code-block code-block-1' style='margin: 8px 0 8px auto; text-align: right; display: block; clear: both;'>\n<p><a href=\"https:\/\/wa.link\/vpicfd\"><img data-recalc-dims=\"1\" class=\"wp-image-4922\" style=\"aspect-ratio: 2.0253164556962027; width: 561px; height: auto;\" src=\"https:\/\/i0.wp.com\/ismaelcolosi.com.br\/wp-content\/uploads\/2023\/11\/grupo-de-empregos-whatsapp-e-facebook-ismael-colosi-vagas.jpg?ssl=1\" alt=\"\" \/><\/a><\/p>\n<!-- \/wp:image -->\n<\/div>\n<p> <br \/>\n<\/p>\n<div id=\"\">\n<div class=\"content-infos\">\n<div class=\"texts classe-teste\">\n<p class=\"author tooltip-comp\"> Bruno Pavan<span class=\"icon-i\" style=\"display:none;\">i<\/span><span class=\"tooltiptext\" style=\"display:none\"> <span class=\"author\"><span>Bruno Pavan<\/span> <\/span><span class=\"desc\"\/> <\/span><\/p>\n<p>30\/03\/2024 &#8211; 15:00<\/p>\n<\/div>\n<div id=\"share-modal\" class=\"share-modal\"> <button class=\"box-close btn-share\"> <img decoding=\"async\" src=\"https:\/\/istoedinheiro.com.br\/wp-content\/themes\/dinheiro-wp-theme\/assets\/img\/svg\/closeIcon.svg?x46096\" alt=\"Close icon\" class=\"close-btn lazy\"\/> <\/button><\/div>\n<\/p><\/div>\n<p><span style=\"font-weight: 400\">O projeto global 4 day week chegou ao Brasil em setembro de 2023 e visa ampliar o debate da semana mais curta de trabalho, de quatro dias \u00fateis. Foram 22 empresas que aceitaram participar do projeto em 5 estados brasileiros.\u00a0<\/span><\/p>\n<p><span style=\"font-weight: 400\">Uma delas foi a produtora de v\u00eddeos Thanks For Sharing. Ela funciona em S\u00e3o Paulo e conta com sete funcion\u00e1rios, que est\u00e3o trabalhando de modo remoto desde 2019. Adotando o modelo de forma experimental desde o come\u00e7o de 2024, a empresa vem colhendo frutos da menor jornada de trabalho sem alterar a produtividade e a entrega.<\/span><\/p>\n<p>A CEO da empresa Simone Cyrineu afirma que essa era uma demanda que j\u00e1 estava no horizonte da pequena produtora, e que a chance de participar de um projeto global acelerou essa ado\u00e7\u00e3o.<\/p>\n<p><span style=\"font-weight: 400\">\u201c\u00c9 muito bom implementar esse projeto dentro de uma comunidade global. Nessa intera\u00e7\u00e3o a gente tem acesso a todas as empresas que j\u00e1 participaram do projeto e h\u00e1 o espa\u00e7o para questionamentos: \u2018a gente fez esse documento que nos ajudou nesse processo\u2019 \u2018eu estou com essa complexidade aqui. Como voc\u00eas resolveram isso?\u2019. Voc\u00ea vai mitigando e aprendendo com quem j\u00e1 passou por isso\u201d, afirmou.\u00a0<\/span><\/p>\n<h3><strong>Funcion\u00e1rios escolheram o dia de folga<\/strong><\/h3>\n<p><span style=\"font-weight: 400\">A metodologia adotada \u00e9 a 100-80-100: 100% do sal\u00e1rio, 80% do tempo trabalhado e 100% de produtividade.\u00a0\u00a0<\/span><\/p>\n<p><span style=\"font-weight: 400\">No projeto do 4 Days Week, as empresas podem adotar o sistema que for melhor pra ela sobre o dia de folga dos funcion\u00e1rios. Al\u00e9m da modalidade de um dia inteiro na semana, geralmente adotado na sexta, tamb\u00e9m \u00e9 poss\u00edvel escolher trabalhar meio per\u00edodo em dois dias, entrando mais tarde na segunda e saindo mais cedo na sexta ou trabalhando horas a menos todos os dias da semana. Todas as empresas que adotaram o projeto no Brasil escolheram folgar um dia todo.\u00a0<\/span><\/p>\n<p><span style=\"font-weight: 400\">Cyrineu explica que foi feito um di\u00e1logo com os funcion\u00e1rios para saber se a novidade funcionaria e n\u00e3o iria sobrecarreg\u00e1-los no restante da semana. <strong>Eles escolheram a quarta-feira como o dia de folga<\/strong>. Quanto ao ritmo de produ\u00e7\u00e3o, a CEO aponta que algumas entregas s\u00e3o feitas na quarta-feira por meio de agendamento. E entrega n\u00e3o foi alterada em nada, tanto que a escolha da companhia foi n\u00e3o avisar da nova jornada de trabalho para os clientes que, at\u00e9 agora, n\u00e3o perceberam.\u00a0<\/span><\/p>\n<p><span style=\"font-weight: 400\">\u201cA gente fez um desenho de descanso como um gr\u00e1fico. A escala de trabalhar dois dias, descansar um, trabalhar dois e descansar dois ficaria mais equilibrada. A quarta tamb\u00e9m \u00e9 o nosso dia um pouco mais tranquilo entre as demandas do nosso mercado e teria menos impacto em rela\u00e7\u00e3o aos nossos clientes que continuam trabalhando 5 dias por semana\u201d, afirmou.\u00a0<\/span><\/p>\n<section data-hb-type=\"ads\" name=\"adsMateria\" data-hb-position=\"after-content\" data-hb-provider=\"\">\n<hr\/>\n<\/section>\n<div id=\"share-modal\" class=\"share-modal\"> <button class=\"box-close btn-share\"> <img decoding=\"async\" src=\"https:\/\/istoedinheiro.com.br\/wp-content\/themes\/dinheiro-wp-theme\/assets\/img\/svg\/closeIcon.svg?x46096\" alt=\"Close icon\" class=\"close-btn lazy\"\/> <\/button><\/div>\n<\/p><\/div>\n<p><script>!function(f,b,e,v,n,t,s){if(f.fbq)return;n=f.fbq=function(){n.callMethod?n.callMethod.apply(n,arguments):n.queue.push(arguments)};if(!f._fbq)f._fbq=n;n.push=n;n.loaded=!0;n.version='2.0';n.queue=[];t=b.createElement(e);t.async=!0;t.src=v;s=b.getElementsByTagName(e)[0];s.parentNode.insertBefore(t,s)}(window,document,'script','<\/script><br \/>\n<br \/><br \/>\n<br \/><a href=\"https:\/\/istoedinheiro.com.br\/como-e-o-trabalho-na-produtora-que-adotou-semana-de-quatro-dias-com-folga-nas-quartas\/\">Source link <\/a><\/p>\n<!-- CONTENT END 1 -->\n","protected":false},"excerpt":{"rendered":"<p>Bruno Pavani Bruno Pavan 30\/03\/2024 &#8211; 15:00 O projeto global 4 day week chegou ao Brasil em setembro de 2023 e visa ampliar o debate&#8230;<\/p>\n","protected":false},"author":1,"featured_media":44774,"comment_status":"open","ping_status":"open","sticky":false,"template":"","format":"standard","meta":{"advanced_seo_description":"","jetpack_seo_html_title":"","jetpack_seo_noindex":false,"jetpack_post_was_ever_published":false,"_jetpack_newsletter_access":"","_jetpack_dont_email_post_to_subs":false,"_jetpack_newsletter_tier_id":0,"_jetpack_memberships_contains_paywalled_content":false,"_jetpack_memberships_contains_paid_content":false,"footnotes":"","jetpack_publicize_message":"","jetpack_publicize_feature_enabled":true,"jetpack_social_post_already_shared":true,"jetpack_social_options":{"image_generator_settings":{"template":"highway","default_image_id":0,"font":"","enabled":false},"version":2}},"categories":[3598],"tags":[],"class_list":["post-44773","post","type-post","status-publish","format-standard","has-post-thumbnail","hentry","category-empregos-classificados-vagas-trabalho"],"jetpack_publicize_connections":[],"jetpack_featured_media_url":"https:\/\/i0.wp.com\/noticiasribeiraopreto.com.br\/wp-content\/uploads\/2024\/03\/simonethanks.jpg?fit=900%2C600&ssl=1","jetpack-related-posts":[{"id":47085,"url":"https:\/\/noticiasribeiraopreto.com.br\/index.php\/2024\/04\/22\/como-funciona-o-trabalho-hibrido-no-nubank-com-uma-semana-presencial-por-trimestre\/","url_meta":{"origin":44773,"position":0},"title":"Como funciona o trabalho h\u00edbrido no Nubank com uma semana presencial por trimestre","author":"noticiasribeiraopreto.com.br","date":"22 de April de 2024","format":false,"excerpt":"Bruno Pavani Bruno Pavan 19\/04\/2024 - 7:05 Com um modelo diferente de trabalho h\u00edbrido, o Nubank vem se destacando no mercado dando mais flexibilidade para mais de 7 mil funcion\u00e1rios. Ao contr\u00e1rio da maioria das empresas brasileiras, que adota a jornada de dois dias no escrit\u00f3rio e tr\u00eas dias de\u2026","rel":"","context":"In &quot;Empregos - Classificados&quot;","block_context":{"text":"Empregos - Classificados","link":"https:\/\/noticiasribeiraopreto.com.br\/index.php\/category\/empregos-classificados-vagas-trabalho\/"},"img":{"alt_text":"","src":"https:\/\/i0.wp.com\/noticiasribeiraopreto.com.br\/wp-content\/uploads\/2024\/04\/nubankspark.jpg?fit=900%2C600&ssl=1&resize=350%2C200","width":350,"height":200,"srcset":"https:\/\/i0.wp.com\/noticiasribeiraopreto.com.br\/wp-content\/uploads\/2024\/04\/nubankspark.jpg?fit=900%2C600&ssl=1&resize=350%2C200 1x, https:\/\/i0.wp.com\/noticiasribeiraopreto.com.br\/wp-content\/uploads\/2024\/04\/nubankspark.jpg?fit=900%2C600&ssl=1&resize=525%2C300 1.5x, https:\/\/i0.wp.com\/noticiasribeiraopreto.com.br\/wp-content\/uploads\/2024\/04\/nubankspark.jpg?fit=900%2C600&ssl=1&resize=700%2C400 2x"},"classes":[]},{"id":48219,"url":"https:\/\/noticiasribeiraopreto.com.br\/index.php\/2024\/05\/01\/quase-30-de-quem-tem-semana-de-trabalho-de-4-dias-nao-troca-a-escala-por-salario-maior\/","url_meta":{"origin":44773,"position":1},"title":"Quase 30% de quem tem semana de trabalho de 4 dias n\u00e3o troca a escala por sal\u00e1rio maior","author":"noticiasribeiraopreto.com.br","date":"1 de May de 2024","format":false,"excerpt":"Bruno Pavani Bruno Pavan 01\/05\/2024 - 15:00 Ap\u00f3s tr\u00eas meses de testes, a \u201c4 Day Week Brazil\u201d (semana de trabalho de 4 dias no Brasil), promovida numa parceria com a FGV e o Boston College, uma pesquisa apontou que quase 30% dos trabalhadores que atuam nesse tipo de escala n\u00e3o\u2026","rel":"","context":"In &quot;Empregos - Classificados&quot;","block_context":{"text":"Empregos - Classificados","link":"https:\/\/noticiasribeiraopreto.com.br\/index.php\/category\/empregos-classificados-vagas-trabalho\/"},"img":{"alt_text":"","src":"https:\/\/i0.wp.com\/noticiasribeiraopreto.com.br\/wp-content\/uploads\/2024\/05\/pexels-olly-3791116-scaled.jpg?fit=1200%2C794&ssl=1&resize=350%2C200","width":350,"height":200,"srcset":"https:\/\/i0.wp.com\/noticiasribeiraopreto.com.br\/wp-content\/uploads\/2024\/05\/pexels-olly-3791116-scaled.jpg?fit=1200%2C794&ssl=1&resize=350%2C200 1x, https:\/\/i0.wp.com\/noticiasribeiraopreto.com.br\/wp-content\/uploads\/2024\/05\/pexels-olly-3791116-scaled.jpg?fit=1200%2C794&ssl=1&resize=525%2C300 1.5x, https:\/\/i0.wp.com\/noticiasribeiraopreto.com.br\/wp-content\/uploads\/2024\/05\/pexels-olly-3791116-scaled.jpg?fit=1200%2C794&ssl=1&resize=700%2C400 2x, https:\/\/i0.wp.com\/noticiasribeiraopreto.com.br\/wp-content\/uploads\/2024\/05\/pexels-olly-3791116-scaled.jpg?fit=1200%2C794&ssl=1&resize=1050%2C600 3x"},"classes":[]},{"id":27772,"url":"https:\/\/noticiasribeiraopreto.com.br\/index.php\/2024\/01\/13\/empresas-comecam-testar-a-semana-de-4-dias-de-trabalho-no-brasil\/","url_meta":{"origin":44773,"position":2},"title":"Empresas come\u00e7am testar a semana de 4 dias de trabalho no Brasil","author":"noticiasribeiraopreto.com.br","date":"13 de January de 2024","format":false,"excerpt":"Bruno Pavani Bruno Pavan 13\/01\/2024 - 9:00 Ap\u00f3s anunciarem a ado\u00e7\u00e3o de um teste da semana de 4 dias de trabalho no final de 2023, 22 empresas come\u00e7aram a realizar a nova jornada de trabalho na primeira semana de janeiro de 2024.\u00a0O per\u00edodo de teste ser\u00e1 registrado em um estudo\u2026","rel":"","context":"In &quot;Vagas de Emprego em Ribeir\u00e3o Preto-SP&quot;","block_context":{"text":"Vagas de Emprego em Ribeir\u00e3o Preto-SP","link":"https:\/\/noticiasribeiraopreto.com.br\/index.php\/category\/empregos-classificados-vagas-trabalho\/vagas-de-empregos-em-ribeirao-preto-regiao-brasil\/"},"img":{"alt_text":"","src":"https:\/\/i0.wp.com\/noticiasribeiraopreto.com.br\/wp-content\/uploads\/2024\/01\/grupo-de-pessoas-trabalhando-no-plano-de-negocios-em-um-escritorio-scaled.jpg?fit=1200%2C800&ssl=1&resize=350%2C200","width":350,"height":200,"srcset":"https:\/\/i0.wp.com\/noticiasribeiraopreto.com.br\/wp-content\/uploads\/2024\/01\/grupo-de-pessoas-trabalhando-no-plano-de-negocios-em-um-escritorio-scaled.jpg?fit=1200%2C800&ssl=1&resize=350%2C200 1x, https:\/\/i0.wp.com\/noticiasribeiraopreto.com.br\/wp-content\/uploads\/2024\/01\/grupo-de-pessoas-trabalhando-no-plano-de-negocios-em-um-escritorio-scaled.jpg?fit=1200%2C800&ssl=1&resize=525%2C300 1.5x, https:\/\/i0.wp.com\/noticiasribeiraopreto.com.br\/wp-content\/uploads\/2024\/01\/grupo-de-pessoas-trabalhando-no-plano-de-negocios-em-um-escritorio-scaled.jpg?fit=1200%2C800&ssl=1&resize=700%2C400 2x, https:\/\/i0.wp.com\/noticiasribeiraopreto.com.br\/wp-content\/uploads\/2024\/01\/grupo-de-pessoas-trabalhando-no-plano-de-negocios-em-um-escritorio-scaled.jpg?fit=1200%2C800&ssl=1&resize=1050%2C600 3x"},"classes":[]},{"id":14280,"url":"https:\/\/noticiasribeiraopreto.com.br\/index.php\/2023\/12\/11\/bill-gates-tem-razao-como-seria-semana-de-4-dias\/","url_meta":{"origin":44773,"position":3},"title":"Bill Gates tem raz\u00e3o? Como seria semana de 4 dias","author":"noticiasribeiraopreto.com.br","date":"11 de December de 2023","format":false,"excerpt":"Elaine Thompson\/Associated PressBill Gates opinou sobre possibilidade de semana de trabalho mais curta em entrevista ao podcast What Now Em janeiro de 2024, mais de 20 empresas brasileiras v\u00e3o come\u00e7ar a testar a semana de trabalho de quatro dias, mudan\u00e7a que j\u00e1 trouxe resultados positivos para a produtividade e o\u2026","rel":"","context":"In &quot;Blog&quot;","block_context":{"text":"Blog","link":"https:\/\/noticiasribeiraopreto.com.br\/index.php\/category\/blog\/"},"img":{"alt_text":"","src":"https:\/\/i0.wp.com\/noticiasribeiraopreto.com.br\/wp-content\/uploads\/2023\/12\/carreira-bill-gates-1024x683.jpg?fit=1024%2C683&ssl=1&resize=350%2C200","width":350,"height":200,"srcset":"https:\/\/i0.wp.com\/noticiasribeiraopreto.com.br\/wp-content\/uploads\/2023\/12\/carreira-bill-gates-1024x683.jpg?fit=1024%2C683&ssl=1&resize=350%2C200 1x, https:\/\/i0.wp.com\/noticiasribeiraopreto.com.br\/wp-content\/uploads\/2023\/12\/carreira-bill-gates-1024x683.jpg?fit=1024%2C683&ssl=1&resize=525%2C300 1.5x, https:\/\/i0.wp.com\/noticiasribeiraopreto.com.br\/wp-content\/uploads\/2023\/12\/carreira-bill-gates-1024x683.jpg?fit=1024%2C683&ssl=1&resize=700%2C400 2x"},"classes":[]},{"id":48158,"url":"https:\/\/noticiasribeiraopreto.com.br\/index.php\/2024\/05\/01\/semana-de-4-dias-e-testada-no-brasil-veja-resultados\/","url_meta":{"origin":44773,"position":4},"title":"Semana de 4 dias \u00e9 testada no Brasil; veja resultados","author":"noticiasribeiraopreto.com.br","date":"1 de May de 2024","format":false,"excerpt":"Piloto da semana de 4 dias no Brasil vai at\u00e9 junho, mas j\u00e1 demonstra benef\u00edcios em rela\u00e7\u00e3o \u00e0s entregas das empresas e \u00e0 sa\u00fade e bem-estar dos profissionais Trabalhar quatro dias na semana, mas ser pago como se tivesse trabalhado cinco? Pode parecer bom demais para ser verdade, mas j\u00e1\u2026","rel":"","context":"In &quot;Blog&quot;","block_context":{"text":"Blog","link":"https:\/\/noticiasribeiraopreto.com.br\/index.php\/category\/blog\/"},"img":{"alt_text":"","src":"https:\/\/i0.wp.com\/noticiasribeiraopreto.com.br\/wp-content\/uploads\/2024\/05\/carreira-semana-4-dias-trabalho-1024x683.jpg?fit=1024%2C683&ssl=1&resize=350%2C200","width":350,"height":200,"srcset":"https:\/\/i0.wp.com\/noticiasribeiraopreto.com.br\/wp-content\/uploads\/2024\/05\/carreira-semana-4-dias-trabalho-1024x683.jpg?fit=1024%2C683&ssl=1&resize=350%2C200 1x, https:\/\/i0.wp.com\/noticiasribeiraopreto.com.br\/wp-content\/uploads\/2024\/05\/carreira-semana-4-dias-trabalho-1024x683.jpg?fit=1024%2C683&ssl=1&resize=525%2C300 1.5x, https:\/\/i0.wp.com\/noticiasribeiraopreto.com.br\/wp-content\/uploads\/2024\/05\/carreira-semana-4-dias-trabalho-1024x683.jpg?fit=1024%2C683&ssl=1&resize=700%2C400 2x"},"classes":[]},{"id":55837,"url":"https:\/\/noticiasribeiraopreto.com.br\/index.php\/2024\/08\/07\/semana-de-4-dias-no-brasil-o-que-dizem-empresas-e-funcionarios-apos-6-meses-de-teste\/","url_meta":{"origin":44773,"position":5},"title":"Semana de 4 dias no Brasil: o que dizem empresas e funcion\u00e1rios ap\u00f3s 6 meses de teste","author":"noticiasribeiraopreto.com.br","date":"7 de August de 2024","format":false,"excerpt":"Bruno Pavani Bruno Pavan 07\/08\/2024 - 5:00 Ap\u00f3s seis meses de implanta\u00e7\u00e3o, o programa 4 Days Week divulgou os primeiros dados de funcion\u00e1rios e empresas que adotaram o projeto da semana de trabalho mais curta\u00a0 no Brasil.Conforme a pesquisa, a ansiedade semanal foi reduzida em 30,5%, enquanto a produtividade aumentou\u2026","rel":"","context":"In &quot;Empregos - Classificados&quot;","block_context":{"text":"Empregos - Classificados","link":"https:\/\/noticiasribeiraopreto.com.br\/index.php\/category\/empregos-classificados-vagas-trabalho\/"},"img":{"alt_text":"","src":"https:\/\/i0.wp.com\/noticiasribeiraopreto.com.br\/wp-content\/uploads\/2024\/08\/calendario.jpg?fit=900%2C600&ssl=1&resize=350%2C200","width":350,"height":200,"srcset":"https:\/\/i0.wp.com\/noticiasribeiraopreto.com.br\/wp-content\/uploads\/2024\/08\/calendario.jpg?fit=900%2C600&ssl=1&resize=350%2C200 1x, https:\/\/i0.wp.com\/noticiasribeiraopreto.com.br\/wp-content\/uploads\/2024\/08\/calendario.jpg?fit=900%2C600&ssl=1&resize=525%2C300 1.5x, https:\/\/i0.wp.com\/noticiasribeiraopreto.com.br\/wp-content\/uploads\/2024\/08\/calendario.jpg?fit=900%2C600&ssl=1&resize=700%2C400 2x"},"classes":[]}],"jetpack_sharing_enabled":true,"jetpack_shortlink":"https:\/\/wp.me\/peQAOb-bE9","_links":{"self":[{"href":"https:\/\/noticiasribeiraopreto.com.br\/index.php\/wp-json\/wp\/v2\/posts\/44773","targetHints":{"allow":["GET"]}}],"collection":[{"href":"https:\/\/noticiasribeiraopreto.com.br\/index.php\/wp-json\/wp\/v2\/posts"}],"about":[{"href":"https:\/\/noticiasribeiraopreto.com.br\/index.php\/wp-json\/wp\/v2\/types\/post"}],"author":[{"embeddable":true,"href":"https:\/\/noticiasribeiraopreto.com.br\/index.php\/wp-json\/wp\/v2\/users\/1"}],"replies":[{"embeddable":true,"href":"https:\/\/noticiasribeiraopreto.com.br\/index.php\/wp-json\/wp\/v2\/comments?post=44773"}],"version-history":[{"count":0,"href":"https:\/\/noticiasribeiraopreto.com.br\/index.php\/wp-json\/wp\/v2\/posts\/44773\/revisions"}],"wp:featuredmedia":[{"embeddable":true,"href":"https:\/\/noticiasribeiraopreto.com.br\/index.php\/wp-json\/wp\/v2\/media\/44774"}],"wp:attachment":[{"href":"https:\/\/noticiasribeiraopreto.com.br\/index.php\/wp-json\/wp\/v2\/media?parent=44773"}],"wp:term":[{"taxonomy":"category","embeddable":true,"href":"https:\/\/noticiasribeiraopreto.com.br\/index.php\/wp-json\/wp\/v2\/categories?post=44773"},{"taxonomy":"post_tag","embeddable":true,"href":"https:\/\/noticiasribeiraopreto.com.br\/index.php\/wp-json\/wp\/v2\/tags?post=44773"}],"curies":[{"name":"wp","href":"https:\/\/api.w.org\/{rel}","templated":true}]}}