{"id":44780,"date":"2024-03-30T17:38:41","date_gmt":"2024-03-30T20:38:41","guid":{"rendered":"https:\/\/noticiasribeiraopreto.com.br\/index.php\/2024\/03\/30\/veja-quais-sao-os-pratos-do-comida-di-buteco-2024-em-ribeirao-preto\/"},"modified":"2024-03-30T17:38:41","modified_gmt":"2024-03-30T20:38:41","slug":"veja-quais-sao-os-pratos-do-comida-di-buteco-2024-em-ribeirao-preto","status":"publish","type":"post","link":"https:\/\/noticiasribeiraopreto.com.br\/index.php\/2024\/03\/30\/veja-quais-sao-os-pratos-do-comida-di-buteco-2024-em-ribeirao-preto\/","title":{"rendered":"Veja quais s\u00e3o os pratos do \u2018Comida Di Buteco 2024\u2019 em Ribeir\u00e3o Preto"},"content":{"rendered":"<div class='code-block code-block-1' style='margin: 8px 0 8px auto; text-align: right; display: block; clear: both;'>\n<p><a href=\"https:\/\/wa.link\/vpicfd\"><img data-recalc-dims=\"1\" class=\"wp-image-4922\" style=\"aspect-ratio: 2.0253164556962027; width: 561px; height: auto;\" src=\"https:\/\/i0.wp.com\/ismaelcolosi.com.br\/wp-content\/uploads\/2023\/11\/grupo-de-empregos-whatsapp-e-facebook-ismael-colosi-vagas.jpg?ssl=1\" alt=\"\" \/><\/a><\/p>\n<!-- \/wp:image -->\n<\/div>\n<p> <br \/>\n<\/p>\n<div>\n<p>A\u00a0<strong>24\u00aa edi\u00e7\u00e3o do Comida di Buteco<\/strong>\u00a0em\u00a0<strong>Ribeir\u00e3o Preto<\/strong>\u00a0acontece de\u00a0<strong>5 a 28 de abril<\/strong>. Este ano, com o lema\u00a0<strong>\u201cSomos Todos Buteco\u201d<\/strong>, o concurso re\u00fane\u00a0<strong>28 estabelecimentos de regi\u00f5es diversas<\/strong> da cidade.<\/p>\n<p>Este ano\u00a0<strong>n\u00e3o tem tema espec\u00edfico<\/strong>\u00a0e os\u00a0<strong>estabelecimentos<\/strong>\u00a0criaram\u00a0<strong><a href=\"https:\/\/comidadibuteco.com.br\/butecos\/ribeirao-preto\/\" target=\"_blank\" rel=\"noreferrer noopener nofollow\">receitas autorais<\/a><\/strong> <strong>(veja abaixo)<\/strong>, que ter\u00e3o\u00a0<strong>pre\u00e7o fixo de R$ 35<\/strong>.<\/p>\n<h4 class=\"wp-block-heading\"><strong>Confira os bares e os pratos deste ano:<\/strong><\/h4>\n<p><strong>Banavite<\/strong> \u2013 Ceviche de banana-da-terra, pimenta-dedo-de-mo\u00e7a, cebola roxa, cheiro verde e condimentada com especiarias, acompanhada de chips de batata-doce.<\/p>\n<p><strong>Entocado<\/strong> \u2013 Bolinhos de costela recheados com queijo provolone. Acompanha geleia de pimenta.<\/p>\n<p><strong>Caipirinha <\/strong>\u2013 Dadinhos de fub\u00e1 com carne de sol e queijo parmes\u00e3o, servidos com molho de pimenta biquinho.<\/p>\n<p><strong>Bolinho da Patroa<\/strong> \u2013 Bolinho com massa de ab\u00f3bora caboti\u00e1 com costela su\u00edna recheado com catupiry.<\/p>\n<p><strong>Nordestina<\/strong> \u2013 \u2018Empada\u2019 recheada com creme a base de leite, queijo coalho e carne seca, acompanhada de geleia de pimenta.<\/p>\n<p><strong>Ponto e V\u00edrgula do Jeffin<\/strong> \u2013 Dupla de croquetes de carne com azeitona e bacon e coxinha recheada com mortadela e queijo meia cura servidos com molho de mostarda djon e barbecue picante.<\/p>\n<p><strong>Kininho<\/strong> \u2013 Cestinha de quibe assado recheado com calabresa, cebola e coberto com requeij\u00e3o e parmes\u00e3o gratinado, decorado com pimenta biquinho e uma folha de salsa.<\/p>\n<p>O Furioso \u2013 Bolinhos de costela bovina servidos com molho de queijos (queijo prato e provolone) e conserva de pimentas da casa.<\/p>\n<p><strong>Sexta Esquina <\/strong>\u2013 Bruschettas de Cupim desfiado acompanhadas de broto de beterraba.<\/p>\n<p>Wai \u2013 P\u00e3o Recheado com lingui\u00e7a caseira su\u00edna, lascas de pernil assado, vinagrete, alface roxa e requeij\u00e3o. Acompanha molho artesanal de mostarda e geleia de abacaxi com nozes.<\/p>\n<p>Arretadinho \u2013 Croquete de massa de batata com carne seca desfiada, recheado com queijo coalho e bacon. Acompanha molhos: Sweet chilli e de mostarda amarela.<\/p>\n<ul>\n<li><strong>Buteco do Maranh\u00e3o e Cia<\/strong><\/li>\n<\/ul>\n<p>Porco atropelado \u2013 Bolinho de massa de lingui\u00e7a acompanhado de geleia de pimenta.<\/p>\n<p>Moela Dubrodi \u2013 Tartar de Moela ao molho vermelho servido com torradinhas.<\/p>\n<p>Sabor da Ro\u00e7a \u2013 Croquete feito com pernil de porco recheado com queijo mu\u00e7arela empanado com torresmo.<\/p>\n<p>Delicia\u2019s da Casa \u2013 Costelinha su\u00edna servida com medalh\u00f5es de quiabo e mandioca frita. Acompanha molho barbecue com goiabada, molho de pimenta e molho de alho.<\/p>\n<p>Casadinho \u2013 Bolinhos feitos com mandioca, carne-seca desfiada e catupiry, servidos com molho chipotle.<\/p>\n<p>Italianinho \u2013 Polpetone recheado com mussarela, regado no molho ao sugo. Acompanha polenta frita e farofa crocante de bacon.<\/p>\n<p>Ceviche do Z\u00e9 \u2013 Iscas de Saint Peter marinadas no lim\u00e3o e temperadas com cebola roxa e pimenta-dedo-de-mo\u00e7a. Acompanha chips da casa.<\/p>\n<p>Cupim Roll \u2013 Rocambole de cupim recheado com queijo mussarela e r\u00facula. Acompanha molho do Z\u00e9.<\/p>\n<p>Rabic\u00f3 Enrolado \u2013 Bolinho de mandioca e pernil desfiado, empanado na farinha panko. Acompanha molho de alho e molho chimichurri.<\/p>\n<p>Garrafinhas Recheadas \u2013 Past\u00e9is recheados com pernil desfiado marinado na cerveja em formato de garrafinhas, acompanhado de geleia de morango e geleia de pimenta-dedo-de-mo\u00e7a.<\/p>\n<p>Deixa a Onda te Levar \u2013 Fil\u00e9 de saint peter temperado e recheado com queijo provolone, empanado e frito, acompanhado de molho da casa.<\/p>\n<p>Enrabado \u2013 Canudinhos recheados com rabada e cream cheese, acompanhados de farofa de bacon com agri\u00e3o.<\/p>\n<p>Nega de Saturno \u2013 Bolinho de arroz com lingui\u00e7a artesanal recheado com queijo mussarela e anel de cebola empanado em volta dando o formato de Saturno. Acompanha geleia de pimenta e tomate confitado.<\/p>\n<ul>\n<li><strong>Primo (O Rei da Beringela)<\/strong><\/li>\n<\/ul>\n<p>Porcombole da Patroa \u2013 Rocambole de pernil assado recheado de espinafre refogado com bacon picado no azeite de oliva, queijo, vinagrete de azeitona preta e especiarias. Acompanha molho de ma\u00e7\u00e3.<\/p>\n<p>Sushi Caipira \u2013 L\u00e2minas de berinjela recheado com mussarela e peda\u00e7os e coalho, empanados com farinha de\u00a0rosca\u00a0e\u00a0trigo.<\/p>\n<p>Cabocala \u2013 Bolinho de caboti\u00e1 recheado com calabresa e catupiry<\/p>\n<p>Polpeta da Varanda \u2013 Espeto de polpetas com batata-doce servidos com molho de queijo gorgonzola e catupiry.<\/p>\n<h4 class=\"wp-block-heading\"><strong>Como funciona o Comida di Buteco?<\/strong><\/h4>\n<p>O\u00a0<strong>p\u00fablico\u00a0<\/strong>e um\u00a0<strong>corpo de jurados<\/strong>\u00a0visitam os bares, votam, e elegem o campe\u00e3o avaliando quatro categorias: petisco, atendimento, higiene e temperatura da bebida. \u00a0<\/p>\n<p>Enquanto o prato tem 70% do peso da nota, as demais categorias t\u00eam 10% cada uma. O voto do p\u00fablico vale 50% do peso total e dos jurados tamb\u00e9m 50%.\u00a0<\/p>\n<p>SAIBA MAIS<br \/>Homem \u00e9 preso ap\u00f3s furtar fil\u00e9 mignon em restaurante da regi\u00e3o de Ribeir\u00e3o Preto<\/p>\n<h4 class=\"wp-block-heading\"><strong>FIQUE ON<\/strong><\/h4>\n<p>Fique ligado em tudo que acontece em Ribeir\u00e3o Preto e regi\u00e3o. Siga os perfis do <strong>acidade on <\/strong>no <a href=\"https:\/\/www.instagram.com\/acidadeonribeirao\" target=\"_blank\" rel=\"noreferrer noopener\">Instagram<\/a> e no <a href=\"https:\/\/www.facebook.com\/acidadeonribeirao\" target=\"_blank\" rel=\"noreferrer noopener\">Facebook<\/a>.<\/p>\n<p>Receba not\u00edcias do acidade on no WhatsApp. Para entrar no grupo, basta <a href=\"https:\/\/chat.whatsapp.com\/GFH9HUMUTHNFJdnyEd0xxq\" target=\"_blank\" rel=\"noreferrer noopener\">clicar aqui<\/a>.<\/p>\n<p>Fa\u00e7a uma den\u00fancia ou sugira uma reportagem sobre Ribeir\u00e3o Preto e regi\u00e3o pelo WhatsApp: 16 99117 7802.<\/p>\n<p>VEJA TAMB\u00c9M<br \/>Vanessa Lopes volta \u00e0s redes sociais ap\u00f3s BBB 24<\/p>\n<p><!-- AI CONTENT END 1 -->\n<\/div>\n<p><script async src=\"\/\/www.instagram.com\/embed.js\"><\/script><br \/>\n<br \/><br \/>\n<br \/><a href=\"https:\/\/www.acidadeon.com\/ribeiraopreto\/comida-di-buteco\/veja-quais-sao-os-pratos-do-comida-di-buteco-2024-em-ribeirao-preto\/\">Source link <\/a><\/p>\n<!-- CONTENT END 1 -->\n","protected":false},"excerpt":{"rendered":"<p>A\u00a024\u00aa edi\u00e7\u00e3o do Comida di Buteco\u00a0em\u00a0Ribeir\u00e3o Preto\u00a0acontece de\u00a05 a 28 de abril. Este ano, com o lema\u00a0\u201cSomos Todos Buteco\u201d, o concurso re\u00fane\u00a028 estabelecimentos de regi\u00f5es&#8230;<\/p>\n","protected":false},"author":1,"featured_media":44781,"comment_status":"open","ping_status":"open","sticky":false,"template":"","format":"standard","meta":{"advanced_seo_description":"","jetpack_seo_html_title":"","jetpack_seo_noindex":false,"jetpack_post_was_ever_published":false,"_jetpack_newsletter_access":"","_jetpack_dont_email_post_to_subs":false,"_jetpack_newsletter_tier_id":0,"_jetpack_memberships_contains_paywalled_content":false,"_jetpack_memberships_contains_paid_content":false,"footnotes":"","jetpack_publicize_message":"","jetpack_publicize_feature_enabled":true,"jetpack_social_post_already_shared":true,"jetpack_social_options":{"image_generator_settings":{"template":"highway","default_image_id":0,"font":"","enabled":false},"version":2}},"categories":[11],"tags":[],"class_list":["post-44780","post","type-post","status-publish","format-standard","has-post-thumbnail","hentry","category-noticias-de-ribeirao-preto-sp-e-regiao-ismael-colosi"],"jetpack_publicize_connections":[],"jetpack_featured_media_url":"https:\/\/i0.wp.com\/noticiasribeiraopreto.com.br\/wp-content\/uploads\/2024\/03\/Copia-de-Copia-de-TAMANHO-EXATO-PARA-FOTOS-NO-SISTEMA-NOVO-6-2.jpg?fit=1200%2C675&ssl=1","jetpack-related-posts":[{"id":40597,"url":"https:\/\/noticiasribeiraopreto.com.br\/index.php\/2024\/03\/04\/veja-quando-comeca-nova-edicao-do-comida-di-buteco-em-ribeirao-preto\/","url_meta":{"origin":44780,"position":0},"title":"Veja quando come\u00e7a nova edi\u00e7\u00e3o do Comida di Buteco em Ribeir\u00e3o Preto","author":"noticiasribeiraopreto.com.br","date":"4 de March de 2024","format":false,"excerpt":"A 24\u00aa edi\u00e7\u00e3o do Comida di Buteco j\u00e1 tem data para acontecer em Ribeir\u00e3o Preto. A competi\u00e7\u00e3o que vai eleger o melhor boteco do munic\u00edpio acontece entre os dias 5 e 18 de abril. Neste ano ser\u00e3o 28 estabelecimentos participando da competi\u00e7\u00e3o. Os estabelecimentos e os petiscos, contudo, ainda n\u00e3o\u2026","rel":"","context":"In &quot;Not\u00edcias de Ribeir\u00e3o Preto-SP e Regi\u00e3o&quot;","block_context":{"text":"Not\u00edcias de Ribeir\u00e3o Preto-SP e Regi\u00e3o","link":"https:\/\/noticiasribeiraopreto.com.br\/index.php\/category\/noticias-de-ribeirao-preto-sp-e-regiao-ismael-colosi\/"},"img":{"alt_text":"","src":"https:\/\/i0.wp.com\/noticiasribeiraopreto.com.br\/wp-content\/uploads\/2024\/03\/bar-do-jefferson-bolinguica-ribeirao-preto2022-renata-prado.webp.webp?fit=984%2C656&ssl=1&resize=350%2C200","width":350,"height":200,"srcset":"https:\/\/i0.wp.com\/noticiasribeiraopreto.com.br\/wp-content\/uploads\/2024\/03\/bar-do-jefferson-bolinguica-ribeirao-preto2022-renata-prado.webp.webp?fit=984%2C656&ssl=1&resize=350%2C200 1x, https:\/\/i0.wp.com\/noticiasribeiraopreto.com.br\/wp-content\/uploads\/2024\/03\/bar-do-jefferson-bolinguica-ribeirao-preto2022-renata-prado.webp.webp?fit=984%2C656&ssl=1&resize=525%2C300 1.5x, https:\/\/i0.wp.com\/noticiasribeiraopreto.com.br\/wp-content\/uploads\/2024\/03\/bar-do-jefferson-bolinguica-ribeirao-preto2022-renata-prado.webp.webp?fit=984%2C656&ssl=1&resize=700%2C400 2x"},"classes":[]},{"id":40835,"url":"https:\/\/noticiasribeiraopreto.com.br\/index.php\/2024\/03\/05\/comida-di-buteco-acontece-em-abril\/","url_meta":{"origin":44780,"position":1},"title":"\u2018Comida di Buteco\u2019 acontece em abril \u00a0","author":"noticiasribeiraopreto.com.br","date":"5 de March de 2024","format":false,"excerpt":"5 de mar\u00e7o de 2024 | 18:005 de mar\u00e7o de 2024 | 10:27 0Ribeir\u00e3o Preto-SP recebe, entre os dias 5 e 28 de abril, a 24\u00aa edi\u00e7\u00e3o do Comida di Buteco. Com o lema \u201cSomos Todos Buteco\u201d, o concurso quer trazer o boteco como protagonista da sociedade brasileira, valorizando a\u2026","rel":"","context":"In &quot;Not\u00edcias de Ribeir\u00e3o Preto-SP e Regi\u00e3o&quot;","block_context":{"text":"Not\u00edcias de Ribeir\u00e3o Preto-SP e Regi\u00e3o","link":"https:\/\/noticiasribeiraopreto.com.br\/index.php\/category\/noticias-de-ribeirao-preto-sp-e-regiao-ismael-colosi\/"},"img":{"alt_text":"","src":"https:\/\/i0.wp.com\/noticiasribeiraopreto.com.br\/wp-content\/uploads\/2024\/03\/Buteco-Detalhe-Renata-Prado-Fuligem-scaled.jpg?fit=967%2C645&ssl=1&resize=350%2C200","width":350,"height":200,"srcset":"https:\/\/i0.wp.com\/noticiasribeiraopreto.com.br\/wp-content\/uploads\/2024\/03\/Buteco-Detalhe-Renata-Prado-Fuligem-scaled.jpg?fit=967%2C645&ssl=1&resize=350%2C200 1x, https:\/\/i0.wp.com\/noticiasribeiraopreto.com.br\/wp-content\/uploads\/2024\/03\/Buteco-Detalhe-Renata-Prado-Fuligem-scaled.jpg?fit=967%2C645&ssl=1&resize=525%2C300 1.5x, https:\/\/i0.wp.com\/noticiasribeiraopreto.com.br\/wp-content\/uploads\/2024\/03\/Buteco-Detalhe-Renata-Prado-Fuligem-scaled.jpg?fit=967%2C645&ssl=1&resize=700%2C400 2x"},"classes":[]},{"id":70677,"url":"https:\/\/noticiasribeiraopreto.com.br\/index.php\/2025\/05\/28\/conheca-o-bar-campeao-do-comida-di-buteco-2025-em-ribeirao-preto\/","url_meta":{"origin":44780,"position":2},"title":"Conhe\u00e7a o bar campe\u00e3o do Comida di Buteco 2025 em Ribeir\u00e3o Preto","author":"noticiasribeiraopreto.com.br","date":"28 de May de 2025","format":false,"excerpt":"O Emp\u00f3rio Paulistano venceu o Comida di Buteco 2025 em Ribeir\u00e3o Preto. O resultado foi divulgado na noite desta quarta-feira (28). O petisco apresentado pelo vencedor foi um bolinho de carne su\u00edna recheado com bacon, acompanhado de molho de geleia de pimenta. O bar fica localizado na rua Ces\u00e1rio Motta,\u2026","rel":"","context":"In &quot;Not\u00edcias de Ribeir\u00e3o Preto-SP e Regi\u00e3o&quot;","block_context":{"text":"Not\u00edcias de Ribeir\u00e3o Preto-SP e Regi\u00e3o","link":"https:\/\/noticiasribeiraopreto.com.br\/index.php\/category\/noticias-de-ribeirao-preto-sp-e-regiao-ismael-colosi\/"},"img":{"alt_text":"","src":"https:\/\/i0.wp.com\/noticiasribeiraopreto.com.br\/wp-content\/uploads\/2025\/05\/Copia-de-Copia-de-Copia-de-TAMANHO-EXATO-PARA-FOTOS-NO-SISTEMA-NOVO-2025-05-28T200108.821_2025-05-28_23-01-25.webp.webp?fit=1200%2C675&ssl=1&resize=350%2C200","width":350,"height":200,"srcset":"https:\/\/i0.wp.com\/noticiasribeiraopreto.com.br\/wp-content\/uploads\/2025\/05\/Copia-de-Copia-de-Copia-de-TAMANHO-EXATO-PARA-FOTOS-NO-SISTEMA-NOVO-2025-05-28T200108.821_2025-05-28_23-01-25.webp.webp?fit=1200%2C675&ssl=1&resize=350%2C200 1x, https:\/\/i0.wp.com\/noticiasribeiraopreto.com.br\/wp-content\/uploads\/2025\/05\/Copia-de-Copia-de-Copia-de-TAMANHO-EXATO-PARA-FOTOS-NO-SISTEMA-NOVO-2025-05-28T200108.821_2025-05-28_23-01-25.webp.webp?fit=1200%2C675&ssl=1&resize=525%2C300 1.5x, https:\/\/i0.wp.com\/noticiasribeiraopreto.com.br\/wp-content\/uploads\/2025\/05\/Copia-de-Copia-de-Copia-de-TAMANHO-EXATO-PARA-FOTOS-NO-SISTEMA-NOVO-2025-05-28T200108.821_2025-05-28_23-01-25.webp.webp?fit=1200%2C675&ssl=1&resize=700%2C400 2x, https:\/\/i0.wp.com\/noticiasribeiraopreto.com.br\/wp-content\/uploads\/2025\/05\/Copia-de-Copia-de-Copia-de-TAMANHO-EXATO-PARA-FOTOS-NO-SISTEMA-NOVO-2025-05-28T200108.821_2025-05-28_23-01-25.webp.webp?fit=1200%2C675&ssl=1&resize=1050%2C600 3x"},"classes":[]},{"id":47446,"url":"https:\/\/noticiasribeiraopreto.com.br\/index.php\/2024\/04\/25\/ultimos-dias-para-conhecer-os-petiscos-do-comida-di-buteco-em-ribeirao-preto\/","url_meta":{"origin":44780,"position":3},"title":"\u00daltimos dias para conhecer os petiscos do Comida di Buteco em Ribeir\u00e3o Preto","author":"noticiasribeiraopreto.com.br","date":"25 de April de 2024","format":false,"excerpt":"A competi\u00e7\u00e3o que busca eleger o melhor boteco da cidade acontece at\u00e9 domingo (28). O vencedor da disputa participar\u00e1 da seletiva nacional, podendo conquistar o t\u00edtulo de \u2018Melhor Boteco do Brasil\u2019. Neste ano, o concurso n\u00e3o tem tema espec\u00edfico e os estabelecimentos criaram receitas autorais, que possuem pre\u00e7o fixo de\u2026","rel":"","context":"In &quot;Not\u00edcias de Ribeir\u00e3o Preto-SP e Regi\u00e3o&quot;","block_context":{"text":"Not\u00edcias de Ribeir\u00e3o Preto-SP e Regi\u00e3o","link":"https:\/\/noticiasribeiraopreto.com.br\/index.php\/category\/noticias-de-ribeirao-preto-sp-e-regiao-ismael-colosi\/"},"img":{"alt_text":"","src":"https:\/\/i0.wp.com\/noticiasribeiraopreto.com.br\/wp-content\/uploads\/2024\/04\/1714070307_Copia-de-Copia-de-TAMANHO-EXATO-PARA-FOTOS-NO-SISTEMA-NOVO-2.jpg?fit=1200%2C675&ssl=1&resize=350%2C200","width":350,"height":200,"srcset":"https:\/\/i0.wp.com\/noticiasribeiraopreto.com.br\/wp-content\/uploads\/2024\/04\/1714070307_Copia-de-Copia-de-TAMANHO-EXATO-PARA-FOTOS-NO-SISTEMA-NOVO-2.jpg?fit=1200%2C675&ssl=1&resize=350%2C200 1x, https:\/\/i0.wp.com\/noticiasribeiraopreto.com.br\/wp-content\/uploads\/2024\/04\/1714070307_Copia-de-Copia-de-TAMANHO-EXATO-PARA-FOTOS-NO-SISTEMA-NOVO-2.jpg?fit=1200%2C675&ssl=1&resize=525%2C300 1.5x, https:\/\/i0.wp.com\/noticiasribeiraopreto.com.br\/wp-content\/uploads\/2024\/04\/1714070307_Copia-de-Copia-de-TAMANHO-EXATO-PARA-FOTOS-NO-SISTEMA-NOVO-2.jpg?fit=1200%2C675&ssl=1&resize=700%2C400 2x, https:\/\/i0.wp.com\/noticiasribeiraopreto.com.br\/wp-content\/uploads\/2024\/04\/1714070307_Copia-de-Copia-de-TAMANHO-EXATO-PARA-FOTOS-NO-SISTEMA-NOVO-2.jpg?fit=1200%2C675&ssl=1&resize=1050%2C600 3x"},"classes":[]},{"id":44441,"url":"https:\/\/noticiasribeiraopreto.com.br\/index.php\/2024\/03\/27\/confira-os-bares-participantes-do-comida-di-buteco-em-ribeirao-preto\/","url_meta":{"origin":44780,"position":4},"title":"Confira os bares participantes do \u2018Comida di Buteco\u2019 em Ribeir\u00e3o Preto","author":"noticiasribeiraopreto.com.br","date":"27 de March de 2024","format":false,"excerpt":"A 24\u00aa edi\u00e7\u00e3o do Comida di Buteco em Ribeir\u00e3o Preto acontece de 5 a 28 de abril. Este ano, com o lema \u201cSomos Todos Buteco\u201d, o concurso que re\u00fane 27 estabelecimentos de regi\u00f5es diversas vai eleger o melhor bar da cidade. Ap\u00f3s essa primeira etapa do concurso, o vencedor vai\u2026","rel":"","context":"In &quot;Not\u00edcias de Ribeir\u00e3o Preto-SP e Regi\u00e3o&quot;","block_context":{"text":"Not\u00edcias de Ribeir\u00e3o Preto-SP e Regi\u00e3o","link":"https:\/\/noticiasribeiraopreto.com.br\/index.php\/category\/noticias-de-ribeirao-preto-sp-e-regiao-ismael-colosi\/"},"img":{"alt_text":"","src":"https:\/\/i0.wp.com\/noticiasribeiraopreto.com.br\/wp-content\/uploads\/2024\/03\/bar-do-jefferson-bolinguica-ribeirao-preto2022-renata-prado.webp.webp?fit=984%2C656&ssl=1&resize=350%2C200","width":350,"height":200,"srcset":"https:\/\/i0.wp.com\/noticiasribeiraopreto.com.br\/wp-content\/uploads\/2024\/03\/bar-do-jefferson-bolinguica-ribeirao-preto2022-renata-prado.webp.webp?fit=984%2C656&ssl=1&resize=350%2C200 1x, https:\/\/i0.wp.com\/noticiasribeiraopreto.com.br\/wp-content\/uploads\/2024\/03\/bar-do-jefferson-bolinguica-ribeirao-preto2022-renata-prado.webp.webp?fit=984%2C656&ssl=1&resize=525%2C300 1.5x, https:\/\/i0.wp.com\/noticiasribeiraopreto.com.br\/wp-content\/uploads\/2024\/03\/bar-do-jefferson-bolinguica-ribeirao-preto2022-renata-prado.webp.webp?fit=984%2C656&ssl=1&resize=700%2C400 2x"},"classes":[]},{"id":45498,"url":"https:\/\/noticiasribeiraopreto.com.br\/index.php\/2024\/04\/04\/comida-di-buteco-comeca-nesta-sexta-feira-veja-os-bares-participantes\/","url_meta":{"origin":44780,"position":5},"title":"Comida di Buteco come\u00e7a nesta sexta-feira; Veja os bares participantes","author":"noticiasribeiraopreto.com.br","date":"4 de April de 2024","format":false,"excerpt":"Come\u00e7a nesta sexta-feira (5), em Ribeir\u00e3o Preto, a 24\u00aa edi\u00e7\u00e3o do Comida di Buteco, competi\u00e7\u00e3o que busca eleger o melhor boteco do munic\u00edpio. Neste ano ser\u00e3o 27 estabelecimentos participando da competi\u00e7\u00e3o \u2013 veja lista abaixo. Desta vez o concurso n\u00e3o tem tema espec\u00edfico e os estabelecimentos criaram receitas autorais, que\u2026","rel":"","context":"In &quot;Not\u00edcias de Ribeir\u00e3o Preto-SP e Regi\u00e3o&quot;","block_context":{"text":"Not\u00edcias de Ribeir\u00e3o Preto-SP e Regi\u00e3o","link":"https:\/\/noticiasribeiraopreto.com.br\/index.php\/category\/noticias-de-ribeirao-preto-sp-e-regiao-ismael-colosi\/"},"img":{"alt_text":"","src":"https:\/\/i0.wp.com\/noticiasribeiraopreto.com.br\/wp-content\/uploads\/2024\/04\/Copia-de-Copia-de-TAMANHO-EXATO-PARA-FOTOS-NO-SISTEMA-NOVO-2.jpg?fit=1200%2C675&ssl=1&resize=350%2C200","width":350,"height":200,"srcset":"https:\/\/i0.wp.com\/noticiasribeiraopreto.com.br\/wp-content\/uploads\/2024\/04\/Copia-de-Copia-de-TAMANHO-EXATO-PARA-FOTOS-NO-SISTEMA-NOVO-2.jpg?fit=1200%2C675&ssl=1&resize=350%2C200 1x, https:\/\/i0.wp.com\/noticiasribeiraopreto.com.br\/wp-content\/uploads\/2024\/04\/Copia-de-Copia-de-TAMANHO-EXATO-PARA-FOTOS-NO-SISTEMA-NOVO-2.jpg?fit=1200%2C675&ssl=1&resize=525%2C300 1.5x, https:\/\/i0.wp.com\/noticiasribeiraopreto.com.br\/wp-content\/uploads\/2024\/04\/Copia-de-Copia-de-TAMANHO-EXATO-PARA-FOTOS-NO-SISTEMA-NOVO-2.jpg?fit=1200%2C675&ssl=1&resize=700%2C400 2x, https:\/\/i0.wp.com\/noticiasribeiraopreto.com.br\/wp-content\/uploads\/2024\/04\/Copia-de-Copia-de-TAMANHO-EXATO-PARA-FOTOS-NO-SISTEMA-NOVO-2.jpg?fit=1200%2C675&ssl=1&resize=1050%2C600 3x"},"classes":[]}],"jetpack_sharing_enabled":true,"jetpack_shortlink":"https:\/\/wp.me\/peQAOb-bEg","_links":{"self":[{"href":"https:\/\/noticiasribeiraopreto.com.br\/index.php\/wp-json\/wp\/v2\/posts\/44780","targetHints":{"allow":["GET"]}}],"collection":[{"href":"https:\/\/noticiasribeiraopreto.com.br\/index.php\/wp-json\/wp\/v2\/posts"}],"about":[{"href":"https:\/\/noticiasribeiraopreto.com.br\/index.php\/wp-json\/wp\/v2\/types\/post"}],"author":[{"embeddable":true,"href":"https:\/\/noticiasribeiraopreto.com.br\/index.php\/wp-json\/wp\/v2\/users\/1"}],"replies":[{"embeddable":true,"href":"https:\/\/noticiasribeiraopreto.com.br\/index.php\/wp-json\/wp\/v2\/comments?post=44780"}],"version-history":[{"count":0,"href":"https:\/\/noticiasribeiraopreto.com.br\/index.php\/wp-json\/wp\/v2\/posts\/44780\/revisions"}],"wp:featuredmedia":[{"embeddable":true,"href":"https:\/\/noticiasribeiraopreto.com.br\/index.php\/wp-json\/wp\/v2\/media\/44781"}],"wp:attachment":[{"href":"https:\/\/noticiasribeiraopreto.com.br\/index.php\/wp-json\/wp\/v2\/media?parent=44780"}],"wp:term":[{"taxonomy":"category","embeddable":true,"href":"https:\/\/noticiasribeiraopreto.com.br\/index.php\/wp-json\/wp\/v2\/categories?post=44780"},{"taxonomy":"post_tag","embeddable":true,"href":"https:\/\/noticiasribeiraopreto.com.br\/index.php\/wp-json\/wp\/v2\/tags?post=44780"}],"curies":[{"name":"wp","href":"https:\/\/api.w.org\/{rel}","templated":true}]}}