{"id":44786,"date":"2024-03-30T18:32:28","date_gmt":"2024-03-30T21:32:28","guid":{"rendered":"https:\/\/noticiasribeiraopreto.com.br\/index.php\/2024\/03\/30\/resgatada-cadela-que-ficou-por-cerca-de-20-dias-em-bueiro-de-ribeirao-preto\/"},"modified":"2024-03-30T18:32:28","modified_gmt":"2024-03-30T21:32:28","slug":"resgatada-cadela-que-ficou-por-cerca-de-20-dias-em-bueiro-de-ribeirao-preto","status":"publish","type":"post","link":"https:\/\/noticiasribeiraopreto.com.br\/index.php\/2024\/03\/30\/resgatada-cadela-que-ficou-por-cerca-de-20-dias-em-bueiro-de-ribeirao-preto\/","title":{"rendered":"Resgatada cadela que ficou por cerca de 20 dias em bueiro de Ribeir\u00e3o Preto"},"content":{"rendered":"<div class='code-block code-block-1' style='margin: 8px 0 8px auto; text-align: right; display: block; clear: both;'>\n<p><a href=\"https:\/\/wa.link\/vpicfd\"><img data-recalc-dims=\"1\" class=\"wp-image-4922\" style=\"aspect-ratio: 2.0253164556962027; width: 561px; height: auto;\" src=\"https:\/\/i0.wp.com\/ismaelcolosi.com.br\/wp-content\/uploads\/2023\/11\/grupo-de-empregos-whatsapp-e-facebook-ismael-colosi-vagas.jpg?ssl=1\" alt=\"\" \/><\/a><\/p>\n<!-- \/wp:image -->\n<\/div>\n<p> <br \/>\n<\/p>\n<div data-td-block-uid=\"tdi_101\">\n<div class=\"tdb-block-inner td-fix-index\">\n<p>A<strong> cadela Pinscher<\/strong>, que estava em um <strong>bueiro<\/strong> de uma das <strong>rotat\u00f3rias da rodovia Anhanguera<\/strong> por cerca de 20 dias foi resgatada neste s\u00e1bado (30).<\/p>\n<p>O <strong>resgate<\/strong> foi feito por uma <strong>ONG<\/strong>, que <strong>monitorava<\/strong> o <strong>animal<\/strong> desde quando foi visto pela primeira vez na tubula\u00e7\u00e3o. <\/p>\n<p>Pr\u00f3ximo ao local, foram <strong>montadas armadilhas<\/strong>, como uma gaiola com carne, para tentar <strong>atrair a cadela<\/strong>, o que <strong>possibilitou o resgate neste s\u00e1bado<\/strong>.<\/p>\n<p>Ap\u00f3s ser resgatada, a <strong>cadela foi levada para uma cl\u00ednica veterin\u00e1ria<\/strong>, onde est\u00e1 sendo avaliada e, em seguida, ser\u00e1 <strong>enviada para um abrigo de c\u00e3es<\/strong>.<\/p>\n<h4 class=\"wp-block-heading\"><strong>Flagrante de \u201col\u00e9\u201d ao vivo<\/strong><\/h4>\n<p>Na ter\u00e7a-feira (26), a cadela deu um \u201col\u00e9\u201d na equipe que tentava fazer seu resgate. O flagrante foi mostrado ao vivo durante o EPTV 1.<\/p>\n<p>SAIBA MAIS <\/p>\n<p>Veja quais s\u00e3o os pratos do \u2018Comida Di Buteco 2024\u2019 em Ribeir\u00e3o Preto<\/p>\n<h4 class=\"wp-block-heading\"><strong>FIQUE ON<\/strong><\/h4>\n<p>Fique ligado em tudo que acontece em Ribeir\u00e3o Preto e regi\u00e3o. Siga os perfis do\u00a0<strong>acidade on\u00a0<\/strong>no\u00a0<a href=\"https:\/\/www.instagram.com\/acidadeonribeirao\" target=\"_blank\" rel=\"noreferrer noopener\">Instagram<\/a>\u00a0e no\u00a0<a href=\"https:\/\/www.facebook.com\/acidadeonribeirao\" target=\"_blank\" rel=\"noreferrer noopener\">Facebook<\/a>.<\/p>\n<p>Receba not\u00edcias do acidade on no WhatsApp. Para entrar no grupo, basta\u00a0<a href=\"https:\/\/chat.whatsapp.com\/GFH9HUMUTHNFJdnyEd0xxq\" target=\"_blank\" rel=\"noreferrer noopener\">clicar aqui<\/a>.<\/p>\n<p>Fa\u00e7a uma den\u00fancia ou sugira uma reportagem sobre Ribeir\u00e3o Preto e regi\u00e3o pelo WhatsApp: 16 99117 7802.<\/p>\n<p>VEJA TAMB\u00c9M<\/p>\n<p>Flerte e medo do Pared\u00e3o: veja como foi a madrugada no BBB 24<\/p>\n<p><!-- AI CONTENT END 1 -->\n<\/div>\n<\/div>\n<p><script async src=\"\/\/www.instagram.com\/embed.js\"><\/script><br \/>\n<br \/><br \/>\n<br \/><a href=\"https:\/\/www.acidadeon.com\/ribeiraopreto\/cotidiano\/resgatada-cadela-que-ficou-por-cerca-de-20-dias-em-bueiro-de-ribeirao-preto\/\">Source link <\/a><\/p>\n<!-- CONTENT END 1 -->\n","protected":false},"excerpt":{"rendered":"<p>A cadela Pinscher, que estava em um bueiro de uma das rotat\u00f3rias da rodovia Anhanguera por cerca de 20 dias foi resgatada neste s\u00e1bado (30)&#8230;.<\/p>\n","protected":false},"author":1,"featured_media":44787,"comment_status":"open","ping_status":"open","sticky":false,"template":"","format":"standard","meta":{"advanced_seo_description":"","jetpack_seo_html_title":"","jetpack_seo_noindex":false,"jetpack_post_was_ever_published":false,"_jetpack_newsletter_access":"","_jetpack_dont_email_post_to_subs":false,"_jetpack_newsletter_tier_id":0,"_jetpack_memberships_contains_paywalled_content":false,"_jetpack_memberships_contains_paid_content":false,"footnotes":"","jetpack_publicize_message":"","jetpack_publicize_feature_enabled":true,"jetpack_social_post_already_shared":true,"jetpack_social_options":{"image_generator_settings":{"template":"highway","default_image_id":0,"font":"","enabled":false},"version":2}},"categories":[11],"tags":[],"class_list":["post-44786","post","type-post","status-publish","format-standard","has-post-thumbnail","hentry","category-noticias-de-ribeirao-preto-sp-e-regiao-ismael-colosi"],"jetpack_publicize_connections":[],"jetpack_featured_media_url":"https:\/\/i0.wp.com\/noticiasribeiraopreto.com.br\/wp-content\/uploads\/2024\/03\/Copia-de-Copia-de-TAMANHO-EXATO-PARA-FOTOS-NO-SISTEMA-NOVO-15.jpg?fit=1200%2C675&ssl=1","jetpack-related-posts":[{"id":82180,"url":"https:\/\/noticiasribeiraopreto.com.br\/index.php\/2026\/02\/06\/cadela-e-resgatada-em-bueiro-apos-tres-dias-desaparecida-veja-o-video\/","url_meta":{"origin":44786,"position":0},"title":"Cadela \u00e9 resgatada em bueiro ap\u00f3s tr\u00eas dias desaparecida; Veja o v\u00eddeo","author":"noticiasribeiraopreto.com.br","date":"6 de February de 2026","format":false,"excerpt":"Ver essa foto no Instagram Um post compartilhado por acidade on Ribeir\u00e3o (@acidadeonribeirao) A Defesa Civil de Ituverava, na regi\u00e3o de Ribeir\u00e3o Preto, resgatou uma cadela que estava desaparecida h\u00e1 tr\u00eas dias. O resgate aconteceu na tarde da \u00faltima quarta-feira (4) e o animal estava dentro de um bueiro. Segundo\u2026","rel":"","context":"In &quot;Not\u00edcias de Ribeir\u00e3o Preto-SP e Regi\u00e3o&quot;","block_context":{"text":"Not\u00edcias de Ribeir\u00e3o Preto-SP e Regi\u00e3o","link":"https:\/\/noticiasribeiraopreto.com.br\/index.php\/category\/noticias-de-ribeirao-preto-sp-e-regiao-ismael-colosi\/"},"img":{"alt_text":"","src":"https:\/\/i0.wp.com\/noticiasribeiraopreto.com.br\/wp-content\/uploads\/2026\/02\/defesa-civil-resgate-cadela_2026-02-05_19-21-08.webp.webp?fit=1200%2C899&ssl=1&resize=350%2C200","width":350,"height":200,"srcset":"https:\/\/i0.wp.com\/noticiasribeiraopreto.com.br\/wp-content\/uploads\/2026\/02\/defesa-civil-resgate-cadela_2026-02-05_19-21-08.webp.webp?fit=1200%2C899&ssl=1&resize=350%2C200 1x, https:\/\/i0.wp.com\/noticiasribeiraopreto.com.br\/wp-content\/uploads\/2026\/02\/defesa-civil-resgate-cadela_2026-02-05_19-21-08.webp.webp?fit=1200%2C899&ssl=1&resize=525%2C300 1.5x, https:\/\/i0.wp.com\/noticiasribeiraopreto.com.br\/wp-content\/uploads\/2026\/02\/defesa-civil-resgate-cadela_2026-02-05_19-21-08.webp.webp?fit=1200%2C899&ssl=1&resize=700%2C400 2x, https:\/\/i0.wp.com\/noticiasribeiraopreto.com.br\/wp-content\/uploads\/2026\/02\/defesa-civil-resgate-cadela_2026-02-05_19-21-08.webp.webp?fit=1200%2C899&ssl=1&resize=1050%2C600 3x"},"classes":[]},{"id":83852,"url":"https:\/\/noticiasribeiraopreto.com.br\/index.php\/2026\/03\/27\/lilica-e-resgatada-e-esta-bem\/","url_meta":{"origin":44786,"position":1},"title":"Lilica \u00e9 resgatada e est\u00e1 bem","author":"noticiasribeiraopreto.com.br","date":"27 de March de 2026","format":false,"excerpt":"\r Cachorrinha que havia fugido da Ger\u00eancia de Bem-Estar Animal ap\u00f3s ser retirada do tutor por supostos maus-tratos\r \r 27 de mar\u00e7o de 2026 12:35 \r Compartilhar2 Por: Adalberto Luque \u2013 A cadela que havia fugido da Ger\u00eancia de Bem-Estar Animal \u2013 antiga Divis\u00e3o de Bem Estar Animal (DBEA) \u2013,\u2026","rel":"","context":"In &quot;Not\u00edcias de Ribeir\u00e3o Preto-SP e Regi\u00e3o&quot;","block_context":{"text":"Not\u00edcias de Ribeir\u00e3o Preto-SP e Regi\u00e3o","link":"https:\/\/noticiasribeiraopreto.com.br\/index.php\/category\/noticias-de-ribeirao-preto-sp-e-regiao-ismael-colosi\/"},"img":{"alt_text":"","src":"https:\/\/i0.wp.com\/noticiasribeiraopreto.com.br\/wp-content\/uploads\/2026\/03\/27-mar-2026-lilicavoltou.jpg?fit=1170%2C775&ssl=1&resize=350%2C200","width":350,"height":200,"srcset":"https:\/\/i0.wp.com\/noticiasribeiraopreto.com.br\/wp-content\/uploads\/2026\/03\/27-mar-2026-lilicavoltou.jpg?fit=1170%2C775&ssl=1&resize=350%2C200 1x, https:\/\/i0.wp.com\/noticiasribeiraopreto.com.br\/wp-content\/uploads\/2026\/03\/27-mar-2026-lilicavoltou.jpg?fit=1170%2C775&ssl=1&resize=525%2C300 1.5x, https:\/\/i0.wp.com\/noticiasribeiraopreto.com.br\/wp-content\/uploads\/2026\/03\/27-mar-2026-lilicavoltou.jpg?fit=1170%2C775&ssl=1&resize=700%2C400 2x, https:\/\/i0.wp.com\/noticiasribeiraopreto.com.br\/wp-content\/uploads\/2026\/03\/27-mar-2026-lilicavoltou.jpg?fit=1170%2C775&ssl=1&resize=1050%2C600 3x"},"classes":[]},{"id":53776,"url":"https:\/\/noticiasribeiraopreto.com.br\/index.php\/2024\/06\/24\/cachorra-resgatada-nas-enchentes-do-rs-ganha-novo-lar-em-ribeirao-preto\/","url_meta":{"origin":44786,"position":2},"title":"Cachorra resgatada nas enchentes do RS ganha novo lar em Ribeir\u00e3o Preto","author":"noticiasribeiraopreto.com.br","date":"24 de June de 2024","format":false,"excerpt":"Uma cachorra resgatada nas enchentes do Rio Grande do Sul ganhou um novo lar em Ribeir\u00e3o Preto. A cadela Leopoldina estava prenha e deu \u00e0 luz a cinco filhotes. Ela foi nomeada em homenagem ao seu local de origem, S\u00e3o Leopoldo-RS. A cadela foi acolhida em um abrigo, onde foi\u2026","rel":"","context":"In &quot;Not\u00edcias de Ribeir\u00e3o Preto-SP e Regi\u00e3o&quot;","block_context":{"text":"Not\u00edcias de Ribeir\u00e3o Preto-SP e Regi\u00e3o","link":"https:\/\/noticiasribeiraopreto.com.br\/index.php\/category\/noticias-de-ribeirao-preto-sp-e-regiao-ismael-colosi\/"},"img":{"alt_text":"","src":"https:\/\/i0.wp.com\/noticiasribeiraopreto.com.br\/wp-content\/uploads\/2024\/06\/WhatsApp-Image-2024-06-24-at-09.39.51_2024-06-24_15-50-40_jpeg_2024-06-24_15-50-40.webp.webp?fit=1200%2C675&ssl=1&resize=350%2C200","width":350,"height":200,"srcset":"https:\/\/i0.wp.com\/noticiasribeiraopreto.com.br\/wp-content\/uploads\/2024\/06\/WhatsApp-Image-2024-06-24-at-09.39.51_2024-06-24_15-50-40_jpeg_2024-06-24_15-50-40.webp.webp?fit=1200%2C675&ssl=1&resize=350%2C200 1x, https:\/\/i0.wp.com\/noticiasribeiraopreto.com.br\/wp-content\/uploads\/2024\/06\/WhatsApp-Image-2024-06-24-at-09.39.51_2024-06-24_15-50-40_jpeg_2024-06-24_15-50-40.webp.webp?fit=1200%2C675&ssl=1&resize=525%2C300 1.5x, https:\/\/i0.wp.com\/noticiasribeiraopreto.com.br\/wp-content\/uploads\/2024\/06\/WhatsApp-Image-2024-06-24-at-09.39.51_2024-06-24_15-50-40_jpeg_2024-06-24_15-50-40.webp.webp?fit=1200%2C675&ssl=1&resize=700%2C400 2x, https:\/\/i0.wp.com\/noticiasribeiraopreto.com.br\/wp-content\/uploads\/2024\/06\/WhatsApp-Image-2024-06-24-at-09.39.51_2024-06-24_15-50-40_jpeg_2024-06-24_15-50-40.webp.webp?fit=1200%2C675&ssl=1&resize=1050%2C600 3x"},"classes":[]},{"id":44827,"url":"https:\/\/noticiasribeiraopreto.com.br\/index.php\/2024\/03\/31\/acidente-entre-motos-deixa-duas-pessoas-em-estado-grave-na-zona-leste-de-ribeirao-preto\/","url_meta":{"origin":44786,"position":3},"title":"Acidente entre motos deixa duas pessoas em estado grave na zona Leste de Ribeir\u00e3o Preto","author":"noticiasribeiraopreto.com.br","date":"31 de March de 2024","format":false,"excerpt":"Duas pessoas ficaram em estado grave ap\u00f3s se envolverem em um acidente de tr\u00e2nsito, na noite desse s\u00e1bado (30), na avenida Presidente Castelo Branco, pr\u00f3ximo a sa\u00edda de um shopping da zona Leste de Ribeir\u00e3o Preto. De acordo com o Corpo de Bombeiros (CB), que foi acionado para atender a\u2026","rel":"","context":"In &quot;Not\u00edcias de Ribeir\u00e3o Preto-SP e Regi\u00e3o&quot;","block_context":{"text":"Not\u00edcias de Ribeir\u00e3o Preto-SP e Regi\u00e3o","link":"https:\/\/noticiasribeiraopreto.com.br\/index.php\/category\/noticias-de-ribeirao-preto-sp-e-regiao-ismael-colosi\/"},"img":{"alt_text":"","src":"https:\/\/i0.wp.com\/noticiasribeiraopreto.com.br\/wp-content\/uploads\/2024\/03\/sirene_giroflex_1024x576_11032021085239.jpg?fit=1024%2C576&ssl=1&resize=350%2C200","width":350,"height":200,"srcset":"https:\/\/i0.wp.com\/noticiasribeiraopreto.com.br\/wp-content\/uploads\/2024\/03\/sirene_giroflex_1024x576_11032021085239.jpg?fit=1024%2C576&ssl=1&resize=350%2C200 1x, https:\/\/i0.wp.com\/noticiasribeiraopreto.com.br\/wp-content\/uploads\/2024\/03\/sirene_giroflex_1024x576_11032021085239.jpg?fit=1024%2C576&ssl=1&resize=525%2C300 1.5x, https:\/\/i0.wp.com\/noticiasribeiraopreto.com.br\/wp-content\/uploads\/2024\/03\/sirene_giroflex_1024x576_11032021085239.jpg?fit=1024%2C576&ssl=1&resize=700%2C400 2x"},"classes":[]},{"id":53398,"url":"https:\/\/noticiasribeiraopreto.com.br\/index.php\/2024\/06\/19\/gata-e-resgatada-apos-ficar-presa-em-bueiro-por-dois-dias-na-zona-leste-de-ribeirao-preto\/","url_meta":{"origin":44786,"position":4},"title":"Gata \u00e9 resgatada ap\u00f3s ficar presa em bueiro por dois dias na zona Leste de Ribeir\u00e3o Preto","author":"noticiasribeiraopreto.com.br","date":"19 de June de 2024","format":false,"excerpt":"O Corpo de Bombeiros resgatou, na noite desta ter\u00e7a-feira (18), uma gata que ficou presa por dois dias em um bueiro no Jardim Zara, zona Leste de Ribeir\u00e3o Preto. Moradores da regi\u00e3o disseram que o animal entrou na tubula\u00e7\u00e3o ap\u00f3s ter sido atropelado, no domingo (16), e n\u00e3o saiu mais.\u2026","rel":"","context":"In &quot;Not\u00edcias de Ribeir\u00e3o Preto-SP e Regi\u00e3o&quot;","block_context":{"text":"Not\u00edcias de Ribeir\u00e3o Preto-SP e Regi\u00e3o","link":"https:\/\/noticiasribeiraopreto.com.br\/index.php\/category\/noticias-de-ribeirao-preto-sp-e-regiao-ismael-colosi\/"},"img":{"alt_text":"","src":"https:\/\/i0.wp.com\/noticiasribeiraopreto.com.br\/wp-content\/uploads\/2024\/06\/Copia-de-Copia-de-TAMANHO-EXATO-PARA-FOTOS-NO-SISTEMA-NOVO-85_2024-06-19_19-25-11_png_2024-06-19_19-25-11.webp.webp?fit=1200%2C675&ssl=1&resize=350%2C200","width":350,"height":200,"srcset":"https:\/\/i0.wp.com\/noticiasribeiraopreto.com.br\/wp-content\/uploads\/2024\/06\/Copia-de-Copia-de-TAMANHO-EXATO-PARA-FOTOS-NO-SISTEMA-NOVO-85_2024-06-19_19-25-11_png_2024-06-19_19-25-11.webp.webp?fit=1200%2C675&ssl=1&resize=350%2C200 1x, https:\/\/i0.wp.com\/noticiasribeiraopreto.com.br\/wp-content\/uploads\/2024\/06\/Copia-de-Copia-de-TAMANHO-EXATO-PARA-FOTOS-NO-SISTEMA-NOVO-85_2024-06-19_19-25-11_png_2024-06-19_19-25-11.webp.webp?fit=1200%2C675&ssl=1&resize=525%2C300 1.5x, https:\/\/i0.wp.com\/noticiasribeiraopreto.com.br\/wp-content\/uploads\/2024\/06\/Copia-de-Copia-de-TAMANHO-EXATO-PARA-FOTOS-NO-SISTEMA-NOVO-85_2024-06-19_19-25-11_png_2024-06-19_19-25-11.webp.webp?fit=1200%2C675&ssl=1&resize=700%2C400 2x, https:\/\/i0.wp.com\/noticiasribeiraopreto.com.br\/wp-content\/uploads\/2024\/06\/Copia-de-Copia-de-TAMANHO-EXATO-PARA-FOTOS-NO-SISTEMA-NOVO-85_2024-06-19_19-25-11_png_2024-06-19_19-25-11.webp.webp?fit=1200%2C675&ssl=1&resize=1050%2C600 3x"},"classes":[]},{"id":23731,"url":"https:\/\/noticiasribeiraopreto.com.br\/index.php\/2024\/01\/02\/homem-ateia-fogo-em-cadela-e-seus-7-filhotes\/","url_meta":{"origin":44786,"position":5},"title":"homem ateia fogo em cadela e seus 7 filhotes","author":"noticiasribeiraopreto.com.br","date":"2 de January de 2024","format":false,"excerpt":"Um homem foi flagrado cometendo crime de maus-tratos contra animais neste come\u00e7o de ano e o caso tem gerado revolta. O homem foi flagrado ateando fogo em animais, no munic\u00edpio de Jequi\u00e9, no interior da Bahia.As informa\u00e7\u00f5es foram repassadas pela ONG Aprovanimal, que informou ainda que alguns dos animais foram\u2026","rel":"","context":"In &quot;Blog&quot;","block_context":{"text":"Blog","link":"https:\/\/noticiasribeiraopreto.com.br\/index.php\/category\/blog\/"},"img":{"alt_text":"","src":"https:\/\/i0.wp.com\/noticiasribeiraopreto.com.br\/wp-content\/uploads\/2024\/01\/postimg-6594b4626fbef3818.jpg?fit=1200%2C628&ssl=1&resize=350%2C200","width":350,"height":200,"srcset":"https:\/\/i0.wp.com\/noticiasribeiraopreto.com.br\/wp-content\/uploads\/2024\/01\/postimg-6594b4626fbef3818.jpg?fit=1200%2C628&ssl=1&resize=350%2C200 1x, https:\/\/i0.wp.com\/noticiasribeiraopreto.com.br\/wp-content\/uploads\/2024\/01\/postimg-6594b4626fbef3818.jpg?fit=1200%2C628&ssl=1&resize=525%2C300 1.5x, https:\/\/i0.wp.com\/noticiasribeiraopreto.com.br\/wp-content\/uploads\/2024\/01\/postimg-6594b4626fbef3818.jpg?fit=1200%2C628&ssl=1&resize=700%2C400 2x, https:\/\/i0.wp.com\/noticiasribeiraopreto.com.br\/wp-content\/uploads\/2024\/01\/postimg-6594b4626fbef3818.jpg?fit=1200%2C628&ssl=1&resize=1050%2C600 3x"},"classes":[]}],"jetpack_sharing_enabled":true,"jetpack_shortlink":"https:\/\/wp.me\/peQAOb-bEm","_links":{"self":[{"href":"https:\/\/noticiasribeiraopreto.com.br\/index.php\/wp-json\/wp\/v2\/posts\/44786","targetHints":{"allow":["GET"]}}],"collection":[{"href":"https:\/\/noticiasribeiraopreto.com.br\/index.php\/wp-json\/wp\/v2\/posts"}],"about":[{"href":"https:\/\/noticiasribeiraopreto.com.br\/index.php\/wp-json\/wp\/v2\/types\/post"}],"author":[{"embeddable":true,"href":"https:\/\/noticiasribeiraopreto.com.br\/index.php\/wp-json\/wp\/v2\/users\/1"}],"replies":[{"embeddable":true,"href":"https:\/\/noticiasribeiraopreto.com.br\/index.php\/wp-json\/wp\/v2\/comments?post=44786"}],"version-history":[{"count":0,"href":"https:\/\/noticiasribeiraopreto.com.br\/index.php\/wp-json\/wp\/v2\/posts\/44786\/revisions"}],"wp:featuredmedia":[{"embeddable":true,"href":"https:\/\/noticiasribeiraopreto.com.br\/index.php\/wp-json\/wp\/v2\/media\/44787"}],"wp:attachment":[{"href":"https:\/\/noticiasribeiraopreto.com.br\/index.php\/wp-json\/wp\/v2\/media?parent=44786"}],"wp:term":[{"taxonomy":"category","embeddable":true,"href":"https:\/\/noticiasribeiraopreto.com.br\/index.php\/wp-json\/wp\/v2\/categories?post=44786"},{"taxonomy":"post_tag","embeddable":true,"href":"https:\/\/noticiasribeiraopreto.com.br\/index.php\/wp-json\/wp\/v2\/tags?post=44786"}],"curies":[{"name":"wp","href":"https:\/\/api.w.org\/{rel}","templated":true}]}}