{"id":44819,"date":"2024-03-31T10:26:02","date_gmt":"2024-03-31T13:26:02","guid":{"rendered":"https:\/\/noticiasribeiraopreto.com.br\/index.php\/2024\/03\/31\/domingo-de-pascoa-veja-a-previsao-do-tempo-para-ribeirao-preto\/"},"modified":"2024-03-31T10:26:02","modified_gmt":"2024-03-31T13:26:02","slug":"domingo-de-pascoa-veja-a-previsao-do-tempo-para-ribeirao-preto","status":"publish","type":"post","link":"https:\/\/noticiasribeiraopreto.com.br\/index.php\/2024\/03\/31\/domingo-de-pascoa-veja-a-previsao-do-tempo-para-ribeirao-preto\/","title":{"rendered":"Domingo de P\u00e1scoa: Veja a previs\u00e3o do tempo para Ribeir\u00e3o Preto"},"content":{"rendered":"<div class='code-block code-block-1' style='margin: 8px 0 8px auto; text-align: right; display: block; clear: both;'>\n<p><a href=\"https:\/\/wa.link\/vpicfd\"><img data-recalc-dims=\"1\" class=\"wp-image-4922\" style=\"aspect-ratio: 2.0253164556962027; width: 561px; height: auto;\" src=\"https:\/\/i0.wp.com\/ismaelcolosi.com.br\/wp-content\/uploads\/2023\/11\/grupo-de-empregos-whatsapp-e-facebook-ismael-colosi-vagas.jpg?ssl=1\" alt=\"\" \/><\/a><\/p>\n<!-- \/wp:image -->\n<\/div>\n<p> <br \/>\n<\/p>\n<div data-td-block-uid=\"tdi_101\">\n<div class=\"tdb-block-inner td-fix-index\">\n<p>Ap\u00f3s uma semana de temperaturas mais amenas, o <strong>domingo (31) de P\u00e1scoa<\/strong> deve ser de <strong>sol <\/strong>em todo o <strong>Estado de S\u00e3o Paulo<\/strong>.<\/p>\n<p>De acordo com a plataforma <strong><a href=\"https:\/\/www.climatempo.com.br\/\" target=\"_blank\" rel=\"noreferrer noopener\">Climatempo<\/a><\/strong>, com essa maior <strong>incid\u00eancia solar<\/strong>, a expectativa \u00e9 de que as <strong>temperaturas voltem a subir<\/strong>.<\/p>\n<p>Em <strong>Ribeir\u00e3o Preto<\/strong>, por exemplo, <mark style=\"background-color:#fcb900\" class=\"has-inline-color\">o dia ser\u00e1 de sol, contudo, as <strong>nuvens aumentam durante \u00e0 tarde<\/strong>, mas <strong>n\u00e3o deve chover na cidade<\/strong>. Segundo a meteorologia, <strong>os term\u00f4metros devem atingir os 31\u00baC.<\/strong><\/mark><\/p>\n<h4 class=\"wp-block-heading\"><strong>Como fica o tempo na primeira semana de abril?<\/strong><\/h4>\n<p>N\u00e3o h\u00e1 previs\u00e3o de <strong>chuva <\/strong>nesta segunda-feira (1\u00ba), para <strong>Ribeir\u00e3o Preto<\/strong>. Contudo, <strong>a situa\u00e7\u00e3o deve mudar no dia seguinte.<\/strong><\/p>\n<p>A <strong>Climatempo <\/strong>indica que, a partir de <strong>ter\u00e7a-feira (2)<\/strong>, os dias sejam de sol com <strong>pancadas de chuva \u00e0 tarde e \u00e0 noite<\/strong>. Na sexta-feira (5), o dia ser\u00e1 de sol com algumas nuvens, mas n\u00e3o chove.<\/p>\n<h4 class=\"wp-block-heading\"><strong>Veja a previs\u00e3o do tempo para 5 dias em Ribeir\u00e3o Preto<\/strong><\/h4>\n<ul>\n<li><strong>Segunda-feira (1\u00ba):<\/strong> Sol com algumas nuvens. N\u00e3o chove. M\u00ednima de 19\u00baC e m\u00e1xima de 32\u00baC;<\/li>\n<\/ul>\n<ul>\n<li><strong>Ter\u00e7a-feira (2):<\/strong> Sol e aumento de nuvens. Pancadas de chuva \u00e0 tarde e \u00e0 noite. M\u00ednima de 20\u00baC e m\u00e1xima \u2013 de 32\u00baC;<\/li>\n<\/ul>\n<ul>\n<li><strong>Quarta-feira (3):<\/strong> Sol e aumento de nuvens. Pancadas de chuva \u00e0 tarde e \u00e0 noite. M\u00ednima de 19\u00baC e m\u00e1xima de 32\u00baC;<\/li>\n<\/ul>\n<ul>\n<li><strong>Quinta-feira (4):<\/strong> Sol e aumento de nuvens. Pancadas de chuva \u00e0 tarde e \u00e0 noite. M\u00ednima de 20\u00baC e m\u00e1xima de 31\u00baC;<\/li>\n<\/ul>\n<ul>\n<li><strong>Sexta-feira (5):<\/strong> Sol com algumas nuvens. N\u00e3o chove. M\u00ednima de 20\u00baC e m\u00e1xima de 30\u00baC;<\/li>\n<\/ul>\n<hr class=\"wp-block-separator has-alpha-channel-opacity\"\/>\n<p>SAIBA MAIS<\/p>\n<p>Or\u00e7amento de 2025 de Ribeir\u00e3o Preto prev\u00ea parque prometido h\u00e1 15 anos; Entenda<\/p>\n<h4 class=\"wp-block-heading\"><strong><mark style=\"background-color:#fcb900\" class=\"has-inline-color\">FIQUE ON<\/mark><\/strong><\/h4>\n<p>Fique ligado em tudo que acontece em Ribeir\u00e3o Preto e regi\u00e3o. Siga os perfis do<strong>\u00a0acidade on<\/strong>\u00a0no<a href=\"https:\/\/www.instagram.com\/acidadeonribeirao\" target=\"_blank\" rel=\"noreferrer noopener\">\u00a0Instagram<\/a>\u00a0e no\u00a0<a href=\"https:\/\/www.facebook.com\/acidadeonribeirao\" target=\"_blank\" rel=\"noreferrer noopener\">Facebook<\/a>.<\/p>\n<p>Receba not\u00edcias do<strong>\u00a0acidade on\u00a0<\/strong>no WhatsApp.\u00a0<a href=\"https:\/\/chat.whatsapp.com\/GFH9HUMUTHNFJdnyEd0xxq\" target=\"_blank\" rel=\"noreferrer noopener\">Para entrar no grupo, basta clicar aqui.<\/a><\/p>\n<p>Fa\u00e7a uma den\u00fancia ou sugira uma reportagem sobre Ribeir\u00e3o Preto e regi\u00e3o pelo WhatsApp: 16 99117 7802.<\/p>\n<p>VEJA TAMB\u00c9M<\/p>\n<p>Flerte e medo do Pared\u00e3o: veja como foi a madrugada no BBB 24<\/p>\n<p><!-- AI CONTENT END 1 -->\n<\/div>\n<\/div>\n<p><script async src=\"\/\/www.instagram.com\/embed.js\"><\/script><br \/>\n<br \/><br \/>\n<br \/><a href=\"https:\/\/www.acidadeon.com\/ribeiraopreto\/cotidiano\/domingo-de-pascoa-veja-a-previsao-do-tempo-para-ribeirao-preto\/\">Source link <\/a><\/p>\n<!-- CONTENT END 1 -->\n","protected":false},"excerpt":{"rendered":"<p>Ap\u00f3s uma semana de temperaturas mais amenas, o domingo (31) de P\u00e1scoa deve ser de sol em todo o Estado de S\u00e3o Paulo. De acordo&#8230;<\/p>\n","protected":false},"author":1,"featured_media":44820,"comment_status":"open","ping_status":"open","sticky":false,"template":"","format":"standard","meta":{"advanced_seo_description":"","jetpack_seo_html_title":"","jetpack_seo_noindex":false,"jetpack_post_was_ever_published":false,"_jetpack_newsletter_access":"","_jetpack_dont_email_post_to_subs":false,"_jetpack_newsletter_tier_id":0,"_jetpack_memberships_contains_paywalled_content":false,"_jetpack_memberships_contains_paid_content":false,"footnotes":"","jetpack_publicize_message":"","jetpack_publicize_feature_enabled":true,"jetpack_social_post_already_shared":true,"jetpack_social_options":{"image_generator_settings":{"template":"highway","default_image_id":0,"font":"","enabled":false},"version":2}},"categories":[11],"tags":[],"class_list":["post-44819","post","type-post","status-publish","format-standard","has-post-thumbnail","hentry","category-noticias-de-ribeirao-preto-sp-e-regiao-ismael-colosi"],"jetpack_publicize_connections":[],"jetpack_featured_media_url":"https:\/\/i0.wp.com\/noticiasribeiraopreto.com.br\/wp-content\/uploads\/2024\/03\/1711891562_3-2.jpg?fit=1200%2C675&ssl=1","jetpack-related-posts":[{"id":44738,"url":"https:\/\/noticiasribeiraopreto.com.br\/index.php\/2024\/03\/30\/veja-como-fica-o-tempo-neste-sabado-e-no-domingo-de-pascoa-em-ribeirao-preto\/","url_meta":{"origin":44819,"position":0},"title":"Veja como fica o tempo neste s\u00e1bado e no domingo de P\u00e1scoa em Ribeir\u00e3o Preto","author":"noticiasribeiraopreto.com.br","date":"30 de March de 2024","format":false,"excerpt":"O s\u00e1bado (30) amanheceu com o c\u00e9u coberto por nuvens e algumas delas carregadas. A previs\u00e3o \u00e9 de sol com muitas nuvens e tem previs\u00e3o de pancadas de chuva \u00e0 tarde e \u00e0 noite. A temperatura fica entre 22\u00b0C a m\u00ednima e 29\u00b0C a m\u00e1xima. Domingo de P\u00e1scoa J\u00e1 para\u2026","rel":"","context":"In &quot;Not\u00edcias de Ribeir\u00e3o Preto-SP e Regi\u00e3o&quot;","block_context":{"text":"Not\u00edcias de Ribeir\u00e3o Preto-SP e Regi\u00e3o","link":"https:\/\/noticiasribeiraopreto.com.br\/index.php\/category\/noticias-de-ribeirao-preto-sp-e-regiao-ismael-colosi\/"},"img":{"alt_text":"","src":"https:\/\/i0.wp.com\/noticiasribeiraopreto.com.br\/wp-content\/uploads\/2024\/03\/WhatsApp-Image-2024-03-30-at-09.05.26.jpeg?fit=1200%2C900&ssl=1&resize=350%2C200","width":350,"height":200,"srcset":"https:\/\/i0.wp.com\/noticiasribeiraopreto.com.br\/wp-content\/uploads\/2024\/03\/WhatsApp-Image-2024-03-30-at-09.05.26.jpeg?fit=1200%2C900&ssl=1&resize=350%2C200 1x, https:\/\/i0.wp.com\/noticiasribeiraopreto.com.br\/wp-content\/uploads\/2024\/03\/WhatsApp-Image-2024-03-30-at-09.05.26.jpeg?fit=1200%2C900&ssl=1&resize=525%2C300 1.5x, https:\/\/i0.wp.com\/noticiasribeiraopreto.com.br\/wp-content\/uploads\/2024\/03\/WhatsApp-Image-2024-03-30-at-09.05.26.jpeg?fit=1200%2C900&ssl=1&resize=700%2C400 2x, https:\/\/i0.wp.com\/noticiasribeiraopreto.com.br\/wp-content\/uploads\/2024\/03\/WhatsApp-Image-2024-03-30-at-09.05.26.jpeg?fit=1200%2C900&ssl=1&resize=1050%2C600 3x"},"classes":[]},{"id":67900,"url":"https:\/\/noticiasribeiraopreto.com.br\/index.php\/2025\/04\/20\/veja-como-fica-o-tempo-em-ribeirao-preto-neste-domingo-de-pascoa\/","url_meta":{"origin":44819,"position":1},"title":"Veja como fica o tempo em Ribeir\u00e3o Preto neste Domingo de P\u00e1scoa","author":"noticiasribeiraopreto.com.br","date":"20 de April de 2025","format":false,"excerpt":"O domingo (20) de P\u00e1scoa ser\u00e1 de sol com muitas nuvens durante o dia e per\u00edodos de c\u00e9u nublado em Ribeir\u00e3o Preto. De acordo com a Climatempo, as temperaturas devem variar entre 18\u00baC e 28\u00baC. >>>FIQUE POR DENTRO: Banda Leela se apresenta gratuitamente em Ribeir\u00e3o Preto; Veja quando A frente\u2026","rel":"","context":"In &quot;Not\u00edcias de Ribeir\u00e3o Preto-SP e Regi\u00e3o&quot;","block_context":{"text":"Not\u00edcias de Ribeir\u00e3o Preto-SP e Regi\u00e3o","link":"https:\/\/noticiasribeiraopreto.com.br\/index.php\/category\/noticias-de-ribeirao-preto-sp-e-regiao-ismael-colosi\/"},"img":{"alt_text":"","src":"https:\/\/i0.wp.com\/noticiasribeiraopreto.com.br\/wp-content\/uploads\/2025\/04\/WhatsApp-Image-2025-04-20-at-09.47.57_2025-04-20_12-51-41.webp.webp?fit=1200%2C900&ssl=1&resize=350%2C200","width":350,"height":200,"srcset":"https:\/\/i0.wp.com\/noticiasribeiraopreto.com.br\/wp-content\/uploads\/2025\/04\/WhatsApp-Image-2025-04-20-at-09.47.57_2025-04-20_12-51-41.webp.webp?fit=1200%2C900&ssl=1&resize=350%2C200 1x, https:\/\/i0.wp.com\/noticiasribeiraopreto.com.br\/wp-content\/uploads\/2025\/04\/WhatsApp-Image-2025-04-20-at-09.47.57_2025-04-20_12-51-41.webp.webp?fit=1200%2C900&ssl=1&resize=525%2C300 1.5x, https:\/\/i0.wp.com\/noticiasribeiraopreto.com.br\/wp-content\/uploads\/2025\/04\/WhatsApp-Image-2025-04-20-at-09.47.57_2025-04-20_12-51-41.webp.webp?fit=1200%2C900&ssl=1&resize=700%2C400 2x, https:\/\/i0.wp.com\/noticiasribeiraopreto.com.br\/wp-content\/uploads\/2025\/04\/WhatsApp-Image-2025-04-20-at-09.47.57_2025-04-20_12-51-41.webp.webp?fit=1200%2C900&ssl=1&resize=1050%2C600 3x"},"classes":[]},{"id":83903,"url":"https:\/\/noticiasribeiraopreto.com.br\/index.php\/2026\/03\/28\/veja-a-previsao-do-tempo-para-o-fim-de-semana-em-ribeirao-preto\/","url_meta":{"origin":44819,"position":2},"title":"Veja a previs\u00e3o do tempo para o fim de semana em Ribeir\u00e3o Preto","author":"noticiasribeiraopreto.com.br","date":"28 de March de 2026","format":false,"excerpt":"O s\u00e1bado (28) em Ribeir\u00e3o Preto deve ser de sol com aumento de nuvens a partir da tarde, de acordo com previs\u00e3o da Climatempo. As temperaturas variam entre 19\u00baC e 25\u00baC e n\u00e3o h\u00e1 previs\u00e3o de chuva. No interior de S\u00e3o Paulo, o tempo segue com sol e temperaturas elevadas.\u2026","rel":"","context":"In &quot;Not\u00edcias de Ribeir\u00e3o Preto-SP e Regi\u00e3o&quot;","block_context":{"text":"Not\u00edcias de Ribeir\u00e3o Preto-SP e Regi\u00e3o","link":"https:\/\/noticiasribeiraopreto.com.br\/index.php\/category\/noticias-de-ribeirao-preto-sp-e-regiao-ismael-colosi\/"},"img":{"alt_text":"","src":"https:\/\/i0.wp.com\/noticiasribeiraopreto.com.br\/wp-content\/uploads\/2024\/12\/DIA-DE-SOL_2024-12-30_10-53-15_jpg_2024-12-30_10-53-15.webp.webp?fit=1200%2C960&ssl=1&resize=350%2C200","width":350,"height":200,"srcset":"https:\/\/i0.wp.com\/noticiasribeiraopreto.com.br\/wp-content\/uploads\/2024\/12\/DIA-DE-SOL_2024-12-30_10-53-15_jpg_2024-12-30_10-53-15.webp.webp?fit=1200%2C960&ssl=1&resize=350%2C200 1x, https:\/\/i0.wp.com\/noticiasribeiraopreto.com.br\/wp-content\/uploads\/2024\/12\/DIA-DE-SOL_2024-12-30_10-53-15_jpg_2024-12-30_10-53-15.webp.webp?fit=1200%2C960&ssl=1&resize=525%2C300 1.5x, https:\/\/i0.wp.com\/noticiasribeiraopreto.com.br\/wp-content\/uploads\/2024\/12\/DIA-DE-SOL_2024-12-30_10-53-15_jpg_2024-12-30_10-53-15.webp.webp?fit=1200%2C960&ssl=1&resize=700%2C400 2x, https:\/\/i0.wp.com\/noticiasribeiraopreto.com.br\/wp-content\/uploads\/2024\/12\/DIA-DE-SOL_2024-12-30_10-53-15_jpg_2024-12-30_10-53-15.webp.webp?fit=1200%2C960&ssl=1&resize=1050%2C600 3x"},"classes":[]},{"id":75874,"url":"https:\/\/noticiasribeiraopreto.com.br\/index.php\/2025\/08\/17\/domingo-sera-de-sol-e-calor-em-ribeirao-preto-veranico-chega-nesta-semana\/","url_meta":{"origin":44819,"position":3},"title":"Domingo ser\u00e1 de sol e calor em Ribeir\u00e3o Preto; Veranico chega nesta semana","author":"noticiasribeiraopreto.com.br","date":"17 de August de 2025","format":false,"excerpt":"O domingo (17) em Ribeir\u00e3o Preto ser\u00e1 ensolarado, com poucas nuvens e sem previs\u00e3o de chuva. Apesar da m\u00ednima de 16 \u00b0C, as temperaturas devem subir ao longo do dia e alcan\u00e7ar os 31 \u00b0C durante a tarde, segundo a Climatempo. A umidade relativa do ar varia entre 25% e\u2026","rel":"","context":"In &quot;Not\u00edcias de Ribeir\u00e3o Preto-SP e Regi\u00e3o&quot;","block_context":{"text":"Not\u00edcias de Ribeir\u00e3o Preto-SP e Regi\u00e3o","link":"https:\/\/noticiasribeiraopreto.com.br\/index.php\/category\/noticias-de-ribeirao-preto-sp-e-regiao-ismael-colosi\/"},"img":{"alt_text":"","src":"https:\/\/i0.wp.com\/noticiasribeiraopreto.com.br\/wp-content\/uploads\/2025\/08\/Imagem-do-WhatsApp-de-2025-08-10-as-09.21.15_9b79cfee_2025-08-10_12-29-12.webp.webp?fit=1200%2C675&ssl=1&resize=350%2C200","width":350,"height":200,"srcset":"https:\/\/i0.wp.com\/noticiasribeiraopreto.com.br\/wp-content\/uploads\/2025\/08\/Imagem-do-WhatsApp-de-2025-08-10-as-09.21.15_9b79cfee_2025-08-10_12-29-12.webp.webp?fit=1200%2C675&ssl=1&resize=350%2C200 1x, https:\/\/i0.wp.com\/noticiasribeiraopreto.com.br\/wp-content\/uploads\/2025\/08\/Imagem-do-WhatsApp-de-2025-08-10-as-09.21.15_9b79cfee_2025-08-10_12-29-12.webp.webp?fit=1200%2C675&ssl=1&resize=525%2C300 1.5x, https:\/\/i0.wp.com\/noticiasribeiraopreto.com.br\/wp-content\/uploads\/2025\/08\/Imagem-do-WhatsApp-de-2025-08-10-as-09.21.15_9b79cfee_2025-08-10_12-29-12.webp.webp?fit=1200%2C675&ssl=1&resize=700%2C400 2x, https:\/\/i0.wp.com\/noticiasribeiraopreto.com.br\/wp-content\/uploads\/2025\/08\/Imagem-do-WhatsApp-de-2025-08-10-as-09.21.15_9b79cfee_2025-08-10_12-29-12.webp.webp?fit=1200%2C675&ssl=1&resize=1050%2C600 3x"},"classes":[]},{"id":47696,"url":"https:\/\/noticiasribeiraopreto.com.br\/index.php\/2024\/04\/27\/veja-como-fica-o-tempo-em-ribeirao-preto-neste-fim-de-semana\/","url_meta":{"origin":44819,"position":4},"title":"Veja como fica o tempo em Ribeir\u00e3o Preto neste fim de semana","author":"noticiasribeiraopreto.com.br","date":"27 de April de 2024","format":false,"excerpt":"O \u00faltimo fim de semana de abril em Ribeir\u00e3o Preto ser\u00e1 de muito calor, de acordo com os meteorologistas. Segundo a previs\u00e3o da Climatempo, as temperaturas podem chegar aos 34\u00baC neste s\u00e1bado (27) e no domingo (28). Os dois dias ser\u00e3o marcados pelo sol, com aumento de nuvens a partir\u2026","rel":"","context":"In &quot;Not\u00edcias de Ribeir\u00e3o Preto-SP e Regi\u00e3o&quot;","block_context":{"text":"Not\u00edcias de Ribeir\u00e3o Preto-SP e Regi\u00e3o","link":"https:\/\/noticiasribeiraopreto.com.br\/index.php\/category\/noticias-de-ribeirao-preto-sp-e-regiao-ismael-colosi\/"},"img":{"alt_text":"","src":"https:\/\/i0.wp.com\/noticiasribeiraopreto.com.br\/wp-content\/uploads\/2024\/04\/1714233376_WhatsApp-Image-2024-02-28-at-08.48.57.jpeg?fit=1200%2C900&ssl=1&resize=350%2C200","width":350,"height":200,"srcset":"https:\/\/i0.wp.com\/noticiasribeiraopreto.com.br\/wp-content\/uploads\/2024\/04\/1714233376_WhatsApp-Image-2024-02-28-at-08.48.57.jpeg?fit=1200%2C900&ssl=1&resize=350%2C200 1x, https:\/\/i0.wp.com\/noticiasribeiraopreto.com.br\/wp-content\/uploads\/2024\/04\/1714233376_WhatsApp-Image-2024-02-28-at-08.48.57.jpeg?fit=1200%2C900&ssl=1&resize=525%2C300 1.5x, https:\/\/i0.wp.com\/noticiasribeiraopreto.com.br\/wp-content\/uploads\/2024\/04\/1714233376_WhatsApp-Image-2024-02-28-at-08.48.57.jpeg?fit=1200%2C900&ssl=1&resize=700%2C400 2x, https:\/\/i0.wp.com\/noticiasribeiraopreto.com.br\/wp-content\/uploads\/2024\/04\/1714233376_WhatsApp-Image-2024-02-28-at-08.48.57.jpeg?fit=1200%2C900&ssl=1&resize=1050%2C600 3x"},"classes":[]},{"id":34891,"url":"https:\/\/noticiasribeiraopreto.com.br\/index.php\/2024\/02\/04\/domingo-comeca-com-tempo-fechado-em-ribeirao-veja-previsao-para-os-proximos-5-dias\/","url_meta":{"origin":44819,"position":5},"title":"Domingo come\u00e7a com tempo fechado em Ribeir\u00e3o; Veja previs\u00e3o para os pr\u00f3ximos 5 dias","author":"noticiasribeiraopreto.com.br","date":"4 de February de 2024","format":false,"excerpt":"O domingo (4) amanheceu com tempo fechado e chuvoso em Ribeir\u00e3o Preto. De acordo com a Climatempo, o sol aparece com algumas nuvens e mant\u00e9m o tempo abafado. Pancadas de chuva podem ocorrer durante o dia e \u00e0 noite. Existem 83% de chances de chover o acumulado de 10 mil\u00edmetros.\u2026","rel":"","context":"In &quot;Not\u00edcias de Ribeir\u00e3o Preto-SP e Regi\u00e3o&quot;","block_context":{"text":"Not\u00edcias de Ribeir\u00e3o Preto-SP e Regi\u00e3o","link":"https:\/\/noticiasribeiraopreto.com.br\/index.php\/category\/noticias-de-ribeirao-preto-sp-e-regiao-ismael-colosi\/"},"img":{"alt_text":"","src":"https:\/\/i0.wp.com\/noticiasribeiraopreto.com.br\/wp-content\/uploads\/2024\/02\/WhatsApp-Image-2023-12-22-at-07.23.32.jpeg?fit=1200%2C675&ssl=1&resize=350%2C200","width":350,"height":200,"srcset":"https:\/\/i0.wp.com\/noticiasribeiraopreto.com.br\/wp-content\/uploads\/2024\/02\/WhatsApp-Image-2023-12-22-at-07.23.32.jpeg?fit=1200%2C675&ssl=1&resize=350%2C200 1x, https:\/\/i0.wp.com\/noticiasribeiraopreto.com.br\/wp-content\/uploads\/2024\/02\/WhatsApp-Image-2023-12-22-at-07.23.32.jpeg?fit=1200%2C675&ssl=1&resize=525%2C300 1.5x, https:\/\/i0.wp.com\/noticiasribeiraopreto.com.br\/wp-content\/uploads\/2024\/02\/WhatsApp-Image-2023-12-22-at-07.23.32.jpeg?fit=1200%2C675&ssl=1&resize=700%2C400 2x, https:\/\/i0.wp.com\/noticiasribeiraopreto.com.br\/wp-content\/uploads\/2024\/02\/WhatsApp-Image-2023-12-22-at-07.23.32.jpeg?fit=1200%2C675&ssl=1&resize=1050%2C600 3x"},"classes":[]}],"jetpack_sharing_enabled":true,"jetpack_shortlink":"https:\/\/wp.me\/peQAOb-bET","_links":{"self":[{"href":"https:\/\/noticiasribeiraopreto.com.br\/index.php\/wp-json\/wp\/v2\/posts\/44819","targetHints":{"allow":["GET"]}}],"collection":[{"href":"https:\/\/noticiasribeiraopreto.com.br\/index.php\/wp-json\/wp\/v2\/posts"}],"about":[{"href":"https:\/\/noticiasribeiraopreto.com.br\/index.php\/wp-json\/wp\/v2\/types\/post"}],"author":[{"embeddable":true,"href":"https:\/\/noticiasribeiraopreto.com.br\/index.php\/wp-json\/wp\/v2\/users\/1"}],"replies":[{"embeddable":true,"href":"https:\/\/noticiasribeiraopreto.com.br\/index.php\/wp-json\/wp\/v2\/comments?post=44819"}],"version-history":[{"count":0,"href":"https:\/\/noticiasribeiraopreto.com.br\/index.php\/wp-json\/wp\/v2\/posts\/44819\/revisions"}],"wp:featuredmedia":[{"embeddable":true,"href":"https:\/\/noticiasribeiraopreto.com.br\/index.php\/wp-json\/wp\/v2\/media\/44820"}],"wp:attachment":[{"href":"https:\/\/noticiasribeiraopreto.com.br\/index.php\/wp-json\/wp\/v2\/media?parent=44819"}],"wp:term":[{"taxonomy":"category","embeddable":true,"href":"https:\/\/noticiasribeiraopreto.com.br\/index.php\/wp-json\/wp\/v2\/categories?post=44819"},{"taxonomy":"post_tag","embeddable":true,"href":"https:\/\/noticiasribeiraopreto.com.br\/index.php\/wp-json\/wp\/v2\/tags?post=44819"}],"curies":[{"name":"wp","href":"https:\/\/api.w.org\/{rel}","templated":true}]}}