{"id":44920,"date":"2024-04-01T11:55:01","date_gmt":"2024-04-01T14:55:01","guid":{"rendered":"https:\/\/noticiasribeiraopreto.com.br\/index.php\/2024\/04\/01\/motorista-atropela-cachorro-e-foge\/"},"modified":"2024-04-01T11:55:01","modified_gmt":"2024-04-01T14:55:01","slug":"motorista-atropela-cachorro-e-foge","status":"publish","type":"post","link":"https:\/\/noticiasribeiraopreto.com.br\/index.php\/2024\/04\/01\/motorista-atropela-cachorro-e-foge\/","title":{"rendered":"Motorista atropela cachorro e foge"},"content":{"rendered":"<div class='code-block code-block-1' style='margin: 8px 0 8px auto; text-align: right; display: block; clear: both;'>\n<p><a href=\"https:\/\/wa.link\/vpicfd\"><img data-recalc-dims=\"1\" class=\"wp-image-4922\" style=\"aspect-ratio: 2.0253164556962027; width: 561px; height: auto;\" src=\"https:\/\/i0.wp.com\/ismaelcolosi.com.br\/wp-content\/uploads\/2023\/11\/grupo-de-empregos-whatsapp-e-facebook-ismael-colosi-vagas.jpg?ssl=1\" alt=\"\" \/><\/a><\/p>\n<!-- \/wp:image -->\n<\/div>\n<p> <br \/>\n<\/p>\n<div id=\"post-379107\">\n<header class=\"entry-header penci-entry-header penci-title-center\">\n<p>\n<span class=\"entry-meta-item penci-posted-on\"><i class=\"fa fa-clock-o\"\/><time class=\"entry-date published\" datetime=\"2024-04-01T11:21:48-03:00\">1 de abril de 2024 | 11:21<\/time><time class=\"updated\" datetime=\"2024-04-01T11:24:52-03:00\">1 de abril de 2024 | 11:24<\/time><\/span> <\/p>\n<p><span class=\"penci-social-buttons penci-social-share-footer\"><a href=\"#\" class=\"penci-post-like penci_post-meta_item  single-like-button penci-social-item like\" data-post_id=\"379107\" title=\"Like\" data-like=\"Like\" data-unlike=\"Unlike\"><i class=\"fa fa-thumbs-o-up\"\/><span class=\"penci-share-number\">0<\/span><\/a><i class=\"fa fa-facebook\"\/><a class=\"penci-social-item twitter\" target=\"_blank\" rel=\"noopener\" title=\"\" href=\"https:\/\/twitter.com\/intent\/tweet?text=Motorista%20atropela%20cachorro%20e%20foge%20-%20https:\/\/www.tribunaribeirao.com.br\/site\/motorista-atropela-cachorro-e-foge\/\"><i class=\"fa fa-twitter\"\/><\/a><i class=\"fa fa-whatsapp\"\/><\/span> <\/header>\n<div class=\"penci-entry-content entry-content\">\n<p>Um motorista atropelou e matou um cachorro, na noite deste domingo (31), na Thomaz Alberto Whately em Ribeir\u00e3o Preto.<\/p>\n<div class=\"x11i5rnm xat24cr x1mh8g0r x1vvkbs xtlvy1s x126k92a\">\n<p>Segundo informa\u00e7\u00f5es, o motorista estava em alta velocidade quando atingiu o animal. Depois do acidente ele fugiu e com o atropelamento pe\u00e7as do carro ficaram ca\u00eddas na via.<\/p>\n<\/div>\n<div class=\"x11i5rnm xat24cr x1mh8g0r x1vvkbs xtlvy1s x126k92a\">\n<p>Motoristas que passavam pela avenida tentaram socorrer o c\u00e3o, mas ele n\u00e3o resistiu. O motorista n\u00e3o foi identificado.<\/p>\n<\/div>\n<\/div>\n<footer class=\"penci-entry-footer\">\n <\/footer>\n<\/div>\n<p><script async src=\"\/\/platform.twitter.com\/widgets.js\" charset=\"utf-8\"><\/script><br \/>\n<br \/><br \/>\n<br \/><a href=\"https:\/\/www.tribunaribeirao.com.br\/site\/motorista-atropela-cachorro-e-foge\/\">Source link <\/a><\/p>\n<!-- CONTENT END 1 -->\n","protected":false},"excerpt":{"rendered":"<p>1 de abril de 2024 | 11:211 de abril de 2024 | 11:24 0 Um motorista atropelou e matou um cachorro, na noite deste domingo&#8230;<\/p>\n","protected":false},"author":1,"featured_media":44921,"comment_status":"open","ping_status":"open","sticky":false,"template":"","format":"standard","meta":{"advanced_seo_description":"","jetpack_seo_html_title":"","jetpack_seo_noindex":false,"jetpack_post_was_ever_published":false,"_jetpack_newsletter_access":"","_jetpack_dont_email_post_to_subs":false,"_jetpack_newsletter_tier_id":0,"_jetpack_memberships_contains_paywalled_content":false,"_jetpack_memberships_contains_paid_content":false,"footnotes":"","jetpack_publicize_message":"","jetpack_publicize_feature_enabled":true,"jetpack_social_post_already_shared":true,"jetpack_social_options":{"image_generator_settings":{"template":"highway","default_image_id":0,"font":"","enabled":false},"version":2}},"categories":[11],"tags":[5319,2945,1681,319],"class_list":["post-44920","post","type-post","status-publish","format-standard","has-post-thumbnail","hentry","category-noticias-de-ribeirao-preto-sp-e-regiao-ismael-colosi","tag-atropela","tag-cachorro","tag-foge","tag-motorista"],"jetpack_publicize_connections":[],"jetpack_featured_media_url":"https:\/\/i0.wp.com\/noticiasribeiraopreto.com.br\/wp-content\/uploads\/2024\/04\/0ac1a25a-2b01-43f0-bba9-ac5b3f74690b.jpg?fit=750%2C500&ssl=1","jetpack-related-posts":[{"id":65061,"url":"https:\/\/noticiasribeiraopreto.com.br\/index.php\/2025\/03\/15\/motorista-atropela-gari-em-faixa-de-pedestre-e-foge-crime-choca-ribeirao-preto\/","url_meta":{"origin":44920,"position":0},"title":"Motorista Atropela Gari em Faixa de Pedestre e Foge: Crime Choca Ribeir\u00e3o Preto","author":"noticiasribeiraopreto.com.br","date":"15 de March de 2025","format":false,"excerpt":"Na manh\u00e3 desta sexta-feira (14), Ribeir\u00e3o Preto foi palco de uma grave ocorr\u00eancia de tr\u00e2nsito que chocou a popula\u00e7\u00e3o local. Um gari foi atropelado enquanto atravessava a faixa de pedestre, no centro da cidade, e o motorista fugiu do local sem prestar socorro. O acidente ocorreu na movimentada Avenida Saudade,\u2026","rel":"","context":"In &quot;Not\u00edcias de Ribeir\u00e3o Preto-SP e Regi\u00e3o&quot;","block_context":{"text":"Not\u00edcias de Ribeir\u00e3o Preto-SP e Regi\u00e3o","link":"https:\/\/noticiasribeiraopreto.com.br\/index.php\/category\/noticias-de-ribeirao-preto-sp-e-regiao-ismael-colosi\/"},"img":{"alt_text":"","src":"https:\/\/i0.wp.com\/noticiasribeiraopreto.com.br\/wp-content\/uploads\/2024\/09\/Policia-Militar-e1717532645165.webp.webp?fit=800%2C450&ssl=1&resize=350%2C200","width":350,"height":200,"srcset":"https:\/\/i0.wp.com\/noticiasribeiraopreto.com.br\/wp-content\/uploads\/2024\/09\/Policia-Militar-e1717532645165.webp.webp?fit=800%2C450&ssl=1&resize=350%2C200 1x, https:\/\/i0.wp.com\/noticiasribeiraopreto.com.br\/wp-content\/uploads\/2024\/09\/Policia-Militar-e1717532645165.webp.webp?fit=800%2C450&ssl=1&resize=525%2C300 1.5x, https:\/\/i0.wp.com\/noticiasribeiraopreto.com.br\/wp-content\/uploads\/2024\/09\/Policia-Militar-e1717532645165.webp.webp?fit=800%2C450&ssl=1&resize=700%2C400 2x"},"classes":[]},{"id":45633,"url":"https:\/\/noticiasribeiraopreto.com.br\/index.php\/2024\/04\/05\/ciclista-morre-atropelado-e-motorista-foge-sem-prestar-socorro-em-rp\/","url_meta":{"origin":44920,"position":1},"title":"Ciclista morre atropelado e motorista foge sem prestar socorro em RP","author":"noticiasribeiraopreto.com.br","date":"5 de April de 2024","format":false,"excerpt":"5 de abril de 2024 | 11:57 0 Um ciclista morreu na noite desta quinta-feira (4), depois ser atropelado na Estrada Joanilda Martins dos Santos, em Ribeir\u00e3o Preto. Segundo o\u00a0boletim de ocorr\u00eancia (BO), a\u00a0v\u00edtima, identificada como\u00a0Edvan Pereira Corr\u00eaa, de 46 anos, foi\u00a0atingida\u00a0por um\u00a0ve\u00edculo, cujo tipo \u00e9 desconhecido, sofreu\u00a0esmagamento\u00a0na\u00a0cabe\u00e7a\u00a0e chegou a\u2026","rel":"","context":"In &quot;Not\u00edcias de Ribeir\u00e3o Preto-SP e Regi\u00e3o&quot;","block_context":{"text":"Not\u00edcias de Ribeir\u00e3o Preto-SP e Regi\u00e3o","link":"https:\/\/noticiasribeiraopreto.com.br\/index.php\/category\/noticias-de-ribeirao-preto-sp-e-regiao-ismael-colosi\/"},"img":{"alt_text":"","src":"https:\/\/i0.wp.com\/noticiasribeiraopreto.com.br\/wp-content\/uploads\/2024\/04\/a556b282-c087-4259-bd5b-8d6db44af6c2.png?fit=768%2C354&ssl=1&resize=350%2C200","width":350,"height":200,"srcset":"https:\/\/i0.wp.com\/noticiasribeiraopreto.com.br\/wp-content\/uploads\/2024\/04\/a556b282-c087-4259-bd5b-8d6db44af6c2.png?fit=768%2C354&ssl=1&resize=350%2C200 1x, https:\/\/i0.wp.com\/noticiasribeiraopreto.com.br\/wp-content\/uploads\/2024\/04\/a556b282-c087-4259-bd5b-8d6db44af6c2.png?fit=768%2C354&ssl=1&resize=525%2C300 1.5x, https:\/\/i0.wp.com\/noticiasribeiraopreto.com.br\/wp-content\/uploads\/2024\/04\/a556b282-c087-4259-bd5b-8d6db44af6c2.png?fit=768%2C354&ssl=1&resize=700%2C400 2x"},"classes":[]},{"id":37115,"url":"https:\/\/noticiasribeiraopreto.com.br\/index.php\/2024\/02\/14\/motorista-embriagado-atropela-seis-pessoas-na-regiao-de-ribeirao-preto\/","url_meta":{"origin":44920,"position":2},"title":"Motorista embriagado atropela seis pessoas na regi\u00e3o de Ribeir\u00e3o Preto","author":"noticiasribeiraopreto.com.br","date":"14 de February de 2024","format":false,"excerpt":"Seis pessoas foram atropeladas em um cruzamento no Centro de Taquaritinga, na madrugada de ter\u00e7a-feira (13) durante a tradicional festa de Carnaval da cidade. Al\u00e9m das v\u00edtimas, o carro dirigido por um motorista embriagado, tamb\u00e9m atingiu outro ve\u00edculo que estava estacionado na via. Segundo a ocorr\u00eancia registrada pela Pol\u00edcia Militar,\u2026","rel":"","context":"In &quot;Not\u00edcias de Ribeir\u00e3o Preto-SP e Regi\u00e3o&quot;","block_context":{"text":"Not\u00edcias de Ribeir\u00e3o Preto-SP e Regi\u00e3o","link":"https:\/\/noticiasribeiraopreto.com.br\/index.php\/category\/noticias-de-ribeirao-preto-sp-e-regiao-ismael-colosi\/"},"img":{"alt_text":"","src":"https:\/\/i0.wp.com\/noticiasribeiraopreto.com.br\/wp-content\/uploads\/2024\/02\/Capturar-11.jpg?fit=730%2C480&ssl=1&resize=350%2C200","width":350,"height":200,"srcset":"https:\/\/i0.wp.com\/noticiasribeiraopreto.com.br\/wp-content\/uploads\/2024\/02\/Capturar-11.jpg?fit=730%2C480&ssl=1&resize=350%2C200 1x, https:\/\/i0.wp.com\/noticiasribeiraopreto.com.br\/wp-content\/uploads\/2024\/02\/Capturar-11.jpg?fit=730%2C480&ssl=1&resize=525%2C300 1.5x, https:\/\/i0.wp.com\/noticiasribeiraopreto.com.br\/wp-content\/uploads\/2024\/02\/Capturar-11.jpg?fit=730%2C480&ssl=1&resize=700%2C400 2x"},"classes":[]},{"id":82534,"url":"https:\/\/noticiasribeiraopreto.com.br\/index.php\/2026\/02\/18\/motociclista-de-19-anos-morre-apos-ser-atropelado-motorista-foge-sem-prestar-socorro\/","url_meta":{"origin":44920,"position":3},"title":"Motociclista de 19 anos morre ap\u00f3s ser atropelado; motorista foge sem prestar socorro","author":"noticiasribeiraopreto.com.br","date":"18 de February de 2026","format":false,"excerpt":"Um jovem de 19 anos morreu ap\u00f3s ser atropelado por uma caminhonete na tarde desta ter\u00e7a-feira (17), na vicinal da antiga ponte velha, em Barrinha, na regi\u00e3o de Ribeir\u00e3o Preto. A v\u00edtima foi identificada como Gabriel Henrique Aparecido. Ele chegou a ser socorrido e encaminhado ao hospital, mas n\u00e3o resistiu\u2026","rel":"","context":"In &quot;Not\u00edcias de Ribeir\u00e3o Preto-SP e Regi\u00e3o&quot;","block_context":{"text":"Not\u00edcias de Ribeir\u00e3o Preto-SP e Regi\u00e3o","link":"https:\/\/noticiasribeiraopreto.com.br\/index.php\/category\/noticias-de-ribeirao-preto-sp-e-regiao-ismael-colosi\/"},"img":{"alt_text":"","src":"https:\/\/i0.wp.com\/noticiasribeiraopreto.com.br\/wp-content\/uploads\/2026\/02\/domingo-7_2026-02-17_22-09-47.webp.webp?fit=1200%2C675&ssl=1&resize=350%2C200","width":350,"height":200,"srcset":"https:\/\/i0.wp.com\/noticiasribeiraopreto.com.br\/wp-content\/uploads\/2026\/02\/domingo-7_2026-02-17_22-09-47.webp.webp?fit=1200%2C675&ssl=1&resize=350%2C200 1x, https:\/\/i0.wp.com\/noticiasribeiraopreto.com.br\/wp-content\/uploads\/2026\/02\/domingo-7_2026-02-17_22-09-47.webp.webp?fit=1200%2C675&ssl=1&resize=525%2C300 1.5x, https:\/\/i0.wp.com\/noticiasribeiraopreto.com.br\/wp-content\/uploads\/2026\/02\/domingo-7_2026-02-17_22-09-47.webp.webp?fit=1200%2C675&ssl=1&resize=700%2C400 2x, https:\/\/i0.wp.com\/noticiasribeiraopreto.com.br\/wp-content\/uploads\/2026\/02\/domingo-7_2026-02-17_22-09-47.webp.webp?fit=1200%2C675&ssl=1&resize=1050%2C600 3x"},"classes":[]},{"id":61935,"url":"https:\/\/noticiasribeiraopreto.com.br\/index.php\/2024\/12\/28\/motorista-atropela-grupo-de-ciclistas-no-interior-de-sp-uma-pessoa-morreu\/","url_meta":{"origin":44920,"position":4},"title":"Motorista atropela grupo de ciclistas no interior de SP; uma pessoa morreu","author":"noticiasribeiraopreto.com.br","date":"28 de December de 2024","format":false,"excerpt":"Um motorista atropelou um grupo de ciclistas na manh\u00e3 deste s\u00e1bado (28), na vicinal Fabiano Zacarelli, que liga Bebedouro a Andes, no interior de S\u00e3o Paulo. Um dos ciclistas n\u00e3o resistiu aos ferimentos e morreu. De acordo com o Corpo de Bombeiros, o condutor da caminhonete teve um mal s\u00fabito\u2026","rel":"","context":"In &quot;Not\u00edcias de Ribeir\u00e3o Preto-SP e Regi\u00e3o&quot;","block_context":{"text":"Not\u00edcias de Ribeir\u00e3o Preto-SP e Regi\u00e3o","link":"https:\/\/noticiasribeiraopreto.com.br\/index.php\/category\/noticias-de-ribeirao-preto-sp-e-regiao-ismael-colosi\/"},"img":{"alt_text":"","src":"https:\/\/i0.wp.com\/noticiasribeiraopreto.com.br\/wp-content\/uploads\/2024\/12\/Copia-de-Copia-de-Copia-de-TAMANHO-EXATO-PARA-FOTOS-NO-SISTEMA-NOVO-2024-12-28T125106.131_2024-12-28_15-51-10_png_2024-12-28_15-51-11.webp.webp?fit=1200%2C675&ssl=1&resize=350%2C200","width":350,"height":200,"srcset":"https:\/\/i0.wp.com\/noticiasribeiraopreto.com.br\/wp-content\/uploads\/2024\/12\/Copia-de-Copia-de-Copia-de-TAMANHO-EXATO-PARA-FOTOS-NO-SISTEMA-NOVO-2024-12-28T125106.131_2024-12-28_15-51-10_png_2024-12-28_15-51-11.webp.webp?fit=1200%2C675&ssl=1&resize=350%2C200 1x, https:\/\/i0.wp.com\/noticiasribeiraopreto.com.br\/wp-content\/uploads\/2024\/12\/Copia-de-Copia-de-Copia-de-TAMANHO-EXATO-PARA-FOTOS-NO-SISTEMA-NOVO-2024-12-28T125106.131_2024-12-28_15-51-10_png_2024-12-28_15-51-11.webp.webp?fit=1200%2C675&ssl=1&resize=525%2C300 1.5x, https:\/\/i0.wp.com\/noticiasribeiraopreto.com.br\/wp-content\/uploads\/2024\/12\/Copia-de-Copia-de-Copia-de-TAMANHO-EXATO-PARA-FOTOS-NO-SISTEMA-NOVO-2024-12-28T125106.131_2024-12-28_15-51-10_png_2024-12-28_15-51-11.webp.webp?fit=1200%2C675&ssl=1&resize=700%2C400 2x, https:\/\/i0.wp.com\/noticiasribeiraopreto.com.br\/wp-content\/uploads\/2024\/12\/Copia-de-Copia-de-Copia-de-TAMANHO-EXATO-PARA-FOTOS-NO-SISTEMA-NOVO-2024-12-28T125106.131_2024-12-28_15-51-10_png_2024-12-28_15-51-11.webp.webp?fit=1200%2C675&ssl=1&resize=1050%2C600 3x"},"classes":[]},{"id":80976,"url":"https:\/\/noticiasribeiraopreto.com.br\/index.php\/2025\/12\/19\/video-carro-desgovernado-atropela-motociclista-e-atinge-7-veiculos\/","url_meta":{"origin":44920,"position":5},"title":"V\u00cdDEO &#8211; Carro desgovernado atropela motociclista e atinge 7 ve\u00edculos","author":"noticiasribeiraopreto.com.br","date":"19 de December de 2025","format":false,"excerpt":"\r Motorista, que \u00e9 m\u00e9dico aposentado, sofreu ferimentos leves e motociclista foi levado para UPA, al\u00e9m de ter moto apreendida\r \r 19 de dezembro de 2025 10:52 \r Compartilhar1 Por: Adalberto Luque Um carro desgovernado causou um acidente impressionante, envolvendo pelo menos seis carros e duas motos, na tarde desta\u2026","rel":"","context":"In &quot;Not\u00edcias de Ribeir\u00e3o Preto-SP e Regi\u00e3o&quot;","block_context":{"text":"Not\u00edcias de Ribeir\u00e3o Preto-SP e Regi\u00e3o","link":"https:\/\/noticiasribeiraopreto.com.br\/index.php\/category\/noticias-de-ribeirao-preto-sp-e-regiao-ismael-colosi\/"},"img":{"alt_text":"","src":"https:\/\/i0.wp.com\/noticiasribeiraopreto.com.br\/wp-content\/uploads\/2025\/12\/19-dez-2025-acidentenove2-scaled.jpg?fit=1200%2C723&ssl=1&resize=350%2C200","width":350,"height":200,"srcset":"https:\/\/i0.wp.com\/noticiasribeiraopreto.com.br\/wp-content\/uploads\/2025\/12\/19-dez-2025-acidentenove2-scaled.jpg?fit=1200%2C723&ssl=1&resize=350%2C200 1x, https:\/\/i0.wp.com\/noticiasribeiraopreto.com.br\/wp-content\/uploads\/2025\/12\/19-dez-2025-acidentenove2-scaled.jpg?fit=1200%2C723&ssl=1&resize=525%2C300 1.5x, https:\/\/i0.wp.com\/noticiasribeiraopreto.com.br\/wp-content\/uploads\/2025\/12\/19-dez-2025-acidentenove2-scaled.jpg?fit=1200%2C723&ssl=1&resize=700%2C400 2x, https:\/\/i0.wp.com\/noticiasribeiraopreto.com.br\/wp-content\/uploads\/2025\/12\/19-dez-2025-acidentenove2-scaled.jpg?fit=1200%2C723&ssl=1&resize=1050%2C600 3x"},"classes":[]}],"jetpack_sharing_enabled":true,"jetpack_shortlink":"https:\/\/wp.me\/peQAOb-bGw","_links":{"self":[{"href":"https:\/\/noticiasribeiraopreto.com.br\/index.php\/wp-json\/wp\/v2\/posts\/44920","targetHints":{"allow":["GET"]}}],"collection":[{"href":"https:\/\/noticiasribeiraopreto.com.br\/index.php\/wp-json\/wp\/v2\/posts"}],"about":[{"href":"https:\/\/noticiasribeiraopreto.com.br\/index.php\/wp-json\/wp\/v2\/types\/post"}],"author":[{"embeddable":true,"href":"https:\/\/noticiasribeiraopreto.com.br\/index.php\/wp-json\/wp\/v2\/users\/1"}],"replies":[{"embeddable":true,"href":"https:\/\/noticiasribeiraopreto.com.br\/index.php\/wp-json\/wp\/v2\/comments?post=44920"}],"version-history":[{"count":0,"href":"https:\/\/noticiasribeiraopreto.com.br\/index.php\/wp-json\/wp\/v2\/posts\/44920\/revisions"}],"wp:featuredmedia":[{"embeddable":true,"href":"https:\/\/noticiasribeiraopreto.com.br\/index.php\/wp-json\/wp\/v2\/media\/44921"}],"wp:attachment":[{"href":"https:\/\/noticiasribeiraopreto.com.br\/index.php\/wp-json\/wp\/v2\/media?parent=44920"}],"wp:term":[{"taxonomy":"category","embeddable":true,"href":"https:\/\/noticiasribeiraopreto.com.br\/index.php\/wp-json\/wp\/v2\/categories?post=44920"},{"taxonomy":"post_tag","embeddable":true,"href":"https:\/\/noticiasribeiraopreto.com.br\/index.php\/wp-json\/wp\/v2\/tags?post=44920"}],"curies":[{"name":"wp","href":"https:\/\/api.w.org\/{rel}","templated":true}]}}