{"id":44967,"date":"2024-04-01T15:21:50","date_gmt":"2024-04-01T18:21:50","guid":{"rendered":"https:\/\/noticiasribeiraopreto.com.br\/index.php\/2024\/04\/01\/rita-lisauskas-recebe-especialistas-para-falarem-sobre-desafios-da-dengue-no-brasil-no-opiniao\/"},"modified":"2024-04-01T15:21:50","modified_gmt":"2024-04-01T18:21:50","slug":"rita-lisauskas-recebe-especialistas-para-falarem-sobre-desafios-da-dengue-no-brasil-no-opiniao","status":"publish","type":"post","link":"https:\/\/noticiasribeiraopreto.com.br\/index.php\/2024\/04\/01\/rita-lisauskas-recebe-especialistas-para-falarem-sobre-desafios-da-dengue-no-brasil-no-opiniao\/","title":{"rendered":"Rita Lisauskas recebe especialistas para falarem sobre desafios da dengue no Brasil, no &#8220;Opini\u00e3o&#8221;"},"content":{"rendered":"<div class='code-block code-block-1' style='margin: 8px 0 8px auto; text-align: right; display: block; clear: both;'>\n<p><a href=\"https:\/\/wa.link\/vpicfd\"><img data-recalc-dims=\"1\" class=\"wp-image-4922\" style=\"aspect-ratio: 2.0253164556962027; width: 561px; height: auto;\" src=\"https:\/\/i0.wp.com\/ismaelcolosi.com.br\/wp-content\/uploads\/2023\/11\/grupo-de-empregos-whatsapp-e-facebook-ismael-colosi-vagas.jpg?ssl=1\" alt=\"\" \/><\/a><\/p>\n<!-- \/wp:image -->\n<\/div>\n<p> <br \/>\n<\/p>\n<div>\n<h3 class=\"fn__maintitle\"><span>Rita Lisauskas recebe especialistas para falarem sobre desafios da dengue no Brasil, no \u201cOpini\u00e3o\u201d<\/span><\/h3>\n<\/div>\n<div>\n<p>Nesta quinta-feira (4\/4), no Opini\u00e3o, Rita Lisauskas apresenta uma edi\u00e7\u00e3o in\u00e9dita sobre os desafios da dengue no Brasil. O pa\u00eds registrou este ano um recorde hist\u00f3rico de casos da doen\u00e7a, superando em tr\u00eas meses o n\u00famero de registros de 2023 inteiro. E as previs\u00f5es para as pr\u00f3ximas semanas n\u00e3o s\u00e3o nada animadoras. Segundo especialistas, o pico de cont\u00e1gio deve ocorrer no final de abril. No ar \u00e0s 20h30, na TV Cultura.<\/p>\n<p>Quais os fatores que fizeram com que o pa\u00eds chegasse a essa situa\u00e7\u00e3o? O que faz com que o mosquito da dengue seja t\u00e3o dif\u00edcil de se combater? Para falar sobre os desafios da doen\u00e7a, o programa recebe a bi\u00f3loga Rosa Maria Tubaki, pesquisadora cient\u00edfica do Instituto Pasteur, e o epidemiologista Francisco Chiaravalloti Neto, professor da Faculdade de Sa\u00fade P\u00fablica da USP. Tamb\u00e9m participa da edi\u00e7\u00e3o, remotamente, o infectologista Esper Kall\u00e1s, diretor do Instituto Butantan.<\/p>\n<div class=\"popito_fn_votewrap\">\n<h3 class=\"vote_title\">Como voc\u00ea vota? <\/h3>\n<div class=\"popito_fn_votes \" data-id=\"1806\">\n<p>1 People voted this article. 1 Upvotes &#8211; 0 Downvotes.<\/p>\n<\/div>\n<\/div>\n<\/div>\n<p><br \/>\n<br \/><a href=\"https:\/\/popito.com.br\/rita-lisauskas-recebe-especialistas-para-falarem-sobre-desafios-da-dengue-no-brasil-no-opiniao\/\">Source link <\/a><\/p>\n<!-- CONTENT END 1 -->\n","protected":false},"excerpt":{"rendered":"<p>Rita Lisauskas recebe especialistas para falarem sobre desafios da dengue no Brasil, no \u201cOpini\u00e3o\u201d Nesta quinta-feira (4\/4), no Opini\u00e3o, Rita Lisauskas apresenta uma edi\u00e7\u00e3o in\u00e9dita&#8230;<\/p>\n","protected":false},"author":1,"featured_media":44968,"comment_status":"open","ping_status":"open","sticky":false,"template":"","format":"standard","meta":{"advanced_seo_description":"","jetpack_seo_html_title":"","jetpack_seo_noindex":false,"jetpack_post_was_ever_published":false,"_jetpack_newsletter_access":"","_jetpack_dont_email_post_to_subs":false,"_jetpack_newsletter_tier_id":0,"_jetpack_memberships_contains_paywalled_content":false,"_jetpack_memberships_contains_paid_content":false,"footnotes":"","jetpack_publicize_message":"","jetpack_publicize_feature_enabled":true,"jetpack_social_post_already_shared":true,"jetpack_social_options":{"image_generator_settings":{"template":"highway","default_image_id":0,"font":"","enabled":false},"version":2}},"categories":[11],"tags":[137,1269,2292,5333,5334,5332,5335,71,407,4572,468],"class_list":["post-44967","post","type-post","status-publish","format-standard","has-post-thumbnail","hentry","category-noticias-de-ribeirao-preto-sp-e-regiao-ismael-colosi","tag-brasil","tag-dengue","tag-desafios","tag-especialistas","tag-falarem","tag-lisauskas","tag-opiniao","tag-para","tag-recebe","tag-rita","tag-sobre"],"jetpack_publicize_connections":[],"jetpack_featured_media_url":"https:\/\/i0.wp.com\/noticiasribeiraopreto.com.br\/wp-content\/uploads\/2024\/04\/d2ce68605cd2daa52a664a9951082f1d-scaled.jpeg?fit=2560%2C1706&ssl=1","jetpack-related-posts":[{"id":61560,"url":"https:\/\/noticiasribeiraopreto.com.br\/index.php\/2024\/12\/16\/instituto-butantan-solicita-registro-de-vacina-contra-a-dengue-a-anvisa\/","url_meta":{"origin":44967,"position":0},"title":"Instituto Butantan solicita registro de vacina contra a dengue \u00e0 Anvisa","author":"noticiasribeiraopreto.com.br","date":"16 de December de 2024","format":false,"excerpt":"O Instituto Butantan apresentou \u00e0 Ag\u00eancia Nacional de Vigil\u00e2ncia Sanit\u00e1ria (Anvisa) o pedido para registro de sua vacina contra a dengue. Ap\u00f3s mais de uma d\u00e9cada de pesquisas, o imunizante foi submetido para aprova\u00e7\u00e3o regulat\u00f3ria, representando um passo significativo no enfrentamento da doen\u00e7a que afeta milh\u00f5es de brasileiros todos os\u2026","rel":"","context":"In &quot;Not\u00edcias de Ribeir\u00e3o Preto-SP e Regi\u00e3o&quot;","block_context":{"text":"Not\u00edcias de Ribeir\u00e3o Preto-SP e Regi\u00e3o","link":"https:\/\/noticiasribeiraopreto.com.br\/index.php\/category\/noticias-de-ribeirao-preto-sp-e-regiao-ismael-colosi\/"},"img":{"alt_text":"","src":"https:\/\/i0.wp.com\/noticiasribeiraopreto.com.br\/wp-content\/uploads\/2024\/12\/vaina1.webp.webp?fit=1170%2C700&ssl=1&resize=350%2C200","width":350,"height":200,"srcset":"https:\/\/i0.wp.com\/noticiasribeiraopreto.com.br\/wp-content\/uploads\/2024\/12\/vaina1.webp.webp?fit=1170%2C700&ssl=1&resize=350%2C200 1x, https:\/\/i0.wp.com\/noticiasribeiraopreto.com.br\/wp-content\/uploads\/2024\/12\/vaina1.webp.webp?fit=1170%2C700&ssl=1&resize=525%2C300 1.5x, https:\/\/i0.wp.com\/noticiasribeiraopreto.com.br\/wp-content\/uploads\/2024\/12\/vaina1.webp.webp?fit=1170%2C700&ssl=1&resize=700%2C400 2x, https:\/\/i0.wp.com\/noticiasribeiraopreto.com.br\/wp-content\/uploads\/2024\/12\/vaina1.webp.webp?fit=1170%2C700&ssl=1&resize=1050%2C600 3x"},"classes":[]},{"id":59522,"url":"https:\/\/noticiasribeiraopreto.com.br\/index.php\/2024\/10\/25\/combate-a-dengue-especialistas-defendem-estrategias-alem-de-campanhas-de-conscientizacao\/","url_meta":{"origin":44967,"position":1},"title":"Combate \u00e0 Dengue: Especialistas Defendem Estrat\u00e9gias Al\u00e9m de Campanhas de Conscientiza\u00e7\u00e3o","author":"noticiasribeiraopreto.com.br","date":"25 de October de 2024","format":false,"excerpt":"A preven\u00e7\u00e3o contra a dengue no Brasil precisa ir al\u00e9m das campanhas tradicionais de conscientiza\u00e7\u00e3o sobre cuidados com \u00e1gua parada, afirmam especialistas em sa\u00fade p\u00fablica. Embora as campanhas sejam fundamentais para informar a popula\u00e7\u00e3o, \u00e9 essencial adotar um conjunto mais amplo de estrat\u00e9gias para enfrentar os surtos de dengue, que,\u2026","rel":"","context":"In &quot;Not\u00edcias de Ribeir\u00e3o Preto-SP e Regi\u00e3o&quot;","block_context":{"text":"Not\u00edcias de Ribeir\u00e3o Preto-SP e Regi\u00e3o","link":"https:\/\/noticiasribeiraopreto.com.br\/index.php\/category\/noticias-de-ribeirao-preto-sp-e-regiao-ismael-colosi\/"},"img":{"alt_text":"","src":"https:\/\/i0.wp.com\/noticiasribeiraopreto.com.br\/wp-content\/uploads\/2024\/10\/combate-dengue_mcamgo_abr_29022024-15.webp.webp?fit=1170%2C700&ssl=1&resize=350%2C200","width":350,"height":200,"srcset":"https:\/\/i0.wp.com\/noticiasribeiraopreto.com.br\/wp-content\/uploads\/2024\/10\/combate-dengue_mcamgo_abr_29022024-15.webp.webp?fit=1170%2C700&ssl=1&resize=350%2C200 1x, https:\/\/i0.wp.com\/noticiasribeiraopreto.com.br\/wp-content\/uploads\/2024\/10\/combate-dengue_mcamgo_abr_29022024-15.webp.webp?fit=1170%2C700&ssl=1&resize=525%2C300 1.5x, https:\/\/i0.wp.com\/noticiasribeiraopreto.com.br\/wp-content\/uploads\/2024\/10\/combate-dengue_mcamgo_abr_29022024-15.webp.webp?fit=1170%2C700&ssl=1&resize=700%2C400 2x, https:\/\/i0.wp.com\/noticiasribeiraopreto.com.br\/wp-content\/uploads\/2024\/10\/combate-dengue_mcamgo_abr_29022024-15.webp.webp?fit=1170%2C700&ssl=1&resize=1050%2C600 3x"},"classes":[]},{"id":44567,"url":"https:\/\/noticiasribeiraopreto.com.br\/index.php\/2024\/03\/28\/veja-todas-as-cidades-do-interior-de-sp-que-vao-receber-a-vacina-contra-a-dengue\/","url_meta":{"origin":44967,"position":2},"title":"Veja todas as cidades do interior de SP que v\u00e3o receber a vacina contra a dengue","author":"noticiasribeiraopreto.com.br","date":"28 de March de 2024","format":false,"excerpt":"O Minist\u00e9rio da Sa\u00fade anunciou que 49 munic\u00edpios do interior de S\u00e3o Paulo v\u00e3o receber as doses da vacina contra a dengue. Entre as cidades, est\u00e3o Ribeir\u00e3o Preto, Campinas e S\u00e3o Jos\u00e9 do Rio Preto. A capital do estado tamb\u00e9m vai receber os imunizantes. Confira abaixo a lista das cidades\u2026","rel":"","context":"In &quot;Not\u00edcias de Ribeir\u00e3o Preto-SP e Regi\u00e3o&quot;","block_context":{"text":"Not\u00edcias de Ribeir\u00e3o Preto-SP e Regi\u00e3o","link":"https:\/\/noticiasribeiraopreto.com.br\/index.php\/category\/noticias-de-ribeirao-preto-sp-e-regiao-ismael-colosi\/"},"img":{"alt_text":"","src":"https:\/\/i0.wp.com\/noticiasribeiraopreto.com.br\/wp-content\/uploads\/2024\/03\/AnyConv.com__vacina-dengue-1.webp.webp?fit=845%2C561&ssl=1&resize=350%2C200","width":350,"height":200,"srcset":"https:\/\/i0.wp.com\/noticiasribeiraopreto.com.br\/wp-content\/uploads\/2024\/03\/AnyConv.com__vacina-dengue-1.webp.webp?fit=845%2C561&ssl=1&resize=350%2C200 1x, https:\/\/i0.wp.com\/noticiasribeiraopreto.com.br\/wp-content\/uploads\/2024\/03\/AnyConv.com__vacina-dengue-1.webp.webp?fit=845%2C561&ssl=1&resize=525%2C300 1.5x, https:\/\/i0.wp.com\/noticiasribeiraopreto.com.br\/wp-content\/uploads\/2024\/03\/AnyConv.com__vacina-dengue-1.webp.webp?fit=845%2C561&ssl=1&resize=700%2C400 2x"},"classes":[]},{"id":61432,"url":"https:\/\/noticiasribeiraopreto.com.br\/index.php\/2024\/12\/12\/dia-d-contra-a-dengue-mobiliza-o-brasil-com-acoes-de-conscientizacao\/","url_meta":{"origin":44967,"position":3},"title":"Dia D Contra a Dengue Mobiliza o Brasil com A\u00e7\u00f5es de Conscientiza\u00e7\u00e3o","author":"noticiasribeiraopreto.com.br","date":"12 de December de 2024","format":false,"excerpt":"O Brasil promove nesta semana o Dia D de Combate \u00e0 Dengue, com diversas a\u00e7\u00f5es de conscientiza\u00e7\u00e3o e mobiliza\u00e7\u00e3o em todo o territ\u00f3rio nacional. A iniciativa, liderada pelo Minist\u00e9rio da Sa\u00fade, visa alertar a popula\u00e7\u00e3o sobre a gravidade da doen\u00e7a e refor\u00e7ar medidas de preven\u00e7\u00e3o contra o mosquito Aedes aegypti,\u2026","rel":"","context":"In &quot;Not\u00edcias de Ribeir\u00e3o Preto-SP e Regi\u00e3o&quot;","block_context":{"text":"Not\u00edcias de Ribeir\u00e3o Preto-SP e Regi\u00e3o","link":"https:\/\/noticiasribeiraopreto.com.br\/index.php\/category\/noticias-de-ribeirao-preto-sp-e-regiao-ismael-colosi\/"},"img":{"alt_text":"","src":"https:\/\/i0.wp.com\/noticiasribeiraopreto.com.br\/wp-content\/uploads\/2024\/12\/combate_dengue_14.webp.webp?fit=1170%2C700&ssl=1&resize=350%2C200","width":350,"height":200,"srcset":"https:\/\/i0.wp.com\/noticiasribeiraopreto.com.br\/wp-content\/uploads\/2024\/12\/combate_dengue_14.webp.webp?fit=1170%2C700&ssl=1&resize=350%2C200 1x, https:\/\/i0.wp.com\/noticiasribeiraopreto.com.br\/wp-content\/uploads\/2024\/12\/combate_dengue_14.webp.webp?fit=1170%2C700&ssl=1&resize=525%2C300 1.5x, https:\/\/i0.wp.com\/noticiasribeiraopreto.com.br\/wp-content\/uploads\/2024\/12\/combate_dengue_14.webp.webp?fit=1170%2C700&ssl=1&resize=700%2C400 2x, https:\/\/i0.wp.com\/noticiasribeiraopreto.com.br\/wp-content\/uploads\/2024\/12\/combate_dengue_14.webp.webp?fit=1170%2C700&ssl=1&resize=1050%2C600 3x"},"classes":[]},{"id":28600,"url":"https:\/\/noticiasribeiraopreto.com.br\/index.php\/2024\/01\/16\/vacinacao-contra-dengue-vai-priorizar-faixa-etaria-de-6-a-16-anos\/","url_meta":{"origin":44967,"position":4},"title":"Vacina\u00e7\u00e3o contra dengue vai priorizar faixa et\u00e1ria de 6 a 16 anos \u2013 Folha de Ribeir\u00e3o","author":"noticiasribeiraopreto.com.br","date":"16 de January de 2024","format":false,"excerpt":"O Minist\u00e9rio da Sa\u00fade informou nesta segunda-feira (15) que ir\u00e1 priorizar a faixa et\u00e1ria de 6 a 16 anos na aplica\u00e7\u00e3o da vacina contra a dengue. O pa\u00eds ir\u00e1 adquirir\u00a05,2 milh\u00f5es de doses da Qdenga, fabricada pelo laborat\u00f3rio japon\u00eas Takeda, al\u00e9m de receber doa\u00e7\u00f5es. O quantitativo ir\u00e1 possibilitar vacina\u00e7\u00e3o de\u2026","rel":"","context":"In &quot;Not\u00edcias de Ribeir\u00e3o Preto-SP e Regi\u00e3o&quot;","block_context":{"text":"Not\u00edcias de Ribeir\u00e3o Preto-SP e Regi\u00e3o","link":"https:\/\/noticiasribeiraopreto.com.br\/index.php\/category\/noticias-de-ribeirao-preto-sp-e-regiao-ismael-colosi\/"},"img":{"alt_text":"","src":"","width":0,"height":0},"classes":[]},{"id":36449,"url":"https:\/\/noticiasribeiraopreto.com.br\/index.php\/2024\/02\/09\/veja-quais-remedios-sao-utilizados-no-tratamento-da-dengue\/","url_meta":{"origin":44967,"position":5},"title":"Veja quais rem\u00e9dios s\u00e3o utilizados no tratamento da dengue","author":"noticiasribeiraopreto.com.br","date":"9 de February de 2024","format":false,"excerpt":"Cerca de 408 mil casos de dengue e 62 mortes foram confirmados em todo o Brasil, de acordo com o Minist\u00e9rio da Sa\u00fade (MS), nesta sexta-feira (9). Com isso, as buscas por prov\u00e1veis tratamentos aumentaram significativamente. Nesta semana, por exemplo, a ivermectina ganhou os holofotes como uma poss\u00edvel solu\u00e7\u00e3o para\u2026","rel":"","context":"In &quot;Not\u00edcias de Ribeir\u00e3o Preto-SP e Regi\u00e3o&quot;","block_context":{"text":"Not\u00edcias de Ribeir\u00e3o Preto-SP e Regi\u00e3o","link":"https:\/\/noticiasribeiraopreto.com.br\/index.php\/category\/noticias-de-ribeirao-preto-sp-e-regiao-ismael-colosi\/"},"img":{"alt_text":"","src":"https:\/\/i0.wp.com\/noticiasribeiraopreto.com.br\/wp-content\/uploads\/2024\/02\/1707512177_dengue.jpg?fit=1200%2C824&ssl=1&resize=350%2C200","width":350,"height":200,"srcset":"https:\/\/i0.wp.com\/noticiasribeiraopreto.com.br\/wp-content\/uploads\/2024\/02\/1707512177_dengue.jpg?fit=1200%2C824&ssl=1&resize=350%2C200 1x, https:\/\/i0.wp.com\/noticiasribeiraopreto.com.br\/wp-content\/uploads\/2024\/02\/1707512177_dengue.jpg?fit=1200%2C824&ssl=1&resize=525%2C300 1.5x, https:\/\/i0.wp.com\/noticiasribeiraopreto.com.br\/wp-content\/uploads\/2024\/02\/1707512177_dengue.jpg?fit=1200%2C824&ssl=1&resize=700%2C400 2x, https:\/\/i0.wp.com\/noticiasribeiraopreto.com.br\/wp-content\/uploads\/2024\/02\/1707512177_dengue.jpg?fit=1200%2C824&ssl=1&resize=1050%2C600 3x"},"classes":[]}],"jetpack_sharing_enabled":true,"jetpack_shortlink":"https:\/\/wp.me\/peQAOb-bHh","_links":{"self":[{"href":"https:\/\/noticiasribeiraopreto.com.br\/index.php\/wp-json\/wp\/v2\/posts\/44967","targetHints":{"allow":["GET"]}}],"collection":[{"href":"https:\/\/noticiasribeiraopreto.com.br\/index.php\/wp-json\/wp\/v2\/posts"}],"about":[{"href":"https:\/\/noticiasribeiraopreto.com.br\/index.php\/wp-json\/wp\/v2\/types\/post"}],"author":[{"embeddable":true,"href":"https:\/\/noticiasribeiraopreto.com.br\/index.php\/wp-json\/wp\/v2\/users\/1"}],"replies":[{"embeddable":true,"href":"https:\/\/noticiasribeiraopreto.com.br\/index.php\/wp-json\/wp\/v2\/comments?post=44967"}],"version-history":[{"count":0,"href":"https:\/\/noticiasribeiraopreto.com.br\/index.php\/wp-json\/wp\/v2\/posts\/44967\/revisions"}],"wp:featuredmedia":[{"embeddable":true,"href":"https:\/\/noticiasribeiraopreto.com.br\/index.php\/wp-json\/wp\/v2\/media\/44968"}],"wp:attachment":[{"href":"https:\/\/noticiasribeiraopreto.com.br\/index.php\/wp-json\/wp\/v2\/media?parent=44967"}],"wp:term":[{"taxonomy":"category","embeddable":true,"href":"https:\/\/noticiasribeiraopreto.com.br\/index.php\/wp-json\/wp\/v2\/categories?post=44967"},{"taxonomy":"post_tag","embeddable":true,"href":"https:\/\/noticiasribeiraopreto.com.br\/index.php\/wp-json\/wp\/v2\/tags?post=44967"}],"curies":[{"name":"wp","href":"https:\/\/api.w.org\/{rel}","templated":true}]}}