{"id":44973,"date":"2024-04-01T15:40:01","date_gmt":"2024-04-01T18:40:01","guid":{"rendered":"https:\/\/noticiasribeiraopreto.com.br\/index.php\/2024\/04\/01\/tre-inicia-julgamento-que-pode-cassar-mandato-de-sergio-moro\/"},"modified":"2024-04-01T15:40:01","modified_gmt":"2024-04-01T18:40:01","slug":"tre-inicia-julgamento-que-pode-cassar-mandato-de-sergio-moro","status":"publish","type":"post","link":"https:\/\/noticiasribeiraopreto.com.br\/index.php\/2024\/04\/01\/tre-inicia-julgamento-que-pode-cassar-mandato-de-sergio-moro\/","title":{"rendered":"TRE inicia julgamento que pode cassar mandato de Sergio Moro"},"content":{"rendered":"<div class='code-block code-block-1' style='margin: 8px 0 8px auto; text-align: right; display: block; clear: both;'>\n<p><a href=\"https:\/\/wa.link\/vpicfd\"><img data-recalc-dims=\"1\" class=\"wp-image-4922\" style=\"aspect-ratio: 2.0253164556962027; width: 561px; height: auto;\" src=\"https:\/\/i0.wp.com\/ismaelcolosi.com.br\/wp-content\/uploads\/2023\/11\/grupo-de-empregos-whatsapp-e-facebook-ismael-colosi-vagas.jpg?ssl=1\" alt=\"\" \/><\/a><\/p>\n<!-- \/wp:image -->\n<\/div>\n<p> <br \/>\n<\/p>\n<div id=\"\">\n<p>\n<span class=\"entry-meta-item penci-posted-on\"><i class=\"fa fa-clock-o\"\/><time class=\"entry-date published updated\" datetime=\"2024-04-01T15:02:09-03:00\">1 de abril de 2024 | 15:02<\/time><\/span> <\/p>\n<p><span class=\"penci-social-buttons penci-social-share-footer\"><a href=\"#\" class=\"penci-post-like penci_post-meta_item  single-like-button penci-social-item like\" data-post_id=\"379127\" title=\"Like\" data-like=\"Like\" data-unlike=\"Unlike\"><i class=\"fa fa-thumbs-o-up\"\/><span class=\"penci-share-number\">0<\/span><\/a><i class=\"fa fa-facebook\"\/><a class=\"penci-social-item twitter\" target=\"_blank\" rel=\"noopener\" title=\"\" href=\"https:\/\/twitter.com\/intent\/tweet?text=TRE%20inicia%20julgamento%20que%20pode%20cassar%20mandato%20de%20Sergio%20Moro%20-%20https:\/\/www.tribunaribeirao.com.br\/site\/tre-inicia-julgamento-que-pode-cassar-mandato-de-sergio-moro\/\"><i class=\"fa fa-twitter\"\/><\/a><i class=\"fa fa-whatsapp\"\/><\/span> <\/div>\n<div>\n<p>O Tribunal Regional Eleitoral (TRE) do Paran\u00e1 iniciou, em Curitiba, o julgamento dos processos que podem levar \u00e0 cassa\u00e7\u00e3o do mandato do senador Sergio Moro (Uni\u00e3o-PR), ex-juiz da Opera\u00e7\u00e3o Lava Jato.<img data-recalc-dims=\"1\" decoding=\"async\" src=\"https:\/\/i0.wp.com\/agenciabrasil.ebc.com.br\/ebc.gif?ssl=1\"\/><\/p>\n<p>Ser\u00e3o julgadas duas a\u00e7\u00f5es protocoladas pelo PT e pelo PL na Justi\u00e7a Eleitoral. Os partidos acusam Moro de abuso de poder econ\u00f4mico por supostos gastos irregulares no per\u00edodo de pr\u00e9-campanha em 2022.<\/p>\n<p>Em dezembro ao ano passado, o Minist\u00e9rio P\u00fablico Eleitoral (MPE) do Paran\u00e1 defendeu a cassa\u00e7\u00e3o do mandato do senador. No entendimento dos procuradores, houve uso \u201cexcessivo de recursos financeiros\u201d no per\u00edodo que antecedeu a campanha eleitoral oficial em 2022.<\/p>\n<p>Em 2021, Moro estava no Podemos e realizou atos de pr\u00e9-candidatura \u00e0 Presid\u00eancia da Rep\u00fablica. Em seguida, deixou o partido e passou a fazer campanha para o Senado. Segundo a acusa\u00e7\u00e3o, houve \u201cdesvantagem il\u00edcita\u201d em favor dos demais concorrentes ao cargo de senador diante dos \u201caltos investimentos financeiros\u201d feitos antes de Moro se candidatar ao Senado.<\/p>\n<p>Foram citados gastos de aproximadamente R$ 2 milh\u00f5es com o evento de filia\u00e7\u00e3o de Moro ao Podemos e com a contrata\u00e7\u00e3o de produ\u00e7\u00e3o de v\u00eddeos e consultorias.<\/p>\n<p>Caso o mandato de Sergio Moro seja cassado, caber\u00e1 recurso ao Tribunal Superior Eleitoral (TSE), em Bras\u00edlia. No entanto, se a poss\u00edvel condena\u00e7\u00e3o for mantida, novas elei\u00e7\u00f5es para o Senado dever\u00e3o ser convocadas no Paran\u00e1.<\/p>\n<p>Durante a tramita\u00e7\u00e3o do processo, a defesa do senador negou as irregularidades e ressaltou que as acusa\u00e7\u00f5es t\u00eam \u201cconota\u00e7\u00e3o pol\u00edtica\u201d. Para a defesa, gastos de pr\u00e9-campanha \u00e0 Presid\u00eancia n\u00e3o podem ser contabilizados na campanha para o Senado, uma vez que um cargo \u00e9 de vota\u00e7\u00e3o nacional e o outro somente no Paran\u00e1.<\/p>\n<\/div>\n<p><script async src=\"\/\/platform.twitter.com\/widgets.js\" charset=\"utf-8\"><\/script><br \/>\n<br \/><br \/>\n<br \/><a href=\"https:\/\/www.tribunaribeirao.com.br\/site\/tre-inicia-julgamento-que-pode-cassar-mandato-de-sergio-moro\/\">Source link <\/a><\/p>\n<!-- CONTENT END 1 -->\n","protected":false},"excerpt":{"rendered":"<p>1 de abril de 2024 | 15:02 0 O Tribunal Regional Eleitoral (TRE) do Paran\u00e1 iniciou, em Curitiba, o julgamento dos processos que podem levar&#8230;<\/p>\n","protected":false},"author":1,"featured_media":44974,"comment_status":"open","ping_status":"open","sticky":false,"template":"","format":"standard","meta":{"advanced_seo_description":"","jetpack_seo_html_title":"","jetpack_seo_noindex":false,"jetpack_post_was_ever_published":false,"_jetpack_newsletter_access":"","_jetpack_dont_email_post_to_subs":false,"_jetpack_newsletter_tier_id":0,"_jetpack_memberships_contains_paywalled_content":false,"_jetpack_memberships_contains_paid_content":false,"footnotes":"","jetpack_publicize_message":"","jetpack_publicize_feature_enabled":true,"jetpack_social_post_already_shared":true,"jetpack_social_options":{"image_generator_settings":{"template":"highway","default_image_id":0,"font":"","enabled":false},"version":2}},"categories":[11],"tags":[5337,1951,2082,5338,5339,217,1003,5336],"class_list":["post-44973","post","type-post","status-publish","format-standard","has-post-thumbnail","hentry","category-noticias-de-ribeirao-preto-sp-e-regiao-ismael-colosi","tag-cassar","tag-inicia","tag-julgamento","tag-mandato","tag-moro","tag-pode","tag-sergio","tag-tre"],"jetpack_publicize_connections":[],"jetpack_featured_media_url":"https:\/\/i0.wp.com\/noticiasribeiraopreto.com.br\/wp-content\/uploads\/2024\/04\/756c537f-72a0-4b41-b1c7-a388e39c676a.jpg?fit=800%2C479&ssl=1","jetpack-related-posts":[{"id":16505,"url":"https:\/\/noticiasribeiraopreto.com.br\/index.php\/2023\/12\/15\/ex-juiz-sergio-moro-pode-perder-mandato-e-ficar-inelegivel-2\/","url_meta":{"origin":44973,"position":0},"title":"Ex-juiz Sergio Moro pode perder mandato e ficar ineleg\u00edvel","author":"noticiasribeiraopreto.com.br","date":"15 de December de 2023","format":false,"excerpt":"A Procuradoria Regional Eleitoral do Paran\u00e1 (TRE-PR) solicitou a cassa\u00e7\u00e3o do mandato do senador Sergio Moro (Uni\u00e3o-PR), na quinta-feira (14), por suposto abuso de poder econ\u00f4mico durante a pr\u00e9-campanha de 2022. O \u00f3rg\u00e3o tamb\u00e9m pleiteia a declara\u00e7\u00e3o de inelegibilidade do ex-juiz. Moro \u00e9 alvo de duas a\u00e7\u00f5es que est\u00e3o sendo\u2026","rel":"","context":"In &quot;Vagas de Emprego em Ribeir\u00e3o Preto-SP&quot;","block_context":{"text":"Vagas de Emprego em Ribeir\u00e3o Preto-SP","link":"https:\/\/noticiasribeiraopreto.com.br\/index.php\/category\/empregos-classificados-vagas-trabalho\/vagas-de-empregos-em-ribeirao-preto-regiao-brasil\/"},"img":{"alt_text":"","src":"https:\/\/i0.wp.com\/noticiasribeiraopreto.com.br\/wp-content\/uploads\/2023\/12\/sergio_moro_-_agencia_brasil.jpg?fit=1200%2C675&ssl=1&resize=350%2C200","width":350,"height":200,"srcset":"https:\/\/i0.wp.com\/noticiasribeiraopreto.com.br\/wp-content\/uploads\/2023\/12\/sergio_moro_-_agencia_brasil.jpg?fit=1200%2C675&ssl=1&resize=350%2C200 1x, https:\/\/i0.wp.com\/noticiasribeiraopreto.com.br\/wp-content\/uploads\/2023\/12\/sergio_moro_-_agencia_brasil.jpg?fit=1200%2C675&ssl=1&resize=525%2C300 1.5x, https:\/\/i0.wp.com\/noticiasribeiraopreto.com.br\/wp-content\/uploads\/2023\/12\/sergio_moro_-_agencia_brasil.jpg?fit=1200%2C675&ssl=1&resize=700%2C400 2x, https:\/\/i0.wp.com\/noticiasribeiraopreto.com.br\/wp-content\/uploads\/2023\/12\/sergio_moro_-_agencia_brasil.jpg?fit=1200%2C675&ssl=1&resize=1050%2C600 3x"},"classes":[]},{"id":63009,"url":"https:\/\/noticiasribeiraopreto.com.br\/index.php\/2025\/01\/30\/tre-sp-cassa-diploma-de-carla-zambelli-e-determina-inelegibilidade-por-oito-anos\/","url_meta":{"origin":44973,"position":1},"title":"TRE-SP cassa diploma de Carla Zambelli e determina inelegibilidade por oito anos","author":"noticiasribeiraopreto.com.br","date":"30 de January de 2025","format":false,"excerpt":"O Tribunal Regional Eleitoral de S\u00e3o Paulo (TRE-SP) decidiu, nesta quinta-feira (30), cassar o diploma da deputada federal Carla Zambelli (PL), acusada de abuso de poder pol\u00edtico e uso indevido dos meios de comunica\u00e7\u00e3o durante as elei\u00e7\u00f5es de 2022. A decis\u00e3o, tomada por 5 votos a 2, tamb\u00e9m torna Zambelli\u2026","rel":"","context":"In &quot;Not\u00edcias de Ribeir\u00e3o Preto-SP e Regi\u00e3o&quot;","block_context":{"text":"Not\u00edcias de Ribeir\u00e3o Preto-SP e Regi\u00e3o","link":"https:\/\/noticiasribeiraopreto.com.br\/index.php\/category\/noticias-de-ribeirao-preto-sp-e-regiao-ismael-colosi\/"},"img":{"alt_text":"","src":"https:\/\/i0.wp.com\/noticiasribeiraopreto.com.br\/wp-content\/uploads\/2024\/09\/lula1069-10_2024-09-26_19-47-04.webp.webp?fit=1170%2C700&ssl=1&resize=350%2C200","width":350,"height":200,"srcset":"https:\/\/i0.wp.com\/noticiasribeiraopreto.com.br\/wp-content\/uploads\/2024\/09\/lula1069-10_2024-09-26_19-47-04.webp.webp?fit=1170%2C700&ssl=1&resize=350%2C200 1x, https:\/\/i0.wp.com\/noticiasribeiraopreto.com.br\/wp-content\/uploads\/2024\/09\/lula1069-10_2024-09-26_19-47-04.webp.webp?fit=1170%2C700&ssl=1&resize=525%2C300 1.5x, https:\/\/i0.wp.com\/noticiasribeiraopreto.com.br\/wp-content\/uploads\/2024\/09\/lula1069-10_2024-09-26_19-47-04.webp.webp?fit=1170%2C700&ssl=1&resize=700%2C400 2x, https:\/\/i0.wp.com\/noticiasribeiraopreto.com.br\/wp-content\/uploads\/2024\/09\/lula1069-10_2024-09-26_19-47-04.webp.webp?fit=1170%2C700&ssl=1&resize=1050%2C600 3x"},"classes":[]},{"id":76611,"url":"https:\/\/noticiasribeiraopreto.com.br\/index.php\/2025\/09\/02\/stf-inicia-julgamento-de-bolsonaro-e-mais-sete-aliados\/","url_meta":{"origin":44973,"position":2},"title":"STF inicia julgamento de Bolsonaro e mais sete aliados","author":"noticiasribeiraopreto.com.br","date":"2 de September de 2025","format":false,"excerpt":"A Primeira Turma do Supremo Tribunal Federal (STF) inicia nesta ter\u00e7a-feira (2), \u00e0s 9h, o julgamento que pode condenar o ex-presidente Jair Bolsonaro e mais sete aliados pela trama golpista para tentar reverter o resultado das elei\u00e7\u00f5es de 2022. O grupo faz parte do n\u00facleo crucial da den\u00fancia apresentada pela\u2026","rel":"","context":"In &quot;Not\u00edcias de Ribeir\u00e3o Preto-SP e Regi\u00e3o&quot;","block_context":{"text":"Not\u00edcias de Ribeir\u00e3o Preto-SP e Regi\u00e3o","link":"https:\/\/noticiasribeiraopreto.com.br\/index.php\/category\/noticias-de-ribeirao-preto-sp-e-regiao-ismael-colosi\/"},"img":{"alt_text":"","src":"https:\/\/i0.wp.com\/noticiasribeiraopreto.com.br\/wp-content\/uploads\/2025\/09\/marques-.webp.webp?fit=1170%2C700&ssl=1&resize=350%2C200","width":350,"height":200,"srcset":"https:\/\/i0.wp.com\/noticiasribeiraopreto.com.br\/wp-content\/uploads\/2025\/09\/marques-.webp.webp?fit=1170%2C700&ssl=1&resize=350%2C200 1x, https:\/\/i0.wp.com\/noticiasribeiraopreto.com.br\/wp-content\/uploads\/2025\/09\/marques-.webp.webp?fit=1170%2C700&ssl=1&resize=525%2C300 1.5x, https:\/\/i0.wp.com\/noticiasribeiraopreto.com.br\/wp-content\/uploads\/2025\/09\/marques-.webp.webp?fit=1170%2C700&ssl=1&resize=700%2C400 2x, https:\/\/i0.wp.com\/noticiasribeiraopreto.com.br\/wp-content\/uploads\/2025\/09\/marques-.webp.webp?fit=1170%2C700&ssl=1&resize=1050%2C600 3x"},"classes":[]},{"id":76673,"url":"https:\/\/noticiasribeiraopreto.com.br\/index.php\/2025\/09\/03\/tem-inicio-o-segundo-dia-de-julgamento-dos-reus-da-trama-golpista\/","url_meta":{"origin":44973,"position":3},"title":"Tem in\u00edcio o segundo dia de julgamento dos r\u00e9us da trama golpista","author":"noticiasribeiraopreto.com.br","date":"3 de September de 2025","format":false,"excerpt":"3 de setembro de 2025 10:570 Compartilhar0 Nesta quarta-feira (3), a Primeira Turma do\u00a0Supremo Tribunal Federal (STF) d\u00e1 continuidade ao julgamento que pode condenar o ex-presidente Jair Bolsonaro e mais sete aliados pela trama golpista que tentou reverter o resultado das elei\u00e7\u00f5es de 2022.\ufffc\ufffcO grupo faz parte do n\u00facleo crucial\u2026","rel":"","context":"In &quot;Not\u00edcias de Ribeir\u00e3o Preto-SP e Regi\u00e3o&quot;","block_context":{"text":"Not\u00edcias de Ribeir\u00e3o Preto-SP e Regi\u00e3o","link":"https:\/\/noticiasribeiraopreto.com.br\/index.php\/category\/noticias-de-ribeirao-preto-sp-e-regiao-ismael-colosi\/"},"img":{"alt_text":"","src":"https:\/\/i0.wp.com\/noticiasribeiraopreto.com.br\/wp-content\/uploads\/2025\/09\/trama-.webp.webp?fit=1170%2C700&ssl=1&resize=350%2C200","width":350,"height":200,"srcset":"https:\/\/i0.wp.com\/noticiasribeiraopreto.com.br\/wp-content\/uploads\/2025\/09\/trama-.webp.webp?fit=1170%2C700&ssl=1&resize=350%2C200 1x, https:\/\/i0.wp.com\/noticiasribeiraopreto.com.br\/wp-content\/uploads\/2025\/09\/trama-.webp.webp?fit=1170%2C700&ssl=1&resize=525%2C300 1.5x, https:\/\/i0.wp.com\/noticiasribeiraopreto.com.br\/wp-content\/uploads\/2025\/09\/trama-.webp.webp?fit=1170%2C700&ssl=1&resize=700%2C400 2x, https:\/\/i0.wp.com\/noticiasribeiraopreto.com.br\/wp-content\/uploads\/2025\/09\/trama-.webp.webp?fit=1170%2C700&ssl=1&resize=1050%2C600 3x"},"classes":[]},{"id":83642,"url":"https:\/\/noticiasribeiraopreto.com.br\/index.php\/2026\/03\/23\/apos-5-anos-tem-inicio-nesta-segunda-julgamento-do-caso-henry-borel\/","url_meta":{"origin":44973,"position":4},"title":"Ap\u00f3s 5 anos, tem in\u00edcio nesta segunda julgamento do Caso Henry Borel","author":"noticiasribeiraopreto.com.br","date":"23 de March de 2026","format":false,"excerpt":"Ap\u00f3s cinco anos de tr\u00e2mites processuais e recursos da defesa dos r\u00e9us, come\u00e7a nesta segunda-feira (23), a partir das 9h, no 2\u00ba Tribunal do J\u00fari, o julgamento do caso Henry Borel. Os r\u00e9us, Monique Medeiros (m\u00e3e) e Jairo Souza Santos J\u00fanior, (o Dr. Jairinho), enfrentar\u00e3o o j\u00fari popular, acusados da\u2026","rel":"","context":"In &quot;Not\u00edcias de Ribeir\u00e3o Preto-SP e Regi\u00e3o&quot;","block_context":{"text":"Not\u00edcias de Ribeir\u00e3o Preto-SP e Regi\u00e3o","link":"https:\/\/noticiasribeiraopreto.com.br\/index.php\/category\/noticias-de-ribeirao-preto-sp-e-regiao-ismael-colosi\/"},"img":{"alt_text":"","src":"https:\/\/i0.wp.com\/noticiasribeiraopreto.com.br\/wp-content\/uploads\/2026\/03\/tmazs_abr_1306220399.webp.webp?fit=1170%2C700&ssl=1&resize=350%2C200","width":350,"height":200,"srcset":"https:\/\/i0.wp.com\/noticiasribeiraopreto.com.br\/wp-content\/uploads\/2026\/03\/tmazs_abr_1306220399.webp.webp?fit=1170%2C700&ssl=1&resize=350%2C200 1x, https:\/\/i0.wp.com\/noticiasribeiraopreto.com.br\/wp-content\/uploads\/2026\/03\/tmazs_abr_1306220399.webp.webp?fit=1170%2C700&ssl=1&resize=525%2C300 1.5x, https:\/\/i0.wp.com\/noticiasribeiraopreto.com.br\/wp-content\/uploads\/2026\/03\/tmazs_abr_1306220399.webp.webp?fit=1170%2C700&ssl=1&resize=700%2C400 2x, https:\/\/i0.wp.com\/noticiasribeiraopreto.com.br\/wp-content\/uploads\/2026\/03\/tmazs_abr_1306220399.webp.webp?fit=1170%2C700&ssl=1&resize=1050%2C600 3x"},"classes":[]},{"id":69410,"url":"https:\/\/noticiasribeiraopreto.com.br\/index.php\/2025\/05\/05\/justica-determina-cassacao-de-mandatos-do-psb-em-pedregulho-e-causa-reviravolta-no-legislativo\/","url_meta":{"origin":44973,"position":5},"title":"Justi\u00e7a determina cassa\u00e7\u00e3o de mandatos do PSB em Pedregulho e causa reviravolta no Legislativo","author":"noticiasribeiraopreto.com.br","date":"5 de May de 2025","format":false,"excerpt":"A Justi\u00e7a Eleitoral deu decis\u00e3o para cassar os diplomas dos candidatos do PSB em Pedregulho, em senten\u00e7a divulgada recentemente. Al\u00e9m disso, nessa esteira, houve a decreta\u00e7\u00e3o de inegibilidade, por 8 anos, de Angela Maria Ferreira e de Ademir Paulo de Souza, al\u00e9m de anular todos os votos obtidos pelo PSB\u2026","rel":"","context":"In &quot;Not\u00edcias de Franca-SP&quot;","block_context":{"text":"Not\u00edcias de Franca-SP","link":"https:\/\/noticiasribeiraopreto.com.br\/index.php\/category\/noticias-de-ribeirao-preto-sp-e-regiao-ismael-colosi\/noticias-franca-sp\/"},"img":{"alt_text":"","src":"https:\/\/i0.wp.com\/noticiasribeiraopreto.com.br\/wp-content\/uploads\/2025\/05\/camara-pedregulho.jpg?fit=600%2C375&ssl=1&resize=350%2C200","width":350,"height":200,"srcset":"https:\/\/i0.wp.com\/noticiasribeiraopreto.com.br\/wp-content\/uploads\/2025\/05\/camara-pedregulho.jpg?fit=600%2C375&ssl=1&resize=350%2C200 1x, https:\/\/i0.wp.com\/noticiasribeiraopreto.com.br\/wp-content\/uploads\/2025\/05\/camara-pedregulho.jpg?fit=600%2C375&ssl=1&resize=525%2C300 1.5x"},"classes":[]}],"jetpack_sharing_enabled":true,"jetpack_shortlink":"https:\/\/wp.me\/peQAOb-bHn","_links":{"self":[{"href":"https:\/\/noticiasribeiraopreto.com.br\/index.php\/wp-json\/wp\/v2\/posts\/44973","targetHints":{"allow":["GET"]}}],"collection":[{"href":"https:\/\/noticiasribeiraopreto.com.br\/index.php\/wp-json\/wp\/v2\/posts"}],"about":[{"href":"https:\/\/noticiasribeiraopreto.com.br\/index.php\/wp-json\/wp\/v2\/types\/post"}],"author":[{"embeddable":true,"href":"https:\/\/noticiasribeiraopreto.com.br\/index.php\/wp-json\/wp\/v2\/users\/1"}],"replies":[{"embeddable":true,"href":"https:\/\/noticiasribeiraopreto.com.br\/index.php\/wp-json\/wp\/v2\/comments?post=44973"}],"version-history":[{"count":0,"href":"https:\/\/noticiasribeiraopreto.com.br\/index.php\/wp-json\/wp\/v2\/posts\/44973\/revisions"}],"wp:featuredmedia":[{"embeddable":true,"href":"https:\/\/noticiasribeiraopreto.com.br\/index.php\/wp-json\/wp\/v2\/media\/44974"}],"wp:attachment":[{"href":"https:\/\/noticiasribeiraopreto.com.br\/index.php\/wp-json\/wp\/v2\/media?parent=44973"}],"wp:term":[{"taxonomy":"category","embeddable":true,"href":"https:\/\/noticiasribeiraopreto.com.br\/index.php\/wp-json\/wp\/v2\/categories?post=44973"},{"taxonomy":"post_tag","embeddable":true,"href":"https:\/\/noticiasribeiraopreto.com.br\/index.php\/wp-json\/wp\/v2\/tags?post=44973"}],"curies":[{"name":"wp","href":"https:\/\/api.w.org\/{rel}","templated":true}]}}