{"id":44982,"date":"2024-04-01T16:14:12","date_gmt":"2024-04-01T19:14:12","guid":{"rendered":"https:\/\/noticiasribeiraopreto.com.br\/index.php\/2024\/04\/01\/ribeirao-preto-recebe-exposicao-itinerante-com-acervo-do-museu-do-ipiranga\/"},"modified":"2024-04-01T16:14:12","modified_gmt":"2024-04-01T19:14:12","slug":"ribeirao-preto-recebe-exposicao-itinerante-com-acervo-do-museu-do-ipiranga","status":"publish","type":"post","link":"https:\/\/noticiasribeiraopreto.com.br\/index.php\/2024\/04\/01\/ribeirao-preto-recebe-exposicao-itinerante-com-acervo-do-museu-do-ipiranga\/","title":{"rendered":"Ribeir\u00e3o Preto recebe exposi\u00e7\u00e3o itinerante com acervo do Museu do Ipiranga"},"content":{"rendered":"<div class='code-block code-block-1' style='margin: 8px 0 8px auto; text-align: right; display: block; clear: both;'>\n<p><a href=\"https:\/\/wa.link\/vpicfd\"><img data-recalc-dims=\"1\" class=\"wp-image-4922\" style=\"aspect-ratio: 2.0253164556962027; width: 561px; height: auto;\" src=\"https:\/\/i0.wp.com\/ismaelcolosi.com.br\/wp-content\/uploads\/2023\/11\/grupo-de-empregos-whatsapp-e-facebook-ismael-colosi-vagas.jpg?ssl=1\" alt=\"\" \/><\/a><\/p>\n<!-- \/wp:image -->\n<\/div>\n<p> <br \/>\n<\/p>\n<div>\n<p>A <strong>USP Ribeir\u00e3o Preto<\/strong> recebe pela primeira vez uma <strong>exposi\u00e7\u00e3o <\/strong>que mostra um <strong>pouco dos acervos dos museus da Universidade<\/strong> <strong>de S\u00e3o Paulo<\/strong>, entre eles o do <strong>Museu<\/strong> <strong>do Ipiranga<\/strong>, todos com <strong>sede em S\u00e3o Paulo<\/strong>. <\/p>\n<p>A <strong>exposi\u00e7\u00e3o itinerante<\/strong> com o tema <strong>\u201cUSP 90 anos: uma jornada imersiva pelos nossos museus\u201d<\/strong> ser\u00e1 aberta no dia 12 de abril e a visita\u00e7\u00e3o ao p\u00fablico <strong>no dia 13 de abril at\u00e9 o dia 10 de maio<\/strong>, de<strong> segunda a s\u00e1bado<\/strong>, das <strong>9h \u00e0s 18h<\/strong>.<\/p>\n<p>Com<strong> entrada de gra\u00e7a,<\/strong> a <strong>exposi\u00e7\u00e3o<\/strong> ser\u00e1 no Polo Ribeir\u00e3o do <strong>IEA<\/strong> (Instituto de Estudos Avan\u00e7ados), que fica no campus da universidade.<\/p>\n<p>Os recortes dos acervos que ser\u00e3o expostos s\u00e3o do <strong>Museu de Arte Contempor\u00e2nea<\/strong> (MAC), <strong>Museu de Arqueologia e Etnologia<\/strong> (MAE), <strong>Museu de Zoologia<\/strong> (MZ) e <strong>do Museu do Ipiranga<\/strong>, que integra o <strong>Museu Paulista<\/strong> (MP) no mesmo espa\u00e7o, propondo uma experi\u00eancia imersiva que mescla as tecnologias de realidade virtual e impress\u00f5es 3D com pe\u00e7as f\u00edsicas.<\/p>\n<p>Ao todo, <strong>sete campi da universidade <\/strong>v\u00e3o receber a<strong> exposi\u00e7\u00e3o<\/strong>, encerrando seu itiner\u00e1rio em 2025, na capital. Ap\u00f3s <strong>Ribeir\u00e3o Preto<\/strong>, a mostra <strong>seguir\u00e1<\/strong> para <strong>Pirassununga<\/strong>.<\/p>\n<h4 class=\"wp-block-heading\"><strong>Sobre os museus<\/strong><\/h4>\n<p>O percurso inicia com<strong> 4M<\/strong>, <strong>filme document\u00e1rio<\/strong> imersivo em formato de v\u00eddeo-instala\u00e7\u00e3o do artista e videomaker Tadeu Jungle.<\/p>\n<p>O <strong>acervo do Museu de Arte Contempor\u00e2nea <\/strong>apresenta Boccioni no Brasil, tendo como destaque uma r\u00e9plica da c\u00e9lebre obra Formas \u00danicas da Continuidade no Espa\u00e7o, al\u00e9m da mostra Tempos Fraturados.<\/p>\n<p>O <strong>recorte do Museu Arqueologia e Etnologia<\/strong> para a exposi\u00e7\u00e3o investiga a ocupa\u00e7\u00e3o passada e presente dos povos ind\u00edgenas na cidade de S\u00e3o Paulo e traz artefatos junto a uma proje\u00e7\u00e3o tridimensional do s\u00edtio arqueol\u00f3gico Abrigo Itapeva.<\/p>\n<p>O<strong> Museu de Zoologia<\/strong> trata do processo evolutivo animal e apresenta uma compila\u00e7\u00e3o de f\u00f3sseis, al\u00e9m de mostrar exemplares impressionantes de dinossauros, inclusive um descoberto pela equipe do Museu.<\/p>\n<p>O enfoque do <strong>Museu Paulista<\/strong> se volta para a <strong>diversidade da sociedade paulista <\/strong>por meio de retratos hist\u00f3ricos e cole\u00e7\u00f5es de <strong>porcelanas<\/strong>, al\u00e9m de levar o <strong>visitante <\/strong>a conhecer parte das salas expositivas do <strong>Museu do Ipiranga<\/strong> e a c\u00e9lebre obra Independ\u00eancia ou Morte!<\/p>\n<h4 class=\"wp-block-heading\"><strong>Servi\u00e7o:<\/strong><\/h4>\n<p><strong>USP 90 anos: uma jornada imersiva pelos nossos Museus<br \/><\/strong>13 de abril a 10 de maio de 2024, segunda-feira a s\u00e1bado, das 9h \u00e0s 18h\u00a0\u00a0<br \/>Local: Instituto de Estudos Avan\u00e7ados | Polo Ribeir\u00e3o Preto<br \/>Rua Pedreira de Freitas, 20 \u2013 Campus da USP \u2013 Vila Monte Alegre<\/p>\n<p>SAIBA MAIS <\/p>\n<p>Veja quem \u00e9 o empres\u00e1rio suspeito de dirigir Porsche que causou acidente com morte em SP<\/p>\n<h4 class=\"wp-block-heading\"><strong><mark>FIQUE ON<\/mark><\/strong><\/h4>\n<p>Fique ligado em tudo que acontece em Ribeir\u00e3o Preto e regi\u00e3o. Siga os perfis do<strong>\u00a0acidade on<\/strong>\u00a0no<a href=\"https:\/\/www.instagram.com\/acidadeonribeirao\" target=\"_blank\" rel=\"noreferrer noopener\">\u00a0Instagram<\/a>\u00a0e no\u00a0<a href=\"https:\/\/www.facebook.com\/acidadeonribeirao\" target=\"_blank\" rel=\"noreferrer noopener\">Facebook<\/a>.<\/p>\n<p>Receba not\u00edcias do\u00a0<strong>acidade on\u00a0<\/strong>no WhatsApp.\u00a0<a href=\"https:\/\/chat.whatsapp.com\/GFH9HUMUTHNFJdnyEd0xxq\" target=\"_blank\" rel=\"noreferrer noopener\">Para entrar no grupo, basta clicar aqui.<\/a><\/p>\n<p>Fa\u00e7a uma den\u00fancia ou sugira uma reportagem sobre Ribeir\u00e3o Preto e regi\u00e3o pelo WhatsApp: 16 99117 7802.<\/p>\n<p>VEJA TAMB\u00c9M<\/p>\n<p>Daniel Alves e Joana Sanz est\u00e3o juntos?<\/p>\n<p><!-- AI CONTENT END 1 -->\n<\/div>\n<p><script async src=\"\/\/www.instagram.com\/embed.js\"><\/script><br \/>\n<br \/><br \/>\n<br \/><a href=\"https:\/\/www.acidadeon.com\/ribeiraopreto\/lazer-e-cultura\/ribeirao-preto-recebe-exposicao-itinerante-com-acervo-do-museu-do-ipiranga1\/\">Source link <\/a><\/p>\n<!-- CONTENT END 1 -->\n","protected":false},"excerpt":{"rendered":"<p>A USP Ribeir\u00e3o Preto recebe pela primeira vez uma exposi\u00e7\u00e3o que mostra um pouco dos acervos dos museus da Universidade de S\u00e3o Paulo, entre eles&#8230;<\/p>\n","protected":false},"author":1,"featured_media":44983,"comment_status":"open","ping_status":"open","sticky":false,"template":"","format":"standard","meta":{"advanced_seo_description":"","jetpack_seo_html_title":"","jetpack_seo_noindex":false,"jetpack_post_was_ever_published":false,"_jetpack_newsletter_access":"","_jetpack_dont_email_post_to_subs":false,"_jetpack_newsletter_tier_id":0,"_jetpack_memberships_contains_paywalled_content":false,"_jetpack_memberships_contains_paid_content":false,"footnotes":"","jetpack_publicize_message":"","jetpack_publicize_feature_enabled":true,"jetpack_social_post_already_shared":true,"jetpack_social_options":{"image_generator_settings":{"template":"highway","default_image_id":0,"font":"","enabled":false},"version":2}},"categories":[11],"tags":[],"class_list":["post-44982","post","type-post","status-publish","format-standard","has-post-thumbnail","hentry","category-noticias-de-ribeirao-preto-sp-e-regiao-ismael-colosi"],"jetpack_publicize_connections":[],"jetpack_featured_media_url":"https:\/\/i0.wp.com\/noticiasribeiraopreto.com.br\/wp-content\/uploads\/2024\/04\/Copia-de-Copia-de-TAMANHO-EXATO-PARA-FOTOS-NO-SISTEMA-NOVO-17.jpg?fit=1200%2C675&ssl=1","jetpack-related-posts":[{"id":46294,"url":"https:\/\/noticiasribeiraopreto.com.br\/index.php\/2024\/04\/10\/exposicao-da-usp-com-acervo-do-museu-do-ipiranga-comeca-sabado-em-ribeirao-preto\/","url_meta":{"origin":44982,"position":0},"title":"Exposi\u00e7\u00e3o da USP com acervo do Museu do Ipiranga come\u00e7a s\u00e1bado em Ribeir\u00e3o Preto","author":"noticiasribeiraopreto.com.br","date":"10 de April de 2024","format":false,"excerpt":"A exposi\u00e7\u00e3o \u201cUSP 90 anos: uma jornada imersiva pelos nossos museus\u201d ser\u00e1 aberta ao p\u00fablico em Ribeir\u00e3o Preto neste s\u00e1bado (13). A entrada \u00e9 de gra\u00e7a e acontece de segunda a s\u00e1bado, das 9h \u00e0s 18h. Trazendo um pouco dos acervos dos museus da universidade, todos com sede em S\u00e3o\u2026","rel":"","context":"In &quot;Not\u00edcias de Ribeir\u00e3o Preto-SP e Regi\u00e3o&quot;","block_context":{"text":"Not\u00edcias de Ribeir\u00e3o Preto-SP e Regi\u00e3o","link":"https:\/\/noticiasribeiraopreto.com.br\/index.php\/category\/noticias-de-ribeirao-preto-sp-e-regiao-ismael-colosi\/"},"img":{"alt_text":"","src":"https:\/\/i0.wp.com\/noticiasribeiraopreto.com.br\/wp-content\/uploads\/2024\/04\/1712781451_Copia-de-Copia-de-TAMANHO-EXATO-PARA-FOTOS-NO-SISTEMA-NOVO-17.jpg?fit=1200%2C675&ssl=1&resize=350%2C200","width":350,"height":200,"srcset":"https:\/\/i0.wp.com\/noticiasribeiraopreto.com.br\/wp-content\/uploads\/2024\/04\/1712781451_Copia-de-Copia-de-TAMANHO-EXATO-PARA-FOTOS-NO-SISTEMA-NOVO-17.jpg?fit=1200%2C675&ssl=1&resize=350%2C200 1x, https:\/\/i0.wp.com\/noticiasribeiraopreto.com.br\/wp-content\/uploads\/2024\/04\/1712781451_Copia-de-Copia-de-TAMANHO-EXATO-PARA-FOTOS-NO-SISTEMA-NOVO-17.jpg?fit=1200%2C675&ssl=1&resize=525%2C300 1.5x, https:\/\/i0.wp.com\/noticiasribeiraopreto.com.br\/wp-content\/uploads\/2024\/04\/1712781451_Copia-de-Copia-de-TAMANHO-EXATO-PARA-FOTOS-NO-SISTEMA-NOVO-17.jpg?fit=1200%2C675&ssl=1&resize=700%2C400 2x, https:\/\/i0.wp.com\/noticiasribeiraopreto.com.br\/wp-content\/uploads\/2024\/04\/1712781451_Copia-de-Copia-de-TAMANHO-EXATO-PARA-FOTOS-NO-SISTEMA-NOVO-17.jpg?fit=1200%2C675&ssl=1&resize=1050%2C600 3x"},"classes":[]},{"id":48804,"url":"https:\/\/noticiasribeiraopreto.com.br\/index.php\/2024\/05\/06\/ultimos-dias-de-exposicao-com-acervo-do-museu-do-ipiranga-na-usp-ribeirao-preto\/","url_meta":{"origin":44982,"position":1},"title":"\u00daltimos dias de exposi\u00e7\u00e3o com acervo do Museu do Ipiranga na USP Ribeir\u00e3o Preto","author":"noticiasribeiraopreto.com.br","date":"6 de May de 2024","format":false,"excerpt":"A exposi\u00e7\u00e3o \u201cUSP 90anos: uma jornada imersiva pelos nossos museus\u201d, que traz um pouco dos acervos dos museus da universidade para Ribeir\u00e3o Preto, acontece at\u00e9 sexta-feira (10), no IEA (Instituto de Estudos Avan\u00e7ados). Com entrada de gra\u00e7a, a mostra \u00e9 aberta ao p\u00fablico das 9h \u00e0s 18h. Ao todo,\u00a0sete campi\u2026","rel":"","context":"In &quot;Not\u00edcias de Ribeir\u00e3o Preto-SP e Regi\u00e3o&quot;","block_context":{"text":"Not\u00edcias de Ribeir\u00e3o Preto-SP e Regi\u00e3o","link":"https:\/\/noticiasribeiraopreto.com.br\/index.php\/category\/noticias-de-ribeirao-preto-sp-e-regiao-ismael-colosi\/"},"img":{"alt_text":"","src":"https:\/\/i0.wp.com\/noticiasribeiraopreto.com.br\/wp-content\/uploads\/2024\/05\/Capturar_2024-05-06_21-22-20_jpg_2024-05-06_21-22-21.webp.webp?fit=1113%2C577&ssl=1&resize=350%2C200","width":350,"height":200,"srcset":"https:\/\/i0.wp.com\/noticiasribeiraopreto.com.br\/wp-content\/uploads\/2024\/05\/Capturar_2024-05-06_21-22-20_jpg_2024-05-06_21-22-21.webp.webp?fit=1113%2C577&ssl=1&resize=350%2C200 1x, https:\/\/i0.wp.com\/noticiasribeiraopreto.com.br\/wp-content\/uploads\/2024\/05\/Capturar_2024-05-06_21-22-20_jpg_2024-05-06_21-22-21.webp.webp?fit=1113%2C577&ssl=1&resize=525%2C300 1.5x, https:\/\/i0.wp.com\/noticiasribeiraopreto.com.br\/wp-content\/uploads\/2024\/05\/Capturar_2024-05-06_21-22-20_jpg_2024-05-06_21-22-21.webp.webp?fit=1113%2C577&ssl=1&resize=700%2C400 2x, https:\/\/i0.wp.com\/noticiasribeiraopreto.com.br\/wp-content\/uploads\/2024\/05\/Capturar_2024-05-06_21-22-20_jpg_2024-05-06_21-22-21.webp.webp?fit=1113%2C577&ssl=1&resize=1050%2C600 3x"},"classes":[]},{"id":78265,"url":"https:\/\/noticiasribeiraopreto.com.br\/index.php\/2025\/10\/07\/ribeirao-recebe-exposicao-gratuita-de-games-com-consoles-realidade-virtual-e-brincadeiras-veja-quando\/","url_meta":{"origin":44982,"position":2},"title":"Ribeir\u00e3o recebe exposi\u00e7\u00e3o gratuita de games com consoles, realidade virtual e brincadeiras; Veja quando","author":"noticiasribeiraopreto.com.br","date":"7 de October de 2025","format":false,"excerpt":"Ribeir\u00e3o Preto recebe a partir deste s\u00e1bado (11), o Museu do Videogame Itinerante, uma exposi\u00e7\u00e3o voltada para todas as idades, que re\u00fane tecnologia, nostalgia e divers\u00e3o em uma s\u00f3 atra\u00e7\u00e3o. O evento \u00e9 gratuito e acontece at\u00e9 o dia 26 de outubro, no Novo Shopping Center, localizado na zona Leste\u2026","rel":"","context":"In &quot;Not\u00edcias de Ribeir\u00e3o Preto-SP e Regi\u00e3o&quot;","block_context":{"text":"Not\u00edcias de Ribeir\u00e3o Preto-SP e Regi\u00e3o","link":"https:\/\/noticiasribeiraopreto.com.br\/index.php\/category\/noticias-de-ribeirao-preto-sp-e-regiao-ismael-colosi\/"},"img":{"alt_text":"","src":"https:\/\/i0.wp.com\/noticiasribeiraopreto.com.br\/wp-content\/uploads\/2025\/10\/WhatsApp-Image-2025-10-07-at-08.56.45_2025-10-07_19-12-20.webp.webp?fit=800%2C450&ssl=1&resize=350%2C200","width":350,"height":200,"srcset":"https:\/\/i0.wp.com\/noticiasribeiraopreto.com.br\/wp-content\/uploads\/2025\/10\/WhatsApp-Image-2025-10-07-at-08.56.45_2025-10-07_19-12-20.webp.webp?fit=800%2C450&ssl=1&resize=350%2C200 1x, https:\/\/i0.wp.com\/noticiasribeiraopreto.com.br\/wp-content\/uploads\/2025\/10\/WhatsApp-Image-2025-10-07-at-08.56.45_2025-10-07_19-12-20.webp.webp?fit=800%2C450&ssl=1&resize=525%2C300 1.5x, https:\/\/i0.wp.com\/noticiasribeiraopreto.com.br\/wp-content\/uploads\/2025\/10\/WhatsApp-Image-2025-10-07-at-08.56.45_2025-10-07_19-12-20.webp.webp?fit=800%2C450&ssl=1&resize=700%2C400 2x"},"classes":[]},{"id":79005,"url":"https:\/\/noticiasribeiraopreto.com.br\/index.php\/2025\/10\/22\/ribeirao-preto-recebe-a-exposicao-linha-de-contorno-de-marcia-pastore\/","url_meta":{"origin":44982,"position":3},"title":"Ribeir\u00e3o Preto recebe a exposi\u00e7\u00e3o &#8216;Linha de Contorno&#8217;, de Marcia Pastore","author":"noticiasribeiraopreto.com.br","date":"22 de October de 2025","format":false,"excerpt":"O Instituto Figueiredo Ferraz (IFF), em Ribeir\u00e3o Preto, abre neste s\u00e1bado (25), a exposi\u00e7\u00e3o \u201cLinha de Contorno\u201d, da artista Marcia Pastore. O evento de abertura acontece das 16h \u00e0s 19h, na sede do instituto, localizada na rua Maestro Ign\u00e1cio Stabile, 200. A mostra re\u00fane oito obras com propostas que transitam\u2026","rel":"","context":"In &quot;Not\u00edcias de Ribeir\u00e3o Preto-SP e Regi\u00e3o&quot;","block_context":{"text":"Not\u00edcias de Ribeir\u00e3o Preto-SP e Regi\u00e3o","link":"https:\/\/noticiasribeiraopreto.com.br\/index.php\/category\/noticias-de-ribeirao-preto-sp-e-regiao-ismael-colosi\/"},"img":{"alt_text":"","src":"https:\/\/i0.wp.com\/noticiasribeiraopreto.com.br\/wp-content\/uploads\/2025\/10\/maxresdefault_2025-10-22_14-20-33.webp.webp?fit=1200%2C675&ssl=1&resize=350%2C200","width":350,"height":200,"srcset":"https:\/\/i0.wp.com\/noticiasribeiraopreto.com.br\/wp-content\/uploads\/2025\/10\/maxresdefault_2025-10-22_14-20-33.webp.webp?fit=1200%2C675&ssl=1&resize=350%2C200 1x, https:\/\/i0.wp.com\/noticiasribeiraopreto.com.br\/wp-content\/uploads\/2025\/10\/maxresdefault_2025-10-22_14-20-33.webp.webp?fit=1200%2C675&ssl=1&resize=525%2C300 1.5x, https:\/\/i0.wp.com\/noticiasribeiraopreto.com.br\/wp-content\/uploads\/2025\/10\/maxresdefault_2025-10-22_14-20-33.webp.webp?fit=1200%2C675&ssl=1&resize=700%2C400 2x, https:\/\/i0.wp.com\/noticiasribeiraopreto.com.br\/wp-content\/uploads\/2025\/10\/maxresdefault_2025-10-22_14-20-33.webp.webp?fit=1200%2C675&ssl=1&resize=1050%2C600 3x"},"classes":[]},{"id":55258,"url":"https:\/\/noticiasribeiraopreto.com.br\/index.php\/2024\/07\/31\/museu-da-tam-sera-reaberto-no-interior-de-sp-apos-oito-anos-fechado\/","url_meta":{"origin":44982,"position":4},"title":"Museu da TAM ser\u00e1 reaberto no interior de SP ap\u00f3s oito anos fechado","author":"noticiasribeiraopreto.com.br","date":"31 de July de 2024","format":false,"excerpt":"O Museu Asas de um Sonho, conhecido como Museu da TAM, ser\u00e1 reaberto em um novo local no interior de S\u00e3o Paulo ap\u00f3s oito anos fechado. A reabertura acontece no pr\u00f3ximo dia 10 de agosto. Os avi\u00f5es de S\u00e3o Carlos foram transferidos para o Centro Cultural S\u00e3o Pedro, em Itu,\u2026","rel":"","context":"In &quot;Not\u00edcias de Ribeir\u00e3o Preto-SP e Regi\u00e3o&quot;","block_context":{"text":"Not\u00edcias de Ribeir\u00e3o Preto-SP e Regi\u00e3o","link":"https:\/\/noticiasribeiraopreto.com.br\/index.php\/category\/noticias-de-ribeirao-preto-sp-e-regiao-ismael-colosi\/"},"img":{"alt_text":"","src":"https:\/\/i0.wp.com\/noticiasribeiraopreto.com.br\/wp-content\/uploads\/2024\/07\/museu-da-tam-reabre-capa_2024-07-31_13-36-34_jpg_2024-07-31_13-36-34.webp.webp?fit=1200%2C629&ssl=1&resize=350%2C200","width":350,"height":200,"srcset":"https:\/\/i0.wp.com\/noticiasribeiraopreto.com.br\/wp-content\/uploads\/2024\/07\/museu-da-tam-reabre-capa_2024-07-31_13-36-34_jpg_2024-07-31_13-36-34.webp.webp?fit=1200%2C629&ssl=1&resize=350%2C200 1x, https:\/\/i0.wp.com\/noticiasribeiraopreto.com.br\/wp-content\/uploads\/2024\/07\/museu-da-tam-reabre-capa_2024-07-31_13-36-34_jpg_2024-07-31_13-36-34.webp.webp?fit=1200%2C629&ssl=1&resize=525%2C300 1.5x, https:\/\/i0.wp.com\/noticiasribeiraopreto.com.br\/wp-content\/uploads\/2024\/07\/museu-da-tam-reabre-capa_2024-07-31_13-36-34_jpg_2024-07-31_13-36-34.webp.webp?fit=1200%2C629&ssl=1&resize=700%2C400 2x, https:\/\/i0.wp.com\/noticiasribeiraopreto.com.br\/wp-content\/uploads\/2024\/07\/museu-da-tam-reabre-capa_2024-07-31_13-36-34_jpg_2024-07-31_13-36-34.webp.webp?fit=1200%2C629&ssl=1&resize=1050%2C600 3x"},"classes":[]},{"id":48082,"url":"https:\/\/noticiasribeiraopreto.com.br\/index.php\/2024\/04\/30\/museu-do-ipiranga-em-sp-tem-entrada-gratuita-e-exposicao-dedicada-ao-trabalho-neste-feriado\/","url_meta":{"origin":44982,"position":5},"title":"Museu do Ipiranga em SP tem entrada gratuita e exposi\u00e7\u00e3o dedicada ao trabalho neste feriado","author":"noticiasribeiraopreto.com.br","date":"30 de April de 2024","format":false,"excerpt":"Nesta quarta-feira, 1\u00ba de maio, \u00e9 comemorado do Dia do Trabalho, e o Museu do Ipiranga, em S\u00e3o Paulo, ficar\u00e1 aberto gratuitamente \u2013 como todas as quartas-feiras e os primeiros domingos de cada m\u00eas. Neste feriado, o museu conta com uma mostra de arte dedicada ao trabalho. As entradas devem\u2026","rel":"","context":"In &quot;Not\u00edcias de Ribeir\u00e3o Preto-SP e Regi\u00e3o&quot;","block_context":{"text":"Not\u00edcias de Ribeir\u00e3o Preto-SP e Regi\u00e3o","link":"https:\/\/noticiasribeiraopreto.com.br\/index.php\/category\/noticias-de-ribeirao-preto-sp-e-regiao-ismael-colosi\/"},"img":{"alt_text":"","src":"https:\/\/i0.wp.com\/noticiasribeiraopreto.com.br\/wp-content\/uploads\/2024\/04\/museudoipirangausp_2024-04-30_13-36-24_jpg.webp.webp?fit=800%2C533&ssl=1&resize=350%2C200","width":350,"height":200,"srcset":"https:\/\/i0.wp.com\/noticiasribeiraopreto.com.br\/wp-content\/uploads\/2024\/04\/museudoipirangausp_2024-04-30_13-36-24_jpg.webp.webp?fit=800%2C533&ssl=1&resize=350%2C200 1x, https:\/\/i0.wp.com\/noticiasribeiraopreto.com.br\/wp-content\/uploads\/2024\/04\/museudoipirangausp_2024-04-30_13-36-24_jpg.webp.webp?fit=800%2C533&ssl=1&resize=525%2C300 1.5x, https:\/\/i0.wp.com\/noticiasribeiraopreto.com.br\/wp-content\/uploads\/2024\/04\/museudoipirangausp_2024-04-30_13-36-24_jpg.webp.webp?fit=800%2C533&ssl=1&resize=700%2C400 2x"},"classes":[]}],"jetpack_sharing_enabled":true,"jetpack_shortlink":"https:\/\/wp.me\/peQAOb-bHw","_links":{"self":[{"href":"https:\/\/noticiasribeiraopreto.com.br\/index.php\/wp-json\/wp\/v2\/posts\/44982","targetHints":{"allow":["GET"]}}],"collection":[{"href":"https:\/\/noticiasribeiraopreto.com.br\/index.php\/wp-json\/wp\/v2\/posts"}],"about":[{"href":"https:\/\/noticiasribeiraopreto.com.br\/index.php\/wp-json\/wp\/v2\/types\/post"}],"author":[{"embeddable":true,"href":"https:\/\/noticiasribeiraopreto.com.br\/index.php\/wp-json\/wp\/v2\/users\/1"}],"replies":[{"embeddable":true,"href":"https:\/\/noticiasribeiraopreto.com.br\/index.php\/wp-json\/wp\/v2\/comments?post=44982"}],"version-history":[{"count":0,"href":"https:\/\/noticiasribeiraopreto.com.br\/index.php\/wp-json\/wp\/v2\/posts\/44982\/revisions"}],"wp:featuredmedia":[{"embeddable":true,"href":"https:\/\/noticiasribeiraopreto.com.br\/index.php\/wp-json\/wp\/v2\/media\/44983"}],"wp:attachment":[{"href":"https:\/\/noticiasribeiraopreto.com.br\/index.php\/wp-json\/wp\/v2\/media?parent=44982"}],"wp:term":[{"taxonomy":"category","embeddable":true,"href":"https:\/\/noticiasribeiraopreto.com.br\/index.php\/wp-json\/wp\/v2\/categories?post=44982"},{"taxonomy":"post_tag","embeddable":true,"href":"https:\/\/noticiasribeiraopreto.com.br\/index.php\/wp-json\/wp\/v2\/tags?post=44982"}],"curies":[{"name":"wp","href":"https:\/\/api.w.org\/{rel}","templated":true}]}}