{"id":45068,"date":"2024-04-02T08:39:45","date_gmt":"2024-04-02T11:39:45","guid":{"rendered":"https:\/\/noticiasribeiraopreto.com.br\/index.php\/2024\/04\/02\/trecho-da-rua-visconde-de-inhauma-ficara-interditado-por-15-dias\/"},"modified":"2024-04-02T08:39:45","modified_gmt":"2024-04-02T11:39:45","slug":"trecho-da-rua-visconde-de-inhauma-ficara-interditado-por-15-dias","status":"publish","type":"post","link":"https:\/\/noticiasribeiraopreto.com.br\/index.php\/2024\/04\/02\/trecho-da-rua-visconde-de-inhauma-ficara-interditado-por-15-dias\/","title":{"rendered":"Trecho da rua Visconde de Inha\u00fama ficar\u00e1 interditado por 15 dias"},"content":{"rendered":"<div class='code-block code-block-1' style='margin: 8px 0 8px auto; text-align: right; display: block; clear: both;'>\n<p><a href=\"https:\/\/wa.link\/vpicfd\"><img data-recalc-dims=\"1\" class=\"wp-image-4922\" style=\"aspect-ratio: 2.0253164556962027; width: 561px; height: auto;\" src=\"https:\/\/i0.wp.com\/ismaelcolosi.com.br\/wp-content\/uploads\/2023\/11\/grupo-de-empregos-whatsapp-e-facebook-ismael-colosi-vagas.jpg?ssl=1\" alt=\"\" \/><\/a><\/p>\n<!-- \/wp:image -->\n<\/div>\n<p> <br \/>\n<\/p>\n<div id=\"\">\n<p>\n<span class=\"entry-meta-item penci-posted-on\"><i class=\"fa fa-clock-o\"\/><time class=\"entry-date published\" datetime=\"2024-04-02T08:30:38-03:00\">2 de abril de 2024 | 8:30<\/time><time class=\"updated\" datetime=\"2024-04-01T18:44:09-03:00\">1 de abril de 2024 | 18:44<\/time><\/span> <\/p>\n<p><span class=\"penci-social-buttons penci-social-share-footer\"><a href=\"#\" class=\"penci-post-like penci_post-meta_item  single-like-button penci-social-item like\" data-post_id=\"379159\" title=\"Like\" data-like=\"Like\" data-unlike=\"Unlike\"><i class=\"fa fa-thumbs-o-up\"\/><span class=\"penci-share-number\">0<\/span><\/a><i class=\"fa fa-facebook\"\/><a class=\"penci-social-item twitter\" target=\"_blank\" rel=\"noopener\" title=\"\" href=\"https:\/\/twitter.com\/intent\/tweet?text=Trecho%20da%20rua%20Visconde%20de%20Inha\u00fama%20ficar\u00e1%20interditado%20por%2015%20dias%20-%20https:\/\/www.tribunaribeirao.com.br\/site\/trecho-da-rua-visconde-de-inhauma-ficara-interditado-por-15-dias\/\"><i class=\"fa fa-twitter\"\/><\/a><i class=\"fa fa-whatsapp\"\/><\/span> <\/div>\n<div>\n<p>Com o andamento das obras do corredor de \u00f4nibus do quadril\u00e1tero Central, na tarde desta ter\u00e7a-feira, dia 2 de abril, haver\u00e1 a interdi\u00e7\u00e3o total de um trecho da rua Visconde de Inha\u00fama da rua S\u00e3o Sebasti\u00e3o at\u00e9 a rua Am\u00e9rico Brasiliense.\u00a0 Essa interdi\u00e7\u00e3o estava programada para ser executada no m\u00eas passado, mas foi adiada por motivos t\u00e9cnicos operacionais.<\/p>\n<p>Com essa interven\u00e7\u00e3o vi\u00e1ria, a RP Mobi recomenda aos condutores a utilizar a seguinte rota alternativa:<\/p>\n<p>\u2022 Quem vem da regi\u00e3o da Pra\u00e7a XV de Novembro pela rua Visconde de Inha\u00fama em dire\u00e7\u00e3o \u00e0 regi\u00e3o da pra\u00e7a da Bandeira deve virar \u00e0 direita na rua S\u00e3o Sebasti\u00e3o, \u00e0 esquerda na rua \u00c1lvares Cabral, \u00e0 esquerda na rua Am\u00e9rico Brasiliense, \u00e0 direita para retomar a rua Visconde de Inha\u00fama para ent\u00e3o seguir o destino desejado.<\/p>\n<p>De acordo com a DGB Engenharia, construtora respons\u00e1vel pela execu\u00e7\u00e3o dessas obras, este bloqueio tem previs\u00e3o de in\u00edcio \u00e0s 13 horas desta ter\u00e7a-feira, dia 2 de abril; e tem previs\u00e3o de dura\u00e7\u00e3o por 15 dias.<\/p>\n<p>Na regi\u00e3o da nova interdi\u00e7\u00e3o haver\u00e1 acessos locais somente para moradores e comerciantes. A RP Mobi orienta os condutores que redobrem a aten\u00e7\u00e3o e diminuam a velocidade de seus ve\u00edculos a fim de se evitar sinistros de tr\u00e2nsito.<\/p>\n<p><strong>Mais recomenda\u00e7\u00f5es<\/strong><\/p>\n<p>\u00b7 Respeite a sinaliza\u00e7\u00e3o de tr\u00e2nsito;<\/p>\n<p>\u00b7 Obede\u00e7a \u00e0s orienta\u00e7\u00f5es dos agentes da RP Mobi;<\/p>\n<p>\u00b7 Procure utilizar vias alternativas, evitando passar nas imedia\u00e7\u00f5es das interdi\u00e7\u00f5es;<\/p>\n<p>\u00b7 Informa\u00e7\u00f5es sobre bloqueios est\u00e3o sujeitas a altera\u00e7\u00f5es sem Aviso pr\u00e9vio, conforme outros fatores de momento, sempre priorizando a seguran\u00e7a de todos os usu\u00e1rios da via, principalmente a dos pedestres.<\/p>\n<\/div>\n<p><script async src=\"\/\/platform.twitter.com\/widgets.js\" charset=\"utf-8\"><\/script><br \/>\n<br \/><br \/>\n<br \/><a href=\"https:\/\/www.tribunaribeirao.com.br\/site\/trecho-da-rua-visconde-de-inhauma-ficara-interditado-por-15-dias\/\">Source link <\/a><\/p>\n<!-- CONTENT END 1 -->\n","protected":false},"excerpt":{"rendered":"<p>2 de abril de 2024 | 8:301 de abril de 2024 | 18:44 0 Com o andamento das obras do corredor de \u00f4nibus do quadril\u00e1tero&#8230;<\/p>\n","protected":false},"author":1,"featured_media":45069,"comment_status":"open","ping_status":"open","sticky":false,"template":"","format":"standard","meta":{"advanced_seo_description":"","jetpack_seo_html_title":"","jetpack_seo_noindex":false,"jetpack_post_was_ever_published":false,"_jetpack_newsletter_access":"","_jetpack_dont_email_post_to_subs":false,"_jetpack_newsletter_tier_id":0,"_jetpack_memberships_contains_paywalled_content":false,"_jetpack_memberships_contains_paid_content":false,"footnotes":"","jetpack_publicize_message":"","jetpack_publicize_feature_enabled":true,"jetpack_social_post_already_shared":true,"jetpack_social_options":{"image_generator_settings":{"template":"highway","default_image_id":0,"font":"","enabled":false},"version":2}},"categories":[11],"tags":[493,852,4023,447,134,61,933,4022],"class_list":["post-45068","post","type-post","status-publish","format-standard","has-post-thumbnail","hentry","category-noticias-de-ribeirao-preto-sp-e-regiao-ismael-colosi","tag-dias","tag-ficara","tag-inhauma","tag-interditado","tag-por","tag-rua","tag-trecho","tag-visconde"],"jetpack_publicize_connections":[],"jetpack_featured_media_url":"https:\/\/i0.wp.com\/noticiasribeiraopreto.com.br\/wp-content\/uploads\/2024\/04\/OBRAS-1.png?fit=814%2C515&ssl=1","jetpack-related-posts":[{"id":1399,"url":"https:\/\/noticiasribeiraopreto.com.br\/index.php\/2023\/11\/12\/novo-trecho-da-visconde-de-inhauma-ficara-interditado-durante-15-dias\/","url_meta":{"origin":45068,"position":0},"title":"Novo trecho da Visconde de Inha\u00fama ficar\u00e1 interditado durante 15 dias","author":"noticiasribeiraopreto.com.br","date":"12 de November de 2023","format":false,"excerpt":"12 de novembro de 2023 | 18:0011 de novembro de 2023 | 18:42 0Na manh\u00e3 da pr\u00f3xima segunda-feira, dia 13 de novembro, ser\u00e1 necess\u00e1ria a interdi\u00e7\u00e3o total de mais um trecho da rua Visconde de Inha\u00fama, entre a rua Am\u00e9rico Brasiliense e a rua Flor\u00eancio de Abreu, ao lado da\u2026","rel":"","context":"In &quot;Not\u00edcias de Ribeir\u00e3o Preto-SP e Regi\u00e3o&quot;","block_context":{"text":"Not\u00edcias de Ribeir\u00e3o Preto-SP e Regi\u00e3o","link":"https:\/\/noticiasribeiraopreto.com.br\/index.php\/category\/noticias-de-ribeirao-preto-sp-e-regiao-ismael-colosi\/"},"img":{"alt_text":"","src":"https:\/\/i0.wp.com\/noticiasribeiraopreto.com.br\/wp-content\/uploads\/2023\/11\/interdicao.jpeg?fit=620%2C351&ssl=1&resize=350%2C200","width":350,"height":200,"srcset":"https:\/\/i0.wp.com\/noticiasribeiraopreto.com.br\/wp-content\/uploads\/2023\/11\/interdicao.jpeg?fit=620%2C351&ssl=1&resize=350%2C200 1x, https:\/\/i0.wp.com\/noticiasribeiraopreto.com.br\/wp-content\/uploads\/2023\/11\/interdicao.jpeg?fit=620%2C351&ssl=1&resize=525%2C300 1.5x"},"classes":[]},{"id":41750,"url":"https:\/\/noticiasribeiraopreto.com.br\/index.php\/2024\/03\/11\/trecho-da-visconde-de-inhauma-sera-interditado-por-15-dias\/","url_meta":{"origin":45068,"position":1},"title":"Trecho da Visconde de Inha\u00fama ser\u00e1 interditado por 15 dias","author":"noticiasribeiraopreto.com.br","date":"11 de March de 2024","format":false,"excerpt":"11 de mar\u00e7o de 2024 | 8:0010 de mar\u00e7o de 2024 | 12:44 0Com o andamento das obras do corredor de \u00f4nibus do quadril\u00e1tero Central, a partir das 9h desta segunda-feira, dia 11 de mar\u00e7o, haver\u00e1 a interdi\u00e7\u00e3o total de um trecho da rua Visconde de Inha\u00fama da rua S\u00e3o\u2026","rel":"","context":"In &quot;Not\u00edcias de Ribeir\u00e3o Preto-SP e Regi\u00e3o&quot;","block_context":{"text":"Not\u00edcias de Ribeir\u00e3o Preto-SP e Regi\u00e3o","link":"https:\/\/noticiasribeiraopreto.com.br\/index.php\/category\/noticias-de-ribeirao-preto-sp-e-regiao-ismael-colosi\/"},"img":{"alt_text":"","src":"https:\/\/i0.wp.com\/noticiasribeiraopreto.com.br\/wp-content\/uploads\/2024\/03\/bloqueio-1.jpg?fit=626%2C402&ssl=1&resize=350%2C200","width":350,"height":200,"srcset":"https:\/\/i0.wp.com\/noticiasribeiraopreto.com.br\/wp-content\/uploads\/2024\/03\/bloqueio-1.jpg?fit=626%2C402&ssl=1&resize=350%2C200 1x, https:\/\/i0.wp.com\/noticiasribeiraopreto.com.br\/wp-content\/uploads\/2024\/03\/bloqueio-1.jpg?fit=626%2C402&ssl=1&resize=525%2C300 1.5x"},"classes":[]},{"id":39938,"url":"https:\/\/noticiasribeiraopreto.com.br\/index.php\/2024\/02\/29\/trechos-da-rua-visconde-de-inhauma-serao-interditados-nesta-quinta-29\/","url_meta":{"origin":45068,"position":2},"title":"Trechos da rua Visconde de Inha\u00fama ser\u00e3o interditados nesta quinta, 29","author":"noticiasribeiraopreto.com.br","date":"29 de February de 2024","format":false,"excerpt":"29 de fevereiro de 2024 | 8:3028 de fevereiro de 2024 | 17:47 0Com o andamento das obras do corredor de \u00f4nibus do quadril\u00e1tero Central, a partir das 10h desta quinta-feira, 29 de fevereiro, haver\u00e1 a interdi\u00e7\u00e3o total em dois trechos da rua Visconde de Inha\u00fama.O primeiro fechamento na Visconde\u2026","rel":"","context":"In &quot;Not\u00edcias de Ribeir\u00e3o Preto-SP e Regi\u00e3o&quot;","block_context":{"text":"Not\u00edcias de Ribeir\u00e3o Preto-SP e Regi\u00e3o","link":"https:\/\/noticiasribeiraopreto.com.br\/index.php\/category\/noticias-de-ribeirao-preto-sp-e-regiao-ismael-colosi\/"},"img":{"alt_text":"","src":"https:\/\/i0.wp.com\/noticiasribeiraopreto.com.br\/wp-content\/uploads\/2024\/02\/OBRAS.png?fit=814%2C515&ssl=1&resize=350%2C200","width":350,"height":200,"srcset":"https:\/\/i0.wp.com\/noticiasribeiraopreto.com.br\/wp-content\/uploads\/2024\/02\/OBRAS.png?fit=814%2C515&ssl=1&resize=350%2C200 1x, https:\/\/i0.wp.com\/noticiasribeiraopreto.com.br\/wp-content\/uploads\/2024\/02\/OBRAS.png?fit=814%2C515&ssl=1&resize=525%2C300 1.5x, https:\/\/i0.wp.com\/noticiasribeiraopreto.com.br\/wp-content\/uploads\/2024\/02\/OBRAS.png?fit=814%2C515&ssl=1&resize=700%2C400 2x"},"classes":[]},{"id":34320,"url":"https:\/\/noticiasribeiraopreto.com.br\/index.php\/2024\/02\/01\/acesso-a-rua-campos-sales-a-partir-da-rua-visconde-de-inhauma-volta-a-ser-interditado\/","url_meta":{"origin":45068,"position":3},"title":"Acesso \u00e0 rua Campos Sales a partir da rua Visconde de Inha\u00fama volta a ser interditado","author":"noticiasribeiraopreto.com.br","date":"1 de February de 2024","format":false,"excerpt":"1 de fevereiro de 2024 | 17:271 de fevereiro de 2024 | 17:28 0Em raz\u00e3o do andamento das obras do corredor de \u00f4nibus no quadril\u00e1tero Central, pelo programa Ribeir\u00e3o Mobilidade, nesta quinta-feira, dia 1\u00ba de fevereiro, houve a necessidade de retomar a interdi\u00e7\u00e3o total do acesso \u00e0 rua Campos Sales\u2026","rel":"","context":"In &quot;Not\u00edcias de Ribeir\u00e3o Preto-SP e Regi\u00e3o&quot;","block_context":{"text":"Not\u00edcias de Ribeir\u00e3o Preto-SP e Regi\u00e3o","link":"https:\/\/noticiasribeiraopreto.com.br\/index.php\/category\/noticias-de-ribeirao-preto-sp-e-regiao-ismael-colosi\/"},"img":{"alt_text":"","src":"https:\/\/i0.wp.com\/noticiasribeiraopreto.com.br\/wp-content\/uploads\/2024\/02\/interdicao_campos_sales1-scaled.jpeg?fit=956%2C645&ssl=1&resize=350%2C200","width":350,"height":200,"srcset":"https:\/\/i0.wp.com\/noticiasribeiraopreto.com.br\/wp-content\/uploads\/2024\/02\/interdicao_campos_sales1-scaled.jpeg?fit=956%2C645&ssl=1&resize=350%2C200 1x, https:\/\/i0.wp.com\/noticiasribeiraopreto.com.br\/wp-content\/uploads\/2024\/02\/interdicao_campos_sales1-scaled.jpeg?fit=956%2C645&ssl=1&resize=525%2C300 1.5x, https:\/\/i0.wp.com\/noticiasribeiraopreto.com.br\/wp-content\/uploads\/2024\/02\/interdicao_campos_sales1-scaled.jpeg?fit=956%2C645&ssl=1&resize=700%2C400 2x"},"classes":[]},{"id":38877,"url":"https:\/\/noticiasribeiraopreto.com.br\/index.php\/2024\/02\/22\/cruzamento-da-barao-do-amazonas-com-a-rua-lafaiete-ficara-interditado-por-cinco-dias\/","url_meta":{"origin":45068,"position":4},"title":"Cruzamento da Bar\u00e3o do Amazonas com a rua Lafaiete ficar\u00e1 interditado por cinco dias","author":"noticiasribeiraopreto.com.br","date":"22 de February de 2024","format":false,"excerpt":"22 de fevereiro de 2024 | 8:3021 de fevereiro de 2024 | 18:24 0Com o andamento das obras do corredor de \u00f4nibus do quadril\u00e1tero Central, a partir das 9h, desta quinta-feira, dia 22 de fevereiro, haver\u00e1 a interdi\u00e7\u00e3o total do cruzamento da rua Bar\u00e3o do Amazonas com a rua Lafaiete.Com\u2026","rel":"","context":"In &quot;Not\u00edcias de Ribeir\u00e3o Preto-SP e Regi\u00e3o&quot;","block_context":{"text":"Not\u00edcias de Ribeir\u00e3o Preto-SP e Regi\u00e3o","link":"https:\/\/noticiasribeiraopreto.com.br\/index.php\/category\/noticias-de-ribeirao-preto-sp-e-regiao-ismael-colosi\/"},"img":{"alt_text":"","src":"https:\/\/i0.wp.com\/noticiasribeiraopreto.com.br\/wp-content\/uploads\/2024\/02\/bloqueio_barao_do_amazonas_-_foto_fernando_gonzaga_1-scaled.jpg?fit=967%2C645&ssl=1&resize=350%2C200","width":350,"height":200,"srcset":"https:\/\/i0.wp.com\/noticiasribeiraopreto.com.br\/wp-content\/uploads\/2024\/02\/bloqueio_barao_do_amazonas_-_foto_fernando_gonzaga_1-scaled.jpg?fit=967%2C645&ssl=1&resize=350%2C200 1x, https:\/\/i0.wp.com\/noticiasribeiraopreto.com.br\/wp-content\/uploads\/2024\/02\/bloqueio_barao_do_amazonas_-_foto_fernando_gonzaga_1-scaled.jpg?fit=967%2C645&ssl=1&resize=525%2C300 1.5x, https:\/\/i0.wp.com\/noticiasribeiraopreto.com.br\/wp-content\/uploads\/2024\/02\/bloqueio_barao_do_amazonas_-_foto_fernando_gonzaga_1-scaled.jpg?fit=967%2C645&ssl=1&resize=700%2C400 2x"},"classes":[]},{"id":38456,"url":"https:\/\/noticiasribeiraopreto.com.br\/index.php\/2024\/02\/20\/trecho-da-barao-do-amazonas-ficara-interditado-por-20-dias\/","url_meta":{"origin":45068,"position":5},"title":"Trecho da Bar\u00e3o do Amazonas ficar\u00e1 interditado por 20 dias","author":"noticiasribeiraopreto.com.br","date":"20 de February de 2024","format":false,"excerpt":"20 de fevereiro de 2024 | 8:3019 de fevereiro de 2024 | 17:17 0A partir das 13h desta ter\u00e7a-feira, dia 20 de fevereiro, haver\u00e1 a interdi\u00e7\u00e3o total de mais um trecho da rua Bar\u00e3o do Amazonas, da rua Flor\u00eancio de Abreu at\u00e9 a rua Am\u00e9rico Brasiliense, por causa do andamento\u2026","rel":"","context":"In &quot;Not\u00edcias de Ribeir\u00e3o Preto-SP e Regi\u00e3o&quot;","block_context":{"text":"Not\u00edcias de Ribeir\u00e3o Preto-SP e Regi\u00e3o","link":"https:\/\/noticiasribeiraopreto.com.br\/index.php\/category\/noticias-de-ribeirao-preto-sp-e-regiao-ismael-colosi\/"},"img":{"alt_text":"","src":"https:\/\/i0.wp.com\/noticiasribeiraopreto.com.br\/wp-content\/uploads\/2024\/02\/obras_mobilidade_quadrilatero_-_foto_guilherme_sircili_38-scaled.jpg?fit=967%2C645&ssl=1&resize=350%2C200","width":350,"height":200,"srcset":"https:\/\/i0.wp.com\/noticiasribeiraopreto.com.br\/wp-content\/uploads\/2024\/02\/obras_mobilidade_quadrilatero_-_foto_guilherme_sircili_38-scaled.jpg?fit=967%2C645&ssl=1&resize=350%2C200 1x, https:\/\/i0.wp.com\/noticiasribeiraopreto.com.br\/wp-content\/uploads\/2024\/02\/obras_mobilidade_quadrilatero_-_foto_guilherme_sircili_38-scaled.jpg?fit=967%2C645&ssl=1&resize=525%2C300 1.5x, https:\/\/i0.wp.com\/noticiasribeiraopreto.com.br\/wp-content\/uploads\/2024\/02\/obras_mobilidade_quadrilatero_-_foto_guilherme_sircili_38-scaled.jpg?fit=967%2C645&ssl=1&resize=700%2C400 2x"},"classes":[]}],"jetpack_sharing_enabled":true,"jetpack_shortlink":"https:\/\/wp.me\/peQAOb-bIU","_links":{"self":[{"href":"https:\/\/noticiasribeiraopreto.com.br\/index.php\/wp-json\/wp\/v2\/posts\/45068","targetHints":{"allow":["GET"]}}],"collection":[{"href":"https:\/\/noticiasribeiraopreto.com.br\/index.php\/wp-json\/wp\/v2\/posts"}],"about":[{"href":"https:\/\/noticiasribeiraopreto.com.br\/index.php\/wp-json\/wp\/v2\/types\/post"}],"author":[{"embeddable":true,"href":"https:\/\/noticiasribeiraopreto.com.br\/index.php\/wp-json\/wp\/v2\/users\/1"}],"replies":[{"embeddable":true,"href":"https:\/\/noticiasribeiraopreto.com.br\/index.php\/wp-json\/wp\/v2\/comments?post=45068"}],"version-history":[{"count":0,"href":"https:\/\/noticiasribeiraopreto.com.br\/index.php\/wp-json\/wp\/v2\/posts\/45068\/revisions"}],"wp:featuredmedia":[{"embeddable":true,"href":"https:\/\/noticiasribeiraopreto.com.br\/index.php\/wp-json\/wp\/v2\/media\/45069"}],"wp:attachment":[{"href":"https:\/\/noticiasribeiraopreto.com.br\/index.php\/wp-json\/wp\/v2\/media?parent=45068"}],"wp:term":[{"taxonomy":"category","embeddable":true,"href":"https:\/\/noticiasribeiraopreto.com.br\/index.php\/wp-json\/wp\/v2\/categories?post=45068"},{"taxonomy":"post_tag","embeddable":true,"href":"https:\/\/noticiasribeiraopreto.com.br\/index.php\/wp-json\/wp\/v2\/tags?post=45068"}],"curies":[{"name":"wp","href":"https:\/\/api.w.org\/{rel}","templated":true}]}}