{"id":45105,"date":"2024-04-02T11:58:41","date_gmt":"2024-04-02T14:58:41","guid":{"rendered":"https:\/\/noticiasribeiraopreto.com.br\/index.php\/2024\/04\/02\/encontrado-corpo-de-jovem-que-se-afogou-e-estava-desaparecido-no-rio-pardo-em-ribeirao\/"},"modified":"2024-04-02T11:58:41","modified_gmt":"2024-04-02T14:58:41","slug":"encontrado-corpo-de-jovem-que-se-afogou-e-estava-desaparecido-no-rio-pardo-em-ribeirao","status":"publish","type":"post","link":"https:\/\/noticiasribeiraopreto.com.br\/index.php\/2024\/04\/02\/encontrado-corpo-de-jovem-que-se-afogou-e-estava-desaparecido-no-rio-pardo-em-ribeirao\/","title":{"rendered":"Encontrado corpo de jovem que se afogou e estava desaparecido no rio Pardo em Ribeir\u00e3o"},"content":{"rendered":"<div class='code-block code-block-1' style='margin: 8px 0 8px auto; text-align: right; display: block; clear: both;'>\n<p><a href=\"https:\/\/wa.link\/vpicfd\"><img data-recalc-dims=\"1\" class=\"wp-image-4922\" style=\"aspect-ratio: 2.0253164556962027; width: 561px; height: auto;\" src=\"https:\/\/i0.wp.com\/ismaelcolosi.com.br\/wp-content\/uploads\/2023\/11\/grupo-de-empregos-whatsapp-e-facebook-ismael-colosi-vagas.jpg?ssl=1\" alt=\"\" \/><\/a><\/p>\n<!-- \/wp:image -->\n<\/div>\n<p> <br \/>\n<\/p>\n<div data-td-block-uid=\"tdi_101\">\n<div class=\"tdb-block-inner td-fix-index\">\n<p>O <span style=\"background-color:#f7cc62\" class=\"td_text_highlight_marker\"><mark style=\"background-color:rgba(0, 0, 0, 0)\" class=\"has-inline-color has-black-color\">corpo do jovem que se afogou no rio Pardo e estava desaparecido foi encontrado pelos bombeiros, na manh\u00e3 desta ter\u00e7a-feira (2), pr\u00f3ximo ao clube de Regatas, na rodovia C\u00e2ndido Portinari, na zona Leste da cidade.<\/mark><\/span><\/p>\n<p><strong>O caso<\/strong><\/p>\n<p>O\u00a0Corpo de Bombeiros\u00a0realizou, no domingo (31), buscas por um jovem que desapareceu no\u00a0rio Pardo, pr\u00f3ximo ao bairro Ribeir\u00e3o Verde, em<strong>\u00a0Ribeir\u00e3o Preto<\/strong>.<\/p>\n<p>Uma equipe dos bombeiros foi acionada para atender uma ocorr\u00eancia de afogamento com informa\u00e7\u00f5es de que a v\u00edtima seria uma crian\u00e7a, entretanto, o \u00f3rg\u00e3o informou a\u00a0<em>EPTV\u00a0<\/em>que chegando ao local,\u00a0<strong>foi constatado que se tratava de um jovem de aproximadamente 20 anos.<\/strong><\/p>\n<p><strong>As causas do afogamento ainda dever\u00e3o ser apuradas.<\/strong><\/p>\n<p><em>*Mat\u00e9ria em atualiza\u00e7\u00e3o <\/em><\/p>\n<p>SAIBA MAIS <\/p>\n<p>Passageiro de carro de aplicativo \u00e9 alvo de furto de celular em sem\u00e1foro de Ribeir\u00e3o<\/p>\n<h4 class=\"wp-block-heading\"><strong>FIQUE ON<\/strong><\/h4>\n<p>Fique ligado em tudo que acontece em Ribeir\u00e3o Preto e regi\u00e3o. Siga os perfis do\u00a0<strong>acidade on\u00a0<\/strong>no\u00a0<a href=\"https:\/\/www.instagram.com\/acidadeonribeirao\" target=\"_blank\" rel=\"noreferrer noopener\">Instagram<\/a>\u00a0e no\u00a0<a href=\"https:\/\/www.facebook.com\/acidadeonribeirao\" target=\"_blank\" rel=\"noreferrer noopener\">Facebook<\/a>.<\/p>\n<p>Receba not\u00edcias do acidade on no WhatsApp. Para entrar no grupo, basta\u00a0<a href=\"https:\/\/chat.whatsapp.com\/GFH9HUMUTHNFJdnyEd0xxq\" target=\"_blank\" rel=\"noreferrer noopener\">clicar aqui<\/a>.<\/p>\n<p>Fa\u00e7a uma den\u00fancia ou sugira uma reportagem sobre Ribeir\u00e3o Preto e regi\u00e3o pelo WhatsApp: 16 99117 7802.<\/p>\n<p>VEJA TAMB\u00c9M<br \/>BBB 24: como vai ser a Prova do L\u00edder hoje?<\/p>\n<p><!-- AI CONTENT END 1 -->\n<\/div>\n<\/div>\n<p><script async src=\"\/\/www.instagram.com\/embed.js\"><\/script><br \/>\n<br \/><br \/>\n<br \/><a href=\"https:\/\/www.acidadeon.com\/ribeiraopreto\/cotidiano\/encontrado-corpo-de-jovem-que-se-afogou-e-estava-desaparecido-no-rio-pardo-em-ribeirao\/\">Source link <\/a><\/p>\n<!-- CONTENT END 1 -->\n","protected":false},"excerpt":{"rendered":"<p>O corpo do jovem que se afogou no rio Pardo e estava desaparecido foi encontrado pelos bombeiros, na manh\u00e3 desta ter\u00e7a-feira (2), pr\u00f3ximo ao clube&#8230;<\/p>\n","protected":false},"author":1,"featured_media":45106,"comment_status":"open","ping_status":"open","sticky":false,"template":"","format":"standard","meta":{"advanced_seo_description":"","jetpack_seo_html_title":"","jetpack_seo_noindex":false,"jetpack_post_was_ever_published":false,"_jetpack_newsletter_access":"","_jetpack_dont_email_post_to_subs":false,"_jetpack_newsletter_tier_id":0,"_jetpack_memberships_contains_paywalled_content":false,"_jetpack_memberships_contains_paid_content":false,"footnotes":"","jetpack_publicize_message":"","jetpack_publicize_feature_enabled":true,"jetpack_social_post_already_shared":true,"jetpack_social_options":{"image_generator_settings":{"template":"highway","default_image_id":0,"font":"","enabled":false},"version":2}},"categories":[11],"tags":[],"class_list":["post-45105","post","type-post","status-publish","format-standard","has-post-thumbnail","hentry","category-noticias-de-ribeirao-preto-sp-e-regiao-ismael-colosi"],"jetpack_publicize_connections":[],"jetpack_featured_media_url":"https:\/\/i0.wp.com\/noticiasribeiraopreto.com.br\/wp-content\/uploads\/2024\/04\/WhatsApp-Image-2024-04-02-at-11.33.55.jpeg?fit=1600%2C847&ssl=1","jetpack-related-posts":[{"id":45121,"url":"https:\/\/noticiasribeiraopreto.com.br\/index.php\/2024\/04\/02\/encontrado-corpo-de-jovem-que-estava-desaparecido-no-rio-pardo\/","url_meta":{"origin":45105,"position":0},"title":"Encontrado corpo de jovem que estava desaparecido no Rio Pardo","author":"noticiasribeiraopreto.com.br","date":"2 de April de 2024","format":false,"excerpt":"2 de abril de 2024 | 11:56 0 Foi encontrado nesta ter\u00e7a-feira (2) o corpo\u00a0 do jovem que se afogou no rio Pardo. Ele estava desaparecido desde domingo e foi encontrado pelo Corpo de Bombeiros pr\u00f3ximo ao clube de Regatas, na rodovia C\u00e2ndido Portinari, na zona leste da cidade. As\u2026","rel":"","context":"In &quot;Not\u00edcias de Ribeir\u00e3o Preto-SP e Regi\u00e3o&quot;","block_context":{"text":"Not\u00edcias de Ribeir\u00e3o Preto-SP e Regi\u00e3o","link":"https:\/\/noticiasribeiraopreto.com.br\/index.php\/category\/noticias-de-ribeirao-preto-sp-e-regiao-ismael-colosi\/"},"img":{"alt_text":"","src":"https:\/\/i0.wp.com\/noticiasribeiraopreto.com.br\/wp-content\/uploads\/2024\/04\/ab704910-6891-41dd-bff5-4c98391f69f3.jpg?fit=800%2C450&ssl=1&resize=350%2C200","width":350,"height":200,"srcset":"https:\/\/i0.wp.com\/noticiasribeiraopreto.com.br\/wp-content\/uploads\/2024\/04\/ab704910-6891-41dd-bff5-4c98391f69f3.jpg?fit=800%2C450&ssl=1&resize=350%2C200 1x, https:\/\/i0.wp.com\/noticiasribeiraopreto.com.br\/wp-content\/uploads\/2024\/04\/ab704910-6891-41dd-bff5-4c98391f69f3.jpg?fit=800%2C450&ssl=1&resize=525%2C300 1.5x, https:\/\/i0.wp.com\/noticiasribeiraopreto.com.br\/wp-content\/uploads\/2024\/04\/ab704910-6891-41dd-bff5-4c98391f69f3.jpg?fit=800%2C450&ssl=1&resize=700%2C400 2x"},"classes":[]},{"id":45117,"url":"https:\/\/noticiasribeiraopreto.com.br\/index.php\/2024\/04\/02\/identificado-corpo-de-jovem-encontrado-no-rio-pardo-em-ribeirao-preto\/","url_meta":{"origin":45105,"position":1},"title":"Identificado corpo de jovem encontrado no rio Pardo em Ribeir\u00e3o Preto","author":"noticiasribeiraopreto.com.br","date":"2 de April de 2024","format":false,"excerpt":"O corpo do jovem que se afogou e morreu no rio Pardo foi identificado como Marcelo Faustino dos Santos, de 22 anos. Marcelo foi encontrado na manh\u00e3 desta ter\u00e7a-feira (2), pr\u00f3ximo ao clube de Regatas, na rodovia C\u00e2ndido Portinari \u2013 dois quil\u00f4metros de dist\u00e2ncia de onde desapareceu no bairro Ribeir\u00e3o\u2026","rel":"","context":"In &quot;Not\u00edcias de Ribeir\u00e3o Preto-SP e Regi\u00e3o&quot;","block_context":{"text":"Not\u00edcias de Ribeir\u00e3o Preto-SP e Regi\u00e3o","link":"https:\/\/noticiasribeiraopreto.com.br\/index.php\/category\/noticias-de-ribeirao-preto-sp-e-regiao-ismael-colosi\/"},"img":{"alt_text":"","src":"https:\/\/i0.wp.com\/noticiasribeiraopreto.com.br\/wp-content\/uploads\/2024\/04\/WhatsApp-Image-2024-04-02-at-13.12.02.jpeg?fit=1200%2C674&ssl=1&resize=350%2C200","width":350,"height":200,"srcset":"https:\/\/i0.wp.com\/noticiasribeiraopreto.com.br\/wp-content\/uploads\/2024\/04\/WhatsApp-Image-2024-04-02-at-13.12.02.jpeg?fit=1200%2C674&ssl=1&resize=350%2C200 1x, https:\/\/i0.wp.com\/noticiasribeiraopreto.com.br\/wp-content\/uploads\/2024\/04\/WhatsApp-Image-2024-04-02-at-13.12.02.jpeg?fit=1200%2C674&ssl=1&resize=525%2C300 1.5x, https:\/\/i0.wp.com\/noticiasribeiraopreto.com.br\/wp-content\/uploads\/2024\/04\/WhatsApp-Image-2024-04-02-at-13.12.02.jpeg?fit=1200%2C674&ssl=1&resize=700%2C400 2x, https:\/\/i0.wp.com\/noticiasribeiraopreto.com.br\/wp-content\/uploads\/2024\/04\/WhatsApp-Image-2024-04-02-at-13.12.02.jpeg?fit=1200%2C674&ssl=1&resize=1050%2C600 3x"},"classes":[]},{"id":44907,"url":"https:\/\/noticiasribeiraopreto.com.br\/index.php\/2024\/04\/01\/bombeiros-retomam-buscas-por-jovem-desaparecido-do-rio-pardo\/","url_meta":{"origin":45105,"position":2},"title":"Bombeiros retomam buscas por jovem desaparecido do Rio Pardo","author":"noticiasribeiraopreto.com.br","date":"1 de April de 2024","format":false,"excerpt":"1 de abril de 2024 | 10:16 0 O Corpo de Bombeiros retomou nesta segunda-feira (1\u00ba) as buscas por um jovem que desapareceu no rio Pardo no domingo (31), perto do\u00a0bairro Ribeir\u00e3o Verde, em Ribeir\u00e3o Preto. O Corpo de Bombeiros tinham a informa\u00e7\u00e3o de que se tratava de afogamento de\u2026","rel":"","context":"In &quot;Not\u00edcias de Ribeir\u00e3o Preto-SP e Regi\u00e3o&quot;","block_context":{"text":"Not\u00edcias de Ribeir\u00e3o Preto-SP e Regi\u00e3o","link":"https:\/\/noticiasribeiraopreto.com.br\/index.php\/category\/noticias-de-ribeirao-preto-sp-e-regiao-ismael-colosi\/"},"img":{"alt_text":"","src":"https:\/\/i0.wp.com\/noticiasribeiraopreto.com.br\/wp-content\/uploads\/2024\/04\/rio-pardo.jpg?fit=800%2C450&ssl=1&resize=350%2C200","width":350,"height":200,"srcset":"https:\/\/i0.wp.com\/noticiasribeiraopreto.com.br\/wp-content\/uploads\/2024\/04\/rio-pardo.jpg?fit=800%2C450&ssl=1&resize=350%2C200 1x, https:\/\/i0.wp.com\/noticiasribeiraopreto.com.br\/wp-content\/uploads\/2024\/04\/rio-pardo.jpg?fit=800%2C450&ssl=1&resize=525%2C300 1.5x, https:\/\/i0.wp.com\/noticiasribeiraopreto.com.br\/wp-content\/uploads\/2024\/04\/rio-pardo.jpg?fit=800%2C450&ssl=1&resize=700%2C400 2x"},"classes":[]},{"id":45023,"url":"https:\/\/noticiasribeiraopreto.com.br\/index.php\/2024\/04\/01\/video-mostra-jovem-antes-de-se-afogar-e-desaparecer-no-rio-pardo-em-ribeirao-preto\/","url_meta":{"origin":45105,"position":3},"title":"V\u00eddeo mostra jovem antes de se afogar e desaparecer no rio Pardo em Ribeir\u00e3o Preto","author":"noticiasribeiraopreto.com.br","date":"1 de April de 2024","format":false,"excerpt":"Um v\u00eddeo que circula pelas redes sociais mostra os dois jovens que se afogaram e um deles, que est\u00e1 desaparecido, em cima de uma jangada (prancha flutuante) na tarde de domingo, no rio Pardo em Ribeir\u00e3o Preto (veja abaixo). As imagens mostram os dois dentro do rio remando com peda\u00e7os\u2026","rel":"","context":"In &quot;Not\u00edcias de Ribeir\u00e3o Preto-SP e Regi\u00e3o&quot;","block_context":{"text":"Not\u00edcias de Ribeir\u00e3o Preto-SP e Regi\u00e3o","link":"https:\/\/noticiasribeiraopreto.com.br\/index.php\/category\/noticias-de-ribeirao-preto-sp-e-regiao-ismael-colosi\/"},"img":{"alt_text":"","src":"https:\/\/i0.wp.com\/noticiasribeiraopreto.com.br\/wp-content\/uploads\/2024\/04\/Copia-de-Copia-de-TAMANHO-EXATO-PARA-FOTOS-NO-SISTEMA-NOVO-18.jpg?fit=1200%2C675&ssl=1&resize=350%2C200","width":350,"height":200,"srcset":"https:\/\/i0.wp.com\/noticiasribeiraopreto.com.br\/wp-content\/uploads\/2024\/04\/Copia-de-Copia-de-TAMANHO-EXATO-PARA-FOTOS-NO-SISTEMA-NOVO-18.jpg?fit=1200%2C675&ssl=1&resize=350%2C200 1x, https:\/\/i0.wp.com\/noticiasribeiraopreto.com.br\/wp-content\/uploads\/2024\/04\/Copia-de-Copia-de-TAMANHO-EXATO-PARA-FOTOS-NO-SISTEMA-NOVO-18.jpg?fit=1200%2C675&ssl=1&resize=525%2C300 1.5x, https:\/\/i0.wp.com\/noticiasribeiraopreto.com.br\/wp-content\/uploads\/2024\/04\/Copia-de-Copia-de-TAMANHO-EXATO-PARA-FOTOS-NO-SISTEMA-NOVO-18.jpg?fit=1200%2C675&ssl=1&resize=700%2C400 2x, https:\/\/i0.wp.com\/noticiasribeiraopreto.com.br\/wp-content\/uploads\/2024\/04\/Copia-de-Copia-de-TAMANHO-EXATO-PARA-FOTOS-NO-SISTEMA-NOVO-18.jpg?fit=1200%2C675&ssl=1&resize=1050%2C600 3x"},"classes":[]},{"id":71573,"url":"https:\/\/noticiasribeiraopreto.com.br\/index.php\/2025\/06\/07\/corpo-de-adolescente-que-estava-desaparecido-e-encontrado-no-rio-pardo\/","url_meta":{"origin":45105,"position":4},"title":"Corpo de adolescente que estava desaparecido \u00e9 encontrado no rio Pardo","author":"noticiasribeiraopreto.com.br","date":"7 de June de 2025","format":false,"excerpt":"Equipes do Corpo de Bombeiros encontraram, na manh\u00e3 deste s\u00e1bado (7), o corpo do adolescente Alex Gabriel Santos, de 16 anos, no rio Pardo, em Pontal, na regi\u00e3o de Ribeir\u00e3o Preto. Ele estava desaparecido havia uma semana. De acordo com a pol\u00edcia, o corpo estava com os p\u00e9s e as\u2026","rel":"","context":"In &quot;Not\u00edcias de Ribeir\u00e3o Preto-SP e Regi\u00e3o&quot;","block_context":{"text":"Not\u00edcias de Ribeir\u00e3o Preto-SP e Regi\u00e3o","link":"https:\/\/noticiasribeiraopreto.com.br\/index.php\/category\/noticias-de-ribeirao-preto-sp-e-regiao-ismael-colosi\/"},"img":{"alt_text":"","src":"https:\/\/i0.wp.com\/noticiasribeiraopreto.com.br\/wp-content\/uploads\/2025\/06\/ALEX-GABRIEL_2025-06-06_13-51-19.webp.webp?fit=1200%2C879&ssl=1&resize=350%2C200","width":350,"height":200,"srcset":"https:\/\/i0.wp.com\/noticiasribeiraopreto.com.br\/wp-content\/uploads\/2025\/06\/ALEX-GABRIEL_2025-06-06_13-51-19.webp.webp?fit=1200%2C879&ssl=1&resize=350%2C200 1x, https:\/\/i0.wp.com\/noticiasribeiraopreto.com.br\/wp-content\/uploads\/2025\/06\/ALEX-GABRIEL_2025-06-06_13-51-19.webp.webp?fit=1200%2C879&ssl=1&resize=525%2C300 1.5x, https:\/\/i0.wp.com\/noticiasribeiraopreto.com.br\/wp-content\/uploads\/2025\/06\/ALEX-GABRIEL_2025-06-06_13-51-19.webp.webp?fit=1200%2C879&ssl=1&resize=700%2C400 2x, https:\/\/i0.wp.com\/noticiasribeiraopreto.com.br\/wp-content\/uploads\/2025\/06\/ALEX-GABRIEL_2025-06-06_13-51-19.webp.webp?fit=1200%2C879&ssl=1&resize=1050%2C600 3x"},"classes":[]},{"id":80000,"url":"https:\/\/noticiasribeiraopreto.com.br\/index.php\/2025\/11\/12\/corpo-de-jovem-desaparecido-no-rio-pardo-e-encontrado-no-4o-dia-de-buscas\/","url_meta":{"origin":45105,"position":5},"title":"Corpo de jovem desaparecido no rio Pardo \u00e9 encontrado no 4\u00ba dia de buscas","author":"noticiasribeiraopreto.com.br","date":"12 de November de 2025","format":false,"excerpt":"O corpo Miguel Ferreira dos Santos, de 21 anos, desaparecido no rio Pardo, no \u00faltimo domingo (9), em Ribeir\u00e3o Preto, foi encontrado nesta quarta-feira (12). As buscas foram conduzidos pelo Corpo de Bombeiros, com apoio da Marinha do Brasil que utilizou um sonar. O amigo que estava com o Miguel,\u2026","rel":"","context":"In &quot;Not\u00edcias de Ribeir\u00e3o Preto-SP e Regi\u00e3o&quot;","block_context":{"text":"Not\u00edcias de Ribeir\u00e3o Preto-SP e Regi\u00e3o","link":"https:\/\/noticiasribeiraopreto.com.br\/index.php\/category\/noticias-de-ribeirao-preto-sp-e-regiao-ismael-colosi\/"},"img":{"alt_text":"","src":"https:\/\/i0.wp.com\/noticiasribeiraopreto.com.br\/wp-content\/uploads\/2025\/11\/WhatsApp-Image-2025-11-10-at-12.00.15_2025-11-10_15-07-14.webp.webp?fit=842%2C624&ssl=1&resize=350%2C200","width":350,"height":200,"srcset":"https:\/\/i0.wp.com\/noticiasribeiraopreto.com.br\/wp-content\/uploads\/2025\/11\/WhatsApp-Image-2025-11-10-at-12.00.15_2025-11-10_15-07-14.webp.webp?fit=842%2C624&ssl=1&resize=350%2C200 1x, https:\/\/i0.wp.com\/noticiasribeiraopreto.com.br\/wp-content\/uploads\/2025\/11\/WhatsApp-Image-2025-11-10-at-12.00.15_2025-11-10_15-07-14.webp.webp?fit=842%2C624&ssl=1&resize=525%2C300 1.5x, https:\/\/i0.wp.com\/noticiasribeiraopreto.com.br\/wp-content\/uploads\/2025\/11\/WhatsApp-Image-2025-11-10-at-12.00.15_2025-11-10_15-07-14.webp.webp?fit=842%2C624&ssl=1&resize=700%2C400 2x"},"classes":[]}],"jetpack_sharing_enabled":true,"jetpack_shortlink":"https:\/\/wp.me\/peQAOb-bJv","_links":{"self":[{"href":"https:\/\/noticiasribeiraopreto.com.br\/index.php\/wp-json\/wp\/v2\/posts\/45105","targetHints":{"allow":["GET"]}}],"collection":[{"href":"https:\/\/noticiasribeiraopreto.com.br\/index.php\/wp-json\/wp\/v2\/posts"}],"about":[{"href":"https:\/\/noticiasribeiraopreto.com.br\/index.php\/wp-json\/wp\/v2\/types\/post"}],"author":[{"embeddable":true,"href":"https:\/\/noticiasribeiraopreto.com.br\/index.php\/wp-json\/wp\/v2\/users\/1"}],"replies":[{"embeddable":true,"href":"https:\/\/noticiasribeiraopreto.com.br\/index.php\/wp-json\/wp\/v2\/comments?post=45105"}],"version-history":[{"count":0,"href":"https:\/\/noticiasribeiraopreto.com.br\/index.php\/wp-json\/wp\/v2\/posts\/45105\/revisions"}],"wp:featuredmedia":[{"embeddable":true,"href":"https:\/\/noticiasribeiraopreto.com.br\/index.php\/wp-json\/wp\/v2\/media\/45106"}],"wp:attachment":[{"href":"https:\/\/noticiasribeiraopreto.com.br\/index.php\/wp-json\/wp\/v2\/media?parent=45105"}],"wp:term":[{"taxonomy":"category","embeddable":true,"href":"https:\/\/noticiasribeiraopreto.com.br\/index.php\/wp-json\/wp\/v2\/categories?post=45105"},{"taxonomy":"post_tag","embeddable":true,"href":"https:\/\/noticiasribeiraopreto.com.br\/index.php\/wp-json\/wp\/v2\/tags?post=45105"}],"curies":[{"name":"wp","href":"https:\/\/api.w.org\/{rel}","templated":true}]}}