{"id":45171,"date":"2024-04-02T18:18:04","date_gmt":"2024-04-02T21:18:04","guid":{"rendered":"https:\/\/noticiasribeiraopreto.com.br\/index.php\/2024\/04\/02\/concurso-da-pm-oferece-2-700-vagas\/"},"modified":"2024-04-02T18:18:04","modified_gmt":"2024-04-02T21:18:04","slug":"concurso-da-pm-oferece-2-700-vagas","status":"publish","type":"post","link":"https:\/\/noticiasribeiraopreto.com.br\/index.php\/2024\/04\/02\/concurso-da-pm-oferece-2-700-vagas\/","title":{"rendered":"Concurso da PM oferece 2.700 vagas \u00a0"},"content":{"rendered":"<div class='code-block code-block-1' style='margin: 8px 0 8px auto; text-align: right; display: block; clear: both;'>\n<p><a href=\"https:\/\/wa.link\/vpicfd\"><img data-recalc-dims=\"1\" class=\"wp-image-4922\" style=\"aspect-ratio: 2.0253164556962027; width: 561px; height: auto;\" src=\"https:\/\/i0.wp.com\/ismaelcolosi.com.br\/wp-content\/uploads\/2023\/11\/grupo-de-empregos-whatsapp-e-facebook-ismael-colosi-vagas.jpg?ssl=1\" alt=\"\" \/><\/a><\/p>\n<!-- \/wp:image -->\n<\/div>\n<p> <br \/>\n<\/p>\n<div>\n<p><span data-contrast=\"none\">O governo de S\u00e3o Paulo abriu nesta segunda-feira, 1\u00ba de abril, inscri\u00e7\u00f5es para o concurso p\u00fablico que oferece 2.700 vagas para soldado de segunda classe da Pol\u00edcia Militar. A remunera\u00e7\u00e3o b\u00e1sica inicial para o cargo passou a ser de R$ 4.852,21 <\/span><span data-contrast=\"auto\">\u2013 <\/span><span data-contrast=\"none\">incluindo sal\u00e1rio-base, Regime Especial de Trabalho Policial (RETP) e valor de insalubridade <\/span><span data-contrast=\"auto\">\u2013<\/span><span data-contrast=\"none\"> ap\u00f3s o reajuste m\u00e9dio de 20,2% aprovado pelos deputados estaduais sancionado pelo governador Tarc\u00edsio de Freitas (Republicanos) no ano passado.<\/span><\/p>\n<p><span data-contrast=\"none\">As inscri\u00e7\u00f5es v\u00e3o at\u00e9 8 de maio e devem ser feitas no\u00a0 link <\/span><a href=\"https:\/\/conhecimento.fgv.br\/concursos\/pmespsoldado24\"><span data-contrast=\"none\">https:\/\/conhecimento.fgv.br\/concursos\/pmespsoldado24<\/span><\/a><span data-contrast=\"auto\">, da Funda\u00e7\u00e3o Get\u00falio Vargas<\/span><span data-contrast=\"none\">, respons\u00e1vel pela organiza\u00e7\u00e3o do concurso. A taxa custa R$ 85. Para participar, os candidatos devem ter entre 17 e 30 anos \u2013 exceto para quem j\u00e1 pertence aos quadros da PM \u2013 e estar em dia com as obriga\u00e7\u00f5es eleitorais e militares. As mulheres precisam ter altura m\u00ednima de 1,55 metro e os homens, de 1,60 m.<\/span><\/p>\n<p><span data-contrast=\"none\">A prova est\u00e1 prevista para 16 de junho, em 51 cidades, entre elas Ribeir\u00e3o Preto e Franca, al\u00e9m de 35 munic\u00edpios de todas as regi\u00f5es paulistas (capital, Grande S\u00e3o Paulo, interior e litoral) e ainda 14 cidades em outros estados e no Distrito Federal: Belo Horizonte (MG), Bras\u00edlia (DF), Campo Grande (MS), Curitiba (PR), Florian\u00f3polis (SC), Fortaleza (CE), Goi\u00e2nia (GO), Manaus (AM), Porto Alegre (RS), Recife (PE), Rio de Janeiro (RJ), Salvador (BA) e Vit\u00f3ria (ES).<\/span><\/p>\n<p><span data-contrast=\"none\">O governo de S\u00e3o Paulo j\u00e1 havia lan\u00e7ado, em 6 de novembro e 26 de junho do ano passado, concursos p\u00fablicos para 5.400 (vagas para soldado de segunda classe da Pol\u00edcia Militar (2.700 em cada cerrtame). No dia 15 do mesmo m\u00eas, o governador Tarc\u00edsio de Freitas nomeou 1.179 soldados de segunda classe, do edital n\u00famero 01\/2022. <\/span><\/p>\n<p><span data-contrast=\"auto\">As pol\u00edcias estaduais encolheram no Brasil. O n\u00famero de policiais militares diminuiu 6,8% no pa\u00eds \u2013 em S\u00e3o Paulo, caiu 8,9% \u2013 entre 2013 e 2023. J\u00e1 as Pol\u00edcias Civil e peritos tiveram redu\u00e7\u00e3o de 2% em seu efetivo no mesmo per\u00edodo. O Brasil tem hoje 404.871 policiais militares e 95.908 civis, al\u00e9m de 17.991 peritos criminais.\u00a0 <\/span><\/p>\n<p><span data-contrast=\"auto\">H\u00e1 uma d\u00e9cada, havia 30 mil PMs a mais no pa\u00eds \u2013 eles eram 434,5 mil, n\u00famero j\u00e1 ent\u00e3o inferior ao efetivo previsto pelos Estados, que \u00e9 de 584.462. Ou seja, o Brasil tem atualmente apenas 69,3% das vagas existentes para PMs preenchidas.<\/span><\/p>\n<p><span data-contrast=\"auto\">Os dados s\u00e3o do F\u00f3rum Brasileiro de Seguran\u00e7a P\u00fablica (FBSP) e fazem parte da pesquisa in\u00e9dita Raio X das For\u00e7as de Seguran\u00e7a P\u00fablica do Brasil. O estudo mostra ainda que os policiais ganham sal\u00e1rios, em m\u00e9dia, de R$ 9 mil, quase o dobro do restante do funcionalismo \u2013 cerca de R$ 5 mil.<\/span><\/p>\n<p><span data-contrast=\"auto\">Ao todo, existem 1.623 ag\u00eancias de seguran\u00e7a p\u00fablica no pa\u00eds, sendo 86 Pol\u00edcias Federais, Penais, Civis e Militares, 25 Corpos de Bombeiros, 17 Per\u00edcias T\u00e9cnicas e 1.495 Guardas Municipais. Ao todo, elas empregam 786 mil profissionais no pa\u00eds.<\/span><\/p>\n<p><span data-contrast=\"auto\">A Secretaria da Seguran\u00e7a P\u00fablica de S\u00e3o Paulo, que tem o maior efetivo do pa\u00eds, diz, em nota, que \u201ca recomposi\u00e7\u00e3o e valoriza\u00e7\u00e3o do efetivo policial s\u00e3o prioridades da pasta, que reconhece o atual d\u00e9ficit da Pol\u00edcia Militar, que se encontra em 14,9%, e o da Pol\u00edcia Civil, que est\u00e1 em 35%\u201d.<\/span><\/p>\n<p><span data-contrast=\"auto\">A pasta destaca, ainda, concursos para preencher doze mil vagas em diversas carreiras policiais (5,6 mil foram autorizadas na gest\u00e3o), em andamento. Com os concursos e a forma\u00e7\u00e3o de 4.689 novos policiais, que ser\u00e3o empossados nesta gest\u00e3o, a previs\u00e3o \u00e9 de que o d\u00e9ficit seja reduzido para 8,7% na PM e 17,5% para a Pol\u00edcia Civil.<\/span><\/p>\n<p><span data-ccp-props=\"{&quot;201341983&quot;:0,&quot;335559739&quot;:200,&quot;335559740&quot;:276}\">\u00a0<\/span><\/p>\n<\/div>\n<p><br \/>\n<br \/><a href=\"https:\/\/www.tribunaribeirao.com.br\/site\/concurso-da-pm-oferece-2-700-vagas\/\">Source link <\/a><\/p>\n<!-- CONTENT END 1 -->\n","protected":false},"excerpt":{"rendered":"<p>O governo de S\u00e3o Paulo abriu nesta segunda-feira, 1\u00ba de abril, inscri\u00e7\u00f5es para o concurso p\u00fablico que oferece 2.700 vagas para soldado de segunda classe&#8230;<\/p>\n","protected":false},"author":1,"featured_media":45172,"comment_status":"open","ping_status":"open","sticky":false,"template":"","format":"standard","meta":{"advanced_seo_description":"","jetpack_seo_html_title":"","jetpack_seo_noindex":false,"jetpack_post_was_ever_published":false,"_jetpack_newsletter_access":"","_jetpack_dont_email_post_to_subs":false,"_jetpack_newsletter_tier_id":0,"_jetpack_memberships_contains_paywalled_content":false,"_jetpack_memberships_contains_paid_content":false,"footnotes":"","jetpack_publicize_message":"","jetpack_publicize_feature_enabled":true,"jetpack_social_post_already_shared":true,"jetpack_social_options":{"image_generator_settings":{"template":"highway","default_image_id":0,"font":"","enabled":false},"version":2}},"categories":[11],"tags":[567,548,143],"class_list":["post-45171","post","type-post","status-publish","format-standard","has-post-thumbnail","hentry","category-noticias-de-ribeirao-preto-sp-e-regiao-ismael-colosi","tag-concurso","tag-oferece","tag-vagas"],"jetpack_publicize_connections":[],"jetpack_featured_media_url":"https:\/\/i0.wp.com\/noticiasribeiraopreto.com.br\/wp-content\/uploads\/2024\/04\/PoliciaPM-Denis-Bonelli-Imagem-ilustrativa.jpeg?fit=750%2C500&ssl=1","jetpack-related-posts":[{"id":76642,"url":"https:\/\/noticiasribeiraopreto.com.br\/index.php\/2025\/09\/02\/concurso-publico-em-sp-oferece-10-vagas-e-salarios-de-r-9-mil\/","url_meta":{"origin":45171,"position":0},"title":"Concurso p\u00fablico em SP oferece 10 vagas e sal\u00e1rios de R$ 9 mil","author":"noticiasribeiraopreto.com.br","date":"2 de September de 2025","format":false,"excerpt":"O TJ-SP (Tribunal de Justi\u00e7a de S\u00e3o Paulo) divulgou edital de concurso p\u00fablico com 10 vagas para o cargo de Contador Judici\u00e1rio \u2013 veja como se inscrever abaixo. O sal\u00e1rio para a fun\u00e7\u00e3o \u00e9 de R$ 9.536, al\u00e9m de aux\u00edlios para alimenta\u00e7\u00e3o, sa\u00fade e transporte. Para participar, os interessados devem\u2026","rel":"","context":"In &quot;Not\u00edcias de Ribeir\u00e3o Preto-SP e Regi\u00e3o&quot;","block_context":{"text":"Not\u00edcias de Ribeir\u00e3o Preto-SP e Regi\u00e3o","link":"https:\/\/noticiasribeiraopreto.com.br\/index.php\/category\/noticias-de-ribeirao-preto-sp-e-regiao-ismael-colosi\/"},"img":{"alt_text":"","src":"https:\/\/i0.wp.com\/noticiasribeiraopreto.com.br\/wp-content\/uploads\/2025\/09\/Copia-de-Copia-de-TAMANHO-EXATO-PARA-FOTOS-NO-SISTEMA-NOVO-22_2024-07-24_20-00-55_jpg_2024-07-24_20-00-55.webp.webp?fit=1200%2C675&ssl=1&resize=350%2C200","width":350,"height":200,"srcset":"https:\/\/i0.wp.com\/noticiasribeiraopreto.com.br\/wp-content\/uploads\/2025\/09\/Copia-de-Copia-de-TAMANHO-EXATO-PARA-FOTOS-NO-SISTEMA-NOVO-22_2024-07-24_20-00-55_jpg_2024-07-24_20-00-55.webp.webp?fit=1200%2C675&ssl=1&resize=350%2C200 1x, https:\/\/i0.wp.com\/noticiasribeiraopreto.com.br\/wp-content\/uploads\/2025\/09\/Copia-de-Copia-de-TAMANHO-EXATO-PARA-FOTOS-NO-SISTEMA-NOVO-22_2024-07-24_20-00-55_jpg_2024-07-24_20-00-55.webp.webp?fit=1200%2C675&ssl=1&resize=525%2C300 1.5x, https:\/\/i0.wp.com\/noticiasribeiraopreto.com.br\/wp-content\/uploads\/2025\/09\/Copia-de-Copia-de-TAMANHO-EXATO-PARA-FOTOS-NO-SISTEMA-NOVO-22_2024-07-24_20-00-55_jpg_2024-07-24_20-00-55.webp.webp?fit=1200%2C675&ssl=1&resize=700%2C400 2x, https:\/\/i0.wp.com\/noticiasribeiraopreto.com.br\/wp-content\/uploads\/2025\/09\/Copia-de-Copia-de-TAMANHO-EXATO-PARA-FOTOS-NO-SISTEMA-NOVO-22_2024-07-24_20-00-55_jpg_2024-07-24_20-00-55.webp.webp?fit=1200%2C675&ssl=1&resize=1050%2C600 3x"},"classes":[]},{"id":17465,"url":"https:\/\/noticiasribeiraopreto.com.br\/index.php\/2023\/12\/18\/policia-militar-de-sao-paulo-abre-concurso-para-2-700-vagas-de-soldado-pm\/","url_meta":{"origin":45171,"position":1},"title":"Pol\u00edcia Militar de S\u00e3o Paulo abre concurso para 2.700 vagas de soldado PM","author":"noticiasribeiraopreto.com.br","date":"18 de December de 2023","format":false,"excerpt":"Cr\u00e9ditos: IStockConcurso p\u00fablico PM de S\u00e3o Paulo A Pol\u00edcia Militar do Estado de S\u00e3o Paulo lan\u00e7a edital para o concurso p\u00fablico de n\u00ba DP-3\/321\/23 visando preencher 2.700 vagas para o cargo de Soldado PM de 2\u00aa Classe do Quadro de Pra\u00e7as de Pol\u00edcia Militar (QPPM). As oportunidades s\u00e3o voltadas para\u2026","rel":"","context":"In &quot;Variedades&quot;","block_context":{"text":"Variedades","link":"https:\/\/noticiasribeiraopreto.com.br\/index.php\/category\/variedades\/"},"img":{"alt_text":"","src":"https:\/\/i0.wp.com\/noticiasribeiraopreto.com.br\/wp-content\/uploads\/2023\/12\/istock-179493846.jpg?fit=1200%2C638&ssl=1&resize=350%2C200","width":350,"height":200,"srcset":"https:\/\/i0.wp.com\/noticiasribeiraopreto.com.br\/wp-content\/uploads\/2023\/12\/istock-179493846.jpg?fit=1200%2C638&ssl=1&resize=350%2C200 1x, https:\/\/i0.wp.com\/noticiasribeiraopreto.com.br\/wp-content\/uploads\/2023\/12\/istock-179493846.jpg?fit=1200%2C638&ssl=1&resize=525%2C300 1.5x, https:\/\/i0.wp.com\/noticiasribeiraopreto.com.br\/wp-content\/uploads\/2023\/12\/istock-179493846.jpg?fit=1200%2C638&ssl=1&resize=700%2C400 2x, https:\/\/i0.wp.com\/noticiasribeiraopreto.com.br\/wp-content\/uploads\/2023\/12\/istock-179493846.jpg?fit=1200%2C638&ssl=1&resize=1050%2C600 3x"},"classes":[]},{"id":34961,"url":"https:\/\/noticiasribeiraopreto.com.br\/index.php\/2024\/02\/04\/regiao-oferece-concursos-para-varias-areas\/","url_meta":{"origin":45171,"position":2},"title":"Regi\u00e3o oferece concursos para v\u00e1rias \u00e1reas\u00a0","author":"noticiasribeiraopreto.com.br","date":"4 de February de 2024","format":false,"excerpt":"O ano de 2024 come\u00e7ou com concursos abertos em v\u00e1rias cidades da regi\u00e3o. Est\u00e3o com processos abertos as prefeituras de Ribeir\u00e3o Preto, Guatapar\u00e1, Santo Ant\u00f4nio de Alegria e Barrinha para cargos que v\u00e3o do ensino fundamental ao n\u00edvel superior. Al\u00e9m dos concursos de prefeituras, o governo federal est\u00e1 com inscri\u00e7\u00f5es\u2026","rel":"","context":"In &quot;Not\u00edcias de Ribeir\u00e3o Preto-SP e Regi\u00e3o&quot;","block_context":{"text":"Not\u00edcias de Ribeir\u00e3o Preto-SP e Regi\u00e3o","link":"https:\/\/noticiasribeiraopreto.com.br\/index.php\/category\/noticias-de-ribeirao-preto-sp-e-regiao-ismael-colosi\/"},"img":{"alt_text":"","src":"https:\/\/i0.wp.com\/noticiasribeiraopreto.com.br\/wp-content\/uploads\/2024\/02\/foto.png?fit=629%2C414&ssl=1&resize=350%2C200","width":350,"height":200,"srcset":"https:\/\/i0.wp.com\/noticiasribeiraopreto.com.br\/wp-content\/uploads\/2024\/02\/foto.png?fit=629%2C414&ssl=1&resize=350%2C200 1x, https:\/\/i0.wp.com\/noticiasribeiraopreto.com.br\/wp-content\/uploads\/2024\/02\/foto.png?fit=629%2C414&ssl=1&resize=525%2C300 1.5x"},"classes":[]},{"id":17427,"url":"https:\/\/noticiasribeiraopreto.com.br\/index.php\/2023\/12\/18\/inpa-abre-inscricoes-para-concurso-publico-com-63-vagas-2\/","url_meta":{"origin":45171,"position":3},"title":"Inpa abre inscri\u00e7\u00f5es para concurso p\u00fablico com 63 vagas","author":"noticiasribeiraopreto.com.br","date":"18 de December de 2023","format":false,"excerpt":"Come\u00e7am nesta segunda-feira (18) as inscri\u00e7\u00f5es para o concurso do Inpa (Instituto Nacional de Pesquisas da Amaz\u00f4nia) destinado a preencher 63 vagas.\u00a0 H\u00e1 oportunidades para as carreiras de pesquisador (51 postos) e tecnologista (12), ambas de n\u00edvel superior. Os sal\u00e1rios podem chegar a R$ 14.274,86, acrescidos de aux\u00edlios alimenta\u00e7\u00e3o e\u2026","rel":"","context":"In &quot;Vagas de Emprego em Ribeir\u00e3o Preto-SP&quot;","block_context":{"text":"Vagas de Emprego em Ribeir\u00e3o Preto-SP","link":"https:\/\/noticiasribeiraopreto.com.br\/index.php\/category\/empregos-classificados-vagas-trabalho\/vagas-de-empregos-em-ribeirao-preto-regiao-brasil\/"},"img":{"alt_text":"","src":"https:\/\/i0.wp.com\/noticiasribeiraopreto.com.br\/wp-content\/uploads\/2023\/12\/concurso-inpa-foto-divulgacao-1.jpg?fit=1200%2C675&ssl=1&resize=350%2C200","width":350,"height":200,"srcset":"https:\/\/i0.wp.com\/noticiasribeiraopreto.com.br\/wp-content\/uploads\/2023\/12\/concurso-inpa-foto-divulgacao-1.jpg?fit=1200%2C675&ssl=1&resize=350%2C200 1x, https:\/\/i0.wp.com\/noticiasribeiraopreto.com.br\/wp-content\/uploads\/2023\/12\/concurso-inpa-foto-divulgacao-1.jpg?fit=1200%2C675&ssl=1&resize=525%2C300 1.5x, https:\/\/i0.wp.com\/noticiasribeiraopreto.com.br\/wp-content\/uploads\/2023\/12\/concurso-inpa-foto-divulgacao-1.jpg?fit=1200%2C675&ssl=1&resize=700%2C400 2x, https:\/\/i0.wp.com\/noticiasribeiraopreto.com.br\/wp-content\/uploads\/2023\/12\/concurso-inpa-foto-divulgacao-1.jpg?fit=1200%2C675&ssl=1&resize=1050%2C600 3x"},"classes":[]},{"id":16842,"url":"https:\/\/noticiasribeiraopreto.com.br\/index.php\/2023\/12\/16\/inscricoes-para-concurso-publico-com-salarios-de-r-5-mil-comecam-na-proxima-segunda\/","url_meta":{"origin":45171,"position":4},"title":"Inscri\u00e7\u00f5es para concurso p\u00fablico com sal\u00e1rios de R$ 5 mil come\u00e7am na pr\u00f3xima segunda","author":"noticiasribeiraopreto.com.br","date":"16 de December de 2023","format":false,"excerpt":"Come\u00e7a na pr\u00f3xima segunda-feira (18), a partir das 10h, o prazo para as inscri\u00e7\u00f5es do concurso p\u00fablico da C\u00e2mara Municipal de Jaboticabal, no interior de S\u00e3o Paulo. S\u00e3o cinco vagas de n\u00edvel m\u00e9dio e superior com sal\u00e1rios de R$ 5.452,93. As vagas dispon\u00edveis s\u00e3o para assistente (3 vagas), operador audiovisual\u2026","rel":"","context":"In &quot;Not\u00edcias de Ribeir\u00e3o Preto-SP e Regi\u00e3o&quot;","block_context":{"text":"Not\u00edcias de Ribeir\u00e3o Preto-SP e Regi\u00e3o","link":"https:\/\/noticiasribeiraopreto.com.br\/index.php\/category\/noticias-de-ribeirao-preto-sp-e-regiao-ismael-colosi\/"},"img":{"alt_text":"","src":"https:\/\/i0.wp.com\/noticiasribeiraopreto.com.br\/wp-content\/uploads\/2023\/12\/concurso-publico-11.jpg?fit=1200%2C801&ssl=1&resize=350%2C200","width":350,"height":200,"srcset":"https:\/\/i0.wp.com\/noticiasribeiraopreto.com.br\/wp-content\/uploads\/2023\/12\/concurso-publico-11.jpg?fit=1200%2C801&ssl=1&resize=350%2C200 1x, https:\/\/i0.wp.com\/noticiasribeiraopreto.com.br\/wp-content\/uploads\/2023\/12\/concurso-publico-11.jpg?fit=1200%2C801&ssl=1&resize=525%2C300 1.5x, https:\/\/i0.wp.com\/noticiasribeiraopreto.com.br\/wp-content\/uploads\/2023\/12\/concurso-publico-11.jpg?fit=1200%2C801&ssl=1&resize=700%2C400 2x, https:\/\/i0.wp.com\/noticiasribeiraopreto.com.br\/wp-content\/uploads\/2023\/12\/concurso-publico-11.jpg?fit=1200%2C801&ssl=1&resize=1050%2C600 3x"},"classes":[]},{"id":34404,"url":"https:\/\/noticiasribeiraopreto.com.br\/index.php\/2024\/02\/01\/bnb-abre-inscricoes-para-concurso-nesta-sexta-feira\/","url_meta":{"origin":45171,"position":5},"title":"BNB abre inscri\u00e7\u00f5es para concurso nesta sexta-feira","author":"noticiasribeiraopreto.com.br","date":"1 de February de 2024","format":false,"excerpt":"Ag\u00eancia Brasili Ag\u00eancia Brasil 01\/02\/2024 - 12:25 O Banco do Nordeste do Brasil (BNB) come\u00e7ar\u00e1 nesta sexta-feira (2) a receber inscri\u00e7\u00f5es para o concurso p\u00fablico de n\u00edvel m\u00e9dio que oferece 710 vagas para o cargo de analista banc\u00e1rio.As inscri\u00e7\u00f5es podem ser feitas a partir das 10h, no site da Funda\u00e7\u00e3o\u2026","rel":"","context":"In &quot;Vagas de Emprego em Ribeir\u00e3o Preto-SP&quot;","block_context":{"text":"Vagas de Emprego em Ribeir\u00e3o Preto-SP","link":"https:\/\/noticiasribeiraopreto.com.br\/index.php\/category\/empregos-classificados-vagas-trabalho\/vagas-de-empregos-em-ribeirao-preto-regiao-brasil\/"},"img":{"alt_text":"","src":"https:\/\/i0.wp.com\/noticiasribeiraopreto.com.br\/wp-content\/uploads\/2024\/02\/unnamed-5.jpg?fit=960%2C640&ssl=1&resize=350%2C200","width":350,"height":200,"srcset":"https:\/\/i0.wp.com\/noticiasribeiraopreto.com.br\/wp-content\/uploads\/2024\/02\/unnamed-5.jpg?fit=960%2C640&ssl=1&resize=350%2C200 1x, https:\/\/i0.wp.com\/noticiasribeiraopreto.com.br\/wp-content\/uploads\/2024\/02\/unnamed-5.jpg?fit=960%2C640&ssl=1&resize=525%2C300 1.5x, https:\/\/i0.wp.com\/noticiasribeiraopreto.com.br\/wp-content\/uploads\/2024\/02\/unnamed-5.jpg?fit=960%2C640&ssl=1&resize=700%2C400 2x"},"classes":[]}],"jetpack_sharing_enabled":true,"jetpack_shortlink":"https:\/\/wp.me\/peQAOb-bKz","_links":{"self":[{"href":"https:\/\/noticiasribeiraopreto.com.br\/index.php\/wp-json\/wp\/v2\/posts\/45171","targetHints":{"allow":["GET"]}}],"collection":[{"href":"https:\/\/noticiasribeiraopreto.com.br\/index.php\/wp-json\/wp\/v2\/posts"}],"about":[{"href":"https:\/\/noticiasribeiraopreto.com.br\/index.php\/wp-json\/wp\/v2\/types\/post"}],"author":[{"embeddable":true,"href":"https:\/\/noticiasribeiraopreto.com.br\/index.php\/wp-json\/wp\/v2\/users\/1"}],"replies":[{"embeddable":true,"href":"https:\/\/noticiasribeiraopreto.com.br\/index.php\/wp-json\/wp\/v2\/comments?post=45171"}],"version-history":[{"count":0,"href":"https:\/\/noticiasribeiraopreto.com.br\/index.php\/wp-json\/wp\/v2\/posts\/45171\/revisions"}],"wp:featuredmedia":[{"embeddable":true,"href":"https:\/\/noticiasribeiraopreto.com.br\/index.php\/wp-json\/wp\/v2\/media\/45172"}],"wp:attachment":[{"href":"https:\/\/noticiasribeiraopreto.com.br\/index.php\/wp-json\/wp\/v2\/media?parent=45171"}],"wp:term":[{"taxonomy":"category","embeddable":true,"href":"https:\/\/noticiasribeiraopreto.com.br\/index.php\/wp-json\/wp\/v2\/categories?post=45171"},{"taxonomy":"post_tag","embeddable":true,"href":"https:\/\/noticiasribeiraopreto.com.br\/index.php\/wp-json\/wp\/v2\/tags?post=45171"}],"curies":[{"name":"wp","href":"https:\/\/api.w.org\/{rel}","templated":true}]}}