{"id":45214,"date":"2024-04-03T00:14:38","date_gmt":"2024-04-03T03:14:38","guid":{"rendered":"https:\/\/noticiasribeiraopreto.com.br\/index.php\/2024\/04\/03\/festa-do-peao-de-barretos-tera-show-de-ze-neto-cristiano\/"},"modified":"2024-04-03T00:14:38","modified_gmt":"2024-04-03T03:14:38","slug":"festa-do-peao-de-barretos-tera-show-de-ze-neto-cristiano","status":"publish","type":"post","link":"https:\/\/noticiasribeiraopreto.com.br\/index.php\/2024\/04\/03\/festa-do-peao-de-barretos-tera-show-de-ze-neto-cristiano\/","title":{"rendered":"Festa do Pe\u00e3o de Barretos ter\u00e1 show de Z\u00e9 Neto &#038; Cristiano"},"content":{"rendered":"<div class='code-block code-block-1' style='margin: 8px 0 8px auto; text-align: right; display: block; clear: both;'>\n<p><a href=\"https:\/\/wa.link\/vpicfd\"><img data-recalc-dims=\"1\" class=\"wp-image-4922\" style=\"aspect-ratio: 2.0253164556962027; width: 561px; height: auto;\" src=\"https:\/\/i0.wp.com\/ismaelcolosi.com.br\/wp-content\/uploads\/2023\/11\/grupo-de-empregos-whatsapp-e-facebook-ismael-colosi-vagas.jpg?ssl=1\" alt=\"\" \/><\/a><\/p>\n<!-- \/wp:image -->\n<\/div>\n<p> <br \/>\n<\/p>\n<div>\n<h3 class=\"fn__maintitle\"><span>Festa do Pe\u00e3o de Barretos ter\u00e1 show de Z\u00e9 Neto &amp; Cristiano<\/span><\/h3>\n<\/div>\n<div>\n<p><span data-sider-select-id=\"6fc79edc-c561-49cf-abb8-308353b30f5b\">A dupla Z\u00e9 Neto &amp; Cristiano, uma das mais aclamadas e ouvidas do pa\u00eds, est\u00e1 confirmada na grade musical da 69\u00aa Festa do Pe\u00e3o de Boiadeiro de Barretos (15 a 25 de agosto). Os cantores far\u00e3o show no dia 23 de agosto, no segundo fim de semana de programa\u00e7\u00e3o do maior evento do g\u00eanero da Am\u00e9rica Latina.<\/span><br \/>Os sertanejos voltam ao palco do Est\u00e1dio de Rodeios ap\u00f3s a grande apresenta\u00e7\u00e3o realizada no ano passado. Em 2024, al\u00e9m da sele\u00e7\u00e3o de grandes sucessos que marcaram a carreira, a dupla levar\u00e1 para os f\u00e3s as m\u00fasicas do novo DVD \u201cIntenso\u201d, lan\u00e7ado recentemente. Diferente de projetos anteriores, o trabalho aposta em uma sequ\u00eancia de participa\u00e7\u00f5es especiais e transmite o momento de transforma\u00e7\u00e3o vivido pela dupla, que agora \u00e9 respons\u00e1vel pela gest\u00e3o da pr\u00f3pria carreira.<br \/>A Festa do Pe\u00e3o de Barretos tamb\u00e9m confirmou para a mesma noite, as duplas Munhoz &amp; Mariano e Hugo Pena &amp; Gabriel. Ainda no dia 23 de agosto, j\u00e1 foram anunciados os shows de Luan Santana e Zez\u00e9 Di Camargo &amp; Luciano.<br \/><i><strong>Mais shows<\/strong><\/i><\/p>\n<p>No primeiro dia, 15 de agosto, os shows anunciados s\u00e3o de Luan Pereira e de Lauana Prado. No dia 16, sexta, os shows ser\u00e3o das g\u00eameas Maiara e Mara\u00edsa, da cantora Simone Mendes e da dupla Bruno &amp; Marrone.<br \/>A programa\u00e7\u00e3o segue no dia 17 de agosto, com C\u00e9sar Menotti &amp; Fabiano (embaixadores do rodeio deste ano), Jorge &amp; Mateus e Ana Castela. E no dia 24 de agosto, o aguardado show internacional do \u00eddolo country norte-americano, Cody Johnson.<br \/><i><strong>Ingressos<\/strong><\/i><\/p>\n<p>Os acessos para a festa est\u00e3o \u00e0 venda exclusivamente por meio do\u00a0<a href=\"https:\/\/s2404.imxsnd25.com\/link.php?code=bDpodHRwcyUzQSUyRiUyRmJhcnJldG9zLnRvdGFsYWNlc3NvLmNvbSUyRjozMDczNjgzNTQ2OmZhYmlvQHBvcGl0by5jb20uYnI6OWJjYTY2Ojc1\" target=\"_blank\" rel=\"noopener noreferrer\">site oficial da Total Acesso<\/a>. No endere\u00e7o \u00e9 poss\u00edvel encontrar os lotes para os setores Parque\/Rodeio\/Show, \u00c1rea Vip, Pista Prime, Pista Gold e Stage Prime; Camarotes Arena Premium, Brahma, Open Super Bull e Dagente. Tamb\u00e9m j\u00e1 \u00e9 poss\u00edvel adquirir pacotes para a \u00e1rea de Camping, que funciona dentro do Parque do Pe\u00e3o.<\/p>\n<div class=\"popito_fn_votewrap\">\n<h3 class=\"vote_title\">Como voc\u00ea vota? <\/h3>\n<div class=\"popito_fn_votes \" data-id=\"1837\">\n<p>0 People voted this article. 0 Upvotes &#8211; 0 Downvotes.<\/p>\n<\/div>\n<\/div>\n<\/div>\n<p><br \/>\n<br \/><a href=\"https:\/\/popito.com.br\/festa-do-peao-de-barretos-tera-show-de-ze-neto-cristiano\/\">Source link <\/a><\/p>\n<!-- CONTENT END 1 -->\n","protected":false},"excerpt":{"rendered":"<p>Festa do Pe\u00e3o de Barretos ter\u00e1 show de Z\u00e9 Neto &amp; Cristiano A dupla Z\u00e9 Neto &amp; Cristiano, uma das mais aclamadas e ouvidas do&#8230;<\/p>\n","protected":false},"author":1,"featured_media":45215,"comment_status":"open","ping_status":"open","sticky":false,"template":"","format":"standard","meta":{"advanced_seo_description":"","jetpack_seo_html_title":"","jetpack_seo_noindex":false,"jetpack_post_was_ever_published":false,"_jetpack_newsletter_access":"","_jetpack_dont_email_post_to_subs":false,"_jetpack_newsletter_tier_id":0,"_jetpack_memberships_contains_paywalled_content":false,"_jetpack_memberships_contains_paid_content":false,"footnotes":"","jetpack_publicize_message":"","jetpack_publicize_feature_enabled":true,"jetpack_social_post_already_shared":true,"jetpack_social_options":{"image_generator_settings":{"template":"highway","default_image_id":0,"font":"","enabled":false},"version":2}},"categories":[11],"tags":[3023,5416,2017,1500,3641,360,679,1970],"class_list":["post-45214","post","type-post","status-publish","format-standard","has-post-thumbnail","hentry","category-noticias-de-ribeirao-preto-sp-e-regiao-ismael-colosi","tag-barretos","tag-cristiano","tag-festa","tag-neto","tag-peao","tag-show","tag-tera","tag-ze"],"jetpack_publicize_connections":[],"jetpack_featured_media_url":"https:\/\/i0.wp.com\/noticiasribeiraopreto.com.br\/wp-content\/uploads\/2024\/04\/78896df7ff9867b582066d0c653570be.jpeg?fit=2048%2C1365&ssl=1","jetpack-related-posts":[{"id":57095,"url":"https:\/\/noticiasribeiraopreto.com.br\/index.php\/2024\/08\/22\/ze-neto-e-cristiano-cancelam-show-na-festa-do-peao-de-barretos-veja-o-motivo\/","url_meta":{"origin":45214,"position":0},"title":"Z\u00e9 Neto e Cristiano cancelam show na Festa do Pe\u00e3o de Barretos; Veja o motivo","author":"noticiasribeiraopreto.com.br","date":"22 de August de 2024","format":false,"excerpt":"\u201d target=\u201d_blank\u201d rel=\u201dnoreferrer noopener\u201d>redes sociais, a justificativa da suspens\u00e3o dos shows \u00e9 um tratamento para depress\u00e3o e s\u00edndrome aguda do p\u00e2nico de Z\u00e9 Neto. Agradecemos o carinho e a compreens\u00e3o de todos. Como voc\u00eas, estamos todos em ora\u00e7\u00e3o para a plena recupera\u00e7\u00e3o do nosso Z\u00e9 Netodiz o comunicado Quem vai\u2026","rel":"","context":"In &quot;Not\u00edcias de Ribeir\u00e3o Preto-SP e Regi\u00e3o&quot;","block_context":{"text":"Not\u00edcias de Ribeir\u00e3o Preto-SP e Regi\u00e3o","link":"https:\/\/noticiasribeiraopreto.com.br\/index.php\/category\/noticias-de-ribeirao-preto-sp-e-regiao-ismael-colosi\/"},"img":{"alt_text":"","src":"https:\/\/i0.wp.com\/noticiasribeiraopreto.com.br\/wp-content\/uploads\/2024\/06\/Copia-de-Copia-de-TAMANHO-EXATO-PARA-FOTOS-NO-SISTEMA-NOVO-10_2024-06-05_18-20-37_jpg_2024-06-05_18-20-37.webp.webp?fit=1200%2C675&ssl=1&resize=350%2C200","width":350,"height":200,"srcset":"https:\/\/i0.wp.com\/noticiasribeiraopreto.com.br\/wp-content\/uploads\/2024\/06\/Copia-de-Copia-de-TAMANHO-EXATO-PARA-FOTOS-NO-SISTEMA-NOVO-10_2024-06-05_18-20-37_jpg_2024-06-05_18-20-37.webp.webp?fit=1200%2C675&ssl=1&resize=350%2C200 1x, https:\/\/i0.wp.com\/noticiasribeiraopreto.com.br\/wp-content\/uploads\/2024\/06\/Copia-de-Copia-de-TAMANHO-EXATO-PARA-FOTOS-NO-SISTEMA-NOVO-10_2024-06-05_18-20-37_jpg_2024-06-05_18-20-37.webp.webp?fit=1200%2C675&ssl=1&resize=525%2C300 1.5x, https:\/\/i0.wp.com\/noticiasribeiraopreto.com.br\/wp-content\/uploads\/2024\/06\/Copia-de-Copia-de-TAMANHO-EXATO-PARA-FOTOS-NO-SISTEMA-NOVO-10_2024-06-05_18-20-37_jpg_2024-06-05_18-20-37.webp.webp?fit=1200%2C675&ssl=1&resize=700%2C400 2x, https:\/\/i0.wp.com\/noticiasribeiraopreto.com.br\/wp-content\/uploads\/2024\/06\/Copia-de-Copia-de-TAMANHO-EXATO-PARA-FOTOS-NO-SISTEMA-NOVO-10_2024-06-05_18-20-37_jpg_2024-06-05_18-20-37.webp.webp?fit=1200%2C675&ssl=1&resize=1050%2C600 3x"},"classes":[]},{"id":76186,"url":"https:\/\/noticiasribeiraopreto.com.br\/index.php\/2025\/08\/24\/terceira-noite-da-festa-do-peao-de-barretos-tem-show-de-drones-com-ana-castela-e-emocao-de-ze-neto\/","url_meta":{"origin":45214,"position":1},"title":"Terceira noite da Festa do Pe\u00e3o de Barretos tem show de drones com Ana Castela e emo\u00e7\u00e3o de Z\u00e9 Neto","author":"noticiasribeiraopreto.com.br","date":"24 de August de 2025","format":false,"excerpt":"A terceira noite de shows na 70\u00aa Festa do Pe\u00e3o de Barretos, neste s\u00e1bado (23) foi de muitos pontos altos. O Palco Est\u00e1dio, principal da festa, recebeu Ana Castela, Z\u00e9 Neto & Cristiano e Nattan. Ana Castela A primeira a se apresentar foi Ana Castela, que se credenciou para ser\u2026","rel":"","context":"In &quot;Not\u00edcias de Ribeir\u00e3o Preto-SP e Regi\u00e3o&quot;","block_context":{"text":"Not\u00edcias de Ribeir\u00e3o Preto-SP e Regi\u00e3o","link":"https:\/\/noticiasribeiraopreto.com.br\/index.php\/category\/noticias-de-ribeirao-preto-sp-e-regiao-ismael-colosi\/"},"img":{"alt_text":"","src":"https:\/\/i0.wp.com\/noticiasribeiraopreto.com.br\/wp-content\/uploads\/2025\/08\/68a8870073d2d.webp.webp?fit=1200%2C799&ssl=1&resize=350%2C200","width":350,"height":200,"srcset":"https:\/\/i0.wp.com\/noticiasribeiraopreto.com.br\/wp-content\/uploads\/2025\/08\/68a8870073d2d.webp.webp?fit=1200%2C799&ssl=1&resize=350%2C200 1x, https:\/\/i0.wp.com\/noticiasribeiraopreto.com.br\/wp-content\/uploads\/2025\/08\/68a8870073d2d.webp.webp?fit=1200%2C799&ssl=1&resize=525%2C300 1.5x, https:\/\/i0.wp.com\/noticiasribeiraopreto.com.br\/wp-content\/uploads\/2025\/08\/68a8870073d2d.webp.webp?fit=1200%2C799&ssl=1&resize=700%2C400 2x, https:\/\/i0.wp.com\/noticiasribeiraopreto.com.br\/wp-content\/uploads\/2025\/08\/68a8870073d2d.webp.webp?fit=1200%2C799&ssl=1&resize=1050%2C600 3x"},"classes":[]},{"id":46085,"url":"https:\/\/noticiasribeiraopreto.com.br\/index.php\/2024\/04\/09\/festa-do-peao-de-barretos-confirma-show-de-edson-hudson\/","url_meta":{"origin":45214,"position":2},"title":"Festa do Pe\u00e3o de Barretos confirma show de Edson &#038; Hudson","author":"noticiasribeiraopreto.com.br","date":"9 de April de 2024","format":false,"excerpt":"Festa do Pe\u00e3o de Barretos confirma show de Edson & HudsonDupla com mais de tr\u00eas d\u00e9cadas de hist\u00f3ria apresentar\u00e1 seus maiores sucessos no dia 18 de agosto, domingo. A Festa acontece de 15 a 25 de agosto, no Parque do Pe\u00e3o, e ingressos j\u00e1 est\u00e3o \u00e0 venda. A 69\u00aa Festa\u2026","rel":"","context":"In &quot;Not\u00edcias de Ribeir\u00e3o Preto-SP e Regi\u00e3o&quot;","block_context":{"text":"Not\u00edcias de Ribeir\u00e3o Preto-SP e Regi\u00e3o","link":"https:\/\/noticiasribeiraopreto.com.br\/index.php\/category\/noticias-de-ribeirao-preto-sp-e-regiao-ismael-colosi\/"},"img":{"alt_text":"","src":"https:\/\/i0.wp.com\/noticiasribeiraopreto.com.br\/wp-content\/uploads\/2024\/04\/85f68e21cdfeac1b8cca92eadc410ba7-1.jpeg?fit=1200%2C645&ssl=1&resize=350%2C200","width":350,"height":200,"srcset":"https:\/\/i0.wp.com\/noticiasribeiraopreto.com.br\/wp-content\/uploads\/2024\/04\/85f68e21cdfeac1b8cca92eadc410ba7-1.jpeg?fit=1200%2C645&ssl=1&resize=350%2C200 1x, https:\/\/i0.wp.com\/noticiasribeiraopreto.com.br\/wp-content\/uploads\/2024\/04\/85f68e21cdfeac1b8cca92eadc410ba7-1.jpeg?fit=1200%2C645&ssl=1&resize=525%2C300 1.5x, https:\/\/i0.wp.com\/noticiasribeiraopreto.com.br\/wp-content\/uploads\/2024\/04\/85f68e21cdfeac1b8cca92eadc410ba7-1.jpeg?fit=1200%2C645&ssl=1&resize=700%2C400 2x, https:\/\/i0.wp.com\/noticiasribeiraopreto.com.br\/wp-content\/uploads\/2024\/04\/85f68e21cdfeac1b8cca92eadc410ba7-1.jpeg?fit=1200%2C645&ssl=1&resize=1050%2C600 3x"},"classes":[]},{"id":45169,"url":"https:\/\/noticiasribeiraopreto.com.br\/index.php\/2024\/04\/02\/ze-neto-veja-mais-shows\/","url_meta":{"origin":45214,"position":3},"title":"Z\u00e9 Neto &#038; Cristiano confirmados na Festa do Pe\u00e3o de Barretos; Veja mais shows","author":"noticiasribeiraopreto.com.br","date":"2 de April de 2024","format":false,"excerpt":"A dupla sertaneja Z\u00e9 Neto & Cristiano est\u00e1 confirmada na Festa do Pe\u00e3o de Barretos, que acontece de 15 a 25 de agosto. Os cantores, foram anunciados pela organiza\u00e7\u00e3o do evento na tarde desta ter\u00e7a-feira (2), e se apresentam no dia 23 de agosto (veja abaixo). Al\u00e9m de Z\u00e9 Neto\u2026","rel":"","context":"In &quot;Not\u00edcias de Ribeir\u00e3o Preto-SP e Regi\u00e3o&quot;","block_context":{"text":"Not\u00edcias de Ribeir\u00e3o Preto-SP e Regi\u00e3o","link":"https:\/\/noticiasribeiraopreto.com.br\/index.php\/category\/noticias-de-ribeirao-preto-sp-e-regiao-ismael-colosi\/"},"img":{"alt_text":"","src":"https:\/\/i0.wp.com\/noticiasribeiraopreto.com.br\/wp-content\/uploads\/2024\/04\/Copia-de-Copia-de-TAMANHO-EXATO-PARA-FOTOS-NO-SISTEMA-NOVO-19.jpg?fit=1200%2C675&ssl=1&resize=350%2C200","width":350,"height":200,"srcset":"https:\/\/i0.wp.com\/noticiasribeiraopreto.com.br\/wp-content\/uploads\/2024\/04\/Copia-de-Copia-de-TAMANHO-EXATO-PARA-FOTOS-NO-SISTEMA-NOVO-19.jpg?fit=1200%2C675&ssl=1&resize=350%2C200 1x, https:\/\/i0.wp.com\/noticiasribeiraopreto.com.br\/wp-content\/uploads\/2024\/04\/Copia-de-Copia-de-TAMANHO-EXATO-PARA-FOTOS-NO-SISTEMA-NOVO-19.jpg?fit=1200%2C675&ssl=1&resize=525%2C300 1.5x, https:\/\/i0.wp.com\/noticiasribeiraopreto.com.br\/wp-content\/uploads\/2024\/04\/Copia-de-Copia-de-TAMANHO-EXATO-PARA-FOTOS-NO-SISTEMA-NOVO-19.jpg?fit=1200%2C675&ssl=1&resize=700%2C400 2x, https:\/\/i0.wp.com\/noticiasribeiraopreto.com.br\/wp-content\/uploads\/2024\/04\/Copia-de-Copia-de-TAMANHO-EXATO-PARA-FOTOS-NO-SISTEMA-NOVO-19.jpg?fit=1200%2C675&ssl=1&resize=1050%2C600 3x"},"classes":[]},{"id":45492,"url":"https:\/\/noticiasribeiraopreto.com.br\/index.php\/2024\/04\/04\/show-de-daniel-e-confirmado-na-festa-do-peao-de-barretos\/","url_meta":{"origin":45214,"position":4},"title":"Show de Daniel \u00e9 confirmado na Festa do Pe\u00e3o de Barretos","author":"noticiasribeiraopreto.com.br","date":"4 de April de 2024","format":false,"excerpt":"Show de Daniel \u00e9 confirmado na Festa do Pe\u00e3o de BarretosArtista com 40 anos de carreira, integra a grade musical de 22 de agosto. No mesmo dia, evento tamb\u00e9m ter\u00e1 shows de Matogrosso & Mathias, Victor & L\u00e9o e Pedro Paulo & Alex. Festa acontece de 15 a 25 de\u2026","rel":"","context":"In &quot;Not\u00edcias de Ribeir\u00e3o Preto-SP e Regi\u00e3o&quot;","block_context":{"text":"Not\u00edcias de Ribeir\u00e3o Preto-SP e Regi\u00e3o","link":"https:\/\/noticiasribeiraopreto.com.br\/index.php\/category\/noticias-de-ribeirao-preto-sp-e-regiao-ismael-colosi\/"},"img":{"alt_text":"","src":"https:\/\/i0.wp.com\/noticiasribeiraopreto.com.br\/wp-content\/uploads\/2024\/04\/Cantor-Daniel-celebra-40-anos-de-carreira-com-show-inedito.webp.webp?fit=1200%2C856&ssl=1&resize=350%2C200","width":350,"height":200,"srcset":"https:\/\/i0.wp.com\/noticiasribeiraopreto.com.br\/wp-content\/uploads\/2024\/04\/Cantor-Daniel-celebra-40-anos-de-carreira-com-show-inedito.webp.webp?fit=1200%2C856&ssl=1&resize=350%2C200 1x, https:\/\/i0.wp.com\/noticiasribeiraopreto.com.br\/wp-content\/uploads\/2024\/04\/Cantor-Daniel-celebra-40-anos-de-carreira-com-show-inedito.webp.webp?fit=1200%2C856&ssl=1&resize=525%2C300 1.5x, https:\/\/i0.wp.com\/noticiasribeiraopreto.com.br\/wp-content\/uploads\/2024\/04\/Cantor-Daniel-celebra-40-anos-de-carreira-com-show-inedito.webp.webp?fit=1200%2C856&ssl=1&resize=700%2C400 2x, https:\/\/i0.wp.com\/noticiasribeiraopreto.com.br\/wp-content\/uploads\/2024\/04\/Cantor-Daniel-celebra-40-anos-de-carreira-com-show-inedito.webp.webp?fit=1200%2C856&ssl=1&resize=1050%2C600 3x"},"classes":[]},{"id":76180,"url":"https:\/\/noticiasribeiraopreto.com.br\/index.php\/2025\/08\/23\/festa-do-peao-de-barretos-2025-veja-horario-dos-shows-deste-sabado\/","url_meta":{"origin":45214,"position":5},"title":"Festa do Pe\u00e3o de Barretos 2025: Veja hor\u00e1rio dos shows deste s\u00e1bado","author":"noticiasribeiraopreto.com.br","date":"23 de August de 2025","format":false,"excerpt":"A Festa do Pe\u00e3o de Barretos continua neste s\u00e1bado (23) com grandes nomes da m\u00fasica sertaneja. O Palco Est\u00e1dio ser\u00e1 palco para Ana Castela, Z\u00e9 Neto & Cristiano com participa\u00e7\u00e3o especial de Diego & Arnaldo, e Nattan. A programa\u00e7\u00e3o tamb\u00e9m inclui os sucessos de Guilherme & Benuto, Maria Cec\u00edlia &\u2026","rel":"","context":"In &quot;Not\u00edcias de Ribeir\u00e3o Preto-SP e Regi\u00e3o&quot;","block_context":{"text":"Not\u00edcias de Ribeir\u00e3o Preto-SP e Regi\u00e3o","link":"https:\/\/noticiasribeiraopreto.com.br\/index.php\/category\/noticias-de-ribeirao-preto-sp-e-regiao-ismael-colosi\/"},"img":{"alt_text":"","src":"https:\/\/i0.wp.com\/noticiasribeiraopreto.com.br\/wp-content\/uploads\/2025\/08\/68aa1bce10d9f.webp.webp?fit=1200%2C799&ssl=1&resize=350%2C200","width":350,"height":200,"srcset":"https:\/\/i0.wp.com\/noticiasribeiraopreto.com.br\/wp-content\/uploads\/2025\/08\/68aa1bce10d9f.webp.webp?fit=1200%2C799&ssl=1&resize=350%2C200 1x, https:\/\/i0.wp.com\/noticiasribeiraopreto.com.br\/wp-content\/uploads\/2025\/08\/68aa1bce10d9f.webp.webp?fit=1200%2C799&ssl=1&resize=525%2C300 1.5x, https:\/\/i0.wp.com\/noticiasribeiraopreto.com.br\/wp-content\/uploads\/2025\/08\/68aa1bce10d9f.webp.webp?fit=1200%2C799&ssl=1&resize=700%2C400 2x, https:\/\/i0.wp.com\/noticiasribeiraopreto.com.br\/wp-content\/uploads\/2025\/08\/68aa1bce10d9f.webp.webp?fit=1200%2C799&ssl=1&resize=1050%2C600 3x"},"classes":[]}],"jetpack_sharing_enabled":true,"jetpack_shortlink":"https:\/\/wp.me\/peQAOb-bLg","_links":{"self":[{"href":"https:\/\/noticiasribeiraopreto.com.br\/index.php\/wp-json\/wp\/v2\/posts\/45214","targetHints":{"allow":["GET"]}}],"collection":[{"href":"https:\/\/noticiasribeiraopreto.com.br\/index.php\/wp-json\/wp\/v2\/posts"}],"about":[{"href":"https:\/\/noticiasribeiraopreto.com.br\/index.php\/wp-json\/wp\/v2\/types\/post"}],"author":[{"embeddable":true,"href":"https:\/\/noticiasribeiraopreto.com.br\/index.php\/wp-json\/wp\/v2\/users\/1"}],"replies":[{"embeddable":true,"href":"https:\/\/noticiasribeiraopreto.com.br\/index.php\/wp-json\/wp\/v2\/comments?post=45214"}],"version-history":[{"count":0,"href":"https:\/\/noticiasribeiraopreto.com.br\/index.php\/wp-json\/wp\/v2\/posts\/45214\/revisions"}],"wp:featuredmedia":[{"embeddable":true,"href":"https:\/\/noticiasribeiraopreto.com.br\/index.php\/wp-json\/wp\/v2\/media\/45215"}],"wp:attachment":[{"href":"https:\/\/noticiasribeiraopreto.com.br\/index.php\/wp-json\/wp\/v2\/media?parent=45214"}],"wp:term":[{"taxonomy":"category","embeddable":true,"href":"https:\/\/noticiasribeiraopreto.com.br\/index.php\/wp-json\/wp\/v2\/categories?post=45214"},{"taxonomy":"post_tag","embeddable":true,"href":"https:\/\/noticiasribeiraopreto.com.br\/index.php\/wp-json\/wp\/v2\/tags?post=45214"}],"curies":[{"name":"wp","href":"https:\/\/api.w.org\/{rel}","templated":true}]}}