{"id":45263,"date":"2024-04-03T12:34:28","date_gmt":"2024-04-03T15:34:28","guid":{"rendered":"https:\/\/noticiasribeiraopreto.com.br\/index.php\/2024\/04\/03\/passageiros-enfrentam-pane-para-recarga-do-cartao-do-onibus-em-ribeirao-preto\/"},"modified":"2024-04-03T12:34:28","modified_gmt":"2024-04-03T15:34:28","slug":"passageiros-enfrentam-pane-para-recarga-do-cartao-do-onibus-em-ribeirao-preto","status":"publish","type":"post","link":"https:\/\/noticiasribeiraopreto.com.br\/index.php\/2024\/04\/03\/passageiros-enfrentam-pane-para-recarga-do-cartao-do-onibus-em-ribeirao-preto\/","title":{"rendered":"Passageiros enfrentam pane para recarga do cart\u00e3o do \u00f4nibus em Ribeir\u00e3o Preto"},"content":{"rendered":"<div class='code-block code-block-1' style='margin: 8px 0 8px auto; text-align: right; display: block; clear: both;'>\n<p><a href=\"https:\/\/wa.link\/vpicfd\"><img data-recalc-dims=\"1\" class=\"wp-image-4922\" style=\"aspect-ratio: 2.0253164556962027; width: 561px; height: auto;\" src=\"https:\/\/i0.wp.com\/ismaelcolosi.com.br\/wp-content\/uploads\/2023\/11\/grupo-de-empregos-whatsapp-e-facebook-ismael-colosi-vagas.jpg?ssl=1\" alt=\"\" \/><\/a><\/p>\n<!-- \/wp:image -->\n<\/div>\n<p> <br \/>\n<\/p>\n<div>\n<p>Os passageiros do transporte coletivo de <strong>Ribeir\u00e3o Preto <\/strong>est\u00e3o com dificuldades para fazer a<strong> recarga do cart\u00e3o do \u00f4nibus.<\/strong> Os usu\u00e1rios relatam que desde segunda est\u00e3o com dificuldades de fazer a recarga por conta da pane no sistema, que teria se agravado nesta quarta-feira (3).<\/p>\n<p>O problema foi registrado no posto de recarga da Pr\u00f3Urbano, na rua Tibiri\u00e7\u00e1, na pra\u00e7a da Bandeira, no Centro, e no Terminal de \u00d4nibus do Ribeir\u00e3o Shopping, na zona Sul. <mark style=\"background-color:#fcb900\" class=\"has-inline-color has-black-color\">Os passageiros podem comprar a passagem no cart\u00e3o avulso, que n\u00e3o tem integra\u00e7\u00e3o, e custa R$ 7.<\/mark><\/p>\n<p>\u201cEst\u00e1 chegando gente aqui toda hora. N\u00e3o tem como ir embora. Chega aqui e n\u00e3o funciona\u201d, disse a operadora de caixa Luzia Rita Goulart Mariano, em entrevista \u00e0 <strong>EPTV<\/strong>. A passageira conta que ter\u00e1 que ir trabalhar a p\u00e9.<\/p>\n<p>\u201cAgora fica um pouco complicado, porque eu tenho compromisso e tenho que carregar o meu cart\u00e3o. Vou passar em outros lugares, se n\u00e3o recarregar vou ter que ir no [transporte por] aplicativo, que \u00e9 bem mais caro que a carteirinha\u201d, relata a estudante Giovana Magiori.<\/p>\n<h4 class=\"wp-block-heading\"><strong>Outro lado<\/strong><\/h4>\n<p>Em nota, o <strong>Pr\u00f3Urbano<\/strong> disse que a pane \u00e9 resultado de uma atualiza\u00e7\u00e3o no sistema e t\u00e9cnicos da empresa respons\u00e1vel pela atualiza\u00e7\u00e3o est\u00e3o em reuni\u00e3o com o cons\u00f3rcio para encontrar uma solu\u00e7\u00e3o para o problema.<\/p>\n<p>A <strong>RP Mobi<\/strong>, respons\u00e1vel pela fiscaliza\u00e7\u00e3o, disse que j\u00e1 comunicou o cons\u00f3rcio para que o problema seja resolvido o mais r\u00e1pido poss\u00edvel (com informa\u00e7\u00f5es EPTV).<\/p>\n<p>SAIBA MAIS<br \/>Ribeir\u00e3o Preto tem 680 vagas gratuitas para cursos t\u00e9cnicos; Veja como se inscrever<\/p>\n<h4 class=\"wp-block-heading\"><strong>FIQUE ON<\/strong><\/h4>\n<p>Fique ligado em tudo que acontece em Ribeir\u00e3o Preto e regi\u00e3o. Siga os perfis do <strong>acidade on <\/strong>no <a href=\"https:\/\/www.instagram.com\/acidadeonribeirao\" target=\"_blank\" rel=\"noreferrer noopener nofollow\">Instagram<\/a> e no <a href=\"https:\/\/www.facebook.com\/acidadeonribeirao\" target=\"_blank\" rel=\"noreferrer noopener nofollow\">Facebook<\/a>.<\/p>\n<p>Receba not\u00edcias do<strong> acidade on<\/strong> no WhatsApp. <a href=\"https:\/\/chat.whatsapp.com\/GFH9HUMUTHNFJdnyEd0xxq\" target=\"_blank\" rel=\"noreferrer noopener nofollow\">Para entrar no grupo, basta clicar aqui.<\/a><\/p>\n<p>Fa\u00e7a uma den\u00fancia ou sugira uma reportagem sobre Ribeir\u00e3o Preto e regi\u00e3o pelo WhatsApp: 16 99117 7802.<\/p>\n<p>VEJA TAMB\u00c9M<br \/>Pitel chora ao reencontrar Rodriguinho; veja o v\u00eddeo<\/p>\n<p><!-- AI CONTENT END 1 -->\n<\/div>\n<p><script async src=\"\/\/www.instagram.com\/embed.js\"><\/script><br \/>\n<br \/><br \/>\n<br \/><a href=\"https:\/\/www.acidadeon.com\/ribeiraopreto\/cotidiano\/passageiros-enfrentam-pane-para-recarga-do-cartao-do-onibus-em-ribeirao-preto\/\">Source link <\/a><\/p>\n<!-- CONTENT END 1 -->\n","protected":false},"excerpt":{"rendered":"<p>Os passageiros do transporte coletivo de Ribeir\u00e3o Preto est\u00e3o com dificuldades para fazer a recarga do cart\u00e3o do \u00f4nibus. Os usu\u00e1rios relatam que desde segunda&#8230;<\/p>\n","protected":false},"author":1,"featured_media":45264,"comment_status":"open","ping_status":"open","sticky":false,"template":"","format":"standard","meta":{"advanced_seo_description":"","jetpack_seo_html_title":"","jetpack_seo_noindex":false,"jetpack_post_was_ever_published":false,"_jetpack_newsletter_access":"","_jetpack_dont_email_post_to_subs":false,"_jetpack_newsletter_tier_id":0,"_jetpack_memberships_contains_paywalled_content":false,"_jetpack_memberships_contains_paid_content":false,"footnotes":"","jetpack_publicize_message":"","jetpack_publicize_feature_enabled":true,"jetpack_social_post_already_shared":true,"jetpack_social_options":{"image_generator_settings":{"template":"highway","default_image_id":0,"font":"","enabled":false},"version":2}},"categories":[11],"tags":[],"class_list":["post-45263","post","type-post","status-publish","format-standard","has-post-thumbnail","hentry","category-noticias-de-ribeirao-preto-sp-e-regiao-ismael-colosi"],"jetpack_publicize_connections":[],"jetpack_featured_media_url":"https:\/\/i0.wp.com\/noticiasribeiraopreto.com.br\/wp-content\/uploads\/2024\/04\/novos-onibus-ribeirao-preto.jpg?fit=1620%2C1080&ssl=1","jetpack-related-posts":[{"id":58079,"url":"https:\/\/noticiasribeiraopreto.com.br\/index.php\/2024\/09\/18\/saiba-como-recarregar-o-cartao-do-onibus-pelo-whatsapp-em-ribeirao-preto\/","url_meta":{"origin":45263,"position":0},"title":"Saiba como recarregar o cart\u00e3o do \u00f4nibus pelo WhatsApp em Ribeir\u00e3o Preto","author":"noticiasribeiraopreto.com.br","date":"18 de September de 2024","format":false,"excerpt":"O Cons\u00f3rcio Pr\u00f3Urbano disponibiliza aos usu\u00e1rios do transporte p\u00fablico em Ribeir\u00e3o Preto a compra de cr\u00e9ditos dos cart\u00f5es Nosso por meio do WhatsApp. Segundo a empresa, os cr\u00e9ditos ficam dispon\u00edveis no validador do \u00f4nibus em at\u00e9 30 minutos. Como fazer? O usu\u00e1rio deve salvar o n\u00famero (16) 99648-5914 na agenda\u2026","rel":"","context":"In &quot;Not\u00edcias de Ribeir\u00e3o Preto-SP e Regi\u00e3o&quot;","block_context":{"text":"Not\u00edcias de Ribeir\u00e3o Preto-SP e Regi\u00e3o","link":"https:\/\/noticiasribeiraopreto.com.br\/index.php\/category\/noticias-de-ribeirao-preto-sp-e-regiao-ismael-colosi\/"},"img":{"alt_text":"","src":"https:\/\/i0.wp.com\/noticiasribeiraopreto.com.br\/wp-content\/uploads\/2024\/05\/Copia-de-Copia-de-TAMANHO-EXATO-PARA-FOTOS-NO-SISTEMA-NOVO-35_2024-05-23_16-30-22_jpg_2024-05-23_16-30-22.webp.webp?fit=1200%2C675&ssl=1&resize=350%2C200","width":350,"height":200,"srcset":"https:\/\/i0.wp.com\/noticiasribeiraopreto.com.br\/wp-content\/uploads\/2024\/05\/Copia-de-Copia-de-TAMANHO-EXATO-PARA-FOTOS-NO-SISTEMA-NOVO-35_2024-05-23_16-30-22_jpg_2024-05-23_16-30-22.webp.webp?fit=1200%2C675&ssl=1&resize=350%2C200 1x, https:\/\/i0.wp.com\/noticiasribeiraopreto.com.br\/wp-content\/uploads\/2024\/05\/Copia-de-Copia-de-TAMANHO-EXATO-PARA-FOTOS-NO-SISTEMA-NOVO-35_2024-05-23_16-30-22_jpg_2024-05-23_16-30-22.webp.webp?fit=1200%2C675&ssl=1&resize=525%2C300 1.5x, https:\/\/i0.wp.com\/noticiasribeiraopreto.com.br\/wp-content\/uploads\/2024\/05\/Copia-de-Copia-de-TAMANHO-EXATO-PARA-FOTOS-NO-SISTEMA-NOVO-35_2024-05-23_16-30-22_jpg_2024-05-23_16-30-22.webp.webp?fit=1200%2C675&ssl=1&resize=700%2C400 2x, https:\/\/i0.wp.com\/noticiasribeiraopreto.com.br\/wp-content\/uploads\/2024\/05\/Copia-de-Copia-de-TAMANHO-EXATO-PARA-FOTOS-NO-SISTEMA-NOVO-35_2024-05-23_16-30-22_jpg_2024-05-23_16-30-22.webp.webp?fit=1200%2C675&ssl=1&resize=1050%2C600 3x"},"classes":[]},{"id":79574,"url":"https:\/\/noticiasribeiraopreto.com.br\/index.php\/2025\/11\/04\/onibus-tem-pane-no-freio-e-atinge-placa-de-sinalizacao-na-anhanguera-em-ribeirao-preto\/","url_meta":{"origin":45263,"position":1},"title":"\u00d4nibus tem pane no freio e atinge placa de sinaliza\u00e7\u00e3o na Anhanguera em Ribeir\u00e3o Preto","author":"noticiasribeiraopreto.com.br","date":"4 de November de 2025","format":false,"excerpt":"Um \u00f4nibus intermunicipal atingiu uma placa de sinaliza\u00e7\u00e3o na manh\u00e3 desta ter\u00e7a-feira (4), no km 303 pela pista sul da rodovia Anhanguera (SP-330), em Ribeir\u00e3o Preto. Segundo a concession\u00e1ria ViaPaulista, os 23 ocupantes sa\u00edram ilesos do ve\u00edculo. A Artesp (Ag\u00eancia Reguladora de Transporte do Estado de S\u00e3o Paulo) informou que\u2026","rel":"","context":"In &quot;Not\u00edcias de Ribeir\u00e3o Preto-SP e Regi\u00e3o&quot;","block_context":{"text":"Not\u00edcias de Ribeir\u00e3o Preto-SP e Regi\u00e3o","link":"https:\/\/noticiasribeiraopreto.com.br\/index.php\/category\/noticias-de-ribeirao-preto-sp-e-regiao-ismael-colosi\/"},"img":{"alt_text":"","src":"https:\/\/i0.wp.com\/noticiasribeiraopreto.com.br\/wp-content\/uploads\/2025\/11\/WhatsApp-Image-2025-11-04-at-08.44.15_2025-11-04_12-17-42.webp.webp?fit=1072%2C576&ssl=1&resize=350%2C200","width":350,"height":200,"srcset":"https:\/\/i0.wp.com\/noticiasribeiraopreto.com.br\/wp-content\/uploads\/2025\/11\/WhatsApp-Image-2025-11-04-at-08.44.15_2025-11-04_12-17-42.webp.webp?fit=1072%2C576&ssl=1&resize=350%2C200 1x, https:\/\/i0.wp.com\/noticiasribeiraopreto.com.br\/wp-content\/uploads\/2025\/11\/WhatsApp-Image-2025-11-04-at-08.44.15_2025-11-04_12-17-42.webp.webp?fit=1072%2C576&ssl=1&resize=525%2C300 1.5x, https:\/\/i0.wp.com\/noticiasribeiraopreto.com.br\/wp-content\/uploads\/2025\/11\/WhatsApp-Image-2025-11-04-at-08.44.15_2025-11-04_12-17-42.webp.webp?fit=1072%2C576&ssl=1&resize=700%2C400 2x, https:\/\/i0.wp.com\/noticiasribeiraopreto.com.br\/wp-content\/uploads\/2025\/11\/WhatsApp-Image-2025-11-04-at-08.44.15_2025-11-04_12-17-42.webp.webp?fit=1072%2C576&ssl=1&resize=1050%2C600 3x"},"classes":[]},{"id":52560,"url":"https:\/\/noticiasribeiraopreto.com.br\/index.php\/2024\/06\/09\/entenda-como-funciona-as-novas-formas-para-pagamento-do-transporte-publico-em-ribeirao\/","url_meta":{"origin":45263,"position":2},"title":"Entenda como funciona as novas formas para pagamento do transporte p\u00fablico em Ribeir\u00e3o","author":"noticiasribeiraopreto.com.br","date":"9 de June de 2024","format":false,"excerpt":"A Prefeitura de Ribeir\u00e3o Preto anunciou, no final da semana passada, novas formas de pagamento no sistema de bilhetagem dos \u00f4nibus urbanos do munic\u00edpio. O comunicado foi realizado por meio da RP Mobi e do cons\u00f3rcio Pr\u00f3Urbano. Agora, de acordo com a Administra\u00e7\u00e3o, os passageiros poder\u00e3o embarcar utilizando cart\u00f5es de\u2026","rel":"","context":"In &quot;Not\u00edcias de Ribeir\u00e3o Preto-SP e Regi\u00e3o&quot;","block_context":{"text":"Not\u00edcias de Ribeir\u00e3o Preto-SP e Regi\u00e3o","link":"https:\/\/noticiasribeiraopreto.com.br\/index.php\/category\/noticias-de-ribeirao-preto-sp-e-regiao-ismael-colosi\/"},"img":{"alt_text":"","src":"https:\/\/i0.wp.com\/noticiasribeiraopreto.com.br\/wp-content\/uploads\/2024\/05\/Copia-de-Copia-de-TAMANHO-EXATO-PARA-FOTOS-NO-SISTEMA-NOVO-35_2024-05-23_16-30-22_jpg_2024-05-23_16-30-22.webp.webp?fit=1200%2C675&ssl=1&resize=350%2C200","width":350,"height":200,"srcset":"https:\/\/i0.wp.com\/noticiasribeiraopreto.com.br\/wp-content\/uploads\/2024\/05\/Copia-de-Copia-de-TAMANHO-EXATO-PARA-FOTOS-NO-SISTEMA-NOVO-35_2024-05-23_16-30-22_jpg_2024-05-23_16-30-22.webp.webp?fit=1200%2C675&ssl=1&resize=350%2C200 1x, https:\/\/i0.wp.com\/noticiasribeiraopreto.com.br\/wp-content\/uploads\/2024\/05\/Copia-de-Copia-de-TAMANHO-EXATO-PARA-FOTOS-NO-SISTEMA-NOVO-35_2024-05-23_16-30-22_jpg_2024-05-23_16-30-22.webp.webp?fit=1200%2C675&ssl=1&resize=525%2C300 1.5x, https:\/\/i0.wp.com\/noticiasribeiraopreto.com.br\/wp-content\/uploads\/2024\/05\/Copia-de-Copia-de-TAMANHO-EXATO-PARA-FOTOS-NO-SISTEMA-NOVO-35_2024-05-23_16-30-22_jpg_2024-05-23_16-30-22.webp.webp?fit=1200%2C675&ssl=1&resize=700%2C400 2x, https:\/\/i0.wp.com\/noticiasribeiraopreto.com.br\/wp-content\/uploads\/2024\/05\/Copia-de-Copia-de-TAMANHO-EXATO-PARA-FOTOS-NO-SISTEMA-NOVO-35_2024-05-23_16-30-22_jpg_2024-05-23_16-30-22.webp.webp?fit=1200%2C675&ssl=1&resize=1050%2C600 3x"},"classes":[]},{"id":52478,"url":"https:\/\/noticiasribeiraopreto.com.br\/index.php\/2024\/06\/07\/novos-onibus-de-ribeirao-preto-tem-mudancas-na-forma-de-pagamento-saiba-quais\/","url_meta":{"origin":45263,"position":3},"title":"Novos \u00f4nibus de Ribeir\u00e3o Preto t\u00eam mudan\u00e7as na forma de pagamento; Saiba quais","author":"noticiasribeiraopreto.com.br","date":"7 de June de 2024","format":false,"excerpt":"Os usu\u00e1rios da nova frota de \u00f4nibus do transporte p\u00fablico coletivo de Ribeir\u00e3o Preto, a partir desta sexta-feira (7), podem pagar as viagens com cart\u00f5es de d\u00e9bito ou cr\u00e9dito por aproxima\u00e7\u00e3o. Al\u00e9m dos m\u00e9todos j\u00e1 utilizados pelos passageiros, que s\u00e3o os cart\u00f5es Nosso Cidad\u00e3o e Nosso Expresso. As novas formas\u2026","rel":"","context":"In &quot;Not\u00edcias de Ribeir\u00e3o Preto-SP e Regi\u00e3o&quot;","block_context":{"text":"Not\u00edcias de Ribeir\u00e3o Preto-SP e Regi\u00e3o","link":"https:\/\/noticiasribeiraopreto.com.br\/index.php\/category\/noticias-de-ribeirao-preto-sp-e-regiao-ismael-colosi\/"},"img":{"alt_text":"","src":"https:\/\/i0.wp.com\/noticiasribeiraopreto.com.br\/wp-content\/uploads\/2024\/06\/Copia-de-Copia-de-TAMANHO-EXATO-PARA-FOTOS-NO-SISTEMA-NOVO-18_2024-06-07_21-08-27_jpg_2024-06-07_21-08-27.webp.webp?fit=1200%2C675&ssl=1&resize=350%2C200","width":350,"height":200,"srcset":"https:\/\/i0.wp.com\/noticiasribeiraopreto.com.br\/wp-content\/uploads\/2024\/06\/Copia-de-Copia-de-TAMANHO-EXATO-PARA-FOTOS-NO-SISTEMA-NOVO-18_2024-06-07_21-08-27_jpg_2024-06-07_21-08-27.webp.webp?fit=1200%2C675&ssl=1&resize=350%2C200 1x, https:\/\/i0.wp.com\/noticiasribeiraopreto.com.br\/wp-content\/uploads\/2024\/06\/Copia-de-Copia-de-TAMANHO-EXATO-PARA-FOTOS-NO-SISTEMA-NOVO-18_2024-06-07_21-08-27_jpg_2024-06-07_21-08-27.webp.webp?fit=1200%2C675&ssl=1&resize=525%2C300 1.5x, https:\/\/i0.wp.com\/noticiasribeiraopreto.com.br\/wp-content\/uploads\/2024\/06\/Copia-de-Copia-de-TAMANHO-EXATO-PARA-FOTOS-NO-SISTEMA-NOVO-18_2024-06-07_21-08-27_jpg_2024-06-07_21-08-27.webp.webp?fit=1200%2C675&ssl=1&resize=700%2C400 2x, https:\/\/i0.wp.com\/noticiasribeiraopreto.com.br\/wp-content\/uploads\/2024\/06\/Copia-de-Copia-de-TAMANHO-EXATO-PARA-FOTOS-NO-SISTEMA-NOVO-18_2024-06-07_21-08-27_jpg_2024-06-07_21-08-27.webp.webp?fit=1200%2C675&ssl=1&resize=1050%2C600 3x"},"classes":[]},{"id":70945,"url":"https:\/\/noticiasribeiraopreto.com.br\/index.php\/2025\/05\/31\/falha-em-sistema-gera-fila-para-recarregar-cartao-do-onibus-de-ribeirao-preto\/","url_meta":{"origin":45263,"position":4},"title":"Falha em sistema gera fila para recarregar cart\u00e3o do \u00f4nibus de Ribeir\u00e3o Preto","author":"noticiasribeiraopreto.com.br","date":"31 de May de 2025","format":false,"excerpt":"Passageiros do transporte p\u00fablico de Ribeir\u00e3o Preto precisaram enfrentar filas para recarregar o cart\u00e3o no Posto de Vendas da Pra\u00e7a da Bandeira, localizado no Centro da cidade, neste s\u00e1bado (31). Os equipamentos de autoatendimento da unidade que fica na rua Tibiric\u00e1, 646, est\u00e3o inoperantes, o que aumentou a espera pelo\u2026","rel":"","context":"In &quot;Not\u00edcias de Ribeir\u00e3o Preto-SP e Regi\u00e3o&quot;","block_context":{"text":"Not\u00edcias de Ribeir\u00e3o Preto-SP e Regi\u00e3o","link":"https:\/\/noticiasribeiraopreto.com.br\/index.php\/category\/noticias-de-ribeirao-preto-sp-e-regiao-ismael-colosi\/"},"img":{"alt_text":"","src":"https:\/\/i0.wp.com\/noticiasribeiraopreto.com.br\/wp-content\/uploads\/2025\/05\/WhatsApp-Image-2025-05-31-at-12.41.39-1_2025-05-31_17-21-55.webp.webp?fit=1200%2C541&ssl=1&resize=350%2C200","width":350,"height":200,"srcset":"https:\/\/i0.wp.com\/noticiasribeiraopreto.com.br\/wp-content\/uploads\/2025\/05\/WhatsApp-Image-2025-05-31-at-12.41.39-1_2025-05-31_17-21-55.webp.webp?fit=1200%2C541&ssl=1&resize=350%2C200 1x, https:\/\/i0.wp.com\/noticiasribeiraopreto.com.br\/wp-content\/uploads\/2025\/05\/WhatsApp-Image-2025-05-31-at-12.41.39-1_2025-05-31_17-21-55.webp.webp?fit=1200%2C541&ssl=1&resize=525%2C300 1.5x, https:\/\/i0.wp.com\/noticiasribeiraopreto.com.br\/wp-content\/uploads\/2025\/05\/WhatsApp-Image-2025-05-31-at-12.41.39-1_2025-05-31_17-21-55.webp.webp?fit=1200%2C541&ssl=1&resize=700%2C400 2x, https:\/\/i0.wp.com\/noticiasribeiraopreto.com.br\/wp-content\/uploads\/2025\/05\/WhatsApp-Image-2025-05-31-at-12.41.39-1_2025-05-31_17-21-55.webp.webp?fit=1200%2C541&ssl=1&resize=1050%2C600 3x"},"classes":[]},{"id":76653,"url":"https:\/\/noticiasribeiraopreto.com.br\/index.php\/2025\/09\/02\/ribeirao-preto-recebe-evento-sobre-recarga-de-carros-eletricos-em-condominios\/","url_meta":{"origin":45263,"position":5},"title":"Ribeir\u00e3o Preto recebe evento sobre recarga de carros el\u00e9tricos em condom\u00ednios","author":"noticiasribeiraopreto.com.br","date":"2 de September de 2025","format":false,"excerpt":"A Associa\u00e7\u00e3o Comercial e Industrial de Ribeir\u00e3o Preto (Acirp) promove nesta quarta-feira (3), a partir das 18h30, um evento sobre os desafios da eletromobilidade em condom\u00ednios, com foco em infraestrutura e seguran\u00e7a para instala\u00e7\u00e3o de pontos de recarga de ve\u00edculos el\u00e9tricos em residenciais. A palestra ser\u00e1 conduzida pelo engenheiro civil\u2026","rel":"","context":"In &quot;Not\u00edcias de Ribeir\u00e3o Preto-SP e Regi\u00e3o&quot;","block_context":{"text":"Not\u00edcias de Ribeir\u00e3o Preto-SP e Regi\u00e3o","link":"https:\/\/noticiasribeiraopreto.com.br\/index.php\/category\/noticias-de-ribeirao-preto-sp-e-regiao-ismael-colosi\/"},"img":{"alt_text":"","src":"https:\/\/i0.wp.com\/noticiasribeiraopreto.com.br\/wp-content\/uploads\/2025\/09\/Copia-de-Copia-de-Copia-de-TAMANHO-EXATO-PARA-FOTOS-NO-SISTEMA-NOVO-2025-09-02T194227.096_2025-09-02_22-42-58.webp.webp?fit=1200%2C675&ssl=1&resize=350%2C200","width":350,"height":200,"srcset":"https:\/\/i0.wp.com\/noticiasribeiraopreto.com.br\/wp-content\/uploads\/2025\/09\/Copia-de-Copia-de-Copia-de-TAMANHO-EXATO-PARA-FOTOS-NO-SISTEMA-NOVO-2025-09-02T194227.096_2025-09-02_22-42-58.webp.webp?fit=1200%2C675&ssl=1&resize=350%2C200 1x, https:\/\/i0.wp.com\/noticiasribeiraopreto.com.br\/wp-content\/uploads\/2025\/09\/Copia-de-Copia-de-Copia-de-TAMANHO-EXATO-PARA-FOTOS-NO-SISTEMA-NOVO-2025-09-02T194227.096_2025-09-02_22-42-58.webp.webp?fit=1200%2C675&ssl=1&resize=525%2C300 1.5x, https:\/\/i0.wp.com\/noticiasribeiraopreto.com.br\/wp-content\/uploads\/2025\/09\/Copia-de-Copia-de-Copia-de-TAMANHO-EXATO-PARA-FOTOS-NO-SISTEMA-NOVO-2025-09-02T194227.096_2025-09-02_22-42-58.webp.webp?fit=1200%2C675&ssl=1&resize=700%2C400 2x, https:\/\/i0.wp.com\/noticiasribeiraopreto.com.br\/wp-content\/uploads\/2025\/09\/Copia-de-Copia-de-Copia-de-TAMANHO-EXATO-PARA-FOTOS-NO-SISTEMA-NOVO-2025-09-02T194227.096_2025-09-02_22-42-58.webp.webp?fit=1200%2C675&ssl=1&resize=1050%2C600 3x"},"classes":[]}],"jetpack_sharing_enabled":true,"jetpack_shortlink":"https:\/\/wp.me\/peQAOb-bM3","_links":{"self":[{"href":"https:\/\/noticiasribeiraopreto.com.br\/index.php\/wp-json\/wp\/v2\/posts\/45263","targetHints":{"allow":["GET"]}}],"collection":[{"href":"https:\/\/noticiasribeiraopreto.com.br\/index.php\/wp-json\/wp\/v2\/posts"}],"about":[{"href":"https:\/\/noticiasribeiraopreto.com.br\/index.php\/wp-json\/wp\/v2\/types\/post"}],"author":[{"embeddable":true,"href":"https:\/\/noticiasribeiraopreto.com.br\/index.php\/wp-json\/wp\/v2\/users\/1"}],"replies":[{"embeddable":true,"href":"https:\/\/noticiasribeiraopreto.com.br\/index.php\/wp-json\/wp\/v2\/comments?post=45263"}],"version-history":[{"count":0,"href":"https:\/\/noticiasribeiraopreto.com.br\/index.php\/wp-json\/wp\/v2\/posts\/45263\/revisions"}],"wp:featuredmedia":[{"embeddable":true,"href":"https:\/\/noticiasribeiraopreto.com.br\/index.php\/wp-json\/wp\/v2\/media\/45264"}],"wp:attachment":[{"href":"https:\/\/noticiasribeiraopreto.com.br\/index.php\/wp-json\/wp\/v2\/media?parent=45263"}],"wp:term":[{"taxonomy":"category","embeddable":true,"href":"https:\/\/noticiasribeiraopreto.com.br\/index.php\/wp-json\/wp\/v2\/categories?post=45263"},{"taxonomy":"post_tag","embeddable":true,"href":"https:\/\/noticiasribeiraopreto.com.br\/index.php\/wp-json\/wp\/v2\/tags?post=45263"}],"curies":[{"name":"wp","href":"https:\/\/api.w.org\/{rel}","templated":true}]}}