{"id":45267,"date":"2024-04-03T12:54:58","date_gmt":"2024-04-03T15:54:58","guid":{"rendered":"https:\/\/noticiasribeiraopreto.com.br\/index.php\/2024\/04\/03\/ribeirao-preto-tem-680-vagas-gratuitas-para-cursos-tecnicos-veja-como-se-inscrever\/"},"modified":"2024-04-03T12:54:58","modified_gmt":"2024-04-03T15:54:58","slug":"ribeirao-preto-tem-680-vagas-gratuitas-para-cursos-tecnicos-veja-como-se-inscrever","status":"publish","type":"post","link":"https:\/\/noticiasribeiraopreto.com.br\/index.php\/2024\/04\/03\/ribeirao-preto-tem-680-vagas-gratuitas-para-cursos-tecnicos-veja-como-se-inscrever\/","title":{"rendered":"Ribeir\u00e3o Preto tem 680 vagas gratuitas para cursos t\u00e9cnicos; Veja como se inscrever"},"content":{"rendered":"<div class='code-block code-block-1' style='margin: 8px 0 8px auto; text-align: right; display: block; clear: both;'>\n<p><a href=\"https:\/\/wa.link\/vpicfd\"><img data-recalc-dims=\"1\" class=\"wp-image-4922\" style=\"aspect-ratio: 2.0253164556962027; width: 561px; height: auto;\" src=\"https:\/\/i0.wp.com\/ismaelcolosi.com.br\/wp-content\/uploads\/2023\/11\/grupo-de-empregos-whatsapp-e-facebook-ismael-colosi-vagas.jpg?ssl=1\" alt=\"\" \/><\/a><\/p>\n<!-- \/wp:image -->\n<\/div>\n<p> <br \/>\n<\/p>\n<div>\n<p>As <strong>inscri\u00e7\u00f5es<\/strong> para o <strong>vestibulinho<\/strong> da <strong>Etec Jos\u00e9 Martimiano da Silva<\/strong> em <strong>Ribeir\u00e3o Preto<\/strong>, com <strong>680 vagas<\/strong> dispon\u00edveis, <strong>come\u00e7am<\/strong> nesta <strong>quinta-feira <\/strong>(4) para <strong>cursos t\u00e9cnicos <\/strong>gratuitos com <strong>in\u00edcio<\/strong> no<strong> segundo semestre deste ano<\/strong>. <\/p>\n<p>Os <strong>interessados <\/strong>podem se <strong>inscrever<\/strong> at\u00e9 <strong>\u00e0s 15h do dia 9 de maio<\/strong> pelo <strong><a href=\"https:\/\/etecribeiraopreto.com.br\/\" target=\"_blank\" rel=\"noreferrer noopener nofollow\">site da Etec<\/a><\/strong>. O valor da <strong>taxa<\/strong> \u00e9 de <strong>R$ 40<\/strong>.<\/p>\n<p>Os<strong> cursos oferecidos<\/strong> s\u00e3o: <span style=\"background-color:#f7cc62\" class=\"td_text_highlight_marker\"><mark style=\"background-color:rgba(0, 0, 0, 0)\" class=\"has-inline-color has-black-color\">Administra\u00e7\u00e3o, Mec\u00e2nica, Eletr\u00f4nica, Eletrot\u00e9cnica, Edifica\u00e7\u00f5es, Design de Interiores, Nutri\u00e7\u00e3o &amp; Diet\u00e9tica, Gastronomia, entre outras op\u00e7\u00f5es.<\/mark><\/span><\/p>\n<h4 class=\"wp-block-heading\"><strong>Datas sobre as provas e resultados<\/strong><\/h4>\n<p>No dia <strong>5 de junho<\/strong>, a partir das 15h ser\u00e3o divulgados os <strong>locais de provas<\/strong>, que <strong>acontecem<\/strong> no dia <strong>9<\/strong> <strong>de<\/strong> <strong>junho<\/strong>, a partir das <strong>13h30<\/strong>.<\/p>\n<p>Os<strong> gabaritos <\/strong>oficiais ser\u00e3o divulgados no dia <strong>12 de junho <\/strong>e a <strong>lista de classifica\u00e7\u00e3o geral<\/strong> sair\u00e1 no dia <strong>10 de julho<\/strong>.<\/p>\n<h4 class=\"wp-block-heading\"><strong>Classes Descentralizadas<\/strong><\/h4>\n<p>A Etec Jos\u00e9 Martimiano possui classes descentralizadas em Ribeir\u00e3o Preto e Sert\u00e3ozinho.<\/p>\n<p>Em <strong>Ribeir\u00e3o<\/strong>, na <strong>escola estadual Am\u00e9lia dos Santos Musa <\/strong>com os cursos de Administra\u00e7\u00e3o, Servi\u00e7os Jur\u00eddicos e Desenvolvimento de Sistemas). E, em <strong>Sert\u00e3ozinho<\/strong>, na <strong>escola Winston Churchill<\/strong>, com os cursos de Contabilidade, Finan\u00e7as e Log\u00edstica.<\/p>\n<p>Quem tiver d\u00favidas, a Etec disponibiliza o telefone (16) 3610-8374.<\/p>\n<p>SAIBA MAIS <\/p>\n<p>Propriet\u00e1rios de ve\u00edculos furtados ou roubados receber\u00e3o o IPVA de volta; Veja quando<\/p>\n<h4 class=\"wp-block-heading\"><strong>FIQUE ON<\/strong><\/h4>\n<p>Fique ligado em tudo que acontece em Ribeir\u00e3o Preto e regi\u00e3o. Siga os perfis do\u00a0<strong>acidade on\u00a0<\/strong>no<a href=\"https:\/\/www.instagram.com\/acidadeonribeirao\" target=\"_blank\" rel=\"noreferrer noopener\">\u00a0Instagram<\/a>\u00a0e no\u00a0<a href=\"https:\/\/www.facebook.com\/acidadeonribeirao\" target=\"_blank\" rel=\"noreferrer noopener\">Facebook<\/a>.<\/p>\n<p>Receba not\u00edcias do<strong>\u00a0acidade on<\/strong>\u00a0no WhatsApp.\u00a0<a href=\"https:\/\/chat.whatsapp.com\/GFH9HUMUTHNFJdnyEd0xxq\" target=\"_blank\" rel=\"noreferrer noopener\">Para entrar no grupo, basta clicar aqui.<\/a><\/p>\n<p>Fa\u00e7a uma den\u00fancia ou sugira uma reportagem sobre Ribeir\u00e3o Preto e regi\u00e3o pelo WhatsApp: 16 99117 7802.<\/p>\n<p>VEJA TAMB\u00c9M<\/p>\n<p>Madrugada do BBB tem des\u00e2nimo e d\u00favidas entre os brothers<\/p>\n<p><!-- AI CONTENT END 1 -->\n<\/div>\n<p><script async src=\"\/\/www.instagram.com\/embed.js\"><\/script><br \/>\n<br \/><br \/>\n<br \/><a href=\"https:\/\/www.acidadeon.com\/ribeiraopreto\/cotidiano\/ribeirao-preto-tem-680-vagas-gratuitas-para-cursos-tecnicos-veja-como-se-inscrever\/\">Source link <\/a><\/p>\n<!-- CONTENT END 1 -->\n","protected":false},"excerpt":{"rendered":"<p>As inscri\u00e7\u00f5es para o vestibulinho da Etec Jos\u00e9 Martimiano da Silva em Ribeir\u00e3o Preto, com 680 vagas dispon\u00edveis, come\u00e7am nesta quinta-feira (4) para cursos t\u00e9cnicos&#8230;<\/p>\n","protected":false},"author":1,"featured_media":45268,"comment_status":"open","ping_status":"open","sticky":false,"template":"","format":"standard","meta":{"advanced_seo_description":"","jetpack_seo_html_title":"","jetpack_seo_noindex":false,"jetpack_post_was_ever_published":false,"_jetpack_newsletter_access":"","_jetpack_dont_email_post_to_subs":false,"_jetpack_newsletter_tier_id":0,"_jetpack_memberships_contains_paywalled_content":false,"_jetpack_memberships_contains_paid_content":false,"footnotes":"","jetpack_publicize_message":"","jetpack_publicize_feature_enabled":true,"jetpack_social_post_already_shared":true,"jetpack_social_options":{"image_generator_settings":{"template":"highway","default_image_id":0,"font":"","enabled":false},"version":2}},"categories":[11],"tags":[],"class_list":["post-45267","post","type-post","status-publish","format-standard","has-post-thumbnail","hentry","category-noticias-de-ribeirao-preto-sp-e-regiao-ismael-colosi"],"jetpack_publicize_connections":[],"jetpack_featured_media_url":"https:\/\/i0.wp.com\/noticiasribeiraopreto.com.br\/wp-content\/uploads\/2024\/04\/Copia-de-Copia-de-TAMANHO-EXATO-PARA-FOTOS-NO-SISTEMA-NOVO-20.jpg?fit=1200%2C675&ssl=1","jetpack-related-posts":[{"id":49082,"url":"https:\/\/noticiasribeiraopreto.com.br\/index.php\/2024\/05\/08\/prorrogadas-as-inscricoes-para-vestibulinho-da-etec-ribeirao-preto-com-680-vagas\/","url_meta":{"origin":45267,"position":0},"title":"Prorrogadas as inscri\u00e7\u00f5es para vestibulinho da Etec Ribeir\u00e3o Preto com 680 vagas","author":"noticiasribeiraopreto.com.br","date":"8 de May de 2024","format":false,"excerpt":"Foram prorrogadas as inscri\u00e7\u00f5es para o vestibulinho da Etec Jos\u00e9 Martimiano da Silva em Ribeir\u00e3o Preto at\u00e9 o dia 17 de maio. Com 680 vagas de cursos t\u00e9cnicos gratuitos dispon\u00edveis, o in\u00edcio das aulas ser\u00e1 no segundo semestre deste ano. Os interessados devem se inscrever pelo site da Etec (clique\u2026","rel":"","context":"In &quot;Not\u00edcias de Ribeir\u00e3o Preto-SP e Regi\u00e3o&quot;","block_context":{"text":"Not\u00edcias de Ribeir\u00e3o Preto-SP e Regi\u00e3o","link":"https:\/\/noticiasribeiraopreto.com.br\/index.php\/category\/noticias-de-ribeirao-preto-sp-e-regiao-ismael-colosi\/"},"img":{"alt_text":"","src":"https:\/\/i0.wp.com\/noticiasribeiraopreto.com.br\/wp-content\/uploads\/2024\/05\/WhatsApp-Image-2023-10-01-at-14.58.24.jpeg?fit=1200%2C876&ssl=1&resize=350%2C200","width":350,"height":200,"srcset":"https:\/\/i0.wp.com\/noticiasribeiraopreto.com.br\/wp-content\/uploads\/2024\/05\/WhatsApp-Image-2023-10-01-at-14.58.24.jpeg?fit=1200%2C876&ssl=1&resize=350%2C200 1x, https:\/\/i0.wp.com\/noticiasribeiraopreto.com.br\/wp-content\/uploads\/2024\/05\/WhatsApp-Image-2023-10-01-at-14.58.24.jpeg?fit=1200%2C876&ssl=1&resize=525%2C300 1.5x, https:\/\/i0.wp.com\/noticiasribeiraopreto.com.br\/wp-content\/uploads\/2024\/05\/WhatsApp-Image-2023-10-01-at-14.58.24.jpeg?fit=1200%2C876&ssl=1&resize=700%2C400 2x, https:\/\/i0.wp.com\/noticiasribeiraopreto.com.br\/wp-content\/uploads\/2024\/05\/WhatsApp-Image-2023-10-01-at-14.58.24.jpeg?fit=1200%2C876&ssl=1&resize=1050%2C600 3x"},"classes":[]},{"id":50493,"url":"https:\/\/noticiasribeiraopreto.com.br\/index.php\/2024\/05\/16\/inscricoes-para-vestibulinho-da-etec-ribeirao-com-680-vagas-terminam-nesta-sexta-feira\/","url_meta":{"origin":45267,"position":1},"title":"Inscri\u00e7\u00f5es para vestibulinho da Etec Ribeir\u00e3o com 680 vagas terminam nesta sexta-feira","author":"noticiasribeiraopreto.com.br","date":"16 de May de 2024","format":false,"excerpt":"As inscri\u00e7\u00f5es para o vestibulinho da Etec Jos\u00e9 Martimiano da Silva em Ribeir\u00e3o Preto terminam, \u00e0s 15h, desta sexta-feira (17). Com 680 vagas de cursos t\u00e9cnicos gratuitos dispon\u00edveis, o in\u00edcio das aulas ser\u00e1 no segundo semestre deste ano. Os interessados devem se inscrever pelo site da Etec (clique aqui). O\u2026","rel":"","context":"In &quot;Not\u00edcias de Ribeir\u00e3o Preto-SP e Regi\u00e3o&quot;","block_context":{"text":"Not\u00edcias de Ribeir\u00e3o Preto-SP e Regi\u00e3o","link":"https:\/\/noticiasribeiraopreto.com.br\/index.php\/category\/noticias-de-ribeirao-preto-sp-e-regiao-ismael-colosi\/"},"img":{"alt_text":"","src":"https:\/\/i0.wp.com\/noticiasribeiraopreto.com.br\/wp-content\/uploads\/2024\/05\/1715876066_WhatsApp-Image-2023-10-01-at-14.58.24.jpeg?fit=1200%2C876&ssl=1&resize=350%2C200","width":350,"height":200,"srcset":"https:\/\/i0.wp.com\/noticiasribeiraopreto.com.br\/wp-content\/uploads\/2024\/05\/1715876066_WhatsApp-Image-2023-10-01-at-14.58.24.jpeg?fit=1200%2C876&ssl=1&resize=350%2C200 1x, https:\/\/i0.wp.com\/noticiasribeiraopreto.com.br\/wp-content\/uploads\/2024\/05\/1715876066_WhatsApp-Image-2023-10-01-at-14.58.24.jpeg?fit=1200%2C876&ssl=1&resize=525%2C300 1.5x, https:\/\/i0.wp.com\/noticiasribeiraopreto.com.br\/wp-content\/uploads\/2024\/05\/1715876066_WhatsApp-Image-2023-10-01-at-14.58.24.jpeg?fit=1200%2C876&ssl=1&resize=700%2C400 2x, https:\/\/i0.wp.com\/noticiasribeiraopreto.com.br\/wp-content\/uploads\/2024\/05\/1715876066_WhatsApp-Image-2023-10-01-at-14.58.24.jpeg?fit=1200%2C876&ssl=1&resize=1050%2C600 3x"},"classes":[]},{"id":59734,"url":"https:\/\/noticiasribeiraopreto.com.br\/index.php\/2024\/10\/29\/etec-ribeirao-preto-oferece-mais-de-mil-vagas-em-cursos-gratuitos-veja-como-se-inscrever\/","url_meta":{"origin":45267,"position":2},"title":"Etec Ribeir\u00e3o Preto oferece mais de mil vagas em cursos gratuitos; Veja como se inscrever","author":"noticiasribeiraopreto.com.br","date":"29 de October de 2024","format":false,"excerpt":"As inscri\u00e7\u00f5es para o Vestibulinho 2025 da Etec (Escola T\u00e9cnica Estadual) Jos\u00e9 Martimiano da Silva, em Ribeir\u00e3o Preto, come\u00e7am na pr\u00f3xima quinta-feira (31). S\u00e3o oferecidas 1.120 vagas em 27 cursos gratuitos. Os interessados devem se inscrever pelo site da institui\u00e7\u00e3o at\u00e9 as 15h do dia 26 de novembro. Clique aqui\u2026","rel":"","context":"In &quot;Not\u00edcias de Ribeir\u00e3o Preto-SP e Regi\u00e3o&quot;","block_context":{"text":"Not\u00edcias de Ribeir\u00e3o Preto-SP e Regi\u00e3o","link":"https:\/\/noticiasribeiraopreto.com.br\/index.php\/category\/noticias-de-ribeirao-preto-sp-e-regiao-ismael-colosi\/"},"img":{"alt_text":"","src":"https:\/\/i0.wp.com\/noticiasribeiraopreto.com.br\/wp-content\/uploads\/2024\/10\/WhatsApp-Image-2024-10-29-at-11.01.13_2024-10-29_15-11-48_jpeg_2024-10-29_15-11-48.webp.webp?fit=1200%2C674&ssl=1&resize=350%2C200","width":350,"height":200,"srcset":"https:\/\/i0.wp.com\/noticiasribeiraopreto.com.br\/wp-content\/uploads\/2024\/10\/WhatsApp-Image-2024-10-29-at-11.01.13_2024-10-29_15-11-48_jpeg_2024-10-29_15-11-48.webp.webp?fit=1200%2C674&ssl=1&resize=350%2C200 1x, https:\/\/i0.wp.com\/noticiasribeiraopreto.com.br\/wp-content\/uploads\/2024\/10\/WhatsApp-Image-2024-10-29-at-11.01.13_2024-10-29_15-11-48_jpeg_2024-10-29_15-11-48.webp.webp?fit=1200%2C674&ssl=1&resize=525%2C300 1.5x, https:\/\/i0.wp.com\/noticiasribeiraopreto.com.br\/wp-content\/uploads\/2024\/10\/WhatsApp-Image-2024-10-29-at-11.01.13_2024-10-29_15-11-48_jpeg_2024-10-29_15-11-48.webp.webp?fit=1200%2C674&ssl=1&resize=700%2C400 2x, https:\/\/i0.wp.com\/noticiasribeiraopreto.com.br\/wp-content\/uploads\/2024\/10\/WhatsApp-Image-2024-10-29-at-11.01.13_2024-10-29_15-11-48_jpeg_2024-10-29_15-11-48.webp.webp?fit=1200%2C674&ssl=1&resize=1050%2C600 3x"},"classes":[]},{"id":74913,"url":"https:\/\/noticiasribeiraopreto.com.br\/index.php\/2025\/07\/31\/etec-ribeirao-preto-oferece-vagas-remanescentes-veja-como-se-inscrever\/","url_meta":{"origin":45267,"position":3},"title":"Etec Ribeir\u00e3o Preto oferece vagas remanescentes; Veja como se inscrever","author":"noticiasribeiraopreto.com.br","date":"31 de July de 2025","format":false,"excerpt":"A Etec (Escola T\u00e9cnica Estadual) Jos\u00e9 Martimiano da Silva, em Ribeir\u00e3o Preto, est\u00e1 com vagas remanescentes em cursos t\u00e9cnicos. O que fazer? Os interessados dever\u00e3o se inscrever a partir desta quinta-feira (31) at\u00e9 o dia 8 de agosto, presencialmente na secretaria da unidade, na rua Tamandar\u00e9, 520, no bairro Campos\u2026","rel":"","context":"In &quot;Not\u00edcias de Ribeir\u00e3o Preto-SP e Regi\u00e3o&quot;","block_context":{"text":"Not\u00edcias de Ribeir\u00e3o Preto-SP e Regi\u00e3o","link":"https:\/\/noticiasribeiraopreto.com.br\/index.php\/category\/noticias-de-ribeirao-preto-sp-e-regiao-ismael-colosi\/"},"img":{"alt_text":"","src":"https:\/\/i0.wp.com\/noticiasribeiraopreto.com.br\/wp-content\/uploads\/2025\/07\/WhatsApp-Image-2024-10-29-at-11.01.13_2024-10-29_15-11-48_jpeg_2024-10-29_15-11-48.webp.webp?fit=1200%2C674&ssl=1&resize=350%2C200","width":350,"height":200,"srcset":"https:\/\/i0.wp.com\/noticiasribeiraopreto.com.br\/wp-content\/uploads\/2025\/07\/WhatsApp-Image-2024-10-29-at-11.01.13_2024-10-29_15-11-48_jpeg_2024-10-29_15-11-48.webp.webp?fit=1200%2C674&ssl=1&resize=350%2C200 1x, https:\/\/i0.wp.com\/noticiasribeiraopreto.com.br\/wp-content\/uploads\/2025\/07\/WhatsApp-Image-2024-10-29-at-11.01.13_2024-10-29_15-11-48_jpeg_2024-10-29_15-11-48.webp.webp?fit=1200%2C674&ssl=1&resize=525%2C300 1.5x, https:\/\/i0.wp.com\/noticiasribeiraopreto.com.br\/wp-content\/uploads\/2025\/07\/WhatsApp-Image-2024-10-29-at-11.01.13_2024-10-29_15-11-48_jpeg_2024-10-29_15-11-48.webp.webp?fit=1200%2C674&ssl=1&resize=700%2C400 2x, https:\/\/i0.wp.com\/noticiasribeiraopreto.com.br\/wp-content\/uploads\/2025\/07\/WhatsApp-Image-2024-10-29-at-11.01.13_2024-10-29_15-11-48_jpeg_2024-10-29_15-11-48.webp.webp?fit=1200%2C674&ssl=1&resize=1050%2C600 3x"},"classes":[]},{"id":770,"url":"https:\/\/noticiasribeiraopreto.com.br\/index.php\/2023\/11\/09\/foram-prorrogadas-as-inscricoes-para-o-vestibulinho-das-etecs\/","url_meta":{"origin":45267,"position":4},"title":"Foram prorrogadas as inscri\u00e7\u00f5es para o vestibulinho das Etecs","author":"noticiasribeiraopreto.com.br","date":"9 de November de 2023","format":false,"excerpt":"8 de novembro de 2023 | 18:008 de novembro de 2023 | 16:19 0No dia 10 de dezembro, candidatos fazem a prova do Vestibulinho das Escolas T\u00e9cnicas Estaduais (Etecs), que d\u00e1 acesso a mais de 91 mil vagas para ensino p\u00fablico gratuito. O interessado em aproveitar a oportunidade deve se\u2026","rel":"","context":"In &quot;Not\u00edcias de Ribeir\u00e3o Preto-SP e Regi\u00e3o&quot;","block_context":{"text":"Not\u00edcias de Ribeir\u00e3o Preto-SP e Regi\u00e3o","link":"https:\/\/noticiasribeiraopreto.com.br\/index.php\/category\/noticias-de-ribeirao-preto-sp-e-regiao-ismael-colosi\/"},"img":{"alt_text":"","src":"https:\/\/i0.wp.com\/noticiasribeiraopreto.com.br\/wp-content\/uploads\/2023\/11\/1-etec-alfredo-risk-scaled.jpg?fit=1000%2C462&ssl=1&resize=350%2C200","width":350,"height":200,"srcset":"https:\/\/i0.wp.com\/noticiasribeiraopreto.com.br\/wp-content\/uploads\/2023\/11\/1-etec-alfredo-risk-scaled.jpg?fit=1000%2C462&ssl=1&resize=350%2C200 1x, https:\/\/i0.wp.com\/noticiasribeiraopreto.com.br\/wp-content\/uploads\/2023\/11\/1-etec-alfredo-risk-scaled.jpg?fit=1000%2C462&ssl=1&resize=525%2C300 1.5x, https:\/\/i0.wp.com\/noticiasribeiraopreto.com.br\/wp-content\/uploads\/2023\/11\/1-etec-alfredo-risk-scaled.jpg?fit=1000%2C462&ssl=1&resize=700%2C400 2x"},"classes":[]},{"id":84759,"url":"https:\/\/noticiasribeiraopreto.com.br\/index.php\/2026\/04\/15\/etec-de-ribeirao-preto-abre-inscricoes-para-vestibulinho-curso-de-design-de-moveis-e-novidade\/","url_meta":{"origin":45267,"position":5},"title":"Etec de Ribeir\u00e3o Preto abre inscri\u00e7\u00f5es para Vestibulinho; Curso de Design de M\u00f3veis \u00e9 novidade","author":"noticiasribeiraopreto.com.br","date":"15 de April de 2026","format":false,"excerpt":"Ler o resumo da not\u00edcia \r Vestibulinho Etec \u00e9 o processo seletivo das Escolas T\u00e9cnicas Estaduais de S\u00e3o Paulo.\r N\u00e3o h\u00e1 informa\u00e7\u00f5es adicionais dispon\u00edveis na mat\u00e9ria fornecida.\r O resumo n\u00e3o pode ser completado devido \u00e0 falta de dados na fonte original.\r A Etec (Escola T\u00e9cnica Estadual) Jos\u00e9 Martimiano da Silva,\u2026","rel":"","context":"In &quot;Not\u00edcias de Ribeir\u00e3o Preto-SP e Regi\u00e3o&quot;","block_context":{"text":"Not\u00edcias de Ribeir\u00e3o Preto-SP e Regi\u00e3o","link":"https:\/\/noticiasribeiraopreto.com.br\/index.php\/category\/noticias-de-ribeirao-preto-sp-e-regiao-ismael-colosi\/"},"img":{"alt_text":"","src":"https:\/\/i0.wp.com\/noticiasribeiraopreto.com.br\/wp-content\/uploads\/2024\/10\/WhatsApp-Image-2024-10-29-at-11.01.13_2024-10-29_15-11-48_jpeg_2024-10-29_15-11-48.webp.webp?fit=1200%2C674&ssl=1&resize=350%2C200","width":350,"height":200,"srcset":"https:\/\/i0.wp.com\/noticiasribeiraopreto.com.br\/wp-content\/uploads\/2024\/10\/WhatsApp-Image-2024-10-29-at-11.01.13_2024-10-29_15-11-48_jpeg_2024-10-29_15-11-48.webp.webp?fit=1200%2C674&ssl=1&resize=350%2C200 1x, https:\/\/i0.wp.com\/noticiasribeiraopreto.com.br\/wp-content\/uploads\/2024\/10\/WhatsApp-Image-2024-10-29-at-11.01.13_2024-10-29_15-11-48_jpeg_2024-10-29_15-11-48.webp.webp?fit=1200%2C674&ssl=1&resize=525%2C300 1.5x, https:\/\/i0.wp.com\/noticiasribeiraopreto.com.br\/wp-content\/uploads\/2024\/10\/WhatsApp-Image-2024-10-29-at-11.01.13_2024-10-29_15-11-48_jpeg_2024-10-29_15-11-48.webp.webp?fit=1200%2C674&ssl=1&resize=700%2C400 2x, https:\/\/i0.wp.com\/noticiasribeiraopreto.com.br\/wp-content\/uploads\/2024\/10\/WhatsApp-Image-2024-10-29-at-11.01.13_2024-10-29_15-11-48_jpeg_2024-10-29_15-11-48.webp.webp?fit=1200%2C674&ssl=1&resize=1050%2C600 3x"},"classes":[]}],"jetpack_sharing_enabled":true,"jetpack_shortlink":"https:\/\/wp.me\/peQAOb-bM7","_links":{"self":[{"href":"https:\/\/noticiasribeiraopreto.com.br\/index.php\/wp-json\/wp\/v2\/posts\/45267","targetHints":{"allow":["GET"]}}],"collection":[{"href":"https:\/\/noticiasribeiraopreto.com.br\/index.php\/wp-json\/wp\/v2\/posts"}],"about":[{"href":"https:\/\/noticiasribeiraopreto.com.br\/index.php\/wp-json\/wp\/v2\/types\/post"}],"author":[{"embeddable":true,"href":"https:\/\/noticiasribeiraopreto.com.br\/index.php\/wp-json\/wp\/v2\/users\/1"}],"replies":[{"embeddable":true,"href":"https:\/\/noticiasribeiraopreto.com.br\/index.php\/wp-json\/wp\/v2\/comments?post=45267"}],"version-history":[{"count":0,"href":"https:\/\/noticiasribeiraopreto.com.br\/index.php\/wp-json\/wp\/v2\/posts\/45267\/revisions"}],"wp:featuredmedia":[{"embeddable":true,"href":"https:\/\/noticiasribeiraopreto.com.br\/index.php\/wp-json\/wp\/v2\/media\/45268"}],"wp:attachment":[{"href":"https:\/\/noticiasribeiraopreto.com.br\/index.php\/wp-json\/wp\/v2\/media?parent=45267"}],"wp:term":[{"taxonomy":"category","embeddable":true,"href":"https:\/\/noticiasribeiraopreto.com.br\/index.php\/wp-json\/wp\/v2\/categories?post=45267"},{"taxonomy":"post_tag","embeddable":true,"href":"https:\/\/noticiasribeiraopreto.com.br\/index.php\/wp-json\/wp\/v2\/tags?post=45267"}],"curies":[{"name":"wp","href":"https:\/\/api.w.org\/{rel}","templated":true}]}}