{"id":45273,"date":"2024-04-03T13:24:09","date_gmt":"2024-04-03T16:24:09","guid":{"rendered":"https:\/\/noticiasribeiraopreto.com.br\/index.php\/2024\/04\/03\/virus-sincicial-respiratorio-e-influenza-tem-aumento-de-casos-no-pais\/"},"modified":"2024-04-03T13:24:09","modified_gmt":"2024-04-03T16:24:09","slug":"virus-sincicial-respiratorio-e-influenza-tem-aumento-de-casos-no-pais","status":"publish","type":"post","link":"https:\/\/noticiasribeiraopreto.com.br\/index.php\/2024\/04\/03\/virus-sincicial-respiratorio-e-influenza-tem-aumento-de-casos-no-pais\/","title":{"rendered":"V\u00edrus sincicial respirat\u00f3rio e influenza t\u00eam aumento de casos no pa\u00eds"},"content":{"rendered":"<div class='code-block code-block-1' style='margin: 8px 0 8px auto; text-align: right; display: block; clear: both;'>\n<p><a href=\"https:\/\/wa.link\/vpicfd\"><img data-recalc-dims=\"1\" class=\"wp-image-4922\" style=\"aspect-ratio: 2.0253164556962027; width: 561px; height: auto;\" src=\"https:\/\/i0.wp.com\/ismaelcolosi.com.br\/wp-content\/uploads\/2023\/11\/grupo-de-empregos-whatsapp-e-facebook-ismael-colosi-vagas.jpg?ssl=1\" alt=\"\" \/><\/a><\/p>\n<!-- \/wp:image -->\n<\/div>\n<p> <br \/>\n<\/p>\n<div id=\"post-379267\">\n<header class=\"entry-header penci-entry-header penci-title-center\">\n<p>\n<span class=\"entry-meta-item penci-posted-on\"><i class=\"fa fa-clock-o\"\/><time class=\"entry-date published\" datetime=\"2024-04-03T13:00:41-03:00\">3 de abril de 2024 | 13:00<\/time><time class=\"updated\" datetime=\"2024-04-02T20:29:04-03:00\">2 de abril de 2024 | 20:29<\/time><\/span> <\/p>\n<p><span class=\"penci-social-buttons penci-social-share-footer\"><a href=\"#\" class=\"penci-post-like penci_post-meta_item  single-like-button penci-social-item like\" data-post_id=\"379267\" title=\"Like\" data-like=\"Like\" data-unlike=\"Unlike\"><i class=\"fa fa-thumbs-o-up\"\/><span class=\"penci-share-number\">0<\/span><\/a><i class=\"fa fa-facebook\"\/><a class=\"penci-social-item twitter\" target=\"_blank\" rel=\"noopener\" title=\"\" href=\"https:\/\/twitter.com\/intent\/tweet?text=V\u00edrus%20sincicial%20respirat\u00f3rio%20e%20influenza%20t\u00eam%20aumento%20de%20casos%20no%20pa\u00eds%20-%20https:\/\/www.tribunaribeirao.com.br\/site\/virus-sincicial-respiratorio-e-influenza-tem-aumento-de-casos-no-pais\/\"><i class=\"fa fa-twitter\"\/><\/a><i class=\"fa fa-whatsapp\"\/><\/span> <\/header>\n<div class=\"penci-entry-content entry-content\">\n<p>O Brasil registrou, nas \u00faltimas semanas, um aumento no predom\u00ednio de casos de v\u00edrus sincicial respirat\u00f3rio (VSR) e de influenza, que corresponderam, respectivamente, a 35% e 21% dos casos de S\u00edndrome Respirat\u00f3ria Aguda Grave (SRAG). Por outro lado, houve diminui\u00e7\u00e3o da relev\u00e2ncia do v\u00edrus da covid-19, com 27% dos casos de SRAG.\u00a0<img data-recalc-dims=\"1\" decoding=\"async\" src=\"https:\/\/i0.wp.com\/agenciabrasil.ebc.com.br\/ebc.gif?ssl=1\"\/><\/p>\n<p>\u201cNas regi\u00f5es Nordeste, Sul e Sudeste, j\u00e1 vemos um aumento na circula\u00e7\u00e3o do v\u00edrus influenza entre todos os v\u00edrus que est\u00e3o circulando nas \u00faltimas semanas\u201d, informou o diretor do Departamento do Programa Nacional de Imuniza\u00e7\u00e3o do Minist\u00e9rio da Sa\u00fade, Eder Gatti, em entrevista coletiva nesta ter\u00e7a-feira (2).<\/p>\n<p>Ele orientou a popula\u00e7\u00e3o que faz parte dos grupos priorit\u00e1rios a procurar os postos de sa\u00fade para receber a\u00a0<a href=\"https:\/\/agenciabrasil.ebc.com.br\/saude\/noticia\/2024-02\/saude-antecipa-vacinacao-contra-gripe-campanha-comeca-em-25-de-marco\" target=\"_blank\" rel=\"noopener\">imuniza\u00e7\u00e3o contra a influenza<\/a>.<\/p>\n<p>Em rela\u00e7\u00e3o aos \u00f3bitos por SRAG, o predom\u00ednio nas \u00faltimas semanas continua sendo por covid-19 (73%), seguido de influenza (18%) e VSR (7%).<\/p>\n<p>Desde o in\u00edcio do ano, foram notificados 8.489 casos de S\u00edndrome Respirat\u00f3ria Aguda Grave com hospitaliza\u00e7\u00e3o. Destes, 51% foram em decorr\u00eancia da covid-19, 18% por VSR e 13% por influenza.<\/p>\n<\/div>\n<footer class=\"penci-entry-footer\">\n <\/footer>\n<\/div>\n<p><script async src=\"\/\/platform.twitter.com\/widgets.js\" charset=\"utf-8\"><\/script><br \/>\n<br \/><br \/>\n<br \/><a href=\"https:\/\/www.tribunaribeirao.com.br\/site\/virus-sincicial-respiratorio-e-influenza-tem-aumento-de-casos-no-pais\/\">Source link <\/a><\/p>\n<!-- CONTENT END 1 -->\n","protected":false},"excerpt":{"rendered":"<p>3 de abril de 2024 | 13:002 de abril de 2024 | 20:29 0 O Brasil registrou, nas \u00faltimas semanas, um aumento no predom\u00ednio de&#8230;<\/p>\n","protected":false},"author":1,"featured_media":45274,"comment_status":"open","ping_status":"open","sticky":false,"template":"","format":"standard","meta":{"advanced_seo_description":"","jetpack_seo_html_title":"","jetpack_seo_noindex":false,"jetpack_post_was_ever_published":false,"_jetpack_newsletter_access":"","_jetpack_dont_email_post_to_subs":false,"_jetpack_newsletter_tier_id":0,"_jetpack_memberships_contains_paywalled_content":false,"_jetpack_memberships_contains_paid_content":false,"footnotes":"","jetpack_publicize_message":"","jetpack_publicize_feature_enabled":true,"jetpack_social_post_already_shared":true,"jetpack_social_options":{"image_generator_settings":{"template":"highway","default_image_id":0,"font":"","enabled":false},"version":2}},"categories":[11],"tags":[1270,996,5436,709,5435,5434,162,5433],"class_list":["post-45273","post","type-post","status-publish","format-standard","has-post-thumbnail","hentry","category-noticias-de-ribeirao-preto-sp-e-regiao-ismael-colosi","tag-aumento","tag-casos","tag-influenza","tag-pais","tag-respiratorio","tag-sincicial","tag-tem","tag-virus"],"jetpack_publicize_connections":[],"jetpack_featured_media_url":"https:\/\/i0.wp.com\/noticiasribeiraopreto.com.br\/wp-content\/uploads\/2024\/04\/593f0695-6562-470a-90b7-490d2d321825.jpg?fit=800%2C479&ssl=1","jetpack-related-posts":[{"id":41617,"url":"https:\/\/noticiasribeiraopreto.com.br\/index.php\/2024\/03\/09\/sindrome-respiratoria-avanca-75-no-brasil\/","url_meta":{"origin":45273,"position":0},"title":"S\u00edndrome respirat\u00f3ria\u00a0avan\u00e7a 75% no Brasil\u00a0","author":"noticiasribeiraopreto.com.br","date":"9 de March de 2024","format":false,"excerpt":"9 de mar\u00e7o de 2024 | 16:009 de mar\u00e7o de 2024 | 11:08 0De acordo com boletim InfoGripe, divulgado pela Funda\u00e7\u00e3o Oswaldo Cruz (Fiocruz) na quinta-feira (7), o n\u00famero de casos de s\u00edndrome respirat\u00f3ria aguda grave (Srag) aumentou 75% nas \u00faltimas quatro semanas. Entre os dias 25 de fevereiro e\u2026","rel":"","context":"In &quot;Not\u00edcias de Ribeir\u00e3o Preto-SP e Regi\u00e3o&quot;","block_context":{"text":"Not\u00edcias de Ribeir\u00e3o Preto-SP e Regi\u00e3o","link":"https:\/\/noticiasribeiraopreto.com.br\/index.php\/category\/noticias-de-ribeirao-preto-sp-e-regiao-ismael-colosi\/"},"img":{"alt_text":"","src":"https:\/\/i0.wp.com\/noticiasribeiraopreto.com.br\/wp-content\/uploads\/2024\/03\/Sindrome-Amanda-Perobelli-Reuters-scaled.jpg?fit=1000%2C598&ssl=1&resize=350%2C200","width":350,"height":200,"srcset":"https:\/\/i0.wp.com\/noticiasribeiraopreto.com.br\/wp-content\/uploads\/2024\/03\/Sindrome-Amanda-Perobelli-Reuters-scaled.jpg?fit=1000%2C598&ssl=1&resize=350%2C200 1x, https:\/\/i0.wp.com\/noticiasribeiraopreto.com.br\/wp-content\/uploads\/2024\/03\/Sindrome-Amanda-Perobelli-Reuters-scaled.jpg?fit=1000%2C598&ssl=1&resize=525%2C300 1.5x, https:\/\/i0.wp.com\/noticiasribeiraopreto.com.br\/wp-content\/uploads\/2024\/03\/Sindrome-Amanda-Perobelli-Reuters-scaled.jpg?fit=1000%2C598&ssl=1&resize=700%2C400 2x"},"classes":[]},{"id":44703,"url":"https:\/\/noticiasribeiraopreto.com.br\/index.php\/2024\/03\/29\/casos-de-sindrome-respirartoria-aguda-grave-sobem-no-pais-diz-fiocruz\/","url_meta":{"origin":45273,"position":1},"title":"Casos de s\u00edndrome respirart\u00f3ria aguda grave sobem no pa\u00eds, diz Fiocruz","author":"noticiasribeiraopreto.com.br","date":"29 de March de 2024","format":false,"excerpt":"O boletim InfoGripe da Funda\u00e7\u00e3o Oswaldo Cruz (Fiocruz) divulgado nesta quinta-feira (28) aponta que os casos de S\u00edndrome Respirat\u00f3ria Aguda Grave (SRAG) aumentaram em crian\u00e7as, jovens e adultos em todo o pa\u00eds. O quadro \u00e9 decorrente do crescimento, em diversos estados, de diferentes v\u00edrus respirat\u00f3rios como influenza (gripe), v\u00edrus sincicial\u2026","rel":"","context":"In &quot;Not\u00edcias de Ribeir\u00e3o Preto-SP e Regi\u00e3o&quot;","block_context":{"text":"Not\u00edcias de Ribeir\u00e3o Preto-SP e Regi\u00e3o","link":"https:\/\/noticiasribeiraopreto.com.br\/index.php\/category\/noticias-de-ribeirao-preto-sp-e-regiao-ismael-colosi\/"},"img":{"alt_text":"","src":"https:\/\/i0.wp.com\/noticiasribeiraopreto.com.br\/wp-content\/uploads\/2024\/03\/imagem-8.jpg?fit=1170%2C700&ssl=1&resize=350%2C200","width":350,"height":200,"srcset":"https:\/\/i0.wp.com\/noticiasribeiraopreto.com.br\/wp-content\/uploads\/2024\/03\/imagem-8.jpg?fit=1170%2C700&ssl=1&resize=350%2C200 1x, https:\/\/i0.wp.com\/noticiasribeiraopreto.com.br\/wp-content\/uploads\/2024\/03\/imagem-8.jpg?fit=1170%2C700&ssl=1&resize=525%2C300 1.5x, https:\/\/i0.wp.com\/noticiasribeiraopreto.com.br\/wp-content\/uploads\/2024\/03\/imagem-8.jpg?fit=1170%2C700&ssl=1&resize=700%2C400 2x, https:\/\/i0.wp.com\/noticiasribeiraopreto.com.br\/wp-content\/uploads\/2024\/03\/imagem-8.jpg?fit=1170%2C700&ssl=1&resize=1050%2C600 3x"},"classes":[]},{"id":70721,"url":"https:\/\/noticiasribeiraopreto.com.br\/index.php\/2025\/05\/29\/influenza-avanca-no-mes-de-maio\/","url_meta":{"origin":45273,"position":2},"title":"Influenza avan\u00e7a no m\u00eas de maio \u00a0","author":"noticiasribeiraopreto.com.br","date":"29 de May de 2025","format":false,"excerpt":"29 de maio de 2025 10:3029 de maio de 2025 09:497 Compartilhar0 A Secretaria Municipal de Sa\u00fade informa que houve aumento no n\u00famero de interna\u00e7\u00f5es por s\u00edndrome respirat\u00f3ria aguda grave (Srag) relacionadas ao v\u00edrus influenza no m\u00eas de maio. De acordo com dados do Painel da Srag, do Departamento de\u2026","rel":"","context":"In &quot;Not\u00edcias de Ribeir\u00e3o Preto-SP e Regi\u00e3o&quot;","block_context":{"text":"Not\u00edcias de Ribeir\u00e3o Preto-SP e Regi\u00e3o","link":"https:\/\/noticiasribeiraopreto.com.br\/index.php\/category\/noticias-de-ribeirao-preto-sp-e-regiao-ismael-colosi\/"},"img":{"alt_text":"","src":"https:\/\/i0.wp.com\/noticiasribeiraopreto.com.br\/wp-content\/uploads\/2025\/05\/GripeRP-Marcelo-Camargo-Ag.Br_.-1.jpg?fit=1170%2C700&ssl=1&resize=350%2C200","width":350,"height":200,"srcset":"https:\/\/i0.wp.com\/noticiasribeiraopreto.com.br\/wp-content\/uploads\/2025\/05\/GripeRP-Marcelo-Camargo-Ag.Br_.-1.jpg?fit=1170%2C700&ssl=1&resize=350%2C200 1x, https:\/\/i0.wp.com\/noticiasribeiraopreto.com.br\/wp-content\/uploads\/2025\/05\/GripeRP-Marcelo-Camargo-Ag.Br_.-1.jpg?fit=1170%2C700&ssl=1&resize=525%2C300 1.5x, https:\/\/i0.wp.com\/noticiasribeiraopreto.com.br\/wp-content\/uploads\/2025\/05\/GripeRP-Marcelo-Camargo-Ag.Br_.-1.jpg?fit=1170%2C700&ssl=1&resize=700%2C400 2x, https:\/\/i0.wp.com\/noticiasribeiraopreto.com.br\/wp-content\/uploads\/2025\/05\/GripeRP-Marcelo-Camargo-Ag.Br_.-1.jpg?fit=1170%2C700&ssl=1&resize=1050%2C600 3x"},"classes":[]},{"id":57785,"url":"https:\/\/noticiasribeiraopreto.com.br\/index.php\/2024\/09\/10\/fiocruz-alerta-para-crescimento-de-casos-de-covid-19-no-brasil\/","url_meta":{"origin":45273,"position":3},"title":"Fiocruz Alerta para Crescimento de Casos de Covid-19 no Brasil","author":"noticiasribeiraopreto.com.br","date":"10 de September de 2024","format":false,"excerpt":"A Funda\u00e7\u00e3o Oswaldo Cruz (Fiocruz) emitiu um alerta sobre o aumento dos casos de Covid-19 no Brasil, conforme o mais recente Boletim InfoGripe.\u00a0O relat\u00f3rio destaca um crescimento significativo nas interna\u00e7\u00f5es por S\u00edndrome Respirat\u00f3ria Aguda Grave (SRAG) associadas ao coronav\u00edrus, especialmente nos estados de S\u00e3o Paulo e Goi\u00e1s. A pesquisadora Tatiana\u2026","rel":"","context":"In &quot;Not\u00edcias de Ribeir\u00e3o Preto-SP e Regi\u00e3o&quot;","block_context":{"text":"Not\u00edcias de Ribeir\u00e3o Preto-SP e Regi\u00e3o","link":"https:\/\/noticiasribeiraopreto.com.br\/index.php\/category\/noticias-de-ribeirao-preto-sp-e-regiao-ismael-colosi\/"},"img":{"alt_text":"","src":"","width":0,"height":0},"classes":[]},{"id":70890,"url":"https:\/\/noticiasribeiraopreto.com.br\/index.php\/2025\/05\/30\/jornal-da-franca-alerta-725-dos-obitos-por-srag-estao-relacionados-a-influenza-a\/","url_meta":{"origin":45273,"position":4},"title":"Jornal da Franca &#8211; Alerta: 72,5% dos \u00f3bitos por SRAG est\u00e3o relacionados \u00e0 influenza A","author":"noticiasribeiraopreto.com.br","date":"30 de May de 2025","format":false,"excerpt":"compartilhar no whatsapp compartilhar no telegram compartilhar no facebook compartilhar no linkedin Influenza A tem sido o principal v\u00edrus respons\u00e1vel pelo aumento dos casos de SRAG entre adultos e idosos e jovens a partir dos 15 anos Vacina\u00e7\u00e3o contra gripe \u00e9 a melhor forma de evitar casos graves relacionados \u00e0\u2026","rel":"","context":"In &quot;Not\u00edcias de Franca-SP&quot;","block_context":{"text":"Not\u00edcias de Franca-SP","link":"https:\/\/noticiasribeiraopreto.com.br\/index.php\/category\/noticias-de-ribeirao-preto-sp-e-regiao-ismael-colosi\/noticias-franca-sp\/"},"img":{"alt_text":"","src":"https:\/\/i0.wp.com\/noticiasribeiraopreto.com.br\/wp-content\/uploads\/2025\/05\/1748651554_vacina-gripe.jpeg?fit=1200%2C794&ssl=1&resize=350%2C200","width":350,"height":200,"srcset":"https:\/\/i0.wp.com\/noticiasribeiraopreto.com.br\/wp-content\/uploads\/2025\/05\/1748651554_vacina-gripe.jpeg?fit=1200%2C794&ssl=1&resize=350%2C200 1x, https:\/\/i0.wp.com\/noticiasribeiraopreto.com.br\/wp-content\/uploads\/2025\/05\/1748651554_vacina-gripe.jpeg?fit=1200%2C794&ssl=1&resize=525%2C300 1.5x, https:\/\/i0.wp.com\/noticiasribeiraopreto.com.br\/wp-content\/uploads\/2025\/05\/1748651554_vacina-gripe.jpeg?fit=1200%2C794&ssl=1&resize=700%2C400 2x, https:\/\/i0.wp.com\/noticiasribeiraopreto.com.br\/wp-content\/uploads\/2025\/05\/1748651554_vacina-gripe.jpeg?fit=1200%2C794&ssl=1&resize=1050%2C600 3x"},"classes":[]},{"id":72866,"url":"https:\/\/noticiasribeiraopreto.com.br\/index.php\/2025\/06\/22\/infeccoes-respiratorias-disparam-em-ribeirao-preto\/","url_meta":{"origin":45273,"position":5},"title":"Infec\u00e7\u00f5es respirat\u00f3rias disparam em Ribeir\u00e3o Preto","author":"noticiasribeiraopreto.com.br","date":"22 de June de 2025","format":false,"excerpt":"Adalberto Luque No inverno de 2023, o gr\u00e1fico aposentado Hilson Sobreiro Cavalcante contraiu uma pneumonia e hoje vai ao m\u00e9dico do conv\u00eanio de tempos em tempos para avaliar seu quadro. Tudo come\u00e7ou com uma febre que ia e vinha. \u201cPassava pelo m\u00e9dico, que dava rem\u00e9dio. A febre baixava e voltava.\u2026","rel":"","context":"In &quot;Not\u00edcias de Ribeir\u00e3o Preto-SP e Regi\u00e3o&quot;","block_context":{"text":"Not\u00edcias de Ribeir\u00e3o Preto-SP e Regi\u00e3o","link":"https:\/\/noticiasribeiraopreto.com.br\/index.php\/category\/noticias-de-ribeirao-preto-sp-e-regiao-ismael-colosi\/"},"img":{"alt_text":"","src":"https:\/\/i0.wp.com\/noticiasribeiraopreto.com.br\/wp-content\/uploads\/2025\/06\/FOTO-00-CHAMADA-DE-CAPA-horizontal-Foto-Alfredo-Risk-scaled.jpg?fit=750%2C500&ssl=1&resize=350%2C200","width":350,"height":200,"srcset":"https:\/\/i0.wp.com\/noticiasribeiraopreto.com.br\/wp-content\/uploads\/2025\/06\/FOTO-00-CHAMADA-DE-CAPA-horizontal-Foto-Alfredo-Risk-scaled.jpg?fit=750%2C500&ssl=1&resize=350%2C200 1x, https:\/\/i0.wp.com\/noticiasribeiraopreto.com.br\/wp-content\/uploads\/2025\/06\/FOTO-00-CHAMADA-DE-CAPA-horizontal-Foto-Alfredo-Risk-scaled.jpg?fit=750%2C500&ssl=1&resize=525%2C300 1.5x, https:\/\/i0.wp.com\/noticiasribeiraopreto.com.br\/wp-content\/uploads\/2025\/06\/FOTO-00-CHAMADA-DE-CAPA-horizontal-Foto-Alfredo-Risk-scaled.jpg?fit=750%2C500&ssl=1&resize=700%2C400 2x"},"classes":[]}],"jetpack_sharing_enabled":true,"jetpack_shortlink":"https:\/\/wp.me\/peQAOb-bMd","_links":{"self":[{"href":"https:\/\/noticiasribeiraopreto.com.br\/index.php\/wp-json\/wp\/v2\/posts\/45273","targetHints":{"allow":["GET"]}}],"collection":[{"href":"https:\/\/noticiasribeiraopreto.com.br\/index.php\/wp-json\/wp\/v2\/posts"}],"about":[{"href":"https:\/\/noticiasribeiraopreto.com.br\/index.php\/wp-json\/wp\/v2\/types\/post"}],"author":[{"embeddable":true,"href":"https:\/\/noticiasribeiraopreto.com.br\/index.php\/wp-json\/wp\/v2\/users\/1"}],"replies":[{"embeddable":true,"href":"https:\/\/noticiasribeiraopreto.com.br\/index.php\/wp-json\/wp\/v2\/comments?post=45273"}],"version-history":[{"count":0,"href":"https:\/\/noticiasribeiraopreto.com.br\/index.php\/wp-json\/wp\/v2\/posts\/45273\/revisions"}],"wp:featuredmedia":[{"embeddable":true,"href":"https:\/\/noticiasribeiraopreto.com.br\/index.php\/wp-json\/wp\/v2\/media\/45274"}],"wp:attachment":[{"href":"https:\/\/noticiasribeiraopreto.com.br\/index.php\/wp-json\/wp\/v2\/media?parent=45273"}],"wp:term":[{"taxonomy":"category","embeddable":true,"href":"https:\/\/noticiasribeiraopreto.com.br\/index.php\/wp-json\/wp\/v2\/categories?post=45273"},{"taxonomy":"post_tag","embeddable":true,"href":"https:\/\/noticiasribeiraopreto.com.br\/index.php\/wp-json\/wp\/v2\/tags?post=45273"}],"curies":[{"name":"wp","href":"https:\/\/api.w.org\/{rel}","templated":true}]}}