{"id":45309,"date":"2024-04-03T16:14:58","date_gmt":"2024-04-03T19:14:58","guid":{"rendered":"https:\/\/noticiasribeiraopreto.com.br\/index.php\/2024\/04\/03\/canto-por-ti-corinthians-celebra-paixao-pela-musica-e-pelo-timao\/"},"modified":"2024-04-03T16:14:58","modified_gmt":"2024-04-03T19:14:58","slug":"canto-por-ti-corinthians-celebra-paixao-pela-musica-e-pelo-timao","status":"publish","type":"post","link":"https:\/\/noticiasribeiraopreto.com.br\/index.php\/2024\/04\/03\/canto-por-ti-corinthians-celebra-paixao-pela-musica-e-pelo-timao\/","title":{"rendered":"&#8220;Canto por Ti Corinthians\u201d celebra paix\u00e3o pela m\u00fasica e pelo Tim\u00e3o"},"content":{"rendered":"<div class='code-block code-block-1' style='margin: 8px 0 8px auto; text-align: right; display: block; clear: both;'>\n<p><a href=\"https:\/\/wa.link\/vpicfd\"><img data-recalc-dims=\"1\" class=\"wp-image-4922\" style=\"aspect-ratio: 2.0253164556962027; width: 561px; height: auto;\" src=\"https:\/\/i0.wp.com\/ismaelcolosi.com.br\/wp-content\/uploads\/2023\/11\/grupo-de-empregos-whatsapp-e-facebook-ismael-colosi-vagas.jpg?ssl=1\" alt=\"\" \/><\/a><\/p>\n<!-- \/wp:image -->\n<\/div>\n<p> <br \/>\n<\/p>\n<div>\n<h3 class=\"fn__maintitle\"><span>\u201cCanto por Ti Corinthians\u201d celebra paix\u00e3o pela m\u00fasica e pelo Tim\u00e3o<\/span><\/h3>\n<\/div>\n<div>\n<h4 class=\"v1MsoNormal\" align=\"center\"><i>3\u00aa edi\u00e7\u00e3o do festival de m\u00fasica retorna depois de dez anos e receber\u00e1 inscri\u00e7\u00f5es a partir de 16 de abril.<\/i><\/h4>\n<p class=\"v1MsoNormal\">O Corinthians \u00e9 muito mais do que um clube de futebol; \u00e9 uma fonte inesgot\u00e1vel de inspira\u00e7\u00e3o para artistas e compositores. Desde os cl\u00e1ssicos dos anos 60 at\u00e9 os sucessos contempor\u00e2neos, o Tim\u00e3o tem inspirado gera\u00e7\u00f5es com sua hist\u00f3ria e paix\u00e3o. Rita Lee, Gilberto Gil, Paulinho Nogueira, Carlinhos Vergueiro, Toquinho, Adoniran Barbosa, Rolando Boldrin, Rapin Hood foram alguns dos in\u00fameros artistas que criaram can\u00e7\u00f5es inspirados no Tim\u00e3o. \u00c9 dentro desse esp\u00edrito que o projeto retorna, como uma celebra\u00e7\u00e3o da m\u00fasica brasileira em homenagem ao clube mais amado do Brasil.<\/p>\n<p class=\"v1MsoNormal\">Ap\u00f3s um hiato de dez anos, o festival de m\u00fasica corinthiana \u2018Canto Por Ti Corinthians\u2019 est\u00e1 de volta para a sua 3\u00aa edi\u00e7\u00e3o. O evento retorna com a sua miss\u00e3o de unir a paix\u00e3o pelo Tim\u00e3o, por meio da m\u00fasica.\u00a0As inscri\u00e7\u00f5es estar\u00e3o abertas a partir de 16 de abril e se estender\u00e3o at\u00e9 julho, oferecendo aos compositores a oportunidade de\u00a0fazerem parte deste evento \u00fanico. As can\u00e7\u00f5es precisam ser in\u00e9ditas e seguir o regulamento dispon\u00edvel no site oficial\u00a0<a href=\"https:\/\/www.corinthians.com.br\/\" target=\"_blank\" rel=\"noopener noreferrer\">https:\/\/www.corinthians.com.br\/<\/a>.<\/p>\n<p class=\"v1MsoNormal\">Idealizado por Raul Corr\u00eaa da Silva, Juca Novaes e Fl\u00e1vio Ferrari Jr. (<i>in memorian<\/i>), o projeto \u201cCanto por Ti Corinthians\u201d convida compositores de todos os g\u00eaneros a expressarem sua devo\u00e7\u00e3o ao Corinthians atrav\u00e9s da m\u00fasica. Desde o choro e o samba at\u00e9 o rock e o rap, todas as vertentes musicais s\u00e3o bem-vindas, desde que estejam envoltas na paix\u00e3o pelo clube.<\/p>\n<p class=\"v1MsoNormal\">O projeto promete duas noites eliminat\u00f3rias de pura emo\u00e7\u00e3o, com 24 m\u00fasicas concorrentes e shows de artistas consagrados que s\u00e3o apaixonados pelo Corinthians.\u00a0 Al\u00e9m da emo\u00e7\u00e3o de competi\u00e7\u00e3o e da apresenta\u00e7\u00e3o, os participantes concorrem a uma premia\u00e7\u00e3o em dinheiro, totalizando R$ 27.000,00, com destaque para os pr\u00eamios de R$ 10.000,00 para o primeiro lugar, R$ 7.000,00 para o segundo lugar, R$ 5.000,00 para o terceiro lugar e R$ 5.000,00 para o melhor int\u00e9rprete. Para se inscrever, basta enviar a ficha de inscri\u00e7\u00e3o, a grava\u00e7\u00e3o e a letra da m\u00fasica para o e-mail do festival, que ser\u00e1 divulgado na data de lan\u00e7amento do projeto.<\/p>\n<p class=\"v1MsoNormal\"><b>LAN\u00c7AMENTO DO PROJETO<\/b><\/p>\n<p class=\"v1MsoNormal\">No dia 16 de abril, ter\u00e7a-feira, \u00e0s 19h10, o projeto \u201cCanto por Ti Corinthians\u201d ser\u00e1 oficialmente lan\u00e7ado em uma emocionante festa. O evento, que contar\u00e1 com a presen\u00e7a de personalidades e autoridades do Corinthians, ser\u00e1 marcado por momentos \u00fanicos de celebra\u00e7\u00e3o da hist\u00f3ria alvinegra.<\/p>\n<p class=\"v1MsoNormal\">Durante o evento, os trof\u00e9us e mem\u00f3rias do clube ser\u00e3o expostos, criando um memorial que permitir\u00e1 ao p\u00fablico interagir com algumas das conquistas mais emblem\u00e1ticas, incluindo o hist\u00f3rico Campeonato Paulista de 1977 e os t\u00edtulos da Copa do Brasil, Brasileir\u00e3o, Supercopa, Libertadores e Mundial. Al\u00e9m disso, alguns jogadores que participaram dessas conquistas estar\u00e3o presentes, proporcionando aos f\u00e3s a oportunidade \u00fanica de conversar e interagir com os \u00eddolos que fizeram hist\u00f3ria.<\/p>\n<p class=\"v1MsoNormal\">O evento tamb\u00e9m ser\u00e1 uma homenagem a Fl\u00e1vio Ferrari Jr. e contar\u00e1 com a presen\u00e7a da banda do Maestro Sergio Bello, respons\u00e1vel por criar os arranjos musicais que dar\u00e3o vida \u00e0s can\u00e7\u00f5es durante os shows do festival. Artistas convidados ter\u00e3o a chance de se apresentar, enquanto o lan\u00e7amento oficial do festival ser\u00e1 realizado, marcando o in\u00edcio de uma jornada emocionante de m\u00fasica e paix\u00e3o pelo Corinthians.<\/p>\n<p class=\"v1MsoNormal\"><b>Ficha T\u00e9cnica<\/b><\/p>\n<p class=\"v1MsoNormal\"><b>Idealizadores do Festival:\u00a0<\/b>Raul Corr\u00eaa da Silva e Fl\u00e1vio Ferrari Jr. (<i>in memorian<\/i>).<\/p>\n<p class=\"v1MsoNormal\"><b>Dire\u00e7\u00e3o Geral<\/b>: Raul Corr\u00eaa da Silva (diretor do Departamento Cultural do SCCP).<\/p>\n<p class=\"v1MsoNormal\"><b>Dire\u00e7\u00e3o T\u00e9cnica e Art\u00edstica:\u00a0<\/b>Juca Novaes.<\/p>\n<p class=\"v1MsoNormal\"><b>Coordena\u00e7\u00e3o de Produ\u00e7\u00e3o e Apresenta\u00e7\u00e3o:\u00a0<\/b>Gil Latoreira.<\/p>\n<p class=\"v1MsoNormal\"><b>Dire\u00e7\u00e3o Musical:\u00a0<\/b>Maestro S\u00e9rgio Bello.<\/p>\n<p class=\"v1MsoNormal\"><b>Produtor Cultural:\u00a0<\/b>Denis Moraes.<\/p>\n<div class=\"popito_fn_votewrap\">\n<h3 class=\"vote_title\">Como voc\u00ea vota? <\/h3>\n<div class=\"popito_fn_votes \" data-id=\"1865\">\n<p>1 People voted this article. 1 Upvotes &#8211; 0 Downvotes.<\/p>\n<\/div>\n<\/div>\n<\/div>\n<p><br \/>\n<br \/><a href=\"https:\/\/popito.com.br\/canto-por-ti-corinthians-celebra-paixao-pela-musica-e-pelo-timao\/\">Source link <\/a><\/p>\n<!-- CONTENT END 1 -->\n","protected":false},"excerpt":{"rendered":"<p>\u201cCanto por Ti Corinthians\u201d celebra paix\u00e3o pela m\u00fasica e pelo Tim\u00e3o 3\u00aa edi\u00e7\u00e3o do festival de m\u00fasica retorna depois de dez anos e receber\u00e1 inscri\u00e7\u00f5es&#8230;<\/p>\n","protected":false},"author":1,"featured_media":45310,"comment_status":"open","ping_status":"open","sticky":false,"template":"","format":"standard","meta":{"advanced_seo_description":"","jetpack_seo_html_title":"","jetpack_seo_noindex":false,"jetpack_post_was_ever_published":false,"_jetpack_newsletter_access":"","_jetpack_dont_email_post_to_subs":false,"_jetpack_newsletter_tier_id":0,"_jetpack_memberships_contains_paywalled_content":false,"_jetpack_memberships_contains_paid_content":false,"footnotes":"","jetpack_publicize_message":"","jetpack_publicize_feature_enabled":true,"jetpack_social_post_already_shared":true,"jetpack_social_options":{"image_generator_settings":{"template":"highway","default_image_id":0,"font":"","enabled":false},"version":2}},"categories":[11],"tags":[5440,1921,1723,92,5203,188,885,134,5441],"class_list":["post-45309","post","type-post","status-publish","format-standard","has-post-thumbnail","hentry","category-noticias-de-ribeirao-preto-sp-e-regiao-ismael-colosi","tag-canto","tag-celebra","tag-corinthians","tag-musica","tag-paixao","tag-pela","tag-pelo","tag-por","tag-timao"],"jetpack_publicize_connections":[],"jetpack_featured_media_url":"https:\/\/i0.wp.com\/noticiasribeiraopreto.com.br\/wp-content\/uploads\/2024\/04\/corinthians-2.jpg?fit=1920%2C1080&ssl=1","jetpack-related-posts":[{"id":85111,"url":"https:\/\/noticiasribeiraopreto.com.br\/index.php\/2026\/04\/21\/corinthians-estreia-contra-o-barra-sc-pela-copa-do-brasil\/","url_meta":{"origin":45309,"position":0},"title":"Corinthians estreia contra o Barra-SC pela Copa do Brasil","author":"noticiasribeiraopreto.com.br","date":"21 de April de 2026","format":false,"excerpt":"\r \r \r 21 de abril de 2026 11:04 \r Compartilhar0 Tim\u00e3o defende t\u00edtulo da competi\u00e7\u00e3o nacional e inicia caminhada contra o campe\u00e3o catarinense Por Hugo Luque O atual campe\u00e3o da Copa do Brasil estreia no torneio nesta ter\u00e7a-feira (21), \u00e0s 21h30. Na Ressacada, em Florian\u00f3polis (SC), o Corinthians visita\u2026","rel":"","context":"In &quot;Not\u00edcias de Ribeir\u00e3o Preto-SP e Regi\u00e3o&quot;","block_context":{"text":"Not\u00edcias de Ribeir\u00e3o Preto-SP e Regi\u00e3o","link":"https:\/\/noticiasribeiraopreto.com.br\/index.php\/category\/noticias-de-ribeirao-preto-sp-e-regiao-ismael-colosi\/"},"img":{"alt_text":"","src":"https:\/\/i0.wp.com\/noticiasribeiraopreto.com.br\/wp-content\/uploads\/2026\/04\/2-Vitoria-x-Corinthians-Rodrigo-Coca_Ag.-Corinthians.jpg?fit=400%2C267&ssl=1&resize=350%2C200","width":350,"height":200},"classes":[]},{"id":69201,"url":"https:\/\/noticiasribeiraopreto.com.br\/index.php\/2025\/05\/03\/corinthians-recebe-internacional-pelo-brasileirao\/","url_meta":{"origin":45309,"position":1},"title":"Corinthians recebe Internacional pelo Brasileir\u00e3o\u00a0","author":"noticiasribeiraopreto.com.br","date":"3 de May de 2025","format":false,"excerpt":"Por Hugo Luque\u00a0 O Corinthians entra em campo neste s\u00e1bado (3), \u00e0s 18h30, para enfrentar o Internacional, pela s\u00e9tima rodada do Campeonato Brasileiro. Na Neo Qu\u00edmica Arena, o Tim\u00e3o busca sua segunda vit\u00f3ria sob comando do t\u00e9cnico Dorival J\u00fanior, que comandar\u00e1 a equipe pela primeira vez em sua nova casa.\u00a0\u2026","rel":"","context":"In &quot;Not\u00edcias de Ribeir\u00e3o Preto-SP e Regi\u00e3o&quot;","block_context":{"text":"Not\u00edcias de Ribeir\u00e3o Preto-SP e Regi\u00e3o","link":"https:\/\/noticiasribeiraopreto.com.br\/index.php\/category\/noticias-de-ribeirao-preto-sp-e-regiao-ismael-colosi\/"},"img":{"alt_text":"","src":"https:\/\/i0.wp.com\/noticiasribeiraopreto.com.br\/wp-content\/uploads\/2025\/05\/2-Novorizontino-x-Corinthians-Copa-do-Brasil-Rodrigo-Coca_Ag.-Corinthians.jpg?fit=400%2C314&ssl=1&resize=350%2C200","width":350,"height":200},"classes":[]},{"id":81025,"url":"https:\/\/noticiasribeiraopreto.com.br\/index.php\/2025\/12\/21\/corinthians-e-vasco-decidem-a-copa-do-brasil\/","url_meta":{"origin":45309,"position":2},"title":"Corinthians e Vasco decidem a Copa do Brasil","author":"noticiasribeiraopreto.com.br","date":"21 de December de 2025","format":false,"excerpt":"\r \r \r 21 de dezembro de 2025 08:3520 de dezembro de 2025 03:23 \r Compartilhar0 Por Hugo Luque No fechamento da temporada de 2025 do futebol brasileiro, o Corinthians encara o Vasco neste domingo (21), \u00e0s 18h, no Maracan\u00e3, pela grande final da Copa do Brasil. Ap\u00f3s o empate\u2026","rel":"","context":"In &quot;Not\u00edcias de Ribeir\u00e3o Preto-SP e Regi\u00e3o&quot;","block_context":{"text":"Not\u00edcias de Ribeir\u00e3o Preto-SP e Regi\u00e3o","link":"https:\/\/noticiasribeiraopreto.com.br\/index.php\/category\/noticias-de-ribeirao-preto-sp-e-regiao-ismael-colosi\/"},"img":{"alt_text":"","src":"https:\/\/i0.wp.com\/noticiasribeiraopreto.com.br\/wp-content\/uploads\/2025\/12\/2-copa-br-Foto-01-Rodrigo-Coca_Ag.-Corinthians.jpg?fit=400%2C271&ssl=1&resize=350%2C200","width":350,"height":200},"classes":[]},{"id":84946,"url":"https:\/\/noticiasribeiraopreto.com.br\/index.php\/2026\/04\/18\/corinthians-encara-vitoria-no-barradao\/","url_meta":{"origin":45309,"position":3},"title":"Corinthians encara Vit\u00f3ria no Barrad\u00e3o","author":"noticiasribeiraopreto.com.br","date":"18 de April de 2026","format":false,"excerpt":"\r \r \r 18 de abril de 2026 12:0018 de abril de 2026 02:52 \r Compartilhar0 Por Hugo Luque De volta ao Campeonato Brasileiro, o Corinthians enfrenta o Vit\u00f3ria neste s\u00e1bado (18), \u00e0s 20h, pela 12\u00aa rodada da competi\u00e7\u00e3o. No Barrad\u00e3o, o Tim\u00e3o tenta somar pontos para se afastar da\u2026","rel":"","context":"In &quot;Not\u00edcias de Ribeir\u00e3o Preto-SP e Regi\u00e3o&quot;","block_context":{"text":"Not\u00edcias de Ribeir\u00e3o Preto-SP e Regi\u00e3o","link":"https:\/\/noticiasribeiraopreto.com.br\/index.php\/category\/noticias-de-ribeirao-preto-sp-e-regiao-ismael-colosi\/"},"img":{"alt_text":"","src":"https:\/\/i0.wp.com\/noticiasribeiraopreto.com.br\/wp-content\/uploads\/2026\/04\/3.1-Corinthians-x-Vitoria-Rodrigo-Coca_Ag.-Corinthians.jpg?fit=400%2C267&ssl=1&resize=350%2C200","width":350,"height":200},"classes":[]},{"id":68905,"url":"https:\/\/noticiasribeiraopreto.com.br\/index.php\/2025\/04\/30\/corinthians-encara-novorizontino-na-estreia-de-dorival\/","url_meta":{"origin":45309,"position":4},"title":"Corinthians encara Novorizontino na estreia de Dorival\u00a0","author":"noticiasribeiraopreto.com.br","date":"30 de April de 2025","format":false,"excerpt":"30 de abril de 2025 10:3029 de abril de 2025 19:098 Compartilhar0 Por Hugo Luque\u00a0 Agora comandado por Dorival J\u00fanior, o Corinthians entra em campo nesta quarta-feira (30), \u00e0s 21h30, para enfrentar o Novorizontino. A partida, v\u00e1lida pela ida da terceira fase da Copa do Brasil, ser\u00e1 no Est\u00e1dio Doutor\u2026","rel":"","context":"In &quot;Not\u00edcias de Ribeir\u00e3o Preto-SP e Regi\u00e3o&quot;","block_context":{"text":"Not\u00edcias de Ribeir\u00e3o Preto-SP e Regi\u00e3o","link":"https:\/\/noticiasribeiraopreto.com.br\/index.php\/category\/noticias-de-ribeirao-preto-sp-e-regiao-ismael-colosi\/"},"img":{"alt_text":"","src":"https:\/\/i0.wp.com\/noticiasribeiraopreto.com.br\/wp-content\/uploads\/2025\/04\/3-TEC-Dorival-Junior-Rodrigo-Coca_Ag.-Corinthians-scaled.jpeg?fit=701%2C500&ssl=1&resize=350%2C200","width":350,"height":200,"srcset":"https:\/\/i0.wp.com\/noticiasribeiraopreto.com.br\/wp-content\/uploads\/2025\/04\/3-TEC-Dorival-Junior-Rodrigo-Coca_Ag.-Corinthians-scaled.jpeg?fit=701%2C500&ssl=1&resize=350%2C200 1x, https:\/\/i0.wp.com\/noticiasribeiraopreto.com.br\/wp-content\/uploads\/2025\/04\/3-TEC-Dorival-Junior-Rodrigo-Coca_Ag.-Corinthians-scaled.jpeg?fit=701%2C500&ssl=1&resize=525%2C300 1.5x, https:\/\/i0.wp.com\/noticiasribeiraopreto.com.br\/wp-content\/uploads\/2025\/04\/3-TEC-Dorival-Junior-Rodrigo-Coca_Ag.-Corinthians-scaled.jpeg?fit=701%2C500&ssl=1&resize=700%2C400 2x"},"classes":[]},{"id":82820,"url":"https:\/\/noticiasribeiraopreto.com.br\/index.php\/2026\/02\/28\/corinthians-visita-novorizontino-pela-semifinal-do-paulistao\/","url_meta":{"origin":45309,"position":5},"title":"Corinthians visita Novorizontino pela semifinal do Paulist\u00e3o","author":"noticiasribeiraopreto.com.br","date":"28 de February de 2026","format":false,"excerpt":"\r \r \r 28 de fevereiro de 2026 09:0428 de fevereiro de 2026 02:17 \r Compartilhar0 Por Hugo Luque O Corinthians encara o Novorizontino neste s\u00e1bado (28), \u00e0s 20h30, pela semifinal do Campeonato Paulista. O vencedor do confronto, que ser\u00e1 realizado no Est\u00e1dio Doutor Jorge Ismael de Biasi, o Jorj\u00e3o,\u2026","rel":"","context":"In &quot;Not\u00edcias de Ribeir\u00e3o Preto-SP e Regi\u00e3o&quot;","block_context":{"text":"Not\u00edcias de Ribeir\u00e3o Preto-SP e Regi\u00e3o","link":"https:\/\/noticiasribeiraopreto.com.br\/index.php\/category\/noticias-de-ribeirao-preto-sp-e-regiao-ismael-colosi\/"},"img":{"alt_text":"","src":"https:\/\/i0.wp.com\/noticiasribeiraopreto.com.br\/wp-content\/uploads\/2026\/02\/1-Corinthians-x-Novorizontino-2025-Divulgacao_Novorizontino.jpg?fit=799%2C533&ssl=1&resize=350%2C200","width":350,"height":200,"srcset":"https:\/\/i0.wp.com\/noticiasribeiraopreto.com.br\/wp-content\/uploads\/2026\/02\/1-Corinthians-x-Novorizontino-2025-Divulgacao_Novorizontino.jpg?fit=799%2C533&ssl=1&resize=350%2C200 1x, https:\/\/i0.wp.com\/noticiasribeiraopreto.com.br\/wp-content\/uploads\/2026\/02\/1-Corinthians-x-Novorizontino-2025-Divulgacao_Novorizontino.jpg?fit=799%2C533&ssl=1&resize=525%2C300 1.5x, https:\/\/i0.wp.com\/noticiasribeiraopreto.com.br\/wp-content\/uploads\/2026\/02\/1-Corinthians-x-Novorizontino-2025-Divulgacao_Novorizontino.jpg?fit=799%2C533&ssl=1&resize=700%2C400 2x"},"classes":[]}],"jetpack_sharing_enabled":true,"jetpack_shortlink":"https:\/\/wp.me\/peQAOb-bMN","_links":{"self":[{"href":"https:\/\/noticiasribeiraopreto.com.br\/index.php\/wp-json\/wp\/v2\/posts\/45309","targetHints":{"allow":["GET"]}}],"collection":[{"href":"https:\/\/noticiasribeiraopreto.com.br\/index.php\/wp-json\/wp\/v2\/posts"}],"about":[{"href":"https:\/\/noticiasribeiraopreto.com.br\/index.php\/wp-json\/wp\/v2\/types\/post"}],"author":[{"embeddable":true,"href":"https:\/\/noticiasribeiraopreto.com.br\/index.php\/wp-json\/wp\/v2\/users\/1"}],"replies":[{"embeddable":true,"href":"https:\/\/noticiasribeiraopreto.com.br\/index.php\/wp-json\/wp\/v2\/comments?post=45309"}],"version-history":[{"count":0,"href":"https:\/\/noticiasribeiraopreto.com.br\/index.php\/wp-json\/wp\/v2\/posts\/45309\/revisions"}],"wp:featuredmedia":[{"embeddable":true,"href":"https:\/\/noticiasribeiraopreto.com.br\/index.php\/wp-json\/wp\/v2\/media\/45310"}],"wp:attachment":[{"href":"https:\/\/noticiasribeiraopreto.com.br\/index.php\/wp-json\/wp\/v2\/media?parent=45309"}],"wp:term":[{"taxonomy":"category","embeddable":true,"href":"https:\/\/noticiasribeiraopreto.com.br\/index.php\/wp-json\/wp\/v2\/categories?post=45309"},{"taxonomy":"post_tag","embeddable":true,"href":"https:\/\/noticiasribeiraopreto.com.br\/index.php\/wp-json\/wp\/v2\/tags?post=45309"}],"curies":[{"name":"wp","href":"https:\/\/api.w.org\/{rel}","templated":true}]}}