{"id":45598,"date":"2024-04-05T09:55:57","date_gmt":"2024-04-05T12:55:57","guid":{"rendered":"https:\/\/noticiasribeiraopreto.com.br\/index.php\/2024\/04\/05\/nove-integrantes-deixam-o-governo\/"},"modified":"2024-04-05T09:55:57","modified_gmt":"2024-04-05T12:55:57","slug":"nove-integrantes-deixam-o-governo","status":"publish","type":"post","link":"https:\/\/noticiasribeiraopreto.com.br\/index.php\/2024\/04\/05\/nove-integrantes-deixam-o-governo\/","title":{"rendered":"Nove integrantes deixam o governo"},"content":{"rendered":"<div class='code-block code-block-1' style='margin: 8px 0 8px auto; text-align: right; display: block; clear: both;'>\n<p><a href=\"https:\/\/wa.link\/vpicfd\"><img data-recalc-dims=\"1\" class=\"wp-image-4922\" style=\"aspect-ratio: 2.0253164556962027; width: 561px; height: auto;\" src=\"https:\/\/i0.wp.com\/ismaelcolosi.com.br\/wp-content\/uploads\/2023\/11\/grupo-de-empregos-whatsapp-e-facebook-ismael-colosi-vagas.jpg?ssl=1\" alt=\"\" \/><\/a><\/p>\n<!-- \/wp:image -->\n<\/div>\n<p> <br \/>\n<\/p>\n<div>\n<p><span data-contrast=\"none\">Nove integrantes do alto escal\u00e3o do governo Duarte Nogueira (PSDB) pediram exonera\u00e7\u00e3o de seus cargos. Os desligamentos foram publicados no Di\u00e1rio Oficial do Munic\u00edpio (DOM) de quarta-feira (3). A debandada tem rela\u00e7\u00e3o direta com as elei\u00e7\u00f5es municipais deste ano. V\u00e1rios pretendem disputar uma vaga na C\u00e2mara de Vereadores e outros almejam ser indicados pelos partidos aos quais est\u00e3o filiados para disputar a sucess\u00e3o do tucano.<\/span><\/p>\n<p><span data-contrast=\"none\">Deixaram o governo os secret\u00e1rios municipais Alessandro Hirata (PSDB, Casa Civil), Ricardo Aguiar (PSDB, secret\u00e1rio de Esportes), Daniel Gobbi (PP, vice-prefeito e secret\u00e1rio municipal de Planejamento e Desenvolvimento Urbano) e Gl\u00e1ucia Berenice (Republicanos, da Assist\u00eancia Social) <\/span><span data-contrast=\"auto\">\u2013 <\/span><span data-contrast=\"none\">vereadora licenciada, retornou \u00e0 C\u00e2mara para tentar a reelei\u00e7\u00e3o. <\/span><\/p>\n<p><span data-contrast=\"none\">Com isso, Andr\u00e9 Trindade (Uni\u00e3o Brasil) volta para a supl\u00eancia. Tamb\u00e9m pediu exonera\u00e7\u00e3o Cristiane Framartino Bezerra (MDB), superintendente da Funda\u00e7\u00e3o Instituto do Livro, que disputou a prefeitura de Ribeir\u00e3o Preto no pleito de 2020. Rodrigo Sim\u00f5es, diretor-presidente da Funda\u00e7\u00e3o de Forma\u00e7\u00e3o Tecnol\u00f3gica de Ribeir\u00e3o Preto (Funtec), que foi vereador por dois mandatos no per\u00edodo de 2013 a 2020, tamb\u00e9m deixou o cargo.<\/span><\/p>\n<p><span data-contrast=\"none\">Renata Corr\u00eaa Gregoldo (PSDB), diretora do Departamento de Transpar\u00eancia e Integridade P\u00fablica da Controladoria Geral do Munic\u00edpio\u00a0 pediu exonera\u00e7\u00e3o. Ela j\u00e1 foi presidente do Fundo Social de Solidariedade e secret\u00e1ria municipal da Assist\u00eancia Social. Tamb\u00e9m foi candidata a vereadora em 2020.<\/span><\/p>\n<p><span data-contrast=\"none\">Por fim, a lista inclui Yuri Diniz Saia (PSDB, administrador Regional da Regi\u00e3o Sul) e Ismael Colosi (Uni\u00e3o Brasil, administrador Regional Oeste). O secret\u00e1rio municipal de Educa\u00e7\u00e3o, Felipe Elias Miguel, cotado para disputar a prefeitura de Ribeir\u00e3o Preto ou a verean\u00e7a, ainda n\u00e3o pediu exonera\u00e7\u00e3o. Ele teria desistido das elei\u00e7\u00f5es.<\/span><\/p>\n<p><span data-contrast=\"none\">O total de exonerados ainda pode aumentar , j\u00e1 que termina nesta sexta-feira (5) o prazo para que ocupantes de cargos comissionados que pretendem ser candidatos deixem seus cargos.\u00a0 A Legisla\u00e7\u00e3o Eleitoral determina que a desincompatibiliza\u00e7\u00e3o deve acontecer seis meses antes do pleito. <\/span><br \/><b\/><\/p>\n<p><b><span data-contrast=\"none\">Janela eleitoral <\/span><\/b><b><span data-contrast=\"auto\">\u2013<\/span><\/b><span data-contrast=\"none\"> A janela eleitoral termina nesta sexta-feira e o prazo para filia\u00e7\u00e3o partid\u00e1ria expira no dia seguinte, s\u00e1bado, 6 de abril. Neste per\u00edodo, vereadores podem mudar de partido sem ter os mandatos questionados ou cassados pelas legendas pelas quais foram eleitos. <\/span><\/p>\n<p><span data-contrast=\"none\">Neste per\u00edodo de 30 dias, ocupantes de cargos eletivos, obtidos em pleitos proporcionais, podem trocar de partido sem perderem o mandato.\u00a0 Essa possibilidade est\u00e1 prevista na Lei dos Partidos Pol\u00edticos (n\u00ba 9.096\/95) e \u00e9 considerada uma justa causa para desfilia\u00e7\u00e3o partid\u00e1ria, se ela for feita durante o per\u00edodo permitido.<\/span><\/p>\n<p><span data-contrast=\"none\">At\u00e9 o momento, j\u00e1 mudaram de partido os vereadores Bertinho Scandiuzzi (saiu do PSDB e foi para o PSD), Jean Corauci e Luis Fran\u00e7a \u2013 ambos do PSB, tamb\u00e9m migraram para o PSD dos deputados Ricardo Silva (federal) e Rafael Silva (estadual). <\/span><\/p>\n<p><span data-contrast=\"none\">O vereador Paulo Modas, atualmente no Uni\u00e3o Brasil, tamb\u00e9m dever\u00e1 migrar para o PSD.\u00a0 J\u00e1 Lincoln Fernandes deixou o PDT e ingressou no PL do ex-presidente Jair Bolsonaro. Franco Ferro, que estava no PRTB, foi para o Progressistas (PP). Atualmente, Ribeir\u00e3o Preto j\u00e1 tem, oficialmente, sete pr\u00e9-candidatos a prefeito.<\/span><\/p>\n<p><span data-contrast=\"none\">S\u00e3o eles Daniel Gobbi (PP), Jorge Roque (PT), Igor Oliveira (MDB), Mauro In\u00e1cio (PSOL), Suely Vilela (PSB), Marco Aur\u00e9lio Martins (Novo) e Isaac Antunes (PL). Ricardo Silva ainda n\u00e3o oficializou se ser\u00e1 candidato. Lincoln Fernandes tamb\u00e9m est\u00e1 cotado para a disputa. O ex-vereador Walter Gomes (sem-partido) anunciou que pretende concorrer.<\/span><\/p>\n<p><span data-ccp-props=\"{&quot;201341983&quot;:0,&quot;335559739&quot;:200,&quot;335559740&quot;:276}\">\u00a0<\/span><\/p>\n<p><span data-ccp-props=\"{&quot;201341983&quot;:0,&quot;335559739&quot;:200,&quot;335559740&quot;:276}\">\u00a0<\/span><\/p>\n<p><span data-ccp-props=\"{&quot;201341983&quot;:0,&quot;335559739&quot;:200,&quot;335559740&quot;:276}\">\u00a0<\/span><\/p>\n<\/div>\n<p><br \/>\n<br \/><a href=\"https:\/\/www.tribunaribeirao.com.br\/site\/nove-integrantes-deixam-o-governo\/\">Source link <\/a><\/p>\n<!-- CONTENT END 1 -->\n","protected":false},"excerpt":{"rendered":"<p>Nove integrantes do alto escal\u00e3o do governo Duarte Nogueira (PSDB) pediram exonera\u00e7\u00e3o de seus cargos. Os desligamentos foram publicados no Di\u00e1rio Oficial do Munic\u00edpio (DOM)&#8230;<\/p>\n","protected":false},"author":1,"featured_media":45599,"comment_status":"open","ping_status":"open","sticky":false,"template":"","format":"standard","meta":{"advanced_seo_description":"","jetpack_seo_html_title":"","jetpack_seo_noindex":false,"jetpack_post_was_ever_published":false,"_jetpack_newsletter_access":"","_jetpack_dont_email_post_to_subs":false,"_jetpack_newsletter_tier_id":0,"_jetpack_memberships_contains_paywalled_content":false,"_jetpack_memberships_contains_paid_content":false,"footnotes":"","jetpack_publicize_message":"","jetpack_publicize_feature_enabled":true,"jetpack_social_post_already_shared":true,"jetpack_social_options":{"image_generator_settings":{"template":"highway","default_image_id":0,"font":"","enabled":false},"version":2}},"categories":[11],"tags":[2726,1271,2008,1228],"class_list":["post-45598","post","type-post","status-publish","format-standard","has-post-thumbnail","hentry","category-noticias-de-ribeirao-preto-sp-e-regiao-ismael-colosi","tag-deixam","tag-governo","tag-integrantes","tag-nove"],"jetpack_publicize_connections":[],"jetpack_featured_media_url":"https:\/\/i0.wp.com\/noticiasribeiraopreto.com.br\/wp-content\/uploads\/2024\/04\/Prefeitura-de-RP-Foto-CCS-scaled.jpeg?fit=970%2C645&ssl=1","jetpack-related-posts":[{"id":45035,"url":"https:\/\/noticiasribeiraopreto.com.br\/index.php\/2024\/04\/01\/prefeitura-deve-perder-cinco-secretarios\/","url_meta":{"origin":45598,"position":0},"title":"Prefeitura deve perder cinco secret\u00e1rios","author":"noticiasribeiraopreto.com.br","date":"1 de April de 2024","format":false,"excerpt":"1 de abril de 2024 | 17:081 de abril de 2024 | 17:46 0 Pelo menos cinco secret\u00e1rios municipais devem deixar o governo do prefeito Duarte Nogueira (PSDB) at\u00e9 a pr\u00f3xima sexta-feira, 5 de abril. Nesta data termina o prazo para quem ocupa cargo comissionado e pretende disputar a elei\u00e7\u00e3o\u2026","rel":"","context":"In &quot;Not\u00edcias de Ribeir\u00e3o Preto-SP e Regi\u00e3o&quot;","block_context":{"text":"Not\u00edcias de Ribeir\u00e3o Preto-SP e Regi\u00e3o","link":"https:\/\/noticiasribeiraopreto.com.br\/index.php\/category\/noticias-de-ribeirao-preto-sp-e-regiao-ismael-colosi\/"},"img":{"alt_text":"","src":"https:\/\/i0.wp.com\/noticiasribeiraopreto.com.br\/wp-content\/uploads\/2024\/04\/prefeitura.jpg?fit=800%2C500&ssl=1&resize=350%2C200","width":350,"height":200,"srcset":"https:\/\/i0.wp.com\/noticiasribeiraopreto.com.br\/wp-content\/uploads\/2024\/04\/prefeitura.jpg?fit=800%2C500&ssl=1&resize=350%2C200 1x, https:\/\/i0.wp.com\/noticiasribeiraopreto.com.br\/wp-content\/uploads\/2024\/04\/prefeitura.jpg?fit=800%2C500&ssl=1&resize=525%2C300 1.5x, https:\/\/i0.wp.com\/noticiasribeiraopreto.com.br\/wp-content\/uploads\/2024\/04\/prefeitura.jpg?fit=800%2C500&ssl=1&resize=700%2C400 2x"},"classes":[]},{"id":72487,"url":"https:\/\/noticiasribeiraopreto.com.br\/index.php\/2025\/06\/17\/dois-secretarios-deixam-o-governo-de-ricardo-silva\/","url_meta":{"origin":45598,"position":1},"title":"Dois secret\u00e1rios deixam o governo de Ricardo Silva","author":"noticiasribeiraopreto.com.br","date":"17 de June de 2025","format":false,"excerpt":"Pediram para sair por motivos pessoais, o secret\u00e1rio de governo, Jo\u00e3o Augusto do Carmo e o do Planejamento, Jos\u00e9 Roberto Geraldine J\u00fanior 17 de junho de 2025 17:5418 Compartilhar2 A prefeitura de Ribeir\u00e3o Preto anunciou nesta ter\u00e7a-feira, 17 de junho, a sa\u00edda de dois secret\u00e1rios municipais. Deixar\u00e3o os cargos, a\u2026","rel":"","context":"In &quot;Not\u00edcias de Ribeir\u00e3o Preto-SP e Regi\u00e3o&quot;","block_context":{"text":"Not\u00edcias de Ribeir\u00e3o Preto-SP e Regi\u00e3o","link":"https:\/\/noticiasribeiraopreto.com.br\/index.php\/category\/noticias-de-ribeirao-preto-sp-e-regiao-ismael-colosi\/"},"img":{"alt_text":"","src":"https:\/\/i0.wp.com\/noticiasribeiraopreto.com.br\/wp-content\/uploads\/2025\/06\/17-jun-2025-secretariosricardo.jpg?fit=537%2C373&ssl=1&resize=350%2C200","width":350,"height":200,"srcset":"https:\/\/i0.wp.com\/noticiasribeiraopreto.com.br\/wp-content\/uploads\/2025\/06\/17-jun-2025-secretariosricardo.jpg?fit=537%2C373&ssl=1&resize=350%2C200 1x, https:\/\/i0.wp.com\/noticiasribeiraopreto.com.br\/wp-content\/uploads\/2025\/06\/17-jun-2025-secretariosricardo.jpg?fit=537%2C373&ssl=1&resize=525%2C300 1.5x"},"classes":[]},{"id":59682,"url":"https:\/\/noticiasribeiraopreto.com.br\/index.php\/2024\/10\/28\/nogueira-indica-secretario-para-transicao-de-governo-de-ricardo-silva\/","url_meta":{"origin":45598,"position":2},"title":"Nogueira indica secret\u00e1rio para transi\u00e7\u00e3o de governo de Ricardo Silva","author":"noticiasribeiraopreto.com.br","date":"28 de October de 2024","format":false,"excerpt":"O prefeito de Ribeir\u00e3o Preto, Duarte Nogueira (PSDB), indicou nesta segunda-feira (28) o secret\u00e1rio de Governo Antonio Daas Abboud para come\u00e7ar a transi\u00e7\u00e3o de gest\u00e3o junto com a equipe que ser\u00e1 indicada pelo prefeito eleito Ricardo Silva (PSD). A coluna apurou que o novo prefeito eleito ainda avalia quem indicar\u00e1\u2026","rel":"","context":"In &quot;Not\u00edcias de Ribeir\u00e3o Preto-SP e Regi\u00e3o&quot;","block_context":{"text":"Not\u00edcias de Ribeir\u00e3o Preto-SP e Regi\u00e3o","link":"https:\/\/noticiasribeiraopreto.com.br\/index.php\/category\/noticias-de-ribeirao-preto-sp-e-regiao-ismael-colosi\/"},"img":{"alt_text":"","src":"https:\/\/i0.wp.com\/noticiasribeiraopreto.com.br\/wp-content\/uploads\/2024\/10\/abboud_2024-10-28_16-41-10_jpeg_2024-10-28_16-41-10.webp.webp?fit=1200%2C674&ssl=1&resize=350%2C200","width":350,"height":200,"srcset":"https:\/\/i0.wp.com\/noticiasribeiraopreto.com.br\/wp-content\/uploads\/2024\/10\/abboud_2024-10-28_16-41-10_jpeg_2024-10-28_16-41-10.webp.webp?fit=1200%2C674&ssl=1&resize=350%2C200 1x, https:\/\/i0.wp.com\/noticiasribeiraopreto.com.br\/wp-content\/uploads\/2024\/10\/abboud_2024-10-28_16-41-10_jpeg_2024-10-28_16-41-10.webp.webp?fit=1200%2C674&ssl=1&resize=525%2C300 1.5x, https:\/\/i0.wp.com\/noticiasribeiraopreto.com.br\/wp-content\/uploads\/2024\/10\/abboud_2024-10-28_16-41-10_jpeg_2024-10-28_16-41-10.webp.webp?fit=1200%2C674&ssl=1&resize=700%2C400 2x, https:\/\/i0.wp.com\/noticiasribeiraopreto.com.br\/wp-content\/uploads\/2024\/10\/abboud_2024-10-28_16-41-10_jpeg_2024-10-28_16-41-10.webp.webp?fit=1200%2C674&ssl=1&resize=1050%2C600 3x"},"classes":[]},{"id":55603,"url":"https:\/\/noticiasribeiraopreto.com.br\/index.php\/2024\/08\/03\/uniao-brasil-define-andre-trindade-como-candidato-a-prefeitura-de-ribeirao-preto\/","url_meta":{"origin":45598,"position":3},"title":"Uni\u00e3o Brasil define Andr\u00e9 Trindade como candidato \u00e0 Prefeitura de Ribeir\u00e3o Preto","author":"noticiasribeiraopreto.com.br","date":"3 de August de 2024","format":false,"excerpt":"O Uni\u00e3o Brasil (UB) oficializou a candidatura de Andr\u00e9 Trindade \u00e0 Prefeitura de Ribeir\u00e3o Preto durante conven\u00e7\u00e3o realizada neste s\u00e1bado (3), na C\u00e2mara Municipal. O nome do ex-secret\u00e1rio municipal de Justi\u00e7a e da Casa Civil, Alessandro Hirata (PSDB), tamb\u00e9m foi oficializado como candidato a vice. Trindade \u00e9 ex-l\u00edder do atual\u2026","rel":"","context":"In &quot;Not\u00edcias de Ribeir\u00e3o Preto-SP e Regi\u00e3o&quot;","block_context":{"text":"Not\u00edcias de Ribeir\u00e3o Preto-SP e Regi\u00e3o","link":"https:\/\/noticiasribeiraopreto.com.br\/index.php\/category\/noticias-de-ribeirao-preto-sp-e-regiao-ismael-colosi\/"},"img":{"alt_text":"","src":"https:\/\/i0.wp.com\/noticiasribeiraopreto.com.br\/wp-content\/uploads\/2024\/08\/WhatsApp-Image-2024-08-03-at-13.58.46_2024-08-03_19-37-00_jpeg_2024-08-03_19-37-02-scaled.webp.webp?fit=1200%2C800&ssl=1&resize=350%2C200","width":350,"height":200,"srcset":"https:\/\/i0.wp.com\/noticiasribeiraopreto.com.br\/wp-content\/uploads\/2024\/08\/WhatsApp-Image-2024-08-03-at-13.58.46_2024-08-03_19-37-00_jpeg_2024-08-03_19-37-02-scaled.webp.webp?fit=1200%2C800&ssl=1&resize=350%2C200 1x, https:\/\/i0.wp.com\/noticiasribeiraopreto.com.br\/wp-content\/uploads\/2024\/08\/WhatsApp-Image-2024-08-03-at-13.58.46_2024-08-03_19-37-00_jpeg_2024-08-03_19-37-02-scaled.webp.webp?fit=1200%2C800&ssl=1&resize=525%2C300 1.5x, https:\/\/i0.wp.com\/noticiasribeiraopreto.com.br\/wp-content\/uploads\/2024\/08\/WhatsApp-Image-2024-08-03-at-13.58.46_2024-08-03_19-37-00_jpeg_2024-08-03_19-37-02-scaled.webp.webp?fit=1200%2C800&ssl=1&resize=700%2C400 2x, https:\/\/i0.wp.com\/noticiasribeiraopreto.com.br\/wp-content\/uploads\/2024\/08\/WhatsApp-Image-2024-08-03-at-13.58.46_2024-08-03_19-37-00_jpeg_2024-08-03_19-37-02-scaled.webp.webp?fit=1200%2C800&ssl=1&resize=1050%2C600 3x"},"classes":[]},{"id":11525,"url":"https:\/\/noticiasribeiraopreto.com.br\/index.php\/2023\/12\/06\/renato-zucoloto-permanece-na-ccj\/","url_meta":{"origin":45598,"position":4},"title":"Renato Zucoloto\u00a0permanece na CCJ &#8211; Jornal Tribuna Ribeir\u00e3o","author":"noticiasribeiraopreto.com.br","date":"6 de December de 2023","format":false,"excerpt":"A C\u00e2mara de Ribeir\u00e3o Preto definiu, na noite desta ter\u00e7a-feira, 5 de dezembro, a composi\u00e7\u00e3o das 15 comiss\u00f5es permanentes e do Conselho e \u00c9tica e Decoro Parlamentar para 2024. Com a altera\u00e7\u00e3o no Regimento Interno do Legislativo, desde 2022 a elei\u00e7\u00e3o passou a ocorrer na primeira sess\u00e3o do \u00faltimo m\u00eas\u2026","rel":"","context":"In &quot;Not\u00edcias de Ribeir\u00e3o Preto-SP e Regi\u00e3o&quot;","block_context":{"text":"Not\u00edcias de Ribeir\u00e3o Preto-SP e Regi\u00e3o","link":"https:\/\/noticiasribeiraopreto.com.br\/index.php\/category\/noticias-de-ribeirao-preto-sp-e-regiao-ismael-colosi\/"},"img":{"alt_text":"","src":"https:\/\/i0.wp.com\/noticiasribeiraopreto.com.br\/wp-content\/uploads\/2023\/12\/zucoloto-scaled.jpg?fit=967%2C645&ssl=1&resize=350%2C200","width":350,"height":200,"srcset":"https:\/\/i0.wp.com\/noticiasribeiraopreto.com.br\/wp-content\/uploads\/2023\/12\/zucoloto-scaled.jpg?fit=967%2C645&ssl=1&resize=350%2C200 1x, https:\/\/i0.wp.com\/noticiasribeiraopreto.com.br\/wp-content\/uploads\/2023\/12\/zucoloto-scaled.jpg?fit=967%2C645&ssl=1&resize=525%2C300 1.5x, https:\/\/i0.wp.com\/noticiasribeiraopreto.com.br\/wp-content\/uploads\/2023\/12\/zucoloto-scaled.jpg?fit=967%2C645&ssl=1&resize=700%2C400 2x"},"classes":[]},{"id":80078,"url":"https:\/\/noticiasribeiraopreto.com.br\/index.php\/2025\/11\/14\/isaac-antunes-deve-ser-reeleito-pela-terceira-vez\/","url_meta":{"origin":45598,"position":5},"title":"Isaac Antunes deve ser reeleito pela terceira vez","author":"noticiasribeiraopreto.com.br","date":"14 de November de 2025","format":false,"excerpt":"Elei\u00e7\u00e3o da nova Mesa Diretora da C\u00e2mara de Ribeir\u00e3o Preto ser\u00e1 em dia 26 de novembro; Isaac Antunes (PL) dever\u00e1 permanecer no cargo\u2028\u2028As articula\u00e7\u00f5es para definir a composi\u00e7\u00e3o da nova Mesa Diretora da C\u00e2mara de Ribeir\u00e3o Preto em| 2026 j\u00e1 come\u00e7aram. A elei\u00e7\u00e3o do futuro presidente, primeiro e segundo vice-presidentes\u2026","rel":"","context":"In &quot;Not\u00edcias de Ribeir\u00e3o Preto-SP e Regi\u00e3o&quot;","block_context":{"text":"Not\u00edcias de Ribeir\u00e3o Preto-SP e Regi\u00e3o","link":"https:\/\/noticiasribeiraopreto.com.br\/index.php\/category\/noticias-de-ribeirao-preto-sp-e-regiao-ismael-colosi\/"},"img":{"alt_text":"","src":"https:\/\/i0.wp.com\/noticiasribeiraopreto.com.br\/wp-content\/uploads\/2025\/11\/CamaraRP-Isa-Alfredo-Risk-scaled.jpg?fit=1170%2C780&ssl=1&resize=350%2C200","width":350,"height":200,"srcset":"https:\/\/i0.wp.com\/noticiasribeiraopreto.com.br\/wp-content\/uploads\/2025\/11\/CamaraRP-Isa-Alfredo-Risk-scaled.jpg?fit=1170%2C780&ssl=1&resize=350%2C200 1x, https:\/\/i0.wp.com\/noticiasribeiraopreto.com.br\/wp-content\/uploads\/2025\/11\/CamaraRP-Isa-Alfredo-Risk-scaled.jpg?fit=1170%2C780&ssl=1&resize=525%2C300 1.5x, https:\/\/i0.wp.com\/noticiasribeiraopreto.com.br\/wp-content\/uploads\/2025\/11\/CamaraRP-Isa-Alfredo-Risk-scaled.jpg?fit=1170%2C780&ssl=1&resize=700%2C400 2x, https:\/\/i0.wp.com\/noticiasribeiraopreto.com.br\/wp-content\/uploads\/2025\/11\/CamaraRP-Isa-Alfredo-Risk-scaled.jpg?fit=1170%2C780&ssl=1&resize=1050%2C600 3x"},"classes":[]}],"jetpack_sharing_enabled":true,"jetpack_shortlink":"https:\/\/wp.me\/peQAOb-bRs","_links":{"self":[{"href":"https:\/\/noticiasribeiraopreto.com.br\/index.php\/wp-json\/wp\/v2\/posts\/45598","targetHints":{"allow":["GET"]}}],"collection":[{"href":"https:\/\/noticiasribeiraopreto.com.br\/index.php\/wp-json\/wp\/v2\/posts"}],"about":[{"href":"https:\/\/noticiasribeiraopreto.com.br\/index.php\/wp-json\/wp\/v2\/types\/post"}],"author":[{"embeddable":true,"href":"https:\/\/noticiasribeiraopreto.com.br\/index.php\/wp-json\/wp\/v2\/users\/1"}],"replies":[{"embeddable":true,"href":"https:\/\/noticiasribeiraopreto.com.br\/index.php\/wp-json\/wp\/v2\/comments?post=45598"}],"version-history":[{"count":0,"href":"https:\/\/noticiasribeiraopreto.com.br\/index.php\/wp-json\/wp\/v2\/posts\/45598\/revisions"}],"wp:featuredmedia":[{"embeddable":true,"href":"https:\/\/noticiasribeiraopreto.com.br\/index.php\/wp-json\/wp\/v2\/media\/45599"}],"wp:attachment":[{"href":"https:\/\/noticiasribeiraopreto.com.br\/index.php\/wp-json\/wp\/v2\/media?parent=45598"}],"wp:term":[{"taxonomy":"category","embeddable":true,"href":"https:\/\/noticiasribeiraopreto.com.br\/index.php\/wp-json\/wp\/v2\/categories?post=45598"},{"taxonomy":"post_tag","embeddable":true,"href":"https:\/\/noticiasribeiraopreto.com.br\/index.php\/wp-json\/wp\/v2\/tags?post=45598"}],"curies":[{"name":"wp","href":"https:\/\/api.w.org\/{rel}","templated":true}]}}