{"id":45646,"date":"2024-04-05T13:41:00","date_gmt":"2024-04-05T16:41:00","guid":{"rendered":"https:\/\/noticiasribeiraopreto.com.br\/index.php\/2024\/04\/05\/ribeirao-tem-circo-shows-e-teatro-no-primeiro-fim-de-semana-de-abril-veja-a-programacao\/"},"modified":"2024-04-05T13:41:00","modified_gmt":"2024-04-05T16:41:00","slug":"ribeirao-tem-circo-shows-e-teatro-no-primeiro-fim-de-semana-de-abril-veja-a-programacao","status":"publish","type":"post","link":"https:\/\/noticiasribeiraopreto.com.br\/index.php\/2024\/04\/05\/ribeirao-tem-circo-shows-e-teatro-no-primeiro-fim-de-semana-de-abril-veja-a-programacao\/","title":{"rendered":"Ribeir\u00e3o tem circo, shows e teatro no primeiro fim de semana de abril; Veja a programa\u00e7\u00e3o"},"content":{"rendered":"<div class='code-block code-block-1' style='margin: 8px 0 8px auto; text-align: right; display: block; clear: both;'>\n<p><a href=\"https:\/\/wa.link\/vpicfd\"><img data-recalc-dims=\"1\" class=\"wp-image-4922\" style=\"aspect-ratio: 2.0253164556962027; width: 561px; height: auto;\" src=\"https:\/\/i0.wp.com\/ismaelcolosi.com.br\/wp-content\/uploads\/2023\/11\/grupo-de-empregos-whatsapp-e-facebook-ismael-colosi-vagas.jpg?ssl=1\" alt=\"\" \/><\/a><\/p>\n<!-- \/wp:image -->\n<\/div>\n<p> <br \/>\n<\/p>\n<div>\n<p>O primeiro fim de semana de abril deste ano chegou e <strong>Ribeir\u00e3o Preto <\/strong>conta com uma programa\u00e7\u00e3o cultural especial para aproveitar com a fam\u00edlia e amigos. Entre os nomes que chegam \u00e0 cidade est\u00e3o <strong>Regiane Alves<\/strong>, <strong>Dilsinho<\/strong>, <strong>Mumuzinho<\/strong>, <strong>Victor &amp; Leo<\/strong> e <strong>Marcos Frota<\/strong> com o <strong>Mirage Circus<\/strong>. <span style=\"background-color:#f7cc62\" class=\"td_text_highlight_marker\">Confira:<\/span><\/p>\n<h4 class=\"wp-block-heading\"><strong>Nosso Irm\u00e3o<\/strong><\/h4>\n<p><strong>Regiane Alves<\/strong>, <strong>Marina Elias<\/strong> e <strong>Bruno Ferian<\/strong> estrelam a pe\u00e7a \u201c<strong>Nosso Irm\u00e3o<\/strong>\u201d, no\u00a0<strong>Teatro Municipal<\/strong>\u00a0<strong>de Ribeir\u00e3o Preto<\/strong>, nesta<strong> sexta-feira (5)<\/strong>,<strong> <\/strong>\u00e0s <strong>20h. <\/strong>Os ingressos est\u00e3o dispon\u00edveis online (<a href=\"https:\/\/www.bilheteriaexpress.com.br\/ingressos-para-nosso-irmao-com-regiane-alves-teatro-municipal-de-ribeirao-preto-teatro-adulto-850906687927484.html\" target=\"_blank\" rel=\"noreferrer noopener\">clique aqui<\/a>) e custam a partir de <strong>R$ 40<\/strong>.<\/p>\n<p>\u201c<strong>Nosso Irm\u00e3o<\/strong>\u201d conta a hist\u00f3ria do reencontro dos irm\u00e3os<strong>\u00a0Teresa<\/strong>,\u00a0<strong>Maria<\/strong>\u00a0e\u00a0<strong>Jacinto<\/strong>, ap\u00f3s a morte de sua m\u00e3e. Jacinto possui uma defici\u00eancia intelectual, e as irm\u00e3s se envolvem em um jogo de interesses pelo testamento e a guarda do irm\u00e3o.<\/p>\n<p>A pe\u00e7a dura em m\u00e9dia <strong>90 minutos<\/strong> e tem <strong>classifica\u00e7\u00e3o indicativa<\/strong> de <strong>12 anos<\/strong>. No site de venda de ingressos \u00e9 poss\u00edvel visualizar o mapa do <strong>Teatro Municipal<\/strong>, que fica localizado <strong>na Via S\u00e3o Bento<\/strong>, no<strong> Jardim Mosteiro<\/strong>.<\/p>\n<h4 class=\"wp-block-heading\"><strong>Mixturinha<\/strong><\/h4>\n<p>No\u00a0<strong>s\u00e1bado (6)<\/strong>,\u00a0\u00e0s<strong> 16h<\/strong>,\u00a0o complexo esportivo e restaurante <strong>Kauai Sports<\/strong> recebe o \u201c<strong>Mixturinha<\/strong>\u201d, que conta com <strong>Dilsinho, Mumuzinho e Jo\u00e3o Lucas e Matheus<\/strong>. O <strong>Kauai <\/strong>conta com uma estrutura in\u00e9dita para realiza\u00e7\u00e3o do evento.<\/p>\n<p><strong>Ingressos<\/strong> ainda est\u00e3o \u00e0 venda e podem ser adquiridos <strong>online<\/strong> (<a href=\"https:\/\/bilheteka.com.br\/comprar\/540\/mixturinha\" target=\"_blank\" rel=\"noreferrer noopener\">clique aqui<\/a>) ou nos <strong>pontos f\u00edsicos<\/strong>, na rua Pascoal Bardaro, 2.056, e rua Triunfo, 1.349.<\/p>\n<p>O <strong>Kauai <\/strong>fica localizado na <strong>Estrada da Limeirinha, 101, em Bonfim Paulista<\/strong>. N\u00e3o \u00e9 permitida a entrada de menores de 18 anos no evento.<\/p>\n<h4 class=\"wp-block-heading\"><strong>Mirage Circus<\/strong><\/h4>\n<p>O <strong>Mirage Circus<\/strong>, do ator <strong>Marcos Frota<\/strong>, considerado o\u00a0<strong>maior circo da Am\u00e9rica Latina<\/strong>, tem sua estreia em <strong>Ribeir\u00e3o Preto<\/strong> nesta <strong>sexta-feira (5)<\/strong>. S\u00e3o quase\u00a0duas horas de apresenta\u00e7\u00e3o.\u00a0O local conta com duas pra\u00e7as de alimenta\u00e7\u00e3o e ambiente climatizado.<\/p>\n<p>Inspirado nos cassinos de<strong>\u00a0Las Vegas<\/strong>, o\u00a0<strong>Mirage Circus<\/strong> possui apresenta\u00e7\u00f5es de malabaristas, acrobatas, trapezistas, ilusionistas, m\u00e1gicos, motocross Freestyle e do globo da morte.<\/p>\n<p>Os ingressos para podem ser adquiridos a partir de <strong>R$ 25<\/strong> atrav\u00e9s da plataforma\u00a0<strong>Guich\u00ea Web <\/strong>(<a href=\"https:\/\/www.guicheweb.com.br\/pesquisa\/mirageribeiraopreto\" target=\"_blank\" rel=\"noreferrer noopener\">clique aqui<\/a>)\u00a0ou na\u00a0<strong>bilheteria f\u00edsica do circo<\/strong>, na <strong>Via Dr. Jeremias de Paula Martins<\/strong>, em frente ao Novo Shopping.<\/p>\n<h4 class=\"wp-block-heading\"><strong>Theatro Pedro II<\/strong><\/h4>\n<p>Nesta <strong>sexta-feira (5)<\/strong>, \u00e0s <strong>20h<\/strong>, o humorista franc\u00eas <strong>Paul Cabannes<\/strong> apresenta seu show \u201c<strong>Alma de Brasileiro<\/strong>\u201d, no <strong>Theatro Pedro II<\/strong>.\u00a0 Os ingressos podem ser adquiridos online (<a href=\"https:\/\/www.ingressodigital.com\/evento\/10883\/Paul_Cabannes__Alma_de_Brasileiro\" target=\"_blank\" rel=\"noreferrer noopener\">clique aqui<\/a>) ou na bilheteria do Theatro. Os bilhetes custam a partir de <strong>R$ 50<\/strong>.<\/p>\n<p>O show conta a vis\u00e3o peculiar de <strong>Paul <\/strong>sobre a cultura brasileira, ap\u00f3s uma d\u00e9cada morando no <strong>Brasil<\/strong>. O stand-up responde \u00e0 pergunta \u201co que \u00e9 ter alma de brasileiro?\u201d.<\/p>\n<p>No <strong>s\u00e1bado (6)<\/strong>, a partir das <strong>20h<\/strong>, <strong>Thiago Arancam<\/strong> traz o espet\u00e1culo \u201c<strong>Voz e Piano<\/strong>\u201d, que conta com grandes cl\u00e1ssicos nacionais e internacionais. O concerto relembra a carreira e trechos da turn\u00ea \u201c<strong>Tributo Tr\u00eas Tenores<\/strong>\u201d, homenagem ao trio formado por Jos\u00e9 Carrera, Luciano Pavarotti e Pl\u00e1cido Domingo.<\/p>\n<p>Os ingressos ainda est\u00e3o dispon\u00edveis online (<a href=\"https:\/\/megabilheteria.com\/evento?id=20240115133436\" target=\"_blank\" rel=\"noreferrer noopener\">clique aqui<\/a>) ou na bilheteria do Theatro. Os valores variam de <strong>R$ 45<\/strong> a <strong>R$ 250<\/strong>.<\/p>\n<p>Para finalizar a programa\u00e7\u00e3o do final de semana no <strong>Theatro Pedro II<\/strong>, no <strong>domingo (7)<\/strong>, \u00e0s <strong>19h<\/strong> acontece \u00e0 apresenta\u00e7\u00e3o do s\u00e9timo show solo de stand up de <strong>F\u00e1bio Rabin<\/strong>, o \u201c<strong>Ladeira a Baixo<\/strong>\u201d.<\/p>\n<p>O show tem <strong>classifica\u00e7\u00e3o indicativa<\/strong> de <strong>16 anos<\/strong> e conta sobre as desesperadas tentativas de um homem para reconquistar sua esposa ap\u00f3s algumas atitudes ruins, e os 40 anos na vida de um homem.<\/p>\n<p>Os ingressos ainda est\u00e3o dispon\u00edveis a partir de <strong>R$ 30<\/strong> e podem ser adquiridos online (<a href=\"https:\/\/megabilheteria.com\/evento?id=20240105143305\" target=\"_blank\" rel=\"noreferrer noopener\">clique aqui<\/a>) ou na bilheteria do <strong>Theatro<\/strong>.<\/p>\n<h4 class=\"wp-block-heading\"><strong>Victor &amp; Leo<\/strong><\/h4>\n<p>A dupla sertaneja <strong>Victor &amp; Leo<\/strong> se apresenta neste <strong>s\u00e1bado (6)<\/strong>, no <strong>Quinta Linda Centro de Eventos<\/strong>, localizado na <strong>rodovia Anhanguera (SP-330), km 303<\/strong>, em <strong>Ribeir\u00e3o Preto<\/strong>.<\/p>\n<p>Os port\u00f5es do evento abrem \u00e0s <strong>19h <\/strong>e a apresenta\u00e7\u00e3o est\u00e1 marcada \u00e0s <strong>22h<\/strong>. O espet\u00e1culo comp\u00f5e a turn\u00ea \u201c<strong>Nossa Hist\u00f3ria n\u00e3o termina aqui<\/strong>\u201d, que marca o retorno da dupla aos palcos.<\/p>\n<p>Os ingressos ainda est\u00e3o dispon\u00edveis e os valores variam entre <strong>R$ 100 e R$ 3 mil<\/strong>. Os bilhetes podem ser adquiridos online (<a href=\"https:\/\/www.guicheweb.com.br\/victor-e-leo-ribeirao-preto_28730\" target=\"_blank\" rel=\"noreferrer noopener\">clique aqui<\/a>). Pelo site \u00e9 poss\u00edvel visualizar o mapa do evento.<\/p>\n<h4 class=\"wp-block-heading\"><strong>Ona Rock Bar<\/strong><\/h4>\n<p>O<strong> Ona Rock Bar <\/strong>recebe, nesta <strong>sexta-feira (5)<\/strong>, <strong>Nil Guimar\u00e3es<\/strong> com um show de blues e rock and roll.<\/p>\n<p>J\u00e1 no <strong>s\u00e1bado (6)<\/strong>, \u00e9 a estreia de <strong>Taty Falcai<\/strong> no estabelecimento. A noite promete ser de muito ac\u00fastico rock and roll.<\/p>\n<p>O <strong>Ona Rock Bar<\/strong> fica localizado na <strong>rua Marcos Markarian, 377, no bairro Nova Alian\u00e7a<\/strong>.<\/p>\n<h4 class=\"wp-block-heading\"><strong>Champions Beer<\/strong><\/h4>\n<p>Nesta <strong>sexta-feira (5)<\/strong>, acontece mais uma edi\u00e7\u00e3o do <strong>Champions Beer<\/strong>, o maior festival de cervejas artesanais do estado de S\u00e3o Paulo, no <strong>Shopping Iguatemi<\/strong>.<\/p>\n<p>Com <strong>entrada gratuita<\/strong>, o evento re\u00fane\u00a0o melhor da cultura cervejeira, gastronomia e m\u00fasica ao vivo no estacionamento do centro de compras, com estrutura de pra\u00e7a de alimenta\u00e7\u00e3o completa, al\u00e9m de \u00e1rea kids em um espa\u00e7o pet-friendly.<\/p>\n<p>O <strong>Shopping Iguatemi<\/strong> fica na <strong>avenida Luiz Eduardo Toledo Prado, 900, na Vila do Golfe<\/strong>.<\/p>\n<blockquote class=\"instagram-media\" data-instgrm-permalink=\"https:\/\/www.instagram.com\/reel\/C5YnTo0KreQ\/?utm_source=ig_embed&amp;utm_campaign=loading\" data-instgrm-version=\"14\" style=\" background:#FFF; border:0; border-radius:3px; box-shadow:0 0 1px 0 rgba(0,0,0,0.5),0 1px 10px 0 rgba(0,0,0,0.15); margin: 1px; max-width:540px; min-width:326px; padding:0; width:99.375%; width:-webkit-calc(100% - 2px); width:calc(100% - 2px);\"\/>\n<p>SAIBA MAIS<br \/>Motorista fica 6 horas ref\u00e9m em roubo de carga de R$ 85 mil na regi\u00e3o de Ribeir\u00e3o<\/p>\n<h4 class=\"wp-block-heading\"><strong>FIQUE ON<\/strong><\/h4>\n<p>Fique ligado em tudo que acontece em Ribeir\u00e3o Preto e regi\u00e3o. Siga os perfis do <strong>acidade on <\/strong>no <a href=\"https:\/\/www.instagram.com\/acidadeonribeirao\" target=\"_blank\" rel=\"noreferrer noopener\">Instagram<\/a> e no <a href=\"https:\/\/www.facebook.com\/acidadeonribeirao\" target=\"_blank\" rel=\"noreferrer noopener\">Facebook<\/a>.<\/p>\n<p>Receba not\u00edcias do acidade on no WhatsApp. Para entrar no grupo, basta <a href=\"https:\/\/chat.whatsapp.com\/GFH9HUMUTHNFJdnyEd0xxq\" target=\"_blank\" rel=\"noreferrer noopener\">clicar aqui<\/a>.<\/p>\n<p>Fa\u00e7a uma den\u00fancia ou sugira uma reportagem sobre Ribeir\u00e3o Preto e regi\u00e3o pelo WhatsApp: 16 99117 7802.<\/p>\n<p>VEJA TAMB\u00c9M<br \/>Quem Lucas vai colocar no Pared\u00e3o do BBB 24?<\/p>\n<p><!-- AI CONTENT END 1 -->\n<\/div>\n<p><script async src=\"\/\/www.instagram.com\/embed.js\"><\/script><br \/>\n<br \/><br \/>\n<br \/><a href=\"https:\/\/www.acidadeon.com\/ribeiraopreto\/lazer-e-cultura\/ribeirao-tem-circo-shows-teatro-no-primeiro-fim-de-semana-de-abril-veja-a-programacao\/\">Source link <\/a><\/p>\n<!-- CONTENT END 1 -->\n","protected":false},"excerpt":{"rendered":"<p>O primeiro fim de semana de abril deste ano chegou e Ribeir\u00e3o Preto conta com uma programa\u00e7\u00e3o cultural especial para aproveitar com a fam\u00edlia e&#8230;<\/p>\n","protected":false},"author":1,"featured_media":45647,"comment_status":"open","ping_status":"open","sticky":false,"template":"","format":"standard","meta":{"advanced_seo_description":"","jetpack_seo_html_title":"","jetpack_seo_noindex":false,"jetpack_post_was_ever_published":false,"_jetpack_newsletter_access":"","_jetpack_dont_email_post_to_subs":false,"_jetpack_newsletter_tier_id":0,"_jetpack_memberships_contains_paywalled_content":false,"_jetpack_memberships_contains_paid_content":false,"footnotes":"","jetpack_publicize_message":"","jetpack_publicize_feature_enabled":true,"jetpack_social_post_already_shared":true,"jetpack_social_options":{"image_generator_settings":{"template":"highway","default_image_id":0,"font":"","enabled":false},"version":2}},"categories":[11],"tags":[],"class_list":["post-45646","post","type-post","status-publish","format-standard","has-post-thumbnail","hentry","category-noticias-de-ribeirao-preto-sp-e-regiao-ismael-colosi"],"jetpack_publicize_connections":[],"jetpack_featured_media_url":"https:\/\/i0.wp.com\/noticiasribeiraopreto.com.br\/wp-content\/uploads\/2024\/04\/CIRCO.jpg?fit=1200%2C800&ssl=1","jetpack-related-posts":[{"id":41157,"url":"https:\/\/noticiasribeiraopreto.com.br\/index.php\/2024\/03\/06\/atriz-regiane-alves-se-apresenta-em-ribeirao-preto-com-a-peca-nosso-irmao\/","url_meta":{"origin":45646,"position":0},"title":"Atriz Regiane Alves se apresenta em Ribeir\u00e3o Preto com a pe\u00e7a \u2018Nosso Irm\u00e3o\u2019","author":"noticiasribeiraopreto.com.br","date":"6 de March de 2024","format":false,"excerpt":"A atriz Regiane Alves vai se apresentar no Teatro Municipal de Ribeir\u00e3o Preto com a pe\u00e7a \u201cNosso Irm\u00e3o\u201d, no pr\u00f3ximo dia 5 de abril, \u00e0s 20h. Os ingressos est\u00e3o \u00e0 venda e os pre\u00e7os variam entre R$ 40 e R$ 80. \u201cNosso Irm\u00e3o\u201d conta a hist\u00f3ria do reencontro dos irm\u00e3os\u2026","rel":"","context":"In &quot;Not\u00edcias de Ribeir\u00e3o Preto-SP e Regi\u00e3o&quot;","block_context":{"text":"Not\u00edcias de Ribeir\u00e3o Preto-SP e Regi\u00e3o","link":"https:\/\/noticiasribeiraopreto.com.br\/index.php\/category\/noticias-de-ribeirao-preto-sp-e-regiao-ismael-colosi\/"},"img":{"alt_text":"","src":"https:\/\/i0.wp.com\/noticiasribeiraopreto.com.br\/wp-content\/uploads\/2024\/03\/WhatsApp-Image-2024-03-06-at-09.50.36.jpeg?fit=1200%2C899&ssl=1&resize=350%2C200","width":350,"height":200,"srcset":"https:\/\/i0.wp.com\/noticiasribeiraopreto.com.br\/wp-content\/uploads\/2024\/03\/WhatsApp-Image-2024-03-06-at-09.50.36.jpeg?fit=1200%2C899&ssl=1&resize=350%2C200 1x, https:\/\/i0.wp.com\/noticiasribeiraopreto.com.br\/wp-content\/uploads\/2024\/03\/WhatsApp-Image-2024-03-06-at-09.50.36.jpeg?fit=1200%2C899&ssl=1&resize=525%2C300 1.5x, https:\/\/i0.wp.com\/noticiasribeiraopreto.com.br\/wp-content\/uploads\/2024\/03\/WhatsApp-Image-2024-03-06-at-09.50.36.jpeg?fit=1200%2C899&ssl=1&resize=700%2C400 2x, https:\/\/i0.wp.com\/noticiasribeiraopreto.com.br\/wp-content\/uploads\/2024\/03\/WhatsApp-Image-2024-03-06-at-09.50.36.jpeg?fit=1200%2C899&ssl=1&resize=1050%2C600 3x"},"classes":[]},{"id":41252,"url":"https:\/\/noticiasribeiraopreto.com.br\/index.php\/2024\/03\/07\/festival-de-discotecagem-agita-ribeirao-preto-neste-final-de-semana-veja-o-line-up\/","url_meta":{"origin":45646,"position":1},"title":"Festival de discotecagem agita Ribeir\u00e3o Preto neste final de semana; Veja o line-up","author":"noticiasribeiraopreto.com.br","date":"7 de March de 2024","format":false,"excerpt":"Ribeir\u00e3o Preto recebe neste final de semana, a 1\u00aa edi\u00e7\u00e3o do Tutu DJs Fest, o primeiro festival de discotecagem do interior paulista, que acontece na data em que \u00e9 celebrado o Dia Mundial do DJ. O evento acontece neste s\u00e1bado (9), no Teatro de Arena Jaime Zeirger, localizado no Morro\u2026","rel":"","context":"In &quot;Not\u00edcias de Ribeir\u00e3o Preto-SP e Regi\u00e3o&quot;","block_context":{"text":"Not\u00edcias de Ribeir\u00e3o Preto-SP e Regi\u00e3o","link":"https:\/\/noticiasribeiraopreto.com.br\/index.php\/category\/noticias-de-ribeirao-preto-sp-e-regiao-ismael-colosi\/"},"img":{"alt_text":"","src":"https:\/\/i0.wp.com\/noticiasribeiraopreto.com.br\/wp-content\/uploads\/2024\/03\/thumbnail_Foto-DJ-Shareid.jpg?fit=1200%2C1107&ssl=1&resize=350%2C200","width":350,"height":200,"srcset":"https:\/\/i0.wp.com\/noticiasribeiraopreto.com.br\/wp-content\/uploads\/2024\/03\/thumbnail_Foto-DJ-Shareid.jpg?fit=1200%2C1107&ssl=1&resize=350%2C200 1x, https:\/\/i0.wp.com\/noticiasribeiraopreto.com.br\/wp-content\/uploads\/2024\/03\/thumbnail_Foto-DJ-Shareid.jpg?fit=1200%2C1107&ssl=1&resize=525%2C300 1.5x, https:\/\/i0.wp.com\/noticiasribeiraopreto.com.br\/wp-content\/uploads\/2024\/03\/thumbnail_Foto-DJ-Shareid.jpg?fit=1200%2C1107&ssl=1&resize=700%2C400 2x, https:\/\/i0.wp.com\/noticiasribeiraopreto.com.br\/wp-content\/uploads\/2024\/03\/thumbnail_Foto-DJ-Shareid.jpg?fit=1200%2C1107&ssl=1&resize=1050%2C600 3x"},"classes":[]},{"id":74614,"url":"https:\/\/noticiasribeiraopreto.com.br\/index.php\/2025\/07\/25\/fim-de-semana-em-ribeirao-tem-show-do-angra-arraia-e-teatro-veja-a-programacao\/","url_meta":{"origin":45646,"position":2},"title":"Fim de semana em Ribeir\u00e3o tem show do Angra, arrai\u00e1 e teatro; Veja a programa\u00e7\u00e3o","author":"noticiasribeiraopreto.com.br","date":"25 de July de 2025","format":false,"excerpt":"O fim de semana chegou com muita m\u00fasica e teatro em Ribeir\u00e3o Preto. Entre as atra\u00e7\u00f5es, est\u00e3o os shows das bandas Angra e do Necrofobia. O Teatro Municipal de Ribeir\u00e3o Preto tamb\u00e9m recebe a pe\u00e7a \u201cEntre Irm\u00e3os\u201d. Confira a agenda completa: Angra A banda Angra traz sua turn\u00ea \u201cTemple of\u2026","rel":"","context":"In &quot;Not\u00edcias de Ribeir\u00e3o Preto-SP e Regi\u00e3o&quot;","block_context":{"text":"Not\u00edcias de Ribeir\u00e3o Preto-SP e Regi\u00e3o","link":"https:\/\/noticiasribeiraopreto.com.br\/index.php\/category\/noticias-de-ribeirao-preto-sp-e-regiao-ismael-colosi\/"},"img":{"alt_text":"","src":"https:\/\/i0.wp.com\/noticiasribeiraopreto.com.br\/wp-content\/uploads\/2025\/07\/angra-banda-foto-henrique-grandi_2025-06-11_12-21-29.webp.webp?fit=1200%2C675&ssl=1&resize=350%2C200","width":350,"height":200,"srcset":"https:\/\/i0.wp.com\/noticiasribeiraopreto.com.br\/wp-content\/uploads\/2025\/07\/angra-banda-foto-henrique-grandi_2025-06-11_12-21-29.webp.webp?fit=1200%2C675&ssl=1&resize=350%2C200 1x, https:\/\/i0.wp.com\/noticiasribeiraopreto.com.br\/wp-content\/uploads\/2025\/07\/angra-banda-foto-henrique-grandi_2025-06-11_12-21-29.webp.webp?fit=1200%2C675&ssl=1&resize=525%2C300 1.5x, https:\/\/i0.wp.com\/noticiasribeiraopreto.com.br\/wp-content\/uploads\/2025\/07\/angra-banda-foto-henrique-grandi_2025-06-11_12-21-29.webp.webp?fit=1200%2C675&ssl=1&resize=700%2C400 2x, https:\/\/i0.wp.com\/noticiasribeiraopreto.com.br\/wp-content\/uploads\/2025\/07\/angra-banda-foto-henrique-grandi_2025-06-11_12-21-29.webp.webp?fit=1200%2C675&ssl=1&resize=1050%2C600 3x"},"classes":[]},{"id":71571,"url":"https:\/\/noticiasribeiraopreto.com.br\/index.php\/2025\/06\/07\/mostra-gratuita-de-teatro-acontece-no-fim-de-semana-em-ribeirao-preto\/","url_meta":{"origin":45646,"position":3},"title":"Mostra gratuita de teatro acontece no fim de semana em Ribeir\u00e3o Preto","author":"noticiasribeiraopreto.com.br","date":"7 de June de 2025","format":false,"excerpt":"O grupo teatral ApanelA segue com a programa\u00e7\u00e3o da primeira edi\u00e7\u00e3o da \u201cMostra P de Teatro\u201d, na zona Norte de Ribeir\u00e3o Preto. Al\u00e9m de pe\u00e7as de teatro, a mostra contou com aulas livres e mostra itinerante. A entrada \u00e9 gratuita. As apresenta\u00e7\u00f5es acontecem entre os bairros Quintino II, Parque dos\u2026","rel":"","context":"In &quot;Not\u00edcias de Ribeir\u00e3o Preto-SP e Regi\u00e3o&quot;","block_context":{"text":"Not\u00edcias de Ribeir\u00e3o Preto-SP e Regi\u00e3o","link":"https:\/\/noticiasribeiraopreto.com.br\/index.php\/category\/noticias-de-ribeirao-preto-sp-e-regiao-ismael-colosi\/"},"img":{"alt_text":"","src":"https:\/\/i0.wp.com\/noticiasribeiraopreto.com.br\/wp-content\/uploads\/2025\/06\/WhatsApp-Image-2025-06-06-at-10.54.20_2025-06-07_15-01-42.webp.webp?fit=1200%2C800&ssl=1&resize=350%2C200","width":350,"height":200,"srcset":"https:\/\/i0.wp.com\/noticiasribeiraopreto.com.br\/wp-content\/uploads\/2025\/06\/WhatsApp-Image-2025-06-06-at-10.54.20_2025-06-07_15-01-42.webp.webp?fit=1200%2C800&ssl=1&resize=350%2C200 1x, https:\/\/i0.wp.com\/noticiasribeiraopreto.com.br\/wp-content\/uploads\/2025\/06\/WhatsApp-Image-2025-06-06-at-10.54.20_2025-06-07_15-01-42.webp.webp?fit=1200%2C800&ssl=1&resize=525%2C300 1.5x, https:\/\/i0.wp.com\/noticiasribeiraopreto.com.br\/wp-content\/uploads\/2025\/06\/WhatsApp-Image-2025-06-06-at-10.54.20_2025-06-07_15-01-42.webp.webp?fit=1200%2C800&ssl=1&resize=700%2C400 2x, https:\/\/i0.wp.com\/noticiasribeiraopreto.com.br\/wp-content\/uploads\/2025\/06\/WhatsApp-Image-2025-06-06-at-10.54.20_2025-06-07_15-01-42.webp.webp?fit=1200%2C800&ssl=1&resize=1050%2C600 3x"},"classes":[]},{"id":68445,"url":"https:\/\/noticiasribeiraopreto.com.br\/index.php\/2025\/04\/25\/rodeio-caominhada-e-teatro-confira-a-programacao-do-fim-de-semana-em-ribeirao-preto-e-regiao\/","url_meta":{"origin":45646,"position":4},"title":"Rodeio, c\u00e3ominhada e teatro: confira a programa\u00e7\u00e3o do fim de semana em Ribeir\u00e3o Preto e regi\u00e3o","author":"noticiasribeiraopreto.com.br","date":"25 de April de 2025","format":false,"excerpt":"Chegou o fim de semana e, com ele, uma programa\u00e7\u00e3o diversificada em Ribeir\u00e3o Preto. Algumas das op\u00e7\u00f5es para curtir com os amigos ou a fam\u00edlia s\u00e3o o Ribeir\u00e3o Rodeo Music, a primeira edi\u00e7\u00e3o de c\u00e3ominhada e c\u00e3orrida e diversas pe\u00e7as de teatro. Confira o que acontece no fim de semana:\u2026","rel":"","context":"In &quot;Not\u00edcias de Ribeir\u00e3o Preto-SP e Regi\u00e3o&quot;","block_context":{"text":"Not\u00edcias de Ribeir\u00e3o Preto-SP e Regi\u00e3o","link":"https:\/\/noticiasribeiraopreto.com.br\/index.php\/category\/noticias-de-ribeirao-preto-sp-e-regiao-ismael-colosi\/"},"img":{"alt_text":"","src":"https:\/\/i0.wp.com\/noticiasribeiraopreto.com.br\/wp-content\/uploads\/2025\/04\/ana-castela.jpg?fit=1200%2C761&ssl=1&resize=350%2C200","width":350,"height":200,"srcset":"https:\/\/i0.wp.com\/noticiasribeiraopreto.com.br\/wp-content\/uploads\/2025\/04\/ana-castela.jpg?fit=1200%2C761&ssl=1&resize=350%2C200 1x, https:\/\/i0.wp.com\/noticiasribeiraopreto.com.br\/wp-content\/uploads\/2025\/04\/ana-castela.jpg?fit=1200%2C761&ssl=1&resize=525%2C300 1.5x, https:\/\/i0.wp.com\/noticiasribeiraopreto.com.br\/wp-content\/uploads\/2025\/04\/ana-castela.jpg?fit=1200%2C761&ssl=1&resize=700%2C400 2x, https:\/\/i0.wp.com\/noticiasribeiraopreto.com.br\/wp-content\/uploads\/2025\/04\/ana-castela.jpg?fit=1200%2C761&ssl=1&resize=1050%2C600 3x"},"classes":[]},{"id":40716,"url":"https:\/\/noticiasribeiraopreto.com.br\/index.php\/2024\/03\/05\/sesi-divulga-programacao-gratuita-de-teatro-em-ribeirao-preto-confira\/","url_meta":{"origin":45646,"position":5},"title":"Sesi divulga programa\u00e7\u00e3o gratuita de teatro em Ribeir\u00e3o Preto; Confira","author":"noticiasribeiraopreto.com.br","date":"5 de March de 2024","format":false,"excerpt":"O Sesi anunciou a programa\u00e7\u00e3o gratuita de teatro para o pr\u00f3ximo final de semana, em Ribeir\u00e3o Preto. Conta\u00e7\u00e3o de hist\u00f3ria e musical infantil ser\u00e3o apresentados no Teatro Sesi. Confira: A partir de sexta-feira (8), o grupo Teatro D\u2019Aldeia apresenta a pe\u00e7a musical \u201cThe Bichos\u201d em dois finais de semana. Os\u2026","rel":"","context":"In &quot;Not\u00edcias de Ribeir\u00e3o Preto-SP e Regi\u00e3o&quot;","block_context":{"text":"Not\u00edcias de Ribeir\u00e3o Preto-SP e Regi\u00e3o","link":"https:\/\/noticiasribeiraopreto.com.br\/index.php\/category\/noticias-de-ribeirao-preto-sp-e-regiao-ismael-colosi\/"},"img":{"alt_text":"","src":"https:\/\/i0.wp.com\/noticiasribeiraopreto.com.br\/wp-content\/uploads\/2024\/03\/AnyConv.com__The-Bichos_Foto01-scaled.webp.webp?fit=1200%2C800&ssl=1&resize=350%2C200","width":350,"height":200,"srcset":"https:\/\/i0.wp.com\/noticiasribeiraopreto.com.br\/wp-content\/uploads\/2024\/03\/AnyConv.com__The-Bichos_Foto01-scaled.webp.webp?fit=1200%2C800&ssl=1&resize=350%2C200 1x, https:\/\/i0.wp.com\/noticiasribeiraopreto.com.br\/wp-content\/uploads\/2024\/03\/AnyConv.com__The-Bichos_Foto01-scaled.webp.webp?fit=1200%2C800&ssl=1&resize=525%2C300 1.5x, https:\/\/i0.wp.com\/noticiasribeiraopreto.com.br\/wp-content\/uploads\/2024\/03\/AnyConv.com__The-Bichos_Foto01-scaled.webp.webp?fit=1200%2C800&ssl=1&resize=700%2C400 2x, https:\/\/i0.wp.com\/noticiasribeiraopreto.com.br\/wp-content\/uploads\/2024\/03\/AnyConv.com__The-Bichos_Foto01-scaled.webp.webp?fit=1200%2C800&ssl=1&resize=1050%2C600 3x"},"classes":[]}],"jetpack_sharing_enabled":true,"jetpack_shortlink":"https:\/\/wp.me\/peQAOb-bSe","_links":{"self":[{"href":"https:\/\/noticiasribeiraopreto.com.br\/index.php\/wp-json\/wp\/v2\/posts\/45646","targetHints":{"allow":["GET"]}}],"collection":[{"href":"https:\/\/noticiasribeiraopreto.com.br\/index.php\/wp-json\/wp\/v2\/posts"}],"about":[{"href":"https:\/\/noticiasribeiraopreto.com.br\/index.php\/wp-json\/wp\/v2\/types\/post"}],"author":[{"embeddable":true,"href":"https:\/\/noticiasribeiraopreto.com.br\/index.php\/wp-json\/wp\/v2\/users\/1"}],"replies":[{"embeddable":true,"href":"https:\/\/noticiasribeiraopreto.com.br\/index.php\/wp-json\/wp\/v2\/comments?post=45646"}],"version-history":[{"count":0,"href":"https:\/\/noticiasribeiraopreto.com.br\/index.php\/wp-json\/wp\/v2\/posts\/45646\/revisions"}],"wp:featuredmedia":[{"embeddable":true,"href":"https:\/\/noticiasribeiraopreto.com.br\/index.php\/wp-json\/wp\/v2\/media\/45647"}],"wp:attachment":[{"href":"https:\/\/noticiasribeiraopreto.com.br\/index.php\/wp-json\/wp\/v2\/media?parent=45646"}],"wp:term":[{"taxonomy":"category","embeddable":true,"href":"https:\/\/noticiasribeiraopreto.com.br\/index.php\/wp-json\/wp\/v2\/categories?post=45646"},{"taxonomy":"post_tag","embeddable":true,"href":"https:\/\/noticiasribeiraopreto.com.br\/index.php\/wp-json\/wp\/v2\/tags?post=45646"}],"curies":[{"name":"wp","href":"https:\/\/api.w.org\/{rel}","templated":true}]}}