{"id":45648,"date":"2024-04-05T13:48:38","date_gmt":"2024-04-05T16:48:38","guid":{"rendered":"https:\/\/noticiasribeiraopreto.com.br\/index.php\/2024\/04\/05\/projeto-anga-promove-a-oficina-historias-animadas-2\/"},"modified":"2024-04-05T13:48:38","modified_gmt":"2024-04-05T16:48:38","slug":"projeto-anga-promove-a-oficina-historias-animadas-2","status":"publish","type":"post","link":"https:\/\/noticiasribeiraopreto.com.br\/index.php\/2024\/04\/05\/projeto-anga-promove-a-oficina-historias-animadas-2\/","title":{"rendered":"Projeto Ang\u00e1 promove a Oficina \u201cHist\u00f3rias Animadas\u201d"},"content":{"rendered":"<div class='code-block code-block-1' style='margin: 8px 0 8px auto; text-align: right; display: block; clear: both;'>\n<p><a href=\"https:\/\/wa.link\/vpicfd\"><img data-recalc-dims=\"1\" class=\"wp-image-4922\" style=\"aspect-ratio: 2.0253164556962027; width: 561px; height: auto;\" src=\"https:\/\/i0.wp.com\/ismaelcolosi.com.br\/wp-content\/uploads\/2023\/11\/grupo-de-empregos-whatsapp-e-facebook-ismael-colosi-vagas.jpg?ssl=1\" alt=\"\" \/><\/a><\/p>\n<!-- \/wp:image -->\n<\/div>\n<p> <br \/>\n<\/p>\n<div>\n<p class=\"x_MsoNormal\" style=\"text-align: left\" align=\"center\">Trabalhar a conta\u00e7\u00e3o de hist\u00f3ria usando como recurso o teatro de anima\u00e7\u00e3o. Essa \u00e9 a proposta da \u201c<i>Oficina\u00a0 Hist\u00f3rias Animadas<\/i>\u201d, promovida pela 2\u00aa edi\u00e7\u00e3o do projeto Ang\u00e1 neste pr\u00f3ximo\u00a0 s\u00e1bado (6\/4), das 9h \u00e0s 13h, na Biblioteca Sinh\u00e1 Junqueira, que fica na Rua Duque de Caxias, 547, centro, em Ribeir\u00e3o Preto. Os interessados em participar devem comparecer ao local e se inscrever na entrada.\u00a0 S\u00e3o 20 vagas abertas e gratuitas.<u\/><u\/><\/p>\n<p class=\"x_MsoNormal\" style=\"text-align: left\">A atividade ser\u00e1 ministrada por Michelle Maria, atriz, palha\u00e7a, contadora de hist\u00f3rias, arte-educadora e historiadora. A artista \u00e9 integrante dos n\u00facleos art\u00edsticos Cia teatral A Dita Cuja, Teatro de Caixeiros, Cia Cabarelas, gestora do espa\u00e7o Cultural Casa das Artes e do Ateli\u00ea Criativo Subverta. A artista atua desde\u00a02007. \u201cA oficina aplicar\u00e1 t\u00e9cnicas da manipula\u00e7\u00e3o de objetos inanimados para serem executadas em conjunto com\u00a0a\u00a0oralidade\u201d, explica\u00a0a arte-educadora e contadora de hist\u00f3rias do projeto, Monalisa\u00a0Machado.<u\/><u\/><\/p>\n<p class=\"x_MsoNormal\" style=\"text-align: left\">O objetivo da programa\u00e7\u00e3o \u00e9 valorizar a viv\u00eancia pr\u00e1tica, de forma a propiciar uma capacita\u00e7\u00e3o dos participantes para o universo da conta\u00e7\u00e3o de hist\u00f3rias, que cada vez mais tem sido usada como processo de forma\u00e7\u00e3o de leitores e como modalidade art\u00edstica de entretenimento, reflex\u00e3o e educa\u00e7\u00e3o.<u\/><u\/><\/p>\n<p class=\"x_MsoNormal\" style=\"text-align: left\">Com produ\u00e7\u00e3o executiva da Origem Produ\u00e7\u00f5es,\u00a0o projeto Ang\u00e1 oferece oficinas de\u00a0Artes C\u00eanicas, Circo, M\u00fasica e Conta\u00e7\u00e3o de Hist\u00f3rias e conta com o\u00a0ProAC (Programa de A\u00e7\u00e3o Cultural da Secretaria de Cultura, Economia e Ind\u00fastrias do Governo do Estado de S\u00e3o Paulo), al\u00e9m de patroc\u00ednio da Rodonoves. Mais informa\u00e7\u00f5es\u00a0<span class=\"__cf_email__\" data-cfemail=\"5121233e3b34253e303f363011363c30383d7f323e3c\">[email\u00a0protected]<\/span>.<u\/><u\/><\/p>\n<p class=\"x_MsoNormal\" style=\"text-align: left\"><u\/><b>SERVI\u00c7O<br \/>O QUE<\/b>:\u00a0<b>\u201cOficina de Conta\u00e7\u00e3o de Hist\u00f3ria:\u00a0<\/b><b>Hist\u00f3rias Animadas\u201d\u00a0<\/b><b>\u00a0<\/b><b>\u2013 atividade da 2\u00aa edi\u00e7\u00e3o do Projeto Ang\u00e1<br \/>Data:<\/b>\u00a06\/4\/2024 (s\u00e1bado)<br \/><b>Hor\u00e1rio<\/b>: 9h \u00e0s 13h<br \/><b>Local:<\/b>\u00a0Biblioteca Sinh\u00e1 Junqueira, situada \u00e0 Rua Duque de Caxias, 547<br \/>Entrada: participa\u00e7\u00e3o aberta e gratuita, Classifica\u00e7\u00e3o: livre<br \/>Obs. O interessado deve inscrever-se na entrada da oficina, diretamente com a professora respons\u00e1vel no local.<\/p>\n<\/div>\n<p><br \/>\n<br \/><a href=\"https:\/\/site.tribunaribeirao.com.br\/site\/projeto-anga-promove-a-oficina-historias-animadas\/\">Source link <\/a><\/p>\n<!-- CONTENT END 1 -->\n","protected":false},"excerpt":{"rendered":"<p>Trabalhar a conta\u00e7\u00e3o de hist\u00f3ria usando como recurso o teatro de anima\u00e7\u00e3o. Essa \u00e9 a proposta da \u201cOficina\u00a0 Hist\u00f3rias Animadas\u201d, promovida pela 2\u00aa edi\u00e7\u00e3o do&#8230;<\/p>\n","protected":false},"author":1,"featured_media":45649,"comment_status":"open","ping_status":"open","sticky":false,"template":"","format":"standard","meta":{"advanced_seo_description":"","jetpack_seo_html_title":"","jetpack_seo_noindex":false,"jetpack_post_was_ever_published":false,"_jetpack_newsletter_access":"","_jetpack_dont_email_post_to_subs":false,"_jetpack_newsletter_tier_id":0,"_jetpack_memberships_contains_paywalled_content":false,"_jetpack_memberships_contains_paid_content":false,"footnotes":"","jetpack_publicize_message":"","jetpack_publicize_feature_enabled":true,"jetpack_social_post_already_shared":true,"jetpack_social_options":{"image_generator_settings":{"template":"highway","default_image_id":0,"font":"","enabled":false},"version":2}},"categories":[11],"tags":[4836,5505,4838,1172,685,157],"class_list":["post-45648","post","type-post","status-publish","format-standard","has-post-thumbnail","hentry","category-noticias-de-ribeirao-preto-sp-e-regiao-ismael-colosi","tag-anga","tag-animadas","tag-historias","tag-oficina","tag-projeto","tag-promove"],"jetpack_publicize_connections":[],"jetpack_featured_media_url":"https:\/\/i0.wp.com\/noticiasribeiraopreto.com.br\/wp-content\/uploads\/2024\/04\/1712335718_Oficina-1_credito-Sheila-Brandao.jpg?fit=333%2C500&ssl=1","jetpack-related-posts":[{"id":45619,"url":"https:\/\/noticiasribeiraopreto.com.br\/index.php\/2024\/04\/05\/projeto-anga-promove-a-oficina-historias-animadas\/","url_meta":{"origin":45648,"position":0},"title":"Projeto Ang\u00e1 promove a Oficina \u201cHist\u00f3rias Animadas\u201d","author":"noticiasribeiraopreto.com.br","date":"5 de April de 2024","format":false,"excerpt":"5 de abril de 2024 | 11:005 de abril de 2024 | 8:08 0 Trabalhar a conta\u00e7\u00e3o de hist\u00f3ria usando como recurso o teatro de anima\u00e7\u00e3o. Essa \u00e9 a proposta da \u201cOficina\u00a0 Hist\u00f3rias Animadas\u201d, promovida pela 2\u00aa edi\u00e7\u00e3o do projeto Ang\u00e1 neste pr\u00f3ximo\u00a0 s\u00e1bado (6\/4), das 9h \u00e0s 13h, na\u2026","rel":"","context":"In &quot;Not\u00edcias de Ribeir\u00e3o Preto-SP e Regi\u00e3o&quot;","block_context":{"text":"Not\u00edcias de Ribeir\u00e3o Preto-SP e Regi\u00e3o","link":"https:\/\/noticiasribeiraopreto.com.br\/index.php\/category\/noticias-de-ribeirao-preto-sp-e-regiao-ismael-colosi\/"},"img":{"alt_text":"","src":"https:\/\/i0.wp.com\/noticiasribeiraopreto.com.br\/wp-content\/uploads\/2024\/04\/Oficina-1_credito-Sheila-Brandao.jpg?fit=333%2C500&ssl=1&resize=350%2C200","width":350,"height":200},"classes":[]},{"id":41342,"url":"https:\/\/noticiasribeiraopreto.com.br\/index.php\/2024\/03\/07\/projeto-anga-oferece-oficina-de-contacao-de-historias-com-a-atriz-miriam-fontana\/","url_meta":{"origin":45648,"position":1},"title":"Projeto Ang\u00e1 oferece Oficina de Conta\u00e7\u00e3o de Hist\u00f3rias com a atriz M\u00edriam Fontana","author":"noticiasribeiraopreto.com.br","date":"7 de March de 2024","format":false,"excerpt":"7 de mar\u00e7o de 2024 | 16:15 0A atriz M\u00edriam Fontana \u00e9 a convidada especial da 2\u00aa edi\u00e7\u00e3o do projeto Ang\u00e1 para a realiza\u00e7\u00e3o da \u201cOficina de Conta\u00e7\u00e3o de Hist\u00f3rias\u201d, no pr\u00f3ximo s\u00e1bado (9\/3), das 9h \u00e0s 13h, na Biblioteca Sinh\u00e1 Junqueira, que fica na Rua Duque de Caxias, 547,\u2026","rel":"","context":"In &quot;Not\u00edcias de Ribeir\u00e3o Preto-SP e Regi\u00e3o&quot;","block_context":{"text":"Not\u00edcias de Ribeir\u00e3o Preto-SP e Regi\u00e3o","link":"https:\/\/noticiasribeiraopreto.com.br\/index.php\/category\/noticias-de-ribeirao-preto-sp-e-regiao-ismael-colosi\/"},"img":{"alt_text":"","src":"https:\/\/i0.wp.com\/noticiasribeiraopreto.com.br\/wp-content\/uploads\/2024\/03\/Miriam_Fontana-1-scaled.jpeg?fit=698%2C645&ssl=1&resize=350%2C200","width":350,"height":200,"srcset":"https:\/\/i0.wp.com\/noticiasribeiraopreto.com.br\/wp-content\/uploads\/2024\/03\/Miriam_Fontana-1-scaled.jpeg?fit=698%2C645&ssl=1&resize=350%2C200 1x, https:\/\/i0.wp.com\/noticiasribeiraopreto.com.br\/wp-content\/uploads\/2024\/03\/Miriam_Fontana-1-scaled.jpeg?fit=698%2C645&ssl=1&resize=525%2C300 1.5x"},"classes":[]},{"id":41354,"url":"https:\/\/noticiasribeiraopreto.com.br\/index.php\/2024\/03\/07\/oficina-de-contacao-de-historias-tem-vagas-abertas-em-ribeirao-preto\/","url_meta":{"origin":45648,"position":2},"title":"Oficina de conta\u00e7\u00e3o de hist\u00f3rias tem vagas abertas em Ribeir\u00e3o Preto","author":"noticiasribeiraopreto.com.br","date":"7 de March de 2024","format":false,"excerpt":"O projeto Ang\u00e1 realiza neste s\u00e1bado (9) a oficina de conta\u00e7\u00e3o de hist\u00f3rias \u201cMeu corpo e minha voz nas hist\u00f3rias que quero contar\u201d com a atriz M\u00edriam Fontana. A 2\u00aa edi\u00e7\u00e3o do projeto est\u00e1 com 20 vagas abertas e gratuitas. Os interessados em participar da oficina deve se inscrever pessoalmente\u2026","rel":"","context":"In &quot;Not\u00edcias de Ribeir\u00e3o Preto-SP e Regi\u00e3o&quot;","block_context":{"text":"Not\u00edcias de Ribeir\u00e3o Preto-SP e Regi\u00e3o","link":"https:\/\/noticiasribeiraopreto.com.br\/index.php\/category\/noticias-de-ribeirao-preto-sp-e-regiao-ismael-colosi\/"},"img":{"alt_text":"","src":"https:\/\/i0.wp.com\/noticiasribeiraopreto.com.br\/wp-content\/uploads\/2024\/03\/Copia-de-Copia-de-TAMANHO-EXATO-PARA-FOTOS-NO-SISTEMA-NOVO-37.jpg?fit=1200%2C675&ssl=1&resize=350%2C200","width":350,"height":200,"srcset":"https:\/\/i0.wp.com\/noticiasribeiraopreto.com.br\/wp-content\/uploads\/2024\/03\/Copia-de-Copia-de-TAMANHO-EXATO-PARA-FOTOS-NO-SISTEMA-NOVO-37.jpg?fit=1200%2C675&ssl=1&resize=350%2C200 1x, https:\/\/i0.wp.com\/noticiasribeiraopreto.com.br\/wp-content\/uploads\/2024\/03\/Copia-de-Copia-de-TAMANHO-EXATO-PARA-FOTOS-NO-SISTEMA-NOVO-37.jpg?fit=1200%2C675&ssl=1&resize=525%2C300 1.5x, https:\/\/i0.wp.com\/noticiasribeiraopreto.com.br\/wp-content\/uploads\/2024\/03\/Copia-de-Copia-de-TAMANHO-EXATO-PARA-FOTOS-NO-SISTEMA-NOVO-37.jpg?fit=1200%2C675&ssl=1&resize=700%2C400 2x, https:\/\/i0.wp.com\/noticiasribeiraopreto.com.br\/wp-content\/uploads\/2024\/03\/Copia-de-Copia-de-TAMANHO-EXATO-PARA-FOTOS-NO-SISTEMA-NOVO-37.jpg?fit=1200%2C675&ssl=1&resize=1050%2C600 3x"},"classes":[]},{"id":44929,"url":"https:\/\/noticiasribeiraopreto.com.br\/index.php\/2024\/04\/01\/cia-libelulas-usa-teatro-de-sombras-para-levar-arte-a-comunidade-surda\/","url_meta":{"origin":45648,"position":3},"title":"Cia Lib\u00e9lulas usa teatro de sombras para levar arte \u00e0 comunidade surda","author":"noticiasribeiraopreto.com.br","date":"1 de April de 2024","format":false,"excerpt":"O teatro de sombras, uma manifesta\u00e7\u00e3o art\u00edstica milenar, se envolve, cada dia mais, no objetivo de entrela\u00e7ar as artes c\u00eanicas e a inclus\u00e3o de pessoas. Por exemplo, em um mundo predominantemente ouvinte, \u00e9 importante compreender e se discutir sobre a participa\u00e7\u00e3o da popula\u00e7\u00e3o surda e seu direito \u00e0 vida plena\u2026","rel":"","context":"In &quot;Not\u00edcias de Ribeir\u00e3o Preto-SP e Regi\u00e3o&quot;","block_context":{"text":"Not\u00edcias de Ribeir\u00e3o Preto-SP e Regi\u00e3o","link":"https:\/\/noticiasribeiraopreto.com.br\/index.php\/category\/noticias-de-ribeirao-preto-sp-e-regiao-ismael-colosi\/"},"img":{"alt_text":"","src":"https:\/\/i0.wp.com\/noticiasribeiraopreto.com.br\/wp-content\/uploads\/2024\/04\/e1614472-643e-4052-99e6-d41c9d9d80bd.jpg?fit=365%2C500&ssl=1&resize=350%2C200","width":350,"height":200},"classes":[]},{"id":68369,"url":"https:\/\/noticiasribeiraopreto.com.br\/index.php\/2025\/04\/24\/teatro-da-usp-ribeirao-preto-recebe-tres-espetaculos-gratuitos\/","url_meta":{"origin":45648,"position":4},"title":"Teatro da USP Ribeir\u00e3o Preto recebe tr\u00eas espet\u00e1culos gratuitos","author":"noticiasribeiraopreto.com.br","date":"24 de April de 2025","format":false,"excerpt":"A Cia do Trailler \u2013 Teatro em Movimento levar\u00e1 para o Teatro da USP Ribeir\u00e3o Preto tr\u00eas espet\u00e1culos e uma oficina entre os dias 24 a 26 de abril. A programa\u00e7\u00e3o inclui a \u201c\u00d3pera Febril\u201d, \u201cExperimento Desterro .doc\u201d e \u201cSputnik II e Outras Hist\u00f3rias Caninas\u201d. As apresenta\u00e7\u00f5es integram o projeto\u2026","rel":"","context":"In &quot;Not\u00edcias de Ribeir\u00e3o Preto-SP e Regi\u00e3o&quot;","block_context":{"text":"Not\u00edcias de Ribeir\u00e3o Preto-SP e Regi\u00e3o","link":"https:\/\/noticiasribeiraopreto.com.br\/index.php\/category\/noticias-de-ribeirao-preto-sp-e-regiao-ismael-colosi\/"},"img":{"alt_text":"","src":"https:\/\/i0.wp.com\/noticiasribeiraopreto.com.br\/wp-content\/uploads\/2025\/04\/TEATRO-NA-USP_2025-04-24_19-27-44.webp.webp?fit=1200%2C801&ssl=1&resize=350%2C200","width":350,"height":200,"srcset":"https:\/\/i0.wp.com\/noticiasribeiraopreto.com.br\/wp-content\/uploads\/2025\/04\/TEATRO-NA-USP_2025-04-24_19-27-44.webp.webp?fit=1200%2C801&ssl=1&resize=350%2C200 1x, https:\/\/i0.wp.com\/noticiasribeiraopreto.com.br\/wp-content\/uploads\/2025\/04\/TEATRO-NA-USP_2025-04-24_19-27-44.webp.webp?fit=1200%2C801&ssl=1&resize=525%2C300 1.5x, https:\/\/i0.wp.com\/noticiasribeiraopreto.com.br\/wp-content\/uploads\/2025\/04\/TEATRO-NA-USP_2025-04-24_19-27-44.webp.webp?fit=1200%2C801&ssl=1&resize=700%2C400 2x, https:\/\/i0.wp.com\/noticiasribeiraopreto.com.br\/wp-content\/uploads\/2025\/04\/TEATRO-NA-USP_2025-04-24_19-27-44.webp.webp?fit=1200%2C801&ssl=1&resize=1050%2C600 3x"},"classes":[]},{"id":57359,"url":"https:\/\/noticiasribeiraopreto.com.br\/index.php\/2024\/08\/29\/teatro-oficinas-e-brinquedos-praca-de-ribeirao-preto-tem-atividades-gratuitas\/","url_meta":{"origin":45648,"position":5},"title":"Teatro, oficinas e brinquedos: pra\u00e7a de Ribeir\u00e3o Preto tem atividades gratuitas","author":"noticiasribeiraopreto.com.br","date":"29 de August de 2024","format":false,"excerpt":"O projeto \u201cCultura em Todo Lugar\u201d acontece neste s\u00e1bado (31), desta vez na pra\u00e7a Pedro Biagi, no Ipiranga, zona Norte da de Ribeir\u00e3o Preto. As atividades s\u00e3o gratuitas e acontecem das 9h \u00e0s 12h. Dentro da programa\u00e7\u00e3o est\u00e3o oficinas de desenho, pintura facial, atividade interativa com o \u2018Viajando com as\u2026","rel":"","context":"In &quot;Not\u00edcias de Ribeir\u00e3o Preto-SP e Regi\u00e3o&quot;","block_context":{"text":"Not\u00edcias de Ribeir\u00e3o Preto-SP e Regi\u00e3o","link":"https:\/\/noticiasribeiraopreto.com.br\/index.php\/category\/noticias-de-ribeirao-preto-sp-e-regiao-ismael-colosi\/"},"img":{"alt_text":"","src":"https:\/\/i0.wp.com\/noticiasribeiraopreto.com.br\/wp-content\/uploads\/2024\/08\/Copia-de-Copia-de-Copia-de-TAMANHO-EXATO-PARA-FOTOS-NO-SISTEMA-NOVO-11_2024-08-29_16-01-54_jpg_2024-08-29_16-01-54.webp.webp?fit=1200%2C675&ssl=1&resize=350%2C200","width":350,"height":200,"srcset":"https:\/\/i0.wp.com\/noticiasribeiraopreto.com.br\/wp-content\/uploads\/2024\/08\/Copia-de-Copia-de-Copia-de-TAMANHO-EXATO-PARA-FOTOS-NO-SISTEMA-NOVO-11_2024-08-29_16-01-54_jpg_2024-08-29_16-01-54.webp.webp?fit=1200%2C675&ssl=1&resize=350%2C200 1x, https:\/\/i0.wp.com\/noticiasribeiraopreto.com.br\/wp-content\/uploads\/2024\/08\/Copia-de-Copia-de-Copia-de-TAMANHO-EXATO-PARA-FOTOS-NO-SISTEMA-NOVO-11_2024-08-29_16-01-54_jpg_2024-08-29_16-01-54.webp.webp?fit=1200%2C675&ssl=1&resize=525%2C300 1.5x, https:\/\/i0.wp.com\/noticiasribeiraopreto.com.br\/wp-content\/uploads\/2024\/08\/Copia-de-Copia-de-Copia-de-TAMANHO-EXATO-PARA-FOTOS-NO-SISTEMA-NOVO-11_2024-08-29_16-01-54_jpg_2024-08-29_16-01-54.webp.webp?fit=1200%2C675&ssl=1&resize=700%2C400 2x, https:\/\/i0.wp.com\/noticiasribeiraopreto.com.br\/wp-content\/uploads\/2024\/08\/Copia-de-Copia-de-Copia-de-TAMANHO-EXATO-PARA-FOTOS-NO-SISTEMA-NOVO-11_2024-08-29_16-01-54_jpg_2024-08-29_16-01-54.webp.webp?fit=1200%2C675&ssl=1&resize=1050%2C600 3x"},"classes":[]}],"jetpack_sharing_enabled":true,"jetpack_shortlink":"https:\/\/wp.me\/peQAOb-bSg","_links":{"self":[{"href":"https:\/\/noticiasribeiraopreto.com.br\/index.php\/wp-json\/wp\/v2\/posts\/45648","targetHints":{"allow":["GET"]}}],"collection":[{"href":"https:\/\/noticiasribeiraopreto.com.br\/index.php\/wp-json\/wp\/v2\/posts"}],"about":[{"href":"https:\/\/noticiasribeiraopreto.com.br\/index.php\/wp-json\/wp\/v2\/types\/post"}],"author":[{"embeddable":true,"href":"https:\/\/noticiasribeiraopreto.com.br\/index.php\/wp-json\/wp\/v2\/users\/1"}],"replies":[{"embeddable":true,"href":"https:\/\/noticiasribeiraopreto.com.br\/index.php\/wp-json\/wp\/v2\/comments?post=45648"}],"version-history":[{"count":0,"href":"https:\/\/noticiasribeiraopreto.com.br\/index.php\/wp-json\/wp\/v2\/posts\/45648\/revisions"}],"wp:featuredmedia":[{"embeddable":true,"href":"https:\/\/noticiasribeiraopreto.com.br\/index.php\/wp-json\/wp\/v2\/media\/45649"}],"wp:attachment":[{"href":"https:\/\/noticiasribeiraopreto.com.br\/index.php\/wp-json\/wp\/v2\/media?parent=45648"}],"wp:term":[{"taxonomy":"category","embeddable":true,"href":"https:\/\/noticiasribeiraopreto.com.br\/index.php\/wp-json\/wp\/v2\/categories?post=45648"},{"taxonomy":"post_tag","embeddable":true,"href":"https:\/\/noticiasribeiraopreto.com.br\/index.php\/wp-json\/wp\/v2\/tags?post=45648"}],"curies":[{"name":"wp","href":"https:\/\/api.w.org\/{rel}","templated":true}]}}