{"id":45656,"date":"2024-04-05T15:17:06","date_gmt":"2024-04-05T18:17:06","guid":{"rendered":"https:\/\/noticiasribeiraopreto.com.br\/index.php\/2024\/04\/05\/inscricoes-abertas-programa-jovem-aprendiz-petrobras-2024-comece-sua-carreira\/"},"modified":"2024-04-05T15:17:06","modified_gmt":"2024-04-05T18:17:06","slug":"inscricoes-abertas-programa-jovem-aprendiz-petrobras-2024-comece-sua-carreira","status":"publish","type":"post","link":"https:\/\/noticiasribeiraopreto.com.br\/index.php\/2024\/04\/05\/inscricoes-abertas-programa-jovem-aprendiz-petrobras-2024-comece-sua-carreira\/","title":{"rendered":"Inscri\u00e7\u00f5es Abertas: Programa Jovem Aprendiz Petrobras 2024 \u2013 Comece Sua Carreira!"},"content":{"rendered":"<div class='code-block code-block-1' style='margin: 8px 0 8px auto; text-align: right; display: block; clear: both;'>\n<p><a href=\"https:\/\/wa.link\/vpicfd\"><img data-recalc-dims=\"1\" class=\"wp-image-4922\" style=\"aspect-ratio: 2.0253164556962027; width: 561px; height: auto;\" src=\"https:\/\/i0.wp.com\/ismaelcolosi.com.br\/wp-content\/uploads\/2023\/11\/grupo-de-empregos-whatsapp-e-facebook-ismael-colosi-vagas.jpg?ssl=1\" alt=\"\" \/><\/a><\/p>\n<!-- \/wp:image -->\n<\/div>\n<p> <br \/>\n<\/p>\n<div>\n<p style=\"text-align: justify;\"><span style=\"font-family: arial, helvetica, sans-serif; font-size: 14pt;\">A Petrobras inicia nesta sexta-feira, 5, as inscri\u00e7\u00f5es para um novo processo seletivo para o Programa Jovem Aprendiz, oferecendo mais de 1.000 vagas em diversas localidades do pa\u00eds.<\/span><\/p>\n<p style=\"text-align: justify;\"><span style=\"font-family: arial, helvetica, sans-serif; font-size: 14pt;\">Esta oportunidade est\u00e1 aberta a jovens entre os 14 e os 22 anos e os 3 meses (para os cursos b\u00e1sicos) e entre os 16 e os 22 anos e os 9 meses (para os cursos t\u00e9cnicos).<\/span><\/p>\n<p style=\"text-align: justify;\"><span style=\"font-family: arial, helvetica, sans-serif; font-size: 14pt;\">Al\u00e9m do aprendizado pr\u00e1tico e te\u00f3rico oferecido pelo SENAI, os jovens aprendizes t\u00eam direito a um sal\u00e1rio m\u00ednimo, benef\u00edcios como 13\u00ba sal\u00e1rio, licen\u00e7a remunerada ap\u00f3s um ano de servi\u00e7o, vale-transporte e regime de previd\u00eancia complementar opcional. Tudo isso ocorre dentro do regime CLT.<\/span><\/p>\n<h2><strong><span style=\"font-family: arial, helvetica, sans-serif;\">Vagas Petrobras Jovem Aprendiz<\/span><\/strong><\/h2>\n<p style=\"text-align: justify;\"><span style=\"font-family: arial, helvetica, sans-serif; font-size: 14pt;\">Os participantes do programa t\u00eam a oportunidade de receber treinamento em diversas \u00e1reas, incluindo assist\u00eancia administrativa, opera\u00e7\u00f5es log\u00edsticas, fabrica\u00e7\u00e3o de caldeiras e manuten\u00e7\u00e3o de bombas.<\/span><\/p>\n<p style=\"text-align: justify;\"><span style=\"font-family: arial, helvetica, sans-serif; font-size: 14pt;\">Um dos principais destaques \u00e9 a inclus\u00e3o de cursos t\u00e9cnicos em sistemas de energia renov\u00e1vel, que proporcionam conhecimento da \u00e1rea em crescimento.<\/span><\/p>\n<p style=\"text-align: justify;\"><span style=\"font-family: arial, helvetica, sans-serif; font-size: 14pt;\">As vagas dispon\u00edveis para as vagas abrangem diversas localidades do Brasil. As cidades consideradas incluem:<\/span><\/p>\n<p><span style=\"font-family: arial, helvetica, sans-serif; font-size: 14pt;\">Manaus\/AM<\/span><br \/><span style=\"font-family: arial, helvetica, sans-serif; font-size: 14pt;\">Salvador\/BA<\/span><br \/><span style=\"font-family: arial, helvetica, sans-serif; font-size: 14pt;\">Sr.\/Sra. Sebasti\u00e1n de Passe\/BA<\/span><br \/><span style=\"font-family: arial, helvetica, sans-serif; font-size: 14pt;\">Fortaleza\/CE<\/span><br \/><span style=\"font-family: arial, helvetica, sans-serif; font-size: 14pt;\">Vit\u00f3ria\/ES<\/span><br \/><span style=\"font-family: arial, helvetica, sans-serif; font-size: 14pt;\">Betim\/MG<\/span><br \/><span style=\"font-family: arial, helvetica, sans-serif; font-size: 14pt;\">Tr\u00eas Lagoas\/MS<\/span><br \/><span style=\"font-family: arial, helvetica, sans-serif; font-size: 14pt;\">Ipojuca\/PE<\/span><br \/><span style=\"font-family: arial, helvetica, sans-serif; font-size: 14pt;\">Recife\/PE<\/span><br \/><span style=\"font-family: arial, helvetica, sans-serif; font-size: 14pt;\">Curitiba\/PR<\/span><br \/><span style=\"font-family: arial, helvetica, sans-serif; font-size: 14pt;\">Nascimento\/RN<\/span><br \/><span style=\"font-family: arial, helvetica, sans-serif; font-size: 14pt;\">Canoas\/RS<\/span><br \/><span style=\"font-family: arial, helvetica, sans-serif; font-size: 14pt;\">Aracaju\/SE<\/span><br \/><span style=\"font-family: arial, helvetica, sans-serif; font-size: 14pt;\">Cubat\u00e3o\/SP<\/span><br \/><span style=\"font-family: arial, helvetica, sans-serif; font-size: 14pt;\">Mau\u00e1\/SP<\/span><br \/><span style=\"font-family: arial, helvetica, sans-serif; font-size: 14pt;\">Paul\u00ednia\/SP<\/span><br \/><span style=\"font-family: arial, helvetica, sans-serif; font-size: 14pt;\">Sr.\/Ms.\/SP<\/span><br \/><span style=\"font-family: arial, helvetica, sans-serif; font-size: 14pt;\">Sr.\/Sra. Jos\u00e9 dos Campos\/SP<\/span><br \/><span style=\"font-family: arial, helvetica, sans-serif; font-size: 14pt;\">Sr.\/Ms.\/SP<\/span><br \/><span style=\"font-family: arial, helvetica, sans-serif; font-size: 14pt;\">Duque de Caxias\/RJ<\/span><br \/><span style=\"font-family: arial, helvetica, sans-serif; font-size: 14pt;\">Maca\u00e9\/RJ<\/span><br \/><span style=\"font-family: arial, helvetica, sans-serif; font-size: 14pt;\">Rio de Janeiro\/RJ<\/span><br \/><span style=\"font-family: arial, helvetica, sans-serif; font-size: 14pt;\">Sr.\/Sra. Gonzalo\/RJ<\/span><br \/><span style=\"font-family: arial, helvetica, sans-serif; font-size: 14pt;\">Bras\u00edlia\/DF<\/span><\/p>\n<h2><strong><span style=\"font-family: arial, helvetica, sans-serif;\">Requisitos de Participa\u00e7\u00e3o no Programa<\/span><\/strong><\/h2>\n<p style=\"text-align: justify;\"><span style=\"font-family: arial, helvetica, sans-serif; font-size: 14pt;\">Os interessados em se tornar um jovem aprendiz na Petrobras devem atender a alguns requisitos b\u00e1sicos.<\/span><\/p>\n<ul>\n<li style=\"text-align: justify;\"><span style=\"font-family: arial, helvetica, sans-serif; font-size: 14pt;\">Ter entre 14 e 22 anos e 3 meses (para cursos b\u00e1sicos).<\/span><\/li>\n<li style=\"text-align: justify;\"><span style=\"font-family: arial, helvetica, sans-serif; font-size: 14pt;\">Entre 16 e 22 anos e 9 meses (para cursos t\u00e9cnicos).<\/span><\/li>\n<li style=\"text-align: justify;\"><span style=\"font-family: arial, helvetica, sans-serif; font-size: 14pt;\">Comprovante de matr\u00edcula e frequ\u00eancia escolar, caso n\u00e3o tenha conclu\u00eddo o ensino m\u00e9dio.<\/span><\/li>\n<li style=\"text-align: justify;\"><span style=\"font-family: arial, helvetica, sans-serif; font-size: 14pt;\">Menores de 18 anos devem ter a assist\u00eancia de um respons\u00e1vel legal para celebrar um contrato de aprendizagem.<\/span><\/li>\n<\/ul>\n<p style=\"text-align: justify;\"><span style=\"font-family: arial, helvetica, sans-serif; font-size: 14pt;\">No processo seletivo Petrobras <span style=\"color: #ff6600;\"><strong>Jovem Aprendiz<\/strong><\/span>, parte das vagas \u00e9 reservada para grupos espec\u00edficos de acordo com os crit\u00e9rios de inclus\u00e3o e apoio social, sendo 10% das vagas reservadas para pessoas com defici\u00eancia (PcD) e 10% reservadas para jovens em acolhimento institucional.<\/span><\/p>\n<p style=\"text-align: justify;\"><span style=\"font-family: arial, helvetica, sans-serif; font-size: 14pt;\">Al\u00e9m disso, o programa contempla 15% das vagas para jovens que foram liberados do trabalho infantil e tem como objetivo oferecer oportunidades de reabilita\u00e7\u00e3o social e recupera\u00e7\u00e3o de inf\u00e2ncias perdidas. Uma delas \u00e9 a destina\u00e7\u00e3o-piloto de 20 vagas para estagi\u00e1rios de acordo com medidas socioeducativas.<\/span><\/p>\n<h2><strong><span style=\"font-family: arial, helvetica, sans-serif;\">Cronograma de inscri\u00e7\u00f5es e processo seletivo<\/span><\/strong><\/h2>\n<p style=\"text-align: justify;\"><span style=\"font-family: arial, helvetica, sans-serif; font-size: 14pt;\">As inscri\u00e7\u00f5es para o <strong>Programa Jovem Aprendiz Petrobras<\/strong> ser\u00e3o aceitas de<strong> 5 a 12 de Abril<\/strong> no <span style=\"color: #ff6600;\"><strong><a style=\"color: #ff6600;\" href=\"https:\/\/petrobras.com.br\/quem-somos\/jovem-aprendiz\" target=\"_blank\" rel=\"nofollow noopener\">site oficial da Petrobras<\/a><\/strong><\/span>.<\/span><\/p>\n<p style=\"text-align: justify;\"><span style=\"font-family: arial, helvetica, sans-serif; font-size: 14pt;\">O cronograma do processo seletivo inclui a apresenta\u00e7\u00e3o de documentos que comprovem os requisitos, a emiss\u00e3o da lista provis\u00f3ria de classifica\u00e7\u00e3o, o per\u00edodo de recurso, a an\u00e1lise e aprova\u00e7\u00e3o do recurso e a emiss\u00e3o da lista de classifica\u00e7\u00e3o final.<\/span><\/p>\n<p><span style=\"font-size: 14pt;\"><strong><span style=\"font-family: arial, helvetica, sans-serif;\">Confira a programa\u00e7\u00e3o do Jovem Aprendiz da Petrobras.<\/span><\/strong><\/span><\/p>\n<p style=\"text-align: justify;\"><span style=\"font-size: 14pt;\"><strong><span style=\"font-family: arial, helvetica, sans-serif;\">Como fa\u00e7o para me inscrever no Programa Jovem Aprendiz Petrobr\u00e1s?<\/span><\/strong><\/span><\/p>\n<p style=\"text-align: justify;\"><span style=\"font-family: arial, helvetica, sans-serif; font-size: 14pt;\">As inscri\u00e7\u00f5es para o Programa Jovem Aprendiz Petrobras ser\u00e3o aceitas de 5 a 12 de abril no site oficial da Petrobras.<\/span><\/p>\n<p style=\"text-align: justify;\"><strong><span style=\"font-family: arial, helvetica, sans-serif; font-size: 14pt;\">Quando vou ver os resultados do Programa Jovem Aprendiz da Petrobras?<\/span><\/strong><\/p>\n<p style=\"text-align: justify;\"><span style=\"font-family: arial, helvetica, sans-serif; font-size: 14pt;\">A classifica\u00e7\u00e3o final do processo seletivo da Petrobras ser\u00e1 divulgada no dia 17 de maio de 2024.<\/span><\/p>\n<\/div>\n<p><br \/>\n<br \/><a href=\"https:\/\/www.financasbrasil.org\/2024\/04\/inscricoes-abertas-programa-jo.html\">Source link <\/a><\/p>\n<!-- CONTENT END 1 -->\n","protected":false},"excerpt":{"rendered":"<p>A Petrobras inicia nesta sexta-feira, 5, as inscri\u00e7\u00f5es para um novo processo seletivo para o Programa Jovem Aprendiz, oferecendo mais de 1.000 vagas em diversas&#8230;<\/p>\n","protected":false},"author":1,"featured_media":45657,"comment_status":"open","ping_status":"open","sticky":false,"template":"","format":"standard","meta":{"advanced_seo_description":"","jetpack_seo_html_title":"","jetpack_seo_noindex":false,"jetpack_seo_schema_type":"","_jetpack_newsletter_access":"","_jetpack_dont_email_post_to_subs":false,"_jetpack_newsletter_tier_id":0,"_jetpack_memberships_contains_paywalled_content":false,"_jetpack_feature_clip_id":0,"_jetpack_memberships_contains_paid_content":false,"footnotes":"","jetpack_publicize_message":"","jetpack_publicize_feature_enabled":true,"jetpack_social_post_already_shared":true,"jetpack_social_options":{"image_generator_settings":{"template":"highway","default_image_id":0,"font":"","enabled":false},"version":2},"jetpack_post_was_ever_published":false},"categories":[3598],"tags":[],"class_list":["post-45656","post","type-post","status-publish","format-standard","has-post-thumbnail","hentry","category-empregos-classificados-vagas-trabalho"],"jetpack_publicize_connections":[],"jetpack-related-posts":[{"id":35880,"url":"https:\/\/noticiasribeiraopreto.com.br\/index.php\/2024\/02\/07\/jovem-aprendiz-sicoob-2024-vagas-abertas-para-idade-entre-14-a-24-anos-com-salario-de-r-92999-veja-como-se-inscrever\/","url_meta":{"origin":45656,"position":0},"title":"Jovem aprendiz SICOOB 2024: Vagas abertas para idade entre 14 A 24 ANOS com sal\u00e1rio de R$ 929,99; Veja como se inscrever","author":"noticiasribeiraopreto.com.br","date":"7 de February de 2024","format":false,"excerpt":"O SICOOB est\u00e1 com inscri\u00e7\u00f5es abertas para o Processo Seletivo Jovem Aprendiz em 2024, proporcionando uma grande oportunidade para jovens entre 14 e 24 anos ingressarem no mercado de trabalho. O cargo oferece benef\u00edcios e carga hor\u00e1ria das 9h \u00e0s 21h, de segunda a sexta-feira, acrescido de sal\u00e1rio de R$\u2026","rel":"","context":"In &quot;Empregos - Classificados&quot;","block_context":{"text":"Empregos - Classificados","link":"https:\/\/noticiasribeiraopreto.com.br\/index.php\/category\/empregos-classificados-vagas-trabalho\/"},"img":{"alt_text":"","src":"https:\/\/i0.wp.com\/noticiasribeiraopreto.com.br\/wp-content\/uploads\/2024\/02\/Jovem-aprendiz.png?fit=1200%2C630&ssl=1&resize=350%2C200","width":350,"height":200,"srcset":"https:\/\/i0.wp.com\/noticiasribeiraopreto.com.br\/wp-content\/uploads\/2024\/02\/Jovem-aprendiz.png?fit=1200%2C630&ssl=1&resize=350%2C200 1x, https:\/\/i0.wp.com\/noticiasribeiraopreto.com.br\/wp-content\/uploads\/2024\/02\/Jovem-aprendiz.png?fit=1200%2C630&ssl=1&resize=525%2C300 1.5x, https:\/\/i0.wp.com\/noticiasribeiraopreto.com.br\/wp-content\/uploads\/2024\/02\/Jovem-aprendiz.png?fit=1200%2C630&ssl=1&resize=700%2C400 2x, https:\/\/i0.wp.com\/noticiasribeiraopreto.com.br\/wp-content\/uploads\/2024\/02\/Jovem-aprendiz.png?fit=1200%2C630&ssl=1&resize=1050%2C600 3x"},"classes":[]},{"id":65964,"url":"https:\/\/noticiasribeiraopreto.com.br\/index.php\/2025\/03\/26\/sabesp-abre-mais-de-400-vagas-para-o-programa-jovem-aprendiz\/","url_meta":{"origin":45656,"position":1},"title":"Sabesp abre mais de 400 vagas para o Programa Jovem Aprendiz","author":"noticiasribeiraopreto.com.br","date":"26 de March de 2025","format":false,"excerpt":"A Sabesp est\u00e1 com inscri\u00e7\u00f5es para o Programa Jovem Aprendiz Sabesp 2025-2026. S\u00e3o 433 vagas distribu\u00eddas em 51 munic\u00edpios paulistas, abrangendo a Regi\u00e3o de Franca. Realizado em parceria com o Senai-SP, o programa oferece 321 vagas administrativas e 112 vagas t\u00e9cnicas para cursos em Eletroeletr\u00f4nica, Eletromec\u00e2nica, Mecatr\u00f4nica e Qu\u00edmica. Em\u2026","rel":"","context":"In &quot;Not\u00edcias de Franca-SP&quot;","block_context":{"text":"Not\u00edcias de Franca-SP","link":"https:\/\/noticiasribeiraopreto.com.br\/index.php\/category\/noticias-de-ribeirao-preto-sp-e-regiao-ismael-colosi\/noticias-franca-sp\/"},"img":{"alt_text":"","src":"https:\/\/i0.wp.com\/noticiasribeiraopreto.com.br\/wp-content\/uploads\/2025\/03\/IMG-20250326-WA0024.jpg?fit=1200%2C800&ssl=1&resize=350%2C200","width":350,"height":200,"srcset":"https:\/\/i0.wp.com\/noticiasribeiraopreto.com.br\/wp-content\/uploads\/2025\/03\/IMG-20250326-WA0024.jpg?fit=1200%2C800&ssl=1&resize=350%2C200 1x, https:\/\/i0.wp.com\/noticiasribeiraopreto.com.br\/wp-content\/uploads\/2025\/03\/IMG-20250326-WA0024.jpg?fit=1200%2C800&ssl=1&resize=525%2C300 1.5x, https:\/\/i0.wp.com\/noticiasribeiraopreto.com.br\/wp-content\/uploads\/2025\/03\/IMG-20250326-WA0024.jpg?fit=1200%2C800&ssl=1&resize=700%2C400 2x, https:\/\/i0.wp.com\/noticiasribeiraopreto.com.br\/wp-content\/uploads\/2025\/03\/IMG-20250326-WA0024.jpg?fit=1200%2C800&ssl=1&resize=1050%2C600 3x"},"classes":[]},{"id":44424,"url":"https:\/\/noticiasribeiraopreto.com.br\/index.php\/2024\/03\/27\/vagas-jovem-aprendiz-para-trabalhar-de-casa\/","url_meta":{"origin":45656,"position":2},"title":"Vagas Jovem Aprendiz para trabalhar de casa","author":"noticiasribeiraopreto.com.br","date":"27 de March de 2024","format":false,"excerpt":"Jovem Aprendiz Jovem Aprendiz VIVO 2024: Veja informa\u00e7\u00f5es sobre Inscri\u00e7\u00f5es, Vagas Abertas e Sal\u00e1rios A Vivo, uma das maiores empresas de telecomunica\u00e7\u00f5es do Brasil, est\u00e1 oferecendo cerca de 290 vagas de emprego em seu Programa de Jovem Aprendiz. Dispon\u00edveis em 23 estados e no Leia mais Home Office Jovem Aprendiz\u2026","rel":"","context":"In &quot;Vagas de Emprego Remoto - Home Office&quot;","block_context":{"text":"Vagas de Emprego Remoto - Home Office","link":"https:\/\/noticiasribeiraopreto.com.br\/index.php\/category\/empregos-classificados-vagas-trabalho\/vagas-de-empregos-em-ribeirao-preto-regiao-brasil\/vagas-de-emprego-para-trabalhar-de-casa-home-office-remoto\/"},"img":{"alt_text":"","src":"https:\/\/i0.wp.com\/noticiasribeiraopreto.com.br\/wp-content\/uploads\/2024\/02\/vivo-telefonica-brasil-companyupdate-1708439628465-761x492.webp?fit=761%2C492&ssl=1&resize=350%2C200","width":350,"height":200,"srcset":"https:\/\/i0.wp.com\/noticiasribeiraopreto.com.br\/wp-content\/uploads\/2024\/02\/vivo-telefonica-brasil-companyupdate-1708439628465-761x492.webp?fit=761%2C492&ssl=1&resize=350%2C200 1x, https:\/\/i0.wp.com\/noticiasribeiraopreto.com.br\/wp-content\/uploads\/2024\/02\/vivo-telefonica-brasil-companyupdate-1708439628465-761x492.webp?fit=761%2C492&ssl=1&resize=525%2C300 1.5x, https:\/\/i0.wp.com\/noticiasribeiraopreto.com.br\/wp-content\/uploads\/2024\/02\/vivo-telefonica-brasil-companyupdate-1708439628465-761x492.webp?fit=761%2C492&ssl=1&resize=700%2C400 2x"},"classes":[]},{"id":35942,"url":"https:\/\/noticiasribeiraopreto.com.br\/index.php\/2024\/02\/08\/jovem-aprendiz-banco-do-brasil-2024-vagas-abertas-veja-tudo-sobre-inscricoes-e-salarios\/","url_meta":{"origin":45656,"position":3},"title":"Jovem aprendiz Banco do Brasil 2024: Vagas abertas! Veja tudo sobre inscri\u00e7\u00f5es e sal\u00e1rios","author":"noticiasribeiraopreto.com.br","date":"8 de February de 2024","format":false,"excerpt":"Adolescentes e jovens em busca do primeiro emprego podem dar um grande passo rumo ao mercado de trabalho no Jovem Aprendiz Banco do Brasil 2024. Desenvolvido pelo governo federal, esse programa oferece diversas oportunidades que voc\u00ea pode aproveitar. Saiba agora como garantir sua vaga no Jovem Aprendiz Banco do Brasil\u2026","rel":"","context":"In &quot;Empregos - Classificados&quot;","block_context":{"text":"Empregos - Classificados","link":"https:\/\/noticiasribeiraopreto.com.br\/index.php\/category\/empregos-classificados-vagas-trabalho\/"},"img":{"alt_text":"","src":"https:\/\/i0.wp.com\/noticiasribeiraopreto.com.br\/wp-content\/uploads\/2024\/02\/JOVEM-APRENDIZ-BANCO-DO-BRASIL.png?fit=1200%2C630&ssl=1&resize=350%2C200","width":350,"height":200,"srcset":"https:\/\/i0.wp.com\/noticiasribeiraopreto.com.br\/wp-content\/uploads\/2024\/02\/JOVEM-APRENDIZ-BANCO-DO-BRASIL.png?fit=1200%2C630&ssl=1&resize=350%2C200 1x, https:\/\/i0.wp.com\/noticiasribeiraopreto.com.br\/wp-content\/uploads\/2024\/02\/JOVEM-APRENDIZ-BANCO-DO-BRASIL.png?fit=1200%2C630&ssl=1&resize=525%2C300 1.5x, https:\/\/i0.wp.com\/noticiasribeiraopreto.com.br\/wp-content\/uploads\/2024\/02\/JOVEM-APRENDIZ-BANCO-DO-BRASIL.png?fit=1200%2C630&ssl=1&resize=700%2C400 2x, https:\/\/i0.wp.com\/noticiasribeiraopreto.com.br\/wp-content\/uploads\/2024\/02\/JOVEM-APRENDIZ-BANCO-DO-BRASIL.png?fit=1200%2C630&ssl=1&resize=1050%2C600 3x"},"classes":[]},{"id":55620,"url":"https:\/\/noticiasribeiraopreto.com.br\/index.php\/2024\/08\/04\/vagas-jovem-aprendiz-para-trabalhar-de-casa-4\/","url_meta":{"origin":45656,"position":4},"title":"Vagas Jovem Aprendiz para trabalhar de casa","author":"noticiasribeiraopreto.com.br","date":"4 de August de 2024","format":false,"excerpt":"Home Office Jovem Aprendiz Seu primeiro emprego diretamente de casa! Cobmax abre vagas para JOVEM APRENDIZ 100% HOME OFFICE Aqui, despertamos o potencial m\u00e1ximo de pessoas e organiza\u00e7\u00f5es por meio de tecnologias em venda para transformar jornadas! Estamos h\u00e1 14 anos otimizamos jornadas de compras de clientes para criar Leia\u2026","rel":"","context":"In &quot;Vagas de Emprego Remoto - Home Office&quot;","block_context":{"text":"Vagas de Emprego Remoto - Home Office","link":"https:\/\/noticiasribeiraopreto.com.br\/index.php\/category\/empregos-classificados-vagas-trabalho\/vagas-de-empregos-em-ribeirao-preto-regiao-brasil\/vagas-de-emprego-para-trabalhar-de-casa-home-office-remoto\/"},"img":{"alt_text":"","src":"https:\/\/i0.wp.com\/noticiasribeiraopreto.com.br\/wp-content\/uploads\/2024\/06\/jovem-aprendia-cobmax-761x492.webp?fit=761%2C492&ssl=1&resize=350%2C200","width":350,"height":200,"srcset":"https:\/\/i0.wp.com\/noticiasribeiraopreto.com.br\/wp-content\/uploads\/2024\/06\/jovem-aprendia-cobmax-761x492.webp?fit=761%2C492&ssl=1&resize=350%2C200 1x, https:\/\/i0.wp.com\/noticiasribeiraopreto.com.br\/wp-content\/uploads\/2024\/06\/jovem-aprendia-cobmax-761x492.webp?fit=761%2C492&ssl=1&resize=525%2C300 1.5x, https:\/\/i0.wp.com\/noticiasribeiraopreto.com.br\/wp-content\/uploads\/2024\/06\/jovem-aprendia-cobmax-761x492.webp?fit=761%2C492&ssl=1&resize=700%2C400 2x"},"classes":[]},{"id":52939,"url":"https:\/\/noticiasribeiraopreto.com.br\/index.php\/2024\/06\/14\/vagas-jovem-aprendiz-para-trabalhar-de-casa-3\/","url_meta":{"origin":45656,"position":5},"title":"Vagas Jovem Aprendiz para trabalhar de casa","author":"noticiasribeiraopreto.com.br","date":"14 de June de 2024","format":false,"excerpt":"Home Office Jovem Aprendiz Seu primeiro emprego diretamente de casa! Cobmax abre vagas para JOVEM APRENDIZ 100% HOME OFFICE Aqui, despertamos o potencial m\u00e1ximo de pessoas e organiza\u00e7\u00f5es por meio de tecnologias em venda para transformar jornadas! Estamos h\u00e1 14 anos otimizamos jornadas de compras de clientes para criar Leia\u2026","rel":"","context":"In &quot;Vagas de Emprego Remoto - Home Office&quot;","block_context":{"text":"Vagas de Emprego Remoto - Home Office","link":"https:\/\/noticiasribeiraopreto.com.br\/index.php\/category\/empregos-classificados-vagas-trabalho\/vagas-de-empregos-em-ribeirao-preto-regiao-brasil\/vagas-de-emprego-para-trabalhar-de-casa-home-office-remoto\/"},"img":{"alt_text":"","src":"https:\/\/i0.wp.com\/noticiasribeiraopreto.com.br\/wp-content\/uploads\/2024\/06\/jovem-aprendia-cobmax-761x492.webp?fit=761%2C492&ssl=1&resize=350%2C200","width":350,"height":200,"srcset":"https:\/\/i0.wp.com\/noticiasribeiraopreto.com.br\/wp-content\/uploads\/2024\/06\/jovem-aprendia-cobmax-761x492.webp?fit=761%2C492&ssl=1&resize=350%2C200 1x, https:\/\/i0.wp.com\/noticiasribeiraopreto.com.br\/wp-content\/uploads\/2024\/06\/jovem-aprendia-cobmax-761x492.webp?fit=761%2C492&ssl=1&resize=525%2C300 1.5x, https:\/\/i0.wp.com\/noticiasribeiraopreto.com.br\/wp-content\/uploads\/2024\/06\/jovem-aprendia-cobmax-761x492.webp?fit=761%2C492&ssl=1&resize=700%2C400 2x"},"classes":[]}],"jetpack_sharing_enabled":true,"jetpack_shortlink":"https:\/\/wp.me\/peQAOb-bSo","jetpack_featured_media_url":"https:\/\/i0.wp.com\/noticiasribeiraopreto.com.br\/wp-content\/uploads\/2024\/04\/www.grandesite.com_.br-12-3456-7890-%40grandesite.webp.webp?fit=1200%2C630&ssl=1","_links":{"self":[{"href":"https:\/\/noticiasribeiraopreto.com.br\/index.php\/wp-json\/wp\/v2\/posts\/45656","targetHints":{"allow":["GET"]}}],"collection":[{"href":"https:\/\/noticiasribeiraopreto.com.br\/index.php\/wp-json\/wp\/v2\/posts"}],"about":[{"href":"https:\/\/noticiasribeiraopreto.com.br\/index.php\/wp-json\/wp\/v2\/types\/post"}],"author":[{"embeddable":true,"href":"https:\/\/noticiasribeiraopreto.com.br\/index.php\/wp-json\/wp\/v2\/users\/1"}],"replies":[{"embeddable":true,"href":"https:\/\/noticiasribeiraopreto.com.br\/index.php\/wp-json\/wp\/v2\/comments?post=45656"}],"version-history":[{"count":0,"href":"https:\/\/noticiasribeiraopreto.com.br\/index.php\/wp-json\/wp\/v2\/posts\/45656\/revisions"}],"wp:featuredmedia":[{"embeddable":true,"href":"https:\/\/noticiasribeiraopreto.com.br\/index.php\/wp-json\/wp\/v2\/media\/45657"}],"wp:attachment":[{"href":"https:\/\/noticiasribeiraopreto.com.br\/index.php\/wp-json\/wp\/v2\/media?parent=45656"}],"wp:term":[{"taxonomy":"category","embeddable":true,"href":"https:\/\/noticiasribeiraopreto.com.br\/index.php\/wp-json\/wp\/v2\/categories?post=45656"},{"taxonomy":"post_tag","embeddable":true,"href":"https:\/\/noticiasribeiraopreto.com.br\/index.php\/wp-json\/wp\/v2\/tags?post=45656"}],"curies":[{"name":"wp","href":"https:\/\/api.w.org\/{rel}","templated":true}]}}