{"id":45691,"date":"2024-04-05T17:53:36","date_gmt":"2024-04-05T20:53:36","guid":{"rendered":"https:\/\/noticiasribeiraopreto.com.br\/index.php\/2024\/04\/05\/transporte-de-ribeirao-preto-inicia-teste-com-onibus-100-eletrico\/"},"modified":"2024-04-05T17:53:36","modified_gmt":"2024-04-05T20:53:36","slug":"transporte-de-ribeirao-preto-inicia-teste-com-onibus-100-eletrico","status":"publish","type":"post","link":"https:\/\/noticiasribeiraopreto.com.br\/index.php\/2024\/04\/05\/transporte-de-ribeirao-preto-inicia-teste-com-onibus-100-eletrico\/","title":{"rendered":"Transporte de Ribeir\u00e3o Preto inicia teste com \u00f4nibus 100% el\u00e9trico"},"content":{"rendered":"<div class='code-block code-block-1' style='margin: 8px 0 8px auto; text-align: right; display: block; clear: both;'>\n<p><a href=\"https:\/\/wa.link\/vpicfd\"><img data-recalc-dims=\"1\" class=\"wp-image-4922\" style=\"aspect-ratio: 2.0253164556962027; width: 561px; height: auto;\" src=\"https:\/\/i0.wp.com\/ismaelcolosi.com.br\/wp-content\/uploads\/2023\/11\/grupo-de-empregos-whatsapp-e-facebook-ismael-colosi-vagas.jpg?ssl=1\" alt=\"\" \/><\/a><\/p>\n<!-- \/wp:image -->\n<\/div>\n<p> <br \/>\n<\/p>\n<div data-td-block-uid=\"tdi_101\">\n<div class=\"tdb-block-inner td-fix-index\">\n<p>Come\u00e7ou nesta sexta-feira (5) o <mark style=\"background-color:#fcb900\" class=\"has-inline-color has-black-color\">teste de um<strong> \u00f4nibus 100% el\u00e9trico<\/strong> no transporte p\u00fablico de<strong> Ribeir\u00e3o Preto<\/strong><\/mark>. A viagem de apresenta\u00e7\u00e3o do ve\u00edculo saiu do terminal do Ribeir\u00e3o Shopping, na zona Sul, e foi em dire\u00e7\u00e3o a esta\u00e7\u00e3o da pra\u00e7a da Bandeira, no Centro.<\/p>\n<p>O ve\u00edculo possui capacidade para at\u00e9 80 passageiros e, inicialmente, <mark style=\"background-color:#fcb900\" class=\"has-inline-color has-black-color\">atender\u00e1 os usu\u00e1rios da linha 902 \u2013 Norte-Sul 2, que liga a zona Norte a regi\u00e3o do Ribeir\u00e3o Shopping.<\/mark> O \u00f4nibus vai circular na cidade por 30 dias.<\/p>\n<p>Para o diretor superintendente da <strong>RP Mobi<\/strong>, Marcelo Galli, esse \u00e9 mais um teste dispon\u00edvel no munic\u00edpio com o intuito de tamb\u00e9m proporcionar eletrifica\u00e7\u00e3o da frota.<\/p>\n<p>O superintendente ainda afirmou que h\u00e1 a expectativa de implementar, ainda em 2024, uma quantidade modesta de ve\u00edculos com essa tecnologia na rede de transporte p\u00fablico da cidade.<\/p>\n<p>O ve\u00edculo em teste em Ribeir\u00e3o Preto \u00e9 fabricado 100% com tecnologia nacional, inclusive os componentes eletroeletr\u00f4nicos.<\/p>\n<p>SAIBA MAIS<br \/>Veja quando come\u00e7a a frente fria no interior de SP<\/p>\n<h4 class=\"wp-block-heading\"><strong>FIQUE ON<\/strong><\/h4>\n<p>Fique ligado em tudo que acontece em Ribeir\u00e3o Preto e regi\u00e3o. Siga os perfis do<strong> acidade on<\/strong> no <a href=\"https:\/\/www.instagram.com\/acidadeonribeirao\" target=\"_blank\" rel=\"noreferrer noopener nofollow\">Instagram<\/a> e no <a href=\"https:\/\/www.facebook.com\/acidadeonribeirao\" target=\"_blank\" rel=\"noreferrer noopener nofollow\">Facebook<\/a>.<\/p>\n<p>Receba not\u00edcias do <strong>acidade on <\/strong>no WhatsApp. <a href=\"https:\/\/chat.whatsapp.com\/GFH9HUMUTHNFJdnyEd0xxq\" target=\"_blank\" rel=\"noreferrer noopener nofollow\">Para entrar no grupo, basta clicar aqui.<\/a><\/p>\n<p>Fa\u00e7a uma den\u00fancia ou sugira uma reportagem sobre Ribeir\u00e3o Preto e regi\u00e3o pelo WhatsApp: 16 99117 7802.<\/p>\n<p>VEJA TAMB\u00c9M<br \/>Por que a venda do \u00e1lcool l\u00edquido 70% foi proibida?<\/p>\n<p><!-- AI CONTENT END 1 -->\n<\/div>\n<\/div>\n<p><script async src=\"\/\/www.instagram.com\/embed.js\"><\/script><br \/>\n<br \/><br \/>\n<br \/><a href=\"https:\/\/www.acidadeon.com\/ribeiraopreto\/politica\/transporte-de-ribeirao-preto-inicia-teste-com-onibus-100-eletrico\/\">Source link <\/a><\/p>\n<!-- CONTENT END 1 -->\n","protected":false},"excerpt":{"rendered":"<p>Come\u00e7ou nesta sexta-feira (5) o teste de um \u00f4nibus 100% el\u00e9trico no transporte p\u00fablico de Ribeir\u00e3o Preto. A viagem de apresenta\u00e7\u00e3o do ve\u00edculo saiu do&#8230;<\/p>\n","protected":false},"author":1,"featured_media":45692,"comment_status":"open","ping_status":"open","sticky":false,"template":"","format":"standard","meta":{"advanced_seo_description":"","jetpack_seo_html_title":"","jetpack_seo_noindex":false,"jetpack_post_was_ever_published":false,"_jetpack_newsletter_access":"","_jetpack_dont_email_post_to_subs":false,"_jetpack_newsletter_tier_id":0,"_jetpack_memberships_contains_paywalled_content":false,"_jetpack_memberships_contains_paid_content":false,"footnotes":"","jetpack_publicize_message":"","jetpack_publicize_feature_enabled":true,"jetpack_social_post_already_shared":true,"jetpack_social_options":{"image_generator_settings":{"template":"highway","default_image_id":0,"font":"","enabled":false},"version":2}},"categories":[11],"tags":[],"class_list":["post-45691","post","type-post","status-publish","format-standard","has-post-thumbnail","hentry","category-noticias-de-ribeirao-preto-sp-e-regiao-ismael-colosi"],"jetpack_publicize_connections":[],"jetpack_featured_media_url":"https:\/\/i0.wp.com\/noticiasribeiraopreto.com.br\/wp-content\/uploads\/2024\/04\/AnyConv.com__onibus-eletrico.webp.webp?fit=1619%2C1080&ssl=1","jetpack-related-posts":[{"id":49105,"url":"https:\/\/noticiasribeiraopreto.com.br\/index.php\/2024\/05\/08\/novo-pac-preve-r-210-milhoes-para-ribeirao-preto-comprar-onibus-eletricos\/","url_meta":{"origin":45691,"position":0},"title":"Novo PAC prev\u00ea R$ 210 milh\u00f5es para Ribeir\u00e3o Preto comprar \u00f4nibus el\u00e9tricos","author":"noticiasribeiraopreto.com.br","date":"8 de May de 2024","format":false,"excerpt":"O Governo Federal anunciou, nesta quarta-feira (8), o repasse de R$ 210 milh\u00f5es para Ribeir\u00e3o Preto comprar 60 \u00f4nibus el\u00e9tricos. Os recursos s\u00e3o provenientes do Novo PAC (Programa de Acelera\u00e7\u00e3o do Crescimento) Sele\u00e7\u00f5es, e foram anunciados em Bras\u00edlia. No \u00faltimo m\u00eas, Ribeir\u00e3o Preto iniciou os testes de dois \u00f4nibus el\u00e9tricos\u2026","rel":"","context":"In &quot;Not\u00edcias de Ribeir\u00e3o Preto-SP e Regi\u00e3o&quot;","block_context":{"text":"Not\u00edcias de Ribeir\u00e3o Preto-SP e Regi\u00e3o","link":"https:\/\/noticiasribeiraopreto.com.br\/index.php\/category\/noticias-de-ribeirao-preto-sp-e-regiao-ismael-colosi\/"},"img":{"alt_text":"","src":"https:\/\/i0.wp.com\/noticiasribeiraopreto.com.br\/wp-content\/uploads\/2024\/04\/AnyConv.com__onibus-eletrico.webp.webp?fit=1200%2C800&ssl=1&resize=350%2C200","width":350,"height":200,"srcset":"https:\/\/i0.wp.com\/noticiasribeiraopreto.com.br\/wp-content\/uploads\/2024\/04\/AnyConv.com__onibus-eletrico.webp.webp?fit=1200%2C800&ssl=1&resize=350%2C200 1x, https:\/\/i0.wp.com\/noticiasribeiraopreto.com.br\/wp-content\/uploads\/2024\/04\/AnyConv.com__onibus-eletrico.webp.webp?fit=1200%2C800&ssl=1&resize=525%2C300 1.5x, https:\/\/i0.wp.com\/noticiasribeiraopreto.com.br\/wp-content\/uploads\/2024\/04\/AnyConv.com__onibus-eletrico.webp.webp?fit=1200%2C800&ssl=1&resize=700%2C400 2x, https:\/\/i0.wp.com\/noticiasribeiraopreto.com.br\/wp-content\/uploads\/2024\/04\/AnyConv.com__onibus-eletrico.webp.webp?fit=1200%2C800&ssl=1&resize=1050%2C600 3x"},"classes":[]},{"id":75147,"url":"https:\/\/noticiasribeiraopreto.com.br\/index.php\/2025\/08\/04\/transporte-coletivo-de-ribeirao-ganha-primeiros-onibus-eletricos\/","url_meta":{"origin":45691,"position":1},"title":"Transporte Coletivo de Ribeir\u00e3o ganha primeiros \u00f4nibus el\u00e9tricos","author":"noticiasribeiraopreto.com.br","date":"4 de August de 2025","format":false,"excerpt":"4 de agosto de 2025 15:564 de agosto de 2025 15:564 Compartilhar0 A Prefeitura de Ribeir\u00e3o Preto, por meio da RP Mobi, realizou, nesta segunda-feira, 4 de agosto, a entrega oficial dos quatro primeiros \u00f4nibus el\u00e9tricos que passam a integrar a frota do transporte coletivo urbano da cidade. Os ve\u00edculos\u2026","rel":"","context":"In &quot;Not\u00edcias de Ribeir\u00e3o Preto-SP e Regi\u00e3o&quot;","block_context":{"text":"Not\u00edcias de Ribeir\u00e3o Preto-SP e Regi\u00e3o","link":"https:\/\/noticiasribeiraopreto.com.br\/index.php\/category\/noticias-de-ribeirao-preto-sp-e-regiao-ismael-colosi\/"},"img":{"alt_text":"","src":"https:\/\/i0.wp.com\/noticiasribeiraopreto.com.br\/wp-content\/uploads\/2025\/08\/onibus-scaled.jpeg?fit=1170%2C780&ssl=1&resize=350%2C200","width":350,"height":200,"srcset":"https:\/\/i0.wp.com\/noticiasribeiraopreto.com.br\/wp-content\/uploads\/2025\/08\/onibus-scaled.jpeg?fit=1170%2C780&ssl=1&resize=350%2C200 1x, https:\/\/i0.wp.com\/noticiasribeiraopreto.com.br\/wp-content\/uploads\/2025\/08\/onibus-scaled.jpeg?fit=1170%2C780&ssl=1&resize=525%2C300 1.5x, https:\/\/i0.wp.com\/noticiasribeiraopreto.com.br\/wp-content\/uploads\/2025\/08\/onibus-scaled.jpeg?fit=1170%2C780&ssl=1&resize=700%2C400 2x, https:\/\/i0.wp.com\/noticiasribeiraopreto.com.br\/wp-content\/uploads\/2025\/08\/onibus-scaled.jpeg?fit=1170%2C780&ssl=1&resize=1050%2C600 3x"},"classes":[]},{"id":46276,"url":"https:\/\/noticiasribeiraopreto.com.br\/index.php\/2024\/04\/10\/transporte-de-ribeirao-preto-testa-onibus-eletrico-chines\/","url_meta":{"origin":45691,"position":2},"title":"Transporte de Ribeir\u00e3o Preto testa \u00f4nibus el\u00e9trico chin\u00eas","author":"noticiasribeiraopreto.com.br","date":"10 de April de 2024","format":false,"excerpt":"Ap\u00f3s iniciar os testes com o \u00f4nibus el\u00e9trico nacional, a rede de transporte coletivo de Ribeir\u00e3o Preto come\u00e7a na pr\u00f3xima segunda-feira (15) a testar um \u00f4nibus el\u00e9trico fabricado na China. O ve\u00edculo passar\u00e1 por testes alternados no itiner\u00e1rio da linha 902 \u2013 Norte-Sul 2, que liga a regi\u00e3o Norte ao\u2026","rel":"","context":"In &quot;Not\u00edcias de Ribeir\u00e3o Preto-SP e Regi\u00e3o&quot;","block_context":{"text":"Not\u00edcias de Ribeir\u00e3o Preto-SP e Regi\u00e3o","link":"https:\/\/noticiasribeiraopreto.com.br\/index.php\/category\/noticias-de-ribeirao-preto-sp-e-regiao-ismael-colosi\/"},"img":{"alt_text":"","src":"https:\/\/i0.wp.com\/noticiasribeiraopreto.com.br\/wp-content\/uploads\/2024\/04\/onibus.jpeg?fit=1000%2C666&ssl=1&resize=350%2C200","width":350,"height":200,"srcset":"https:\/\/i0.wp.com\/noticiasribeiraopreto.com.br\/wp-content\/uploads\/2024\/04\/onibus.jpeg?fit=1000%2C666&ssl=1&resize=350%2C200 1x, https:\/\/i0.wp.com\/noticiasribeiraopreto.com.br\/wp-content\/uploads\/2024\/04\/onibus.jpeg?fit=1000%2C666&ssl=1&resize=525%2C300 1.5x, https:\/\/i0.wp.com\/noticiasribeiraopreto.com.br\/wp-content\/uploads\/2024\/04\/onibus.jpeg?fit=1000%2C666&ssl=1&resize=700%2C400 2x"},"classes":[]},{"id":9024,"url":"https:\/\/noticiasribeiraopreto.com.br\/index.php\/2023\/12\/01\/representante-da-prefeitura-de-ribeirao-vai-para-a-china-ver-onibus-eletrico\/","url_meta":{"origin":45691,"position":3},"title":"Representante da Prefeitura de Ribeir\u00e3o vai para a China ver \u00f4nibus el\u00e9trico","author":"noticiasribeiraopreto.com.br","date":"1 de December de 2023","format":false,"excerpt":"A Prefeitura de Ribeir\u00e3o Preto, por meio de Marcelo Galli, superintendente da RP Mobi, foi at\u00e9 a cidade de Hefei, capital da prov\u00edncia de Anhui, na China, para uma visita t\u00e9cnica a uma f\u00e1brica de \u00f4nibus el\u00e9trico. \u201cEste acompanhamento no exterior visa avaliar novos modelos veiculares para munic\u00edpio, que passa\u2026","rel":"","context":"In &quot;Not\u00edcias de Ribeir\u00e3o Preto-SP e Regi\u00e3o&quot;","block_context":{"text":"Not\u00edcias de Ribeir\u00e3o Preto-SP e Regi\u00e3o","link":"https:\/\/noticiasribeiraopreto.com.br\/index.php\/category\/noticias-de-ribeirao-preto-sp-e-regiao-ismael-colosi\/"},"img":{"alt_text":"","src":"https:\/\/i0.wp.com\/noticiasribeiraopreto.com.br\/wp-content\/uploads\/2023\/12\/visitatecnica_rpmobi_china__1.jpeg?fit=1200%2C900&ssl=1&resize=350%2C200","width":350,"height":200,"srcset":"https:\/\/i0.wp.com\/noticiasribeiraopreto.com.br\/wp-content\/uploads\/2023\/12\/visitatecnica_rpmobi_china__1.jpeg?fit=1200%2C900&ssl=1&resize=350%2C200 1x, https:\/\/i0.wp.com\/noticiasribeiraopreto.com.br\/wp-content\/uploads\/2023\/12\/visitatecnica_rpmobi_china__1.jpeg?fit=1200%2C900&ssl=1&resize=525%2C300 1.5x, https:\/\/i0.wp.com\/noticiasribeiraopreto.com.br\/wp-content\/uploads\/2023\/12\/visitatecnica_rpmobi_china__1.jpeg?fit=1200%2C900&ssl=1&resize=700%2C400 2x, https:\/\/i0.wp.com\/noticiasribeiraopreto.com.br\/wp-content\/uploads\/2023\/12\/visitatecnica_rpmobi_china__1.jpeg?fit=1200%2C900&ssl=1&resize=1050%2C600 3x"},"classes":[]},{"id":38411,"url":"https:\/\/noticiasribeiraopreto.com.br\/index.php\/2024\/02\/19\/onibus-do-transporte-publico-se-envolve-em-acidente-na-zona-norte-de-ribeirao-veja-o-video\/","url_meta":{"origin":45691,"position":4},"title":"\u00d4nibus do transporte p\u00fablico se envolve em acidente na zona Norte de Ribeir\u00e3o; Veja o v\u00eddeo","author":"noticiasribeiraopreto.com.br","date":"19 de February de 2024","format":false,"excerpt":"Um \u00f4nibus do transporte p\u00fablico de Ribeir\u00e3o Preto se envolveu em um acidente de tr\u00e2nsito com outro carro, na tarde desta segunda-feira (19), na rua Fernando de Lazari, no bairro Quintino Facci I, zona Norte da cidade. Uma c\u00e2mera de seguran\u00e7a flagrou o momento do acidente \u2013 veja o v\u00eddeo\u2026","rel":"","context":"In &quot;Not\u00edcias de Ribeir\u00e3o Preto-SP e Regi\u00e3o&quot;","block_context":{"text":"Not\u00edcias de Ribeir\u00e3o Preto-SP e Regi\u00e3o","link":"https:\/\/noticiasribeiraopreto.com.br\/index.php\/category\/noticias-de-ribeirao-preto-sp-e-regiao-ismael-colosi\/"},"img":{"alt_text":"","src":"https:\/\/i0.wp.com\/noticiasribeiraopreto.com.br\/wp-content\/uploads\/2024\/02\/WhatsApp-Image-2024-02-19-at-21.12.08.jpeg?fit=750%2C420&ssl=1&resize=350%2C200","width":350,"height":200,"srcset":"https:\/\/i0.wp.com\/noticiasribeiraopreto.com.br\/wp-content\/uploads\/2024\/02\/WhatsApp-Image-2024-02-19-at-21.12.08.jpeg?fit=750%2C420&ssl=1&resize=350%2C200 1x, https:\/\/i0.wp.com\/noticiasribeiraopreto.com.br\/wp-content\/uploads\/2024\/02\/WhatsApp-Image-2024-02-19-at-21.12.08.jpeg?fit=750%2C420&ssl=1&resize=525%2C300 1.5x, https:\/\/i0.wp.com\/noticiasribeiraopreto.com.br\/wp-content\/uploads\/2024\/02\/WhatsApp-Image-2024-02-19-at-21.12.08.jpeg?fit=750%2C420&ssl=1&resize=700%2C400 2x"},"classes":[]},{"id":66523,"url":"https:\/\/noticiasribeiraopreto.com.br\/index.php\/2025\/04\/02\/fumaca-em-onibus-assusta-passageiros-em-ribeirao-preto-veja-video\/","url_meta":{"origin":45691,"position":5},"title":"Fuma\u00e7a em \u00f4nibus assusta passageiros em Ribeir\u00e3o Preto; Veja v\u00eddeo","author":"noticiasribeiraopreto.com.br","date":"2 de April de 2025","format":false,"excerpt":"Um superaquecimento em um \u00f4nibus do transporte p\u00fablico causou muita fuma\u00e7a na manh\u00e3 desta quarta-feira (2), na avenida Thomaz Alberto Whately, zona Norte de Ribeir\u00e3o Preto. Assista ao v\u00eddeo abaixo. Os passageiros e o motorista conseguiram deixar o ve\u00edculo e, apesar do susto, n\u00e3o houve relatos de feridos. O problema\u2026","rel":"","context":"In &quot;Not\u00edcias de Ribeir\u00e3o Preto-SP e Regi\u00e3o&quot;","block_context":{"text":"Not\u00edcias de Ribeir\u00e3o Preto-SP e Regi\u00e3o","link":"https:\/\/noticiasribeiraopreto.com.br\/index.php\/category\/noticias-de-ribeirao-preto-sp-e-regiao-ismael-colosi\/"},"img":{"alt_text":"","src":"https:\/\/i0.wp.com\/noticiasribeiraopreto.com.br\/wp-content\/uploads\/2025\/04\/WhatsApp-Image-2025-04-02-at-10.07.13_2025-04-02_13-09-23_jpeg_2025-04-02_13-09-23.webp.webp?fit=1200%2C675&ssl=1&resize=350%2C200","width":350,"height":200,"srcset":"https:\/\/i0.wp.com\/noticiasribeiraopreto.com.br\/wp-content\/uploads\/2025\/04\/WhatsApp-Image-2025-04-02-at-10.07.13_2025-04-02_13-09-23_jpeg_2025-04-02_13-09-23.webp.webp?fit=1200%2C675&ssl=1&resize=350%2C200 1x, https:\/\/i0.wp.com\/noticiasribeiraopreto.com.br\/wp-content\/uploads\/2025\/04\/WhatsApp-Image-2025-04-02-at-10.07.13_2025-04-02_13-09-23_jpeg_2025-04-02_13-09-23.webp.webp?fit=1200%2C675&ssl=1&resize=525%2C300 1.5x, https:\/\/i0.wp.com\/noticiasribeiraopreto.com.br\/wp-content\/uploads\/2025\/04\/WhatsApp-Image-2025-04-02-at-10.07.13_2025-04-02_13-09-23_jpeg_2025-04-02_13-09-23.webp.webp?fit=1200%2C675&ssl=1&resize=700%2C400 2x, https:\/\/i0.wp.com\/noticiasribeiraopreto.com.br\/wp-content\/uploads\/2025\/04\/WhatsApp-Image-2025-04-02-at-10.07.13_2025-04-02_13-09-23_jpeg_2025-04-02_13-09-23.webp.webp?fit=1200%2C675&ssl=1&resize=1050%2C600 3x"},"classes":[]}],"jetpack_sharing_enabled":true,"jetpack_shortlink":"https:\/\/wp.me\/peQAOb-bSX","_links":{"self":[{"href":"https:\/\/noticiasribeiraopreto.com.br\/index.php\/wp-json\/wp\/v2\/posts\/45691","targetHints":{"allow":["GET"]}}],"collection":[{"href":"https:\/\/noticiasribeiraopreto.com.br\/index.php\/wp-json\/wp\/v2\/posts"}],"about":[{"href":"https:\/\/noticiasribeiraopreto.com.br\/index.php\/wp-json\/wp\/v2\/types\/post"}],"author":[{"embeddable":true,"href":"https:\/\/noticiasribeiraopreto.com.br\/index.php\/wp-json\/wp\/v2\/users\/1"}],"replies":[{"embeddable":true,"href":"https:\/\/noticiasribeiraopreto.com.br\/index.php\/wp-json\/wp\/v2\/comments?post=45691"}],"version-history":[{"count":0,"href":"https:\/\/noticiasribeiraopreto.com.br\/index.php\/wp-json\/wp\/v2\/posts\/45691\/revisions"}],"wp:featuredmedia":[{"embeddable":true,"href":"https:\/\/noticiasribeiraopreto.com.br\/index.php\/wp-json\/wp\/v2\/media\/45692"}],"wp:attachment":[{"href":"https:\/\/noticiasribeiraopreto.com.br\/index.php\/wp-json\/wp\/v2\/media?parent=45691"}],"wp:term":[{"taxonomy":"category","embeddable":true,"href":"https:\/\/noticiasribeiraopreto.com.br\/index.php\/wp-json\/wp\/v2\/categories?post=45691"},{"taxonomy":"post_tag","embeddable":true,"href":"https:\/\/noticiasribeiraopreto.com.br\/index.php\/wp-json\/wp\/v2\/tags?post=45691"}],"curies":[{"name":"wp","href":"https:\/\/api.w.org\/{rel}","templated":true}]}}