{"id":45721,"date":"2024-04-05T22:14:15","date_gmt":"2024-04-06T01:14:15","guid":{"rendered":"https:\/\/noticiasribeiraopreto.com.br\/index.php\/2024\/04\/05\/rubens-lucchetti-mestre-do-horror-morre-aos-94-anos-em-ribeirao-preto\/"},"modified":"2024-04-05T22:14:15","modified_gmt":"2024-04-06T01:14:15","slug":"rubens-lucchetti-mestre-do-horror-morre-aos-94-anos-em-ribeirao-preto","status":"publish","type":"post","link":"https:\/\/noticiasribeiraopreto.com.br\/index.php\/2024\/04\/05\/rubens-lucchetti-mestre-do-horror-morre-aos-94-anos-em-ribeirao-preto\/","title":{"rendered":"Rubens Lucchetti, mestre do horror, morre aos 94 anos em Ribeir\u00e3o Preto"},"content":{"rendered":"<div class='code-block code-block-1' style='margin: 8px 0 8px auto; text-align: right; display: block; clear: both;'>\n<p><a href=\"https:\/\/wa.link\/vpicfd\"><img data-recalc-dims=\"1\" class=\"wp-image-4922\" style=\"aspect-ratio: 2.0253164556962027; width: 561px; height: auto;\" src=\"https:\/\/i0.wp.com\/ismaelcolosi.com.br\/wp-content\/uploads\/2023\/11\/grupo-de-empregos-whatsapp-e-facebook-ismael-colosi-vagas.jpg?ssl=1\" alt=\"\" \/><\/a><\/p>\n<!-- \/wp:image -->\n<\/div>\n<p> <br \/>\n<\/p>\n<div>\n<p>O escritor<strong> Rubens Francisco Lucchetti<\/strong> morreu, nessa quinta-feira (4), em <strong>Ribeir\u00e3o Preto<\/strong>, aos 94 anos.<mark style=\"background-color:#fcb900\" class=\"has-inline-color\"> Ele estava internado em um hospital particular da cidade, para tratar um quadro de insufici\u00eancia respirat\u00f3ria.<\/mark><\/p>\n<p>Considerado o <strong>mestre do horror no Brasil<\/strong>, Lucchetti nasceu em <strong>Santa Rita do Passa Quatro<\/strong>, em janeiro de 1930. Mudou-se com a fam\u00edlia para <strong>S\u00e3o Paulo<\/strong> e aos 12 anos conseguiu emplacar o seu primeiro texto em um jornal de bairro.<\/p>\n<p>Atualmente, <strong>R. F. Lucchetti<\/strong>, como era conhecido, morava em <strong>Jardin\u00f3polis<\/strong>, com seu \u00fanico filho Marco Aur\u00e9lio.<\/p>\n<h4 class=\"wp-block-heading\"><strong>Mestre do horror no Brasil<\/strong><\/h4>\n<p>Representante do estilo pulp fiction, o escritor dedicou <strong>80 anos de sua vida<\/strong> a contos de <strong>terror<\/strong>, <strong>investiga\u00e7\u00f5es policiais<\/strong> e <strong>contos er\u00f3ticos<\/strong>. Escreveu diversos livros e muitas hist\u00f3rias em quadrinhos.<\/p>\n<p>Ganhou bastante notoriedade em 1960, devido a uma parceria com o cineasta<strong> Jos\u00e9 Mojica Marins<\/strong>, conhecido pelo seu personagem <strong>Z\u00e9 do Caix\u00e3o<\/strong>. Juntos, os dois produziram 15 filmes \u2013<strong> Mojica morreu em 2020, v\u00edtima de uma broncopneumonia.<\/strong><\/p>\n<h4 class=\"wp-block-heading\"><strong>Obras<\/strong><\/h4>\n<p>H\u00e1 dez anos, <strong>Lucchetti <\/strong>disse ao <strong>g1 Ribeir\u00e3o Preto e Franca<\/strong>, que somava <mark style=\"background-color:#fcb900\" class=\"has-inline-color\"><strong>1.547 t\u00edtulos publicados, 300 quadrinhos assinados, mais de 25 roteiros de filmes, tr\u00eas programas de televis\u00e3o e centenas de artigos divulgados em revistas e jornais e produ\u00e7\u00f5es para r\u00e1dio.<\/strong><\/mark><\/p>\n<p>Assinou parte de suas obras com pseud\u00f4nimos como Vincent Lugosi, Brian Stockler e Myl\u00e9ne Damarest, um mecanismo utilizado pelo escritor para atrair p\u00fablico.<\/p>\n<p>Rubens tamb\u00e9m foi indicado na categoria ilustra\u00e7\u00e3o ao <strong>Pr\u00eamio Jabuti de 2014<\/strong>, pelo livro ilustrado \u2018Fantasmagorias\u2019, onde atuou como roteirista.<\/p>\n<p>Em <strong>2022<\/strong>, suas obras inspiraram a webs\u00e9rie \u201c<strong><a href=\"https:\/\/www.youtube.com\/watch?v=yGYg9fqyEB4\" target=\"_blank\" rel=\"noreferrer noopener\">A Macabra Biblioteca do Dr. Lucchetti<\/a><\/strong>\u201c, dispon\u00edvel no <strong>YouTube<\/strong>, com 10 epis\u00f3dios.<\/p>\n<hr class=\"wp-block-separator has-alpha-channel-opacity\"\/>\n<p>SAIBA MAIS<\/p>\n<p>Cultura em Todo Lugar: zona Norte de Ribeir\u00e3o recebe atividades culturais gratuitas<\/p>\n<h4 class=\"wp-block-heading\"><strong><mark style=\"background-color:#fcb900\" class=\"has-inline-color\">FIQUE ON<\/mark><\/strong><\/h4>\n<p>Fique ligado em tudo que acontece em Ribeir\u00e3o Preto e regi\u00e3o. Siga os perfis do\u00a0<strong>acidade on\u00a0<\/strong>no\u00a0<a href=\"https:\/\/www.instagram.com\/acidadeonribeirao\" target=\"_blank\" rel=\"noreferrer noopener\">Instagram<\/a>\u00a0e no\u00a0<a href=\"https:\/\/www.facebook.com\/acidadeonribeirao\" target=\"_blank\" rel=\"noreferrer noopener\">Facebook<\/a>.<\/p>\n<p>Receba not\u00edcias do acidade on no WhatsApp. Para entrar no grupo, basta\u00a0<a href=\"https:\/\/chat.whatsapp.com\/GFH9HUMUTHNFJdnyEd0xxq\" target=\"_blank\" rel=\"noreferrer noopener\">clicar aqui<\/a>.<\/p>\n<p>Fa\u00e7a uma den\u00fancia ou sugira uma reportagem sobre Ribeir\u00e3o Preto e regi\u00e3o pelo WhatsApp: 16 99117 7802.<\/p>\n<p>VEJA TAMB\u00c9M<\/p>\n<p><!-- AI CONTENT END 1 -->\n<\/div>\n<p><script async src=\"\/\/www.instagram.com\/embed.js\"><\/script><br \/>\n<br \/><br \/>\n<br \/><a href=\"https:\/\/www.acidadeon.com\/ribeiraopreto\/cotidiano\/rubens-lucchetti-mestre-do-horror-morre-aos-94-anos-em-ribeirao-preto\/\">Source link <\/a><\/p>\n<!-- CONTENT END 1 -->\n","protected":false},"excerpt":{"rendered":"<p>O escritor Rubens Francisco Lucchetti morreu, nessa quinta-feira (4), em Ribeir\u00e3o Preto, aos 94 anos. Ele estava internado em um hospital particular da cidade, para&#8230;<\/p>\n","protected":false},"author":1,"featured_media":45722,"comment_status":"open","ping_status":"open","sticky":false,"template":"","format":"standard","meta":{"advanced_seo_description":"","jetpack_seo_html_title":"","jetpack_seo_noindex":false,"jetpack_post_was_ever_published":false,"_jetpack_newsletter_access":"","_jetpack_dont_email_post_to_subs":false,"_jetpack_newsletter_tier_id":0,"_jetpack_memberships_contains_paywalled_content":false,"_jetpack_memberships_contains_paid_content":false,"footnotes":"","jetpack_publicize_message":"","jetpack_publicize_feature_enabled":true,"jetpack_social_post_already_shared":true,"jetpack_social_options":{"image_generator_settings":{"template":"highway","default_image_id":0,"font":"","enabled":false},"version":2}},"categories":[11],"tags":[],"class_list":["post-45721","post","type-post","status-publish","format-standard","has-post-thumbnail","hentry","category-noticias-de-ribeirao-preto-sp-e-regiao-ismael-colosi"],"jetpack_publicize_connections":[],"jetpack_featured_media_url":"https:\/\/i0.wp.com\/noticiasribeiraopreto.com.br\/wp-content\/uploads\/2024\/04\/Copia-de-Copia-de-TAMANHO-EXATO-PARA-FOTOS-NO-SISTEMA-NOVO-9.png?fit=1200%2C675&ssl=1","jetpack-related-posts":[{"id":45616,"url":"https:\/\/noticiasribeiraopreto.com.br\/index.php\/2024\/04\/05\/morre-premiado-escritor-e-roteirista-r-f-lucchetti\/","url_meta":{"origin":45721,"position":0},"title":"Morre premiado escritor e roteirista R. F. Lucchetti","author":"noticiasribeiraopreto.com.br","date":"5 de April de 2024","format":false,"excerpt":"5 de abril de 2024 | 11:05 0 Considerado o \u201cpapa da pulp fiction\u201d no Brasil, o escritor, roteirista de filmes e desenhista Rubens Francisco Lucchetti, faleceu nesta quinta-feira aos 94 anos de idade. Ele estava internado na Unidade de Terapia Intensiva (UTI) do Hospital S\u00e3o Lucas Ribeir\u00e2nia h\u00e1 algumas\u2026","rel":"","context":"In &quot;Not\u00edcias de Ribeir\u00e3o Preto-SP e Regi\u00e3o&quot;","block_context":{"text":"Not\u00edcias de Ribeir\u00e3o Preto-SP e Regi\u00e3o","link":"https:\/\/noticiasribeiraopreto.com.br\/index.php\/category\/noticias-de-ribeirao-preto-sp-e-regiao-ismael-colosi\/"},"img":{"alt_text":"","src":"https:\/\/i0.wp.com\/noticiasribeiraopreto.com.br\/wp-content\/uploads\/2024\/04\/3-4.jpg?fit=800%2C582&ssl=1&resize=350%2C200","width":350,"height":200,"srcset":"https:\/\/i0.wp.com\/noticiasribeiraopreto.com.br\/wp-content\/uploads\/2024\/04\/3-4.jpg?fit=800%2C582&ssl=1&resize=350%2C200 1x, https:\/\/i0.wp.com\/noticiasribeiraopreto.com.br\/wp-content\/uploads\/2024\/04\/3-4.jpg?fit=800%2C582&ssl=1&resize=525%2C300 1.5x, https:\/\/i0.wp.com\/noticiasribeiraopreto.com.br\/wp-content\/uploads\/2024\/04\/3-4.jpg?fit=800%2C582&ssl=1&resize=700%2C400 2x"},"classes":[]},{"id":56906,"url":"https:\/\/noticiasribeiraopreto.com.br\/index.php\/2024\/08\/17\/entenda-como-escritor-da-regiao-de-ribeirao-ajudou-popularizar-a-historia-de-silvio-santos\/","url_meta":{"origin":45721,"position":1},"title":"Entenda como escritor da regi\u00e3o de Ribeir\u00e3o ajudou popularizar a hist\u00f3ria de Silvio Santos","author":"noticiasribeiraopreto.com.br","date":"17 de August de 2024","format":false,"excerpt":"Uma biografia em hist\u00f3ria em quadrinhos, escrita pelo escritor R.F. Lucchetti, natural da regi\u00e3o de Ribeir\u00e3o Preto, ajudou na populariza\u00e7\u00e3o da hist\u00f3ria da lenda da TV Silvio Santos, que morreu neste s\u00e1bado (17), aos 93 anos, em S\u00e3o Paulo. A biografia \u201cSilvio Santos: vida, luta e gl\u00f3ria\u201d, foi lan\u00e7ada em\u2026","rel":"","context":"In &quot;Not\u00edcias de Ribeir\u00e3o Preto-SP e Regi\u00e3o&quot;","block_context":{"text":"Not\u00edcias de Ribeir\u00e3o Preto-SP e Regi\u00e3o","link":"https:\/\/noticiasribeiraopreto.com.br\/index.php\/category\/noticias-de-ribeirao-preto-sp-e-regiao-ismael-colosi\/"},"img":{"alt_text":"","src":"https:\/\/i0.wp.com\/noticiasribeiraopreto.com.br\/wp-content\/uploads\/2024\/08\/rubens-francisco-lucchetti-e-silvio-santos_2024-08-17_14-45-57_jpg_2024-08-17_14-45-58.webp.webp?fit=1200%2C1065&ssl=1&resize=350%2C200","width":350,"height":200,"srcset":"https:\/\/i0.wp.com\/noticiasribeiraopreto.com.br\/wp-content\/uploads\/2024\/08\/rubens-francisco-lucchetti-e-silvio-santos_2024-08-17_14-45-57_jpg_2024-08-17_14-45-58.webp.webp?fit=1200%2C1065&ssl=1&resize=350%2C200 1x, https:\/\/i0.wp.com\/noticiasribeiraopreto.com.br\/wp-content\/uploads\/2024\/08\/rubens-francisco-lucchetti-e-silvio-santos_2024-08-17_14-45-57_jpg_2024-08-17_14-45-58.webp.webp?fit=1200%2C1065&ssl=1&resize=525%2C300 1.5x, https:\/\/i0.wp.com\/noticiasribeiraopreto.com.br\/wp-content\/uploads\/2024\/08\/rubens-francisco-lucchetti-e-silvio-santos_2024-08-17_14-45-57_jpg_2024-08-17_14-45-58.webp.webp?fit=1200%2C1065&ssl=1&resize=700%2C400 2x, https:\/\/i0.wp.com\/noticiasribeiraopreto.com.br\/wp-content\/uploads\/2024\/08\/rubens-francisco-lucchetti-e-silvio-santos_2024-08-17_14-45-57_jpg_2024-08-17_14-45-58.webp.webp?fit=1200%2C1065&ssl=1&resize=1050%2C600 3x"},"classes":[]},{"id":73360,"url":"https:\/\/noticiasribeiraopreto.com.br\/index.php\/2025\/06\/30\/morre-o-mestre-cervejeiro-carlos-hauser\/","url_meta":{"origin":45721,"position":2},"title":"Morre o mestre cervejeiro Carlos Hauser","author":"noticiasribeiraopreto.com.br","date":"30 de June de 2025","format":false,"excerpt":"30 de junho de 2025 18:5430 de junho de 2025 19:2735 Compartilhar0 Faleceu nesta segunda-feira, 30 de junho, o mestre cervejeiro Carlos Oswaldo Hauser, um dos nomes mais importantes da hist\u00f3ria da cerveja no Brasil. Aos 89 anos, Hauser deixa um legado inestim\u00e1vel na ind\u00fastria cervejeira nacional, com passagens marcantes\u2026","rel":"","context":"In &quot;Not\u00edcias de Ribeir\u00e3o Preto-SP e Regi\u00e3o&quot;","block_context":{"text":"Not\u00edcias de Ribeir\u00e3o Preto-SP e Regi\u00e3o","link":"https:\/\/noticiasribeiraopreto.com.br\/index.php\/category\/noticias-de-ribeirao-preto-sp-e-regiao-ismael-colosi\/"},"img":{"alt_text":"","src":"https:\/\/i0.wp.com\/noticiasribeiraopreto.com.br\/wp-content\/uploads\/2025\/06\/carloshausersite.jpg?fit=800%2C500&ssl=1&resize=350%2C200","width":350,"height":200,"srcset":"https:\/\/i0.wp.com\/noticiasribeiraopreto.com.br\/wp-content\/uploads\/2025\/06\/carloshausersite.jpg?fit=800%2C500&ssl=1&resize=350%2C200 1x, https:\/\/i0.wp.com\/noticiasribeiraopreto.com.br\/wp-content\/uploads\/2025\/06\/carloshausersite.jpg?fit=800%2C500&ssl=1&resize=525%2C300 1.5x, https:\/\/i0.wp.com\/noticiasribeiraopreto.com.br\/wp-content\/uploads\/2025\/06\/carloshausersite.jpg?fit=800%2C500&ssl=1&resize=700%2C400 2x"},"classes":[]},{"id":79078,"url":"https:\/\/noticiasribeiraopreto.com.br\/index.php\/2025\/10\/23\/ribeirao-preto-recebe-festival-literario-com-oficinas-lancamentos-de-livros-e-clube-de-leitura\/","url_meta":{"origin":45721,"position":3},"title":"Ribeir\u00e3o Preto recebe festival liter\u00e1rio com oficinas, lan\u00e7amentos de livros e clube de leitura","author":"noticiasribeiraopreto.com.br","date":"23 de October de 2025","format":false,"excerpt":"Ribeir\u00e3o Preto sedia, entre 24 de outubro e 2 de novembro, o Festival Liter\u00e1rio de Primavera. Aberto ao p\u00fablico, o evento ocorre na livraria A Degustadora de Hist\u00f3rias, na Rua Garibaldi, 485, Centro, e oferece bate-papos, lan\u00e7amentos de livros, oficinas e clubes de leitura. O festival come\u00e7a nesta sexta-feira (24),\u2026","rel":"","context":"In &quot;Not\u00edcias de Ribeir\u00e3o Preto-SP e Regi\u00e3o&quot;","block_context":{"text":"Not\u00edcias de Ribeir\u00e3o Preto-SP e Regi\u00e3o","link":"https:\/\/noticiasribeiraopreto.com.br\/index.php\/category\/noticias-de-ribeirao-preto-sp-e-regiao-ismael-colosi\/"},"img":{"alt_text":"","src":"https:\/\/i0.wp.com\/noticiasribeiraopreto.com.br\/wp-content\/uploads\/2025\/10\/Copia-de-Copia-de-Copia-de-TAMANHO-EXATO-PARA-FOTOS-NO-SISTEMA-NOVO-2025-10-23T174258.421_2025-10-23_20-43-15.webp.webp?fit=1200%2C675&ssl=1&resize=350%2C200","width":350,"height":200,"srcset":"https:\/\/i0.wp.com\/noticiasribeiraopreto.com.br\/wp-content\/uploads\/2025\/10\/Copia-de-Copia-de-Copia-de-TAMANHO-EXATO-PARA-FOTOS-NO-SISTEMA-NOVO-2025-10-23T174258.421_2025-10-23_20-43-15.webp.webp?fit=1200%2C675&ssl=1&resize=350%2C200 1x, https:\/\/i0.wp.com\/noticiasribeiraopreto.com.br\/wp-content\/uploads\/2025\/10\/Copia-de-Copia-de-Copia-de-TAMANHO-EXATO-PARA-FOTOS-NO-SISTEMA-NOVO-2025-10-23T174258.421_2025-10-23_20-43-15.webp.webp?fit=1200%2C675&ssl=1&resize=525%2C300 1.5x, https:\/\/i0.wp.com\/noticiasribeiraopreto.com.br\/wp-content\/uploads\/2025\/10\/Copia-de-Copia-de-Copia-de-TAMANHO-EXATO-PARA-FOTOS-NO-SISTEMA-NOVO-2025-10-23T174258.421_2025-10-23_20-43-15.webp.webp?fit=1200%2C675&ssl=1&resize=700%2C400 2x, https:\/\/i0.wp.com\/noticiasribeiraopreto.com.br\/wp-content\/uploads\/2025\/10\/Copia-de-Copia-de-Copia-de-TAMANHO-EXATO-PARA-FOTOS-NO-SISTEMA-NOVO-2025-10-23T174258.421_2025-10-23_20-43-15.webp.webp?fit=1200%2C675&ssl=1&resize=1050%2C600 3x"},"classes":[]},{"id":80034,"url":"https:\/\/noticiasribeiraopreto.com.br\/index.php\/2025\/11\/13\/truque-de-mestre-o-3o-ato-chega-aos-cinemas-de-ribeirao-preto-confira-as-estreias\/","url_meta":{"origin":45721,"position":4},"title":"\u2018Truque de Mestre \u2013 O 3\u00ba Ato\u2019 chega aos cinemas de Ribeir\u00e3o Preto; Confira as estreias","author":"noticiasribeiraopreto.com.br","date":"13 de November de 2025","format":false,"excerpt":"Os cinemas de Ribeir\u00e3o Preto recebem a partir desta quinta-feira (13) cinco estreias. O destaque fica para \u201cTruque de Mestre \u2013 O 3\u00ba Ato\u201d, nova sequ\u00eancia da franquia. A programa\u00e7\u00e3o ainda traz longas de terror, romance e com\u00e9dia, entre eles \u201cMeu Pior Vizinho\u201d e \u201cSombras no Deserto\u201c. Ribeir\u00e3o Preto conta\u2026","rel":"","context":"In &quot;Not\u00edcias de Ribeir\u00e3o Preto-SP e Regi\u00e3o&quot;","block_context":{"text":"Not\u00edcias de Ribeir\u00e3o Preto-SP e Regi\u00e3o","link":"https:\/\/noticiasribeiraopreto.com.br\/index.php\/category\/noticias-de-ribeirao-preto-sp-e-regiao-ismael-colosi\/"},"img":{"alt_text":"","src":"https:\/\/i0.wp.com\/noticiasribeiraopreto.com.br\/wp-content\/uploads\/2025\/11\/truque-de-mestre-3-ganha-data-de-estreia_2025-11-13_13-01-57.webp.webp?fit=1200%2C675&ssl=1&resize=350%2C200","width":350,"height":200,"srcset":"https:\/\/i0.wp.com\/noticiasribeiraopreto.com.br\/wp-content\/uploads\/2025\/11\/truque-de-mestre-3-ganha-data-de-estreia_2025-11-13_13-01-57.webp.webp?fit=1200%2C675&ssl=1&resize=350%2C200 1x, https:\/\/i0.wp.com\/noticiasribeiraopreto.com.br\/wp-content\/uploads\/2025\/11\/truque-de-mestre-3-ganha-data-de-estreia_2025-11-13_13-01-57.webp.webp?fit=1200%2C675&ssl=1&resize=525%2C300 1.5x, https:\/\/i0.wp.com\/noticiasribeiraopreto.com.br\/wp-content\/uploads\/2025\/11\/truque-de-mestre-3-ganha-data-de-estreia_2025-11-13_13-01-57.webp.webp?fit=1200%2C675&ssl=1&resize=700%2C400 2x, https:\/\/i0.wp.com\/noticiasribeiraopreto.com.br\/wp-content\/uploads\/2025\/11\/truque-de-mestre-3-ganha-data-de-estreia_2025-11-13_13-01-57.webp.webp?fit=1200%2C675&ssl=1&resize=1050%2C600 3x"},"classes":[]},{"id":5397,"url":"https:\/\/noticiasribeiraopreto.com.br\/index.php\/2023\/11\/23\/morre-rubens-minelli-um-dos-maiores-treinadores-do-futebol-brasileiro\/","url_meta":{"origin":45721,"position":5},"title":"Morre Rubens Minelli, um dos maiores treinadores do futebol brasileiro","author":"noticiasribeiraopreto.com.br","date":"23 de November de 2023","format":false,"excerpt":"Morreu nesta quinta-feira (23), aos 94 anos, o ex-treinador Rubens Minelli, que fez hist\u00f3ria no futebol brasileiro em equipes como Palmeiras, S\u00e3o Paulo, Internacional e Gr\u00eamio. Em Ribeir\u00e3o Preto, Minelli foi t\u00e9cnico do Botafogo nos anos 1960. A morte do ex-treinador foi confirmada por clubes pelos quais ele teve passagem,\u2026","rel":"","context":"In &quot;Not\u00edcias de Ribeir\u00e3o Preto-SP e Regi\u00e3o&quot;","block_context":{"text":"Not\u00edcias de Ribeir\u00e3o Preto-SP e Regi\u00e3o","link":"https:\/\/noticiasribeiraopreto.com.br\/index.php\/category\/noticias-de-ribeirao-preto-sp-e-regiao-ismael-colosi\/"},"img":{"alt_text":"","src":"https:\/\/i0.wp.com\/noticiasribeiraopreto.com.br\/wp-content\/uploads\/2023\/11\/rubens-minelli.jpg?fit=1080%2C608&ssl=1&resize=350%2C200","width":350,"height":200,"srcset":"https:\/\/i0.wp.com\/noticiasribeiraopreto.com.br\/wp-content\/uploads\/2023\/11\/rubens-minelli.jpg?fit=1080%2C608&ssl=1&resize=350%2C200 1x, https:\/\/i0.wp.com\/noticiasribeiraopreto.com.br\/wp-content\/uploads\/2023\/11\/rubens-minelli.jpg?fit=1080%2C608&ssl=1&resize=525%2C300 1.5x, https:\/\/i0.wp.com\/noticiasribeiraopreto.com.br\/wp-content\/uploads\/2023\/11\/rubens-minelli.jpg?fit=1080%2C608&ssl=1&resize=700%2C400 2x, https:\/\/i0.wp.com\/noticiasribeiraopreto.com.br\/wp-content\/uploads\/2023\/11\/rubens-minelli.jpg?fit=1080%2C608&ssl=1&resize=1050%2C600 3x"},"classes":[]}],"jetpack_sharing_enabled":true,"jetpack_shortlink":"https:\/\/wp.me\/peQAOb-bTr","_links":{"self":[{"href":"https:\/\/noticiasribeiraopreto.com.br\/index.php\/wp-json\/wp\/v2\/posts\/45721","targetHints":{"allow":["GET"]}}],"collection":[{"href":"https:\/\/noticiasribeiraopreto.com.br\/index.php\/wp-json\/wp\/v2\/posts"}],"about":[{"href":"https:\/\/noticiasribeiraopreto.com.br\/index.php\/wp-json\/wp\/v2\/types\/post"}],"author":[{"embeddable":true,"href":"https:\/\/noticiasribeiraopreto.com.br\/index.php\/wp-json\/wp\/v2\/users\/1"}],"replies":[{"embeddable":true,"href":"https:\/\/noticiasribeiraopreto.com.br\/index.php\/wp-json\/wp\/v2\/comments?post=45721"}],"version-history":[{"count":0,"href":"https:\/\/noticiasribeiraopreto.com.br\/index.php\/wp-json\/wp\/v2\/posts\/45721\/revisions"}],"wp:featuredmedia":[{"embeddable":true,"href":"https:\/\/noticiasribeiraopreto.com.br\/index.php\/wp-json\/wp\/v2\/media\/45722"}],"wp:attachment":[{"href":"https:\/\/noticiasribeiraopreto.com.br\/index.php\/wp-json\/wp\/v2\/media?parent=45721"}],"wp:term":[{"taxonomy":"category","embeddable":true,"href":"https:\/\/noticiasribeiraopreto.com.br\/index.php\/wp-json\/wp\/v2\/categories?post=45721"},{"taxonomy":"post_tag","embeddable":true,"href":"https:\/\/noticiasribeiraopreto.com.br\/index.php\/wp-json\/wp\/v2\/tags?post=45721"}],"curies":[{"name":"wp","href":"https:\/\/api.w.org\/{rel}","templated":true}]}}