{"id":45981,"date":"2024-04-09T07:55:26","date_gmt":"2024-04-09T10:55:26","guid":{"rendered":"https:\/\/noticiasribeiraopreto.com.br\/index.php\/2024\/04\/09\/interior-de-sp-tem-alerta-de-temporais-nesta-terca-feira-confira-a-previsao\/"},"modified":"2024-04-09T07:55:26","modified_gmt":"2024-04-09T10:55:26","slug":"interior-de-sp-tem-alerta-de-temporais-nesta-terca-feira-confira-a-previsao","status":"publish","type":"post","link":"https:\/\/noticiasribeiraopreto.com.br\/index.php\/2024\/04\/09\/interior-de-sp-tem-alerta-de-temporais-nesta-terca-feira-confira-a-previsao\/","title":{"rendered":"Interior de SP tem alerta de temporais nesta ter\u00e7a-feira; Confira a previs\u00e3o"},"content":{"rendered":"<div class='code-block code-block-1' style='margin: 8px 0 8px auto; text-align: right; display: block; clear: both;'>\n<p><a href=\"https:\/\/wa.link\/vpicfd\"><img data-recalc-dims=\"1\" class=\"wp-image-4922\" style=\"aspect-ratio: 2.0253164556962027; width: 561px; height: auto;\" src=\"https:\/\/i0.wp.com\/ismaelcolosi.com.br\/wp-content\/uploads\/2023\/11\/grupo-de-empregos-whatsapp-e-facebook-ismael-colosi-vagas.jpg?ssl=1\" alt=\"\" \/><\/a><\/p>\n<!-- \/wp:image -->\n<\/div>\n<p> <br \/>\n<\/p>\n<div data-td-block-uid=\"tdi_101\">\n<div class=\"tdb-block-inner td-fix-index\">\n<p><strong>O interior de S\u00e3o Paulo tem previs\u00e3o de pancadas de chuva e alerta de temporais nesta ter\u00e7a-feira (9).<\/strong><\/p>\n<p>Segundo a <a href=\"https:\/\/www.climatempo.com.br\/\" target=\"_blank\" rel=\"noreferrer noopener\">Climatempo<\/a>, a <strong>circula\u00e7\u00e3o <\/strong>de <strong>ventos <\/strong>e a presen\u00e7a de um <strong>cavado meteorol\u00f3gico <\/strong>ajudam a transportar <strong>umidade <\/strong>para <strong>estado paulista<\/strong>.<\/p>\n<p>Na <strong>regi\u00e3o de Ribeir\u00e3o Preto<\/strong> est\u00e3o previstas <strong>pancadas de chuva<\/strong> hoje, que podem ser de <strong>moderada <\/strong>a <strong>forte <\/strong>intensidade, mas, sem grandes volumes. <span style=\"background-color:#f7cc62\" class=\"td_text_highlight_marker\">As temperaturas ainda seguem elevadas e faz calor.<\/span><\/p>\n<p>O <strong>alerta <\/strong>de <strong>temporais <\/strong>\u00e9 para a <strong>regi\u00e3o de Campinas<\/strong>, onde est\u00e3o previstos <strong>volumes acumulados <\/strong>mais <strong>expressivos <\/strong>de <strong>chuva<\/strong>.<\/p>\n<h4 class=\"wp-block-heading\"><strong>Veja mais detalhes da previs\u00e3o do tempo em Ribeir\u00e3o Preto:<\/strong><\/h4>\n<p><strong>Ter\u00e7a-feira (9)<\/strong><\/p>\n<p>21\u00b0C \/ 32\u00b0C<\/p>\n<p>Sol com algumas nuvens. Pancadas de chuva \u00e0 tarde e \u00e0 noite.<\/p>\n<p>Chuva: 10 mm \/ 19%<\/p>\n<p>Umidade do ar: 60% \/ 83%<\/p>\n<p><strong>Quarta-feira (10)<\/strong><\/p>\n<p>20\u00b0C \/ 33\u00b0C<\/p>\n<p>Sol e aumento de nuvens de manh\u00e3. Pancadas de chuva \u00e0 tarde e \u00e0 noite.<\/p>\n<p>Chuva: 8 mm \/ 23%<\/p>\n<p>Umidade do ar: 51% \/ 82%<\/p>\n<p>Fonte: Climatempo<\/p>\n<p>SAIBA MAIS<\/p>\n<p>Alerta de chuvas intensas \u00e9 emitido para o interior de SP; Veja munic\u00edpios afetados<\/p>\n<h4 class=\"wp-block-heading\"><strong><mark>FIQUE ON<\/mark><\/strong><\/h4>\n<p>Fique ligado em tudo que acontece em Ribeir\u00e3o Preto e regi\u00e3o. Siga os perfis do\u00a0<strong>acidade on<\/strong>\u00a0no<a href=\"https:\/\/www.instagram.com\/acidadeonribeirao\" target=\"_blank\" rel=\"noreferrer noopener\">\u00a0Instagram<\/a>\u00a0e no\u00a0<a href=\"https:\/\/www.facebook.com\/acidadeonribeirao\" target=\"_blank\" rel=\"noreferrer noopener\">Facebook<\/a>.<\/p>\n<p>Receba not\u00edcias do\u00a0<strong>acidade on\u00a0<\/strong>no WhatsApp.\u00a0<a href=\"https:\/\/chat.whatsapp.com\/GFH9HUMUTHNFJdnyEd0xxq\" target=\"_blank\" rel=\"noreferrer noopener\">Para entrar no grupo, basta clicar aqui.<\/a><\/p>\n<p>Fa\u00e7a uma den\u00fancia ou sugira uma reportagem sobre Ribeir\u00e3o Preto e regi\u00e3o pelo WhatsApp: 16 99117 7802.<\/p>\n<p>VEJA TAMB\u00c9M<\/p>\n<p>O que recebe com demiss\u00e3o por justa causa?<\/p>\n<p><!-- AI CONTENT END 1 -->\n<\/div>\n<\/div>\n<p><script async src=\"\/\/www.instagram.com\/embed.js\"><\/script><br \/>\n<br \/><br \/>\n<br \/><a href=\"https:\/\/www.acidadeon.com\/ribeiraopreto\/cotidiano\/interior-de-sp-tem-alerta-de-temporais-nesta-terca-feira-confira-a-previsao\/\">Source link <\/a><\/p>\n<!-- CONTENT END 1 -->\n","protected":false},"excerpt":{"rendered":"<p>O interior de S\u00e3o Paulo tem previs\u00e3o de pancadas de chuva e alerta de temporais nesta ter\u00e7a-feira (9). Segundo a Climatempo, a circula\u00e7\u00e3o de ventos&#8230;<\/p>\n","protected":false},"author":1,"featured_media":45982,"comment_status":"open","ping_status":"open","sticky":false,"template":"","format":"standard","meta":{"advanced_seo_description":"","jetpack_seo_html_title":"","jetpack_seo_noindex":false,"jetpack_post_was_ever_published":false,"_jetpack_newsletter_access":"","_jetpack_dont_email_post_to_subs":false,"_jetpack_newsletter_tier_id":0,"_jetpack_memberships_contains_paywalled_content":false,"_jetpack_memberships_contains_paid_content":false,"footnotes":"","jetpack_publicize_message":"","jetpack_publicize_feature_enabled":true,"jetpack_social_post_already_shared":true,"jetpack_social_options":{"image_generator_settings":{"template":"highway","default_image_id":0,"font":"","enabled":false},"version":2}},"categories":[11],"tags":[],"class_list":["post-45981","post","type-post","status-publish","format-standard","has-post-thumbnail","hentry","category-noticias-de-ribeirao-preto-sp-e-regiao-ismael-colosi"],"jetpack_publicize_connections":[],"jetpack_featured_media_url":"https:\/\/i0.wp.com\/noticiasribeiraopreto.com.br\/wp-content\/uploads\/2024\/04\/WhatsApp-Image-2024-04-09-at-07.20.27.jpeg?fit=1600%2C721&ssl=1","jetpack-related-posts":[{"id":67512,"url":"https:\/\/noticiasribeiraopreto.com.br\/index.php\/2025\/04\/15\/terca-comeca-com-sol-mas-tem-previsao-de-pancadas-de-chuva-no-interior-de-sp\/","url_meta":{"origin":45981,"position":0},"title":"Ter\u00e7a come\u00e7a com sol, mas tem previs\u00e3o de pancadas de chuva no interior de SP","author":"noticiasribeiraopreto.com.br","date":"15 de April de 2025","format":false,"excerpt":"A regi\u00e3o de Ribeir\u00e3o Preto tem previs\u00e3o de pancadas isoladas de chuva nesta ter\u00e7a-feira (15), que podem ser localmente fortes. Segundo a Climatempo, o dia come\u00e7a com pouca varia\u00e7\u00e3o de nuvens e a temperatura sobe \u00e0 tarde podendo atingir 31\u00b0C, quando deve aumentar a nebulosidade e h\u00e1 maior chance de\u2026","rel":"","context":"In &quot;Not\u00edcias de Ribeir\u00e3o Preto-SP e Regi\u00e3o&quot;","block_context":{"text":"Not\u00edcias de Ribeir\u00e3o Preto-SP e Regi\u00e3o","link":"https:\/\/noticiasribeiraopreto.com.br\/index.php\/category\/noticias-de-ribeirao-preto-sp-e-regiao-ismael-colosi\/"},"img":{"alt_text":"","src":"https:\/\/i0.wp.com\/noticiasribeiraopreto.com.br\/wp-content\/uploads\/2025\/04\/WhatsApp-Image-2025-04-14-at-16.00.00_2025-04-15_10-06-50_jpeg_2025-04-15_10-06-50.webp.webp?fit=1200%2C553&ssl=1&resize=350%2C200","width":350,"height":200,"srcset":"https:\/\/i0.wp.com\/noticiasribeiraopreto.com.br\/wp-content\/uploads\/2025\/04\/WhatsApp-Image-2025-04-14-at-16.00.00_2025-04-15_10-06-50_jpeg_2025-04-15_10-06-50.webp.webp?fit=1200%2C553&ssl=1&resize=350%2C200 1x, https:\/\/i0.wp.com\/noticiasribeiraopreto.com.br\/wp-content\/uploads\/2025\/04\/WhatsApp-Image-2025-04-14-at-16.00.00_2025-04-15_10-06-50_jpeg_2025-04-15_10-06-50.webp.webp?fit=1200%2C553&ssl=1&resize=525%2C300 1.5x, https:\/\/i0.wp.com\/noticiasribeiraopreto.com.br\/wp-content\/uploads\/2025\/04\/WhatsApp-Image-2025-04-14-at-16.00.00_2025-04-15_10-06-50_jpeg_2025-04-15_10-06-50.webp.webp?fit=1200%2C553&ssl=1&resize=700%2C400 2x, https:\/\/i0.wp.com\/noticiasribeiraopreto.com.br\/wp-content\/uploads\/2025\/04\/WhatsApp-Image-2025-04-14-at-16.00.00_2025-04-15_10-06-50_jpeg_2025-04-15_10-06-50.webp.webp?fit=1200%2C553&ssl=1&resize=1050%2C600 3x"},"classes":[]},{"id":83365,"url":"https:\/\/noticiasribeiraopreto.com.br\/index.php\/2026\/03\/17\/temporais-podem-atingir-o-interior-de-sp-nesta-terca-veja-previsao\/","url_meta":{"origin":45981,"position":1},"title":"Temporais podem atingir o interior de SP nesta ter\u00e7a; Veja previs\u00e3o","author":"noticiasribeiraopreto.com.br","date":"17 de March de 2026","format":false,"excerpt":"A regi\u00e3o norte do estado de S\u00e3o Paulo tem alerta para temporais nesta ter\u00e7a-feira (17). Veja no mapa. Segundo a Climatempo, cidades da regi\u00e3o de Ribeir\u00e3o Preto, especialmente na divisa com Minas Gerais, est\u00e3o em risco para temporais e rajadas com ventos acima de 70km\/h. Conforme a meteorologia, o calor\u2026","rel":"","context":"In &quot;Not\u00edcias de Ribeir\u00e3o Preto-SP e Regi\u00e3o&quot;","block_context":{"text":"Not\u00edcias de Ribeir\u00e3o Preto-SP e Regi\u00e3o","link":"https:\/\/noticiasribeiraopreto.com.br\/index.php\/category\/noticias-de-ribeirao-preto-sp-e-regiao-ismael-colosi\/"},"img":{"alt_text":"","src":"https:\/\/i0.wp.com\/noticiasribeiraopreto.com.br\/wp-content\/uploads\/2026\/03\/mapa-sp_2026-03-17_11-29-29.webp.webp?fit=1200%2C675&ssl=1&resize=350%2C200","width":350,"height":200,"srcset":"https:\/\/i0.wp.com\/noticiasribeiraopreto.com.br\/wp-content\/uploads\/2026\/03\/mapa-sp_2026-03-17_11-29-29.webp.webp?fit=1200%2C675&ssl=1&resize=350%2C200 1x, https:\/\/i0.wp.com\/noticiasribeiraopreto.com.br\/wp-content\/uploads\/2026\/03\/mapa-sp_2026-03-17_11-29-29.webp.webp?fit=1200%2C675&ssl=1&resize=525%2C300 1.5x, https:\/\/i0.wp.com\/noticiasribeiraopreto.com.br\/wp-content\/uploads\/2026\/03\/mapa-sp_2026-03-17_11-29-29.webp.webp?fit=1200%2C675&ssl=1&resize=700%2C400 2x, https:\/\/i0.wp.com\/noticiasribeiraopreto.com.br\/wp-content\/uploads\/2026\/03\/mapa-sp_2026-03-17_11-29-29.webp.webp?fit=1200%2C675&ssl=1&resize=1050%2C600 3x"},"classes":[]},{"id":61008,"url":"https:\/\/noticiasribeiraopreto.com.br\/index.php\/2024\/12\/02\/tempo-instavel-e-alerta-de-temporais-veja-previsao-no-interior-de-sp\/","url_meta":{"origin":45981,"position":2},"title":"Tempo inst\u00e1vel e alerta de temporais; Veja previs\u00e3o no interior de SP","author":"noticiasribeiraopreto.com.br","date":"2 de December de 2024","format":false,"excerpt":"O interior de S\u00e3o Paulo tem previs\u00e3o de tempo inst\u00e1vel neste in\u00edcio de semana. Segundo a Climatempo, a regi\u00e3o de Ribeir\u00e3o Preto tem alerta para temporais nesta segunda-feira (2), com rajadas de vento entre 40 km\/h e 50 km\/h. A forma\u00e7\u00e3o das nuvens de chuva \u00e9 causada pelo transporte de\u2026","rel":"","context":"In &quot;Not\u00edcias de Ribeir\u00e3o Preto-SP e Regi\u00e3o&quot;","block_context":{"text":"Not\u00edcias de Ribeir\u00e3o Preto-SP e Regi\u00e3o","link":"https:\/\/noticiasribeiraopreto.com.br\/index.php\/category\/noticias-de-ribeirao-preto-sp-e-regiao-ismael-colosi\/"},"img":{"alt_text":"","src":"https:\/\/i0.wp.com\/noticiasribeiraopreto.com.br\/wp-content\/uploads\/2024\/10\/RIBEIRAO-PRETO_2024-07-29_16-25-16_jpg_2024-07-29_16-25-17.webp.webp?fit=1200%2C679&ssl=1&resize=350%2C200","width":350,"height":200,"srcset":"https:\/\/i0.wp.com\/noticiasribeiraopreto.com.br\/wp-content\/uploads\/2024\/10\/RIBEIRAO-PRETO_2024-07-29_16-25-16_jpg_2024-07-29_16-25-17.webp.webp?fit=1200%2C679&ssl=1&resize=350%2C200 1x, https:\/\/i0.wp.com\/noticiasribeiraopreto.com.br\/wp-content\/uploads\/2024\/10\/RIBEIRAO-PRETO_2024-07-29_16-25-16_jpg_2024-07-29_16-25-17.webp.webp?fit=1200%2C679&ssl=1&resize=525%2C300 1.5x, https:\/\/i0.wp.com\/noticiasribeiraopreto.com.br\/wp-content\/uploads\/2024\/10\/RIBEIRAO-PRETO_2024-07-29_16-25-16_jpg_2024-07-29_16-25-17.webp.webp?fit=1200%2C679&ssl=1&resize=700%2C400 2x, https:\/\/i0.wp.com\/noticiasribeiraopreto.com.br\/wp-content\/uploads\/2024\/10\/RIBEIRAO-PRETO_2024-07-29_16-25-16_jpg_2024-07-29_16-25-17.webp.webp?fit=1200%2C679&ssl=1&resize=1050%2C600 3x"},"classes":[]},{"id":59508,"url":"https:\/\/noticiasribeiraopreto.com.br\/index.php\/2024\/10\/25\/interior-de-sp-tem-alerta-para-risco-de-novos-temporais-veja-previsao\/","url_meta":{"origin":45981,"position":3},"title":"Interior de SP tem alerta para risco de novos temporais; Veja previs\u00e3o","author":"noticiasribeiraopreto.com.br","date":"25 de October de 2024","format":false,"excerpt":"O avan\u00e7o de uma frente fria deve refor\u00e7ar as instabilidades sobre o interior de S\u00e3o Paulo nesta sexta-feira (25). Segundo a Climatempo, as regi\u00f5es de Ribeir\u00e3o Preto, S\u00e3o Carlos e Campinas est\u00e3o em alerta para temporais localizados, que podem ocorrer com fortes rajadas de vento, raios e granizo. O tempo\u2026","rel":"","context":"In &quot;Not\u00edcias de Ribeir\u00e3o Preto-SP e Regi\u00e3o&quot;","block_context":{"text":"Not\u00edcias de Ribeir\u00e3o Preto-SP e Regi\u00e3o","link":"https:\/\/noticiasribeiraopreto.com.br\/index.php\/category\/noticias-de-ribeirao-preto-sp-e-regiao-ismael-colosi\/"},"img":{"alt_text":"","src":"https:\/\/i0.wp.com\/noticiasribeiraopreto.com.br\/wp-content\/uploads\/2024\/10\/1729852271_WhatsApp-Image-2024-02-15-at-08.13.35-1.jpeg?fit=1200%2C540&ssl=1&resize=350%2C200","width":350,"height":200,"srcset":"https:\/\/i0.wp.com\/noticiasribeiraopreto.com.br\/wp-content\/uploads\/2024\/10\/1729852271_WhatsApp-Image-2024-02-15-at-08.13.35-1.jpeg?fit=1200%2C540&ssl=1&resize=350%2C200 1x, https:\/\/i0.wp.com\/noticiasribeiraopreto.com.br\/wp-content\/uploads\/2024\/10\/1729852271_WhatsApp-Image-2024-02-15-at-08.13.35-1.jpeg?fit=1200%2C540&ssl=1&resize=525%2C300 1.5x, https:\/\/i0.wp.com\/noticiasribeiraopreto.com.br\/wp-content\/uploads\/2024\/10\/1729852271_WhatsApp-Image-2024-02-15-at-08.13.35-1.jpeg?fit=1200%2C540&ssl=1&resize=700%2C400 2x, https:\/\/i0.wp.com\/noticiasribeiraopreto.com.br\/wp-content\/uploads\/2024\/10\/1729852271_WhatsApp-Image-2024-02-15-at-08.13.35-1.jpeg?fit=1200%2C540&ssl=1&resize=1050%2C600 3x"},"classes":[]},{"id":60402,"url":"https:\/\/noticiasribeiraopreto.com.br\/index.php\/2024\/11\/13\/frente-fria-avanca-e-interior-de-sao-paulo-tem-alerta-para-temporais-veja-previsao\/","url_meta":{"origin":45981,"position":4},"title":"Frente fria avan\u00e7a e interior de S\u00e3o Paulo tem alerta para temporais; Veja previs\u00e3o","author":"noticiasribeiraopreto.com.br","date":"13 de November de 2024","format":false,"excerpt":"O avan\u00e7o de uma frente fria deixa parte do interior de S\u00e3o Paulo em alerta para o risco de temporais nesta quarta-feira (13). Ribeir\u00e3o Preto amanheceu com o c\u00e9u encoberto e j\u00e1 teve chuva fraca em alguns pontos da cidade nesta manh\u00e3. Segundo a Climatempo, podem ocorrer pancadas isoladas pela\u2026","rel":"","context":"In &quot;Not\u00edcias de Ribeir\u00e3o Preto-SP e Regi\u00e3o&quot;","block_context":{"text":"Not\u00edcias de Ribeir\u00e3o Preto-SP e Regi\u00e3o","link":"https:\/\/noticiasribeiraopreto.com.br\/index.php\/category\/noticias-de-ribeirao-preto-sp-e-regiao-ismael-colosi\/"},"img":{"alt_text":"","src":"https:\/\/i0.wp.com\/noticiasribeiraopreto.com.br\/wp-content\/uploads\/2024\/10\/WhatsApp-Image-2024-10-11-at-06.55.12_2024-10-11_09-56-34_jpeg_2024-10-11_09-56-35.webp.webp?fit=1200%2C540&ssl=1&resize=350%2C200","width":350,"height":200,"srcset":"https:\/\/i0.wp.com\/noticiasribeiraopreto.com.br\/wp-content\/uploads\/2024\/10\/WhatsApp-Image-2024-10-11-at-06.55.12_2024-10-11_09-56-34_jpeg_2024-10-11_09-56-35.webp.webp?fit=1200%2C540&ssl=1&resize=350%2C200 1x, https:\/\/i0.wp.com\/noticiasribeiraopreto.com.br\/wp-content\/uploads\/2024\/10\/WhatsApp-Image-2024-10-11-at-06.55.12_2024-10-11_09-56-34_jpeg_2024-10-11_09-56-35.webp.webp?fit=1200%2C540&ssl=1&resize=525%2C300 1.5x, https:\/\/i0.wp.com\/noticiasribeiraopreto.com.br\/wp-content\/uploads\/2024\/10\/WhatsApp-Image-2024-10-11-at-06.55.12_2024-10-11_09-56-34_jpeg_2024-10-11_09-56-35.webp.webp?fit=1200%2C540&ssl=1&resize=700%2C400 2x, https:\/\/i0.wp.com\/noticiasribeiraopreto.com.br\/wp-content\/uploads\/2024\/10\/WhatsApp-Image-2024-10-11-at-06.55.12_2024-10-11_09-56-34_jpeg_2024-10-11_09-56-35.webp.webp?fit=1200%2C540&ssl=1&resize=1050%2C600 3x"},"classes":[]},{"id":76451,"url":"https:\/\/noticiasribeiraopreto.com.br\/index.php\/2025\/08\/29\/chuva-marca-a-manha-em-ribeirao-preto-interior-de-sp-tem-alerta-de-temporais\/","url_meta":{"origin":45981,"position":5},"title":"Chuva marca a manh\u00e3 em Ribeir\u00e3o Preto; Interior de SP tem alerta de temporais","author":"noticiasribeiraopreto.com.br","date":"29 de August de 2025","format":false,"excerpt":"A \u00faltima sexta-feira (29) de agosto come\u00e7ou com chuva e c\u00e9u nublado em Ribeir\u00e3o Preto. As temperaturas variam entre 18\u00baC e 28\u00baC ao longo do dia. Segundo a Climatempo, a previs\u00e3o indica sol entre muitas nuvens pela manh\u00e3, com possibilidade de chuva a qualquer hora. Um cavado meteorol\u00f3gico, que avan\u00e7a\u2026","rel":"","context":"In &quot;Not\u00edcias de Ribeir\u00e3o Preto-SP e Regi\u00e3o&quot;","block_context":{"text":"Not\u00edcias de Ribeir\u00e3o Preto-SP e Regi\u00e3o","link":"https:\/\/noticiasribeiraopreto.com.br\/index.php\/category\/noticias-de-ribeirao-preto-sp-e-regiao-ismael-colosi\/"},"img":{"alt_text":"","src":"https:\/\/i0.wp.com\/noticiasribeiraopreto.com.br\/wp-content\/uploads\/2025\/08\/Copia-de-Copia-de-Copia-de-TAMANHO-EXATO-PARA-FOTOS-NO-SISTEMA-NOVO-2025-08-29T075213.748_2025-08-29_10-52-19.webp.webp?fit=1200%2C675&ssl=1&resize=350%2C200","width":350,"height":200,"srcset":"https:\/\/i0.wp.com\/noticiasribeiraopreto.com.br\/wp-content\/uploads\/2025\/08\/Copia-de-Copia-de-Copia-de-TAMANHO-EXATO-PARA-FOTOS-NO-SISTEMA-NOVO-2025-08-29T075213.748_2025-08-29_10-52-19.webp.webp?fit=1200%2C675&ssl=1&resize=350%2C200 1x, https:\/\/i0.wp.com\/noticiasribeiraopreto.com.br\/wp-content\/uploads\/2025\/08\/Copia-de-Copia-de-Copia-de-TAMANHO-EXATO-PARA-FOTOS-NO-SISTEMA-NOVO-2025-08-29T075213.748_2025-08-29_10-52-19.webp.webp?fit=1200%2C675&ssl=1&resize=525%2C300 1.5x, https:\/\/i0.wp.com\/noticiasribeiraopreto.com.br\/wp-content\/uploads\/2025\/08\/Copia-de-Copia-de-Copia-de-TAMANHO-EXATO-PARA-FOTOS-NO-SISTEMA-NOVO-2025-08-29T075213.748_2025-08-29_10-52-19.webp.webp?fit=1200%2C675&ssl=1&resize=700%2C400 2x, https:\/\/i0.wp.com\/noticiasribeiraopreto.com.br\/wp-content\/uploads\/2025\/08\/Copia-de-Copia-de-Copia-de-TAMANHO-EXATO-PARA-FOTOS-NO-SISTEMA-NOVO-2025-08-29T075213.748_2025-08-29_10-52-19.webp.webp?fit=1200%2C675&ssl=1&resize=1050%2C600 3x"},"classes":[]}],"jetpack_sharing_enabled":true,"jetpack_shortlink":"https:\/\/wp.me\/peQAOb-bXD","_links":{"self":[{"href":"https:\/\/noticiasribeiraopreto.com.br\/index.php\/wp-json\/wp\/v2\/posts\/45981","targetHints":{"allow":["GET"]}}],"collection":[{"href":"https:\/\/noticiasribeiraopreto.com.br\/index.php\/wp-json\/wp\/v2\/posts"}],"about":[{"href":"https:\/\/noticiasribeiraopreto.com.br\/index.php\/wp-json\/wp\/v2\/types\/post"}],"author":[{"embeddable":true,"href":"https:\/\/noticiasribeiraopreto.com.br\/index.php\/wp-json\/wp\/v2\/users\/1"}],"replies":[{"embeddable":true,"href":"https:\/\/noticiasribeiraopreto.com.br\/index.php\/wp-json\/wp\/v2\/comments?post=45981"}],"version-history":[{"count":0,"href":"https:\/\/noticiasribeiraopreto.com.br\/index.php\/wp-json\/wp\/v2\/posts\/45981\/revisions"}],"wp:featuredmedia":[{"embeddable":true,"href":"https:\/\/noticiasribeiraopreto.com.br\/index.php\/wp-json\/wp\/v2\/media\/45982"}],"wp:attachment":[{"href":"https:\/\/noticiasribeiraopreto.com.br\/index.php\/wp-json\/wp\/v2\/media?parent=45981"}],"wp:term":[{"taxonomy":"category","embeddable":true,"href":"https:\/\/noticiasribeiraopreto.com.br\/index.php\/wp-json\/wp\/v2\/categories?post=45981"},{"taxonomy":"post_tag","embeddable":true,"href":"https:\/\/noticiasribeiraopreto.com.br\/index.php\/wp-json\/wp\/v2\/tags?post=45981"}],"curies":[{"name":"wp","href":"https:\/\/api.w.org\/{rel}","templated":true}]}}