{"id":45993,"date":"2024-04-09T09:48:25","date_gmt":"2024-04-09T12:48:25","guid":{"rendered":"https:\/\/noticiasribeiraopreto.com.br\/index.php\/2024\/04\/09\/bndes-anuncia-concurso-com-150-vagas-em-concurso-publico-e-salario-inicial-de-r-209-mil\/"},"modified":"2024-04-09T09:48:25","modified_gmt":"2024-04-09T12:48:25","slug":"bndes-anuncia-concurso-com-150-vagas-em-concurso-publico-e-salario-inicial-de-r-209-mil","status":"publish","type":"post","link":"https:\/\/noticiasribeiraopreto.com.br\/index.php\/2024\/04\/09\/bndes-anuncia-concurso-com-150-vagas-em-concurso-publico-e-salario-inicial-de-r-209-mil\/","title":{"rendered":"BNDES anuncia concurso com 150 vagas em concurso p\u00fablico e sal\u00e1rio inicial de R$ 20,9 mil"},"content":{"rendered":"<div class='code-block code-block-1' style='margin: 8px 0 8px auto; text-align: right; display: block; clear: both;'>\n<p><a href=\"https:\/\/wa.link\/vpicfd\"><img data-recalc-dims=\"1\" class=\"wp-image-4922\" style=\"aspect-ratio: 2.0253164556962027; width: 561px; height: auto;\" src=\"https:\/\/i0.wp.com\/ismaelcolosi.com.br\/wp-content\/uploads\/2023\/11\/grupo-de-empregos-whatsapp-e-facebook-ismael-colosi-vagas.jpg?ssl=1\" alt=\"\" \/><\/a><\/p>\n<!-- \/wp:image -->\n<\/div>\n<p> <br \/>\n<\/p>\n<div id=\"\">\n<div class=\"content-infos\">\n<div class=\"texts\">\n<p class=\"author tooltip-comp\"> Da reda\u00e7\u00e3o<span class=\"icon-i\">i<\/span><span class=\"tooltiptext\"> <span class=\"author\"><span>Da reda\u00e7\u00e3o<\/span> <\/span><span class=\"desc\"\/> <\/span><\/p>\n<p>09\/04\/2024 &#8211; 9:44<\/p>\n<\/div>\n<div id=\"share-modal\" class=\"share-modal\"> <button class=\"box-close btn-share\"> <img decoding=\"async\" src=\"https:\/\/istoedinheiro.com.br\/wp-content\/themes\/dinheiro-wp-theme\/assets\/img\/svg\/closeIcon.svg?x46096\" alt=\"Close icon\" class=\"close-btn lazy\"\/> <\/button><\/div>\n<\/p><\/div>\n<p dir=\"ltr\">O <strong>BNDES (Banco Nacional de Desenvolvimento Econ\u00f4mico e Social)<\/strong> confirmou um <strong>concurso p\u00fablico<\/strong> no qual vai oferecer 150 vagas e sal\u00e1rio inicial de R$ 20,9 mil.<\/p>\n<p dir=\"ltr\">As oportunidades s\u00e3o para o cargo de analista e de preenchimento imediato, al\u00e9m de forma\u00e7\u00e3o de cadastro de reserva. Elas exigem forma\u00e7\u00e3o em n\u00edvel superior. O concurso ir\u00e1 reservar 30% das vagas para candidatos negros e pelo menos 10% para PCDs.<\/p>\n<p><strong>+ Quer trabalhar no pa\u00eds mais feliz do mundo? Finl\u00e2ndia oferece mais de 700 vagas<\/strong><\/p>\n<p><strong>+ Correios divulga cronograma para abertura de concurso p\u00fablico nacional<\/strong><\/p>\n<p dir=\"ltr\">O cargo est\u00e1 sendo estruturado nas seguintes \u00e1reas: Administra\u00e7\u00e3o, An\u00e1lise de Sistemas \u2013 Desenvolvimento, An\u00e1lise de Sistemas \u2013 Suporte, An\u00e1lise de Sistemas \u2013 Ciberseguran\u00e7a, Arquitetura-Urbanismo, Arquivologia Digital, Ci\u00eancias Cont\u00e1beis, Ci\u00eancia de Dados, Comunica\u00e7\u00e3o Social, Direito, Economia, Engenharia e Psicologia Organizacional.<\/p>\n<p dir=\"ltr\">Trata-se tamb\u00e9m da primeira sele\u00e7\u00e3o p\u00fablica do BNDES a contemplar \u00eanfases em Ci\u00eancia de Dados e Ciberseguran\u00e7a. Especificamente para Ci\u00eancia de Dados, os candidatos com diploma de qualquer gradua\u00e7\u00e3o poder\u00e3o concorrer.<\/p>\n<p dir=\"ltr\">\u201cPor ser uma \u00e1rea de atua\u00e7\u00e3o nova e disputada por diversas organiza\u00e7\u00f5es, com pessoas de m\u00faltiplas forma\u00e7\u00f5es a ela se dedicando, a nova \u00eanfase em Ci\u00eancia de Dados ter\u00e1 requisito de acesso amplo, aberto a qualquer forma\u00e7\u00e3o de n\u00edvel universit\u00e1rio\u201d, ressalta a diretora de Pessoas, Tecnologia da Informa\u00e7\u00e3o e Opera\u00e7\u00f5es do BNDES, Helena Ten\u00f3rio, \u00e0 imprensa.<\/p>\n<section data-hb-type=\"ads\" name=\"adsMateria\" data-hb-position=\"after-content\" data-hb-provider=\"\">\n<hr\/>\n<\/section>\n<div id=\"share-modal\" class=\"share-modal\"> <button class=\"box-close btn-share\"> <img decoding=\"async\" src=\"https:\/\/istoedinheiro.com.br\/wp-content\/themes\/dinheiro-wp-theme\/assets\/img\/svg\/closeIcon.svg?x46096\" alt=\"Close icon\" class=\"close-btn lazy\"\/> <\/button><\/div>\n<\/p><\/div>\n<p><script>!function(f,b,e,v,n,t,s){if(f.fbq)return;n=f.fbq=function(){n.callMethod?n.callMethod.apply(n,arguments):n.queue.push(arguments)};if(!f._fbq)f._fbq=n;n.push=n;n.loaded=!0;n.version='2.0';n.queue=[];t=b.createElement(e);t.async=!0;t.src=v;s=b.getElementsByTagName(e)[0];s.parentNode.insertBefore(t,s)}(window,document,'script','<\/script><br \/>\n<br \/><br \/>\n<br \/><a href=\"https:\/\/istoedinheiro.com.br\/bndes-anuncia-concurso-com-150-vagas-em-concurso-publico-e-salario-inicial-de-r-209-mil\/\">Source link <\/a><\/p>\n<!-- CONTENT END 1 -->\n","protected":false},"excerpt":{"rendered":"<p>Da reda\u00e7\u00e3oi Da reda\u00e7\u00e3o 09\/04\/2024 &#8211; 9:44 O BNDES (Banco Nacional de Desenvolvimento Econ\u00f4mico e Social) confirmou um concurso p\u00fablico no qual vai oferecer 150&#8230;<\/p>\n","protected":false},"author":1,"featured_media":45994,"comment_status":"open","ping_status":"open","sticky":false,"template":"","format":"standard","meta":{"advanced_seo_description":"","jetpack_seo_html_title":"","jetpack_seo_noindex":false,"jetpack_post_was_ever_published":false,"_jetpack_newsletter_access":"","_jetpack_dont_email_post_to_subs":false,"_jetpack_newsletter_tier_id":0,"_jetpack_memberships_contains_paywalled_content":false,"_jetpack_memberships_contains_paid_content":false,"footnotes":"","jetpack_publicize_message":"","jetpack_publicize_feature_enabled":true,"jetpack_social_post_already_shared":true,"jetpack_social_options":{"image_generator_settings":{"template":"highway","default_image_id":0,"font":"","enabled":false},"version":2}},"categories":[3598],"tags":[],"class_list":["post-45993","post","type-post","status-publish","format-standard","has-post-thumbnail","hentry","category-empregos-classificados-vagas-trabalho"],"jetpack_publicize_connections":[],"jetpack_featured_media_url":"https:\/\/i0.wp.com\/noticiasribeiraopreto.com.br\/wp-content\/uploads\/2024\/04\/concurso-1.jpg?fit=1432%2C823&ssl=1","jetpack-related-posts":[{"id":54840,"url":"https:\/\/noticiasribeiraopreto.com.br\/index.php\/2024\/07\/25\/bndes-abre-concurso-com-900-vagas-e-salario-inicial-de-r-209-mil\/","url_meta":{"origin":45993,"position":0},"title":"BNDES abre concurso com 900 vagas e sal\u00e1rio inicial\u00a0de\u00a0R$ 20,9\u00a0mil","author":"noticiasribeiraopreto.com.br","date":"25 de July de 2024","format":false,"excerpt":"Da reda\u00e7\u00e3oi Da reda\u00e7\u00e3o 22\/07\/2024 - 8:49 O BNDES (Banco Nacional de Desenvolvimento Econ\u00f4mico e Social) abriu um concurso p\u00fablico para cargos de n\u00edvel superior, com 150 vagas e outras 750 para forma\u00e7\u00e3o de cadastro de reserva. O edital foi publicado nesta segunda-feira, 22, no Di\u00e1rio Oficial da Uni\u00e3o.Vale ressaltar\u2026","rel":"","context":"In &quot;Empregos - Classificados&quot;","block_context":{"text":"Empregos - Classificados","link":"https:\/\/noticiasribeiraopreto.com.br\/index.php\/category\/empregos-classificados-vagas-trabalho\/"},"img":{"alt_text":"","src":"https:\/\/i0.wp.com\/noticiasribeiraopreto.com.br\/wp-content\/uploads\/2024\/07\/bndes.jpg?fit=1011%2C617&ssl=1&resize=350%2C200","width":350,"height":200,"srcset":"https:\/\/i0.wp.com\/noticiasribeiraopreto.com.br\/wp-content\/uploads\/2024\/07\/bndes.jpg?fit=1011%2C617&ssl=1&resize=350%2C200 1x, https:\/\/i0.wp.com\/noticiasribeiraopreto.com.br\/wp-content\/uploads\/2024\/07\/bndes.jpg?fit=1011%2C617&ssl=1&resize=525%2C300 1.5x, https:\/\/i0.wp.com\/noticiasribeiraopreto.com.br\/wp-content\/uploads\/2024\/07\/bndes.jpg?fit=1011%2C617&ssl=1&resize=700%2C400 2x"},"classes":[]},{"id":54936,"url":"https:\/\/noticiasribeiraopreto.com.br\/index.php\/2024\/07\/26\/salario-de-r-209-mil-inscricoes-para-concurso-do-bndes-comecam-hoje\/","url_meta":{"origin":45993,"position":1},"title":"Sal\u00e1rio de R$ 20,9 mil: inscri\u00e7\u00f5es para concurso do BNDES come\u00e7am hoje","author":"noticiasribeiraopreto.com.br","date":"26 de July de 2024","format":false,"excerpt":"Da reda\u00e7\u00e3oi Da reda\u00e7\u00e3o 26\/07\/2024 - 5:00 O\u00a0BNDES (Banco Nacional de Desenvolvimento Econ\u00f4mico e Social) anunciou abertura de um concurso p\u00fablico para cargos de n\u00edvel superior,\u00a0com 150 vagas e outras 750 para forma\u00e7\u00e3o de cadastro de reserva.As inscri\u00e7\u00f5es para podem ser feitas a partir das 10h desta sexta-feira, 26, e\u2026","rel":"","context":"In &quot;Empregos - Classificados&quot;","block_context":{"text":"Empregos - Classificados","link":"https:\/\/noticiasribeiraopreto.com.br\/index.php\/category\/empregos-classificados-vagas-trabalho\/"},"img":{"alt_text":"","src":"https:\/\/i0.wp.com\/noticiasribeiraopreto.com.br\/wp-content\/uploads\/2024\/07\/1721983386_bndes.jpg?fit=1011%2C617&ssl=1&resize=350%2C200","width":350,"height":200,"srcset":"https:\/\/i0.wp.com\/noticiasribeiraopreto.com.br\/wp-content\/uploads\/2024\/07\/1721983386_bndes.jpg?fit=1011%2C617&ssl=1&resize=350%2C200 1x, https:\/\/i0.wp.com\/noticiasribeiraopreto.com.br\/wp-content\/uploads\/2024\/07\/1721983386_bndes.jpg?fit=1011%2C617&ssl=1&resize=525%2C300 1.5x, https:\/\/i0.wp.com\/noticiasribeiraopreto.com.br\/wp-content\/uploads\/2024\/07\/1721983386_bndes.jpg?fit=1011%2C617&ssl=1&resize=700%2C400 2x"},"classes":[]},{"id":54801,"url":"https:\/\/noticiasribeiraopreto.com.br\/index.php\/2024\/07\/23\/concurso-do-bndes-veja-vagas-salario-e-datas\/","url_meta":{"origin":45993,"position":2},"title":"Concurso do BNDES: veja vagas, sal\u00e1rio e datas","author":"noticiasribeiraopreto.com.br","date":"23 de July de 2024","format":false,"excerpt":"Ana Carolinai Ana Carolina - 23\/07\/2024 - 6:00 O\u00a0BNDES (Banco Nacional de Desenvolvimento Econ\u00f4mico e Social) anunciou por meio de edital no Di\u00e1rio Oficial da Uni\u00e3o (DOU) publicado na segunda-feira, 22, a abertura de um concurso p\u00fablico para cargos de n\u00edvel superior.+ Sebrae abre concurso com vagas preferenciais para negros\u2026","rel":"","context":"In &quot;Empregos - Classificados&quot;","block_context":{"text":"Empregos - Classificados","link":"https:\/\/noticiasribeiraopreto.com.br\/index.php\/category\/empregos-classificados-vagas-trabalho\/"},"img":{"alt_text":"","src":"https:\/\/i0.wp.com\/noticiasribeiraopreto.com.br\/wp-content\/uploads\/2024\/07\/edificio-sede-do-bndes250620211187-e1678104001315.jpg?fit=640%2C480&ssl=1&resize=350%2C200","width":350,"height":200,"srcset":"https:\/\/i0.wp.com\/noticiasribeiraopreto.com.br\/wp-content\/uploads\/2024\/07\/edificio-sede-do-bndes250620211187-e1678104001315.jpg?fit=640%2C480&ssl=1&resize=350%2C200 1x, https:\/\/i0.wp.com\/noticiasribeiraopreto.com.br\/wp-content\/uploads\/2024\/07\/edificio-sede-do-bndes250620211187-e1678104001315.jpg?fit=640%2C480&ssl=1&resize=525%2C300 1.5x"},"classes":[]},{"id":34873,"url":"https:\/\/noticiasribeiraopreto.com.br\/index.php\/2024\/02\/04\/confira-as-datas-salarios-e-os-editais\/","url_meta":{"origin":45993,"position":3},"title":"confira as datas, sal\u00e1rios e os editais","author":"noticiasribeiraopreto.com.br","date":"4 de February de 2024","format":false,"excerpt":"O sonho de passar em um concurso p\u00fablico vem ficando mais pr\u00f3ximo em 2024. O primeiro m\u00eas do ano trouxe ventos favor\u00e1veis, com vagas e inscri\u00e7\u00f5es abertas de diversos \u00f3rg\u00e3os p\u00fablicos. E n\u00e3o foi s\u00f3 isso, o governo federal tamb\u00e9m tornou o caminho mais f\u00e1cil com a cria\u00e7\u00e3o do Concurso\u2026","rel":"","context":"In &quot;Dinheiro e Investimento&quot;","block_context":{"text":"Dinheiro e Investimento","link":"https:\/\/noticiasribeiraopreto.com.br\/index.php\/category\/dinheiro-e-investimento-como-fazer-como-ganhar\/"},"img":{"alt_text":"","src":"https:\/\/i0.wp.com\/noticiasribeiraopreto.com.br\/wp-content\/uploads\/2024\/02\/concursos_abertos-715x402.jpg?fit=715%2C402&ssl=1&resize=350%2C200","width":350,"height":200,"srcset":"https:\/\/i0.wp.com\/noticiasribeiraopreto.com.br\/wp-content\/uploads\/2024\/02\/concursos_abertos-715x402.jpg?fit=715%2C402&ssl=1&resize=350%2C200 1x, https:\/\/i0.wp.com\/noticiasribeiraopreto.com.br\/wp-content\/uploads\/2024\/02\/concursos_abertos-715x402.jpg?fit=715%2C402&ssl=1&resize=525%2C300 1.5x, https:\/\/i0.wp.com\/noticiasribeiraopreto.com.br\/wp-content\/uploads\/2024\/02\/concursos_abertos-715x402.jpg?fit=715%2C402&ssl=1&resize=700%2C400 2x"},"classes":[]},{"id":53257,"url":"https:\/\/noticiasribeiraopreto.com.br\/index.php\/2024\/06\/18\/itamaraty-autoriza-novo-concurso-para-50-vagas-de-diplomata-e-salario-de-r-209-mil\/","url_meta":{"origin":45993,"position":4},"title":"Itamaraty autoriza novo concurso para 50 vagas de diplomata e sal\u00e1rio de R$ 20,9 mil","author":"noticiasribeiraopreto.com.br","date":"18 de June de 2024","format":false,"excerpt":"Matheus Almeidai Matheus Almeida 18\/06\/2024 - 10:16 O Minist\u00e9rio das Rela\u00e7\u00f5es Exteriores autorizou a realiza\u00e7\u00e3o de um novo concurso para 50 vagas de diplomatas, com sal\u00e1rio inicial de R$ 20,9 mil. O cargo \u00e9 de terceiro-secret\u00e1rio, a posi\u00e7\u00e3o de in\u00edcio para a carreira diplom\u00e1tica.A carreira no Minist\u00e9rio das Rela\u00e7\u00f5es Exteriores\u2026","rel":"","context":"In &quot;Empregos - Classificados&quot;","block_context":{"text":"Empregos - Classificados","link":"https:\/\/noticiasribeiraopreto.com.br\/index.php\/category\/empregos-classificados-vagas-trabalho\/"},"img":{"alt_text":"","src":"https:\/\/i0.wp.com\/noticiasribeiraopreto.com.br\/wp-content\/uploads\/2024\/06\/itamaraty.jpg?fit=1170%2C700&ssl=1&resize=350%2C200","width":350,"height":200,"srcset":"https:\/\/i0.wp.com\/noticiasribeiraopreto.com.br\/wp-content\/uploads\/2024\/06\/itamaraty.jpg?fit=1170%2C700&ssl=1&resize=350%2C200 1x, https:\/\/i0.wp.com\/noticiasribeiraopreto.com.br\/wp-content\/uploads\/2024\/06\/itamaraty.jpg?fit=1170%2C700&ssl=1&resize=525%2C300 1.5x, https:\/\/i0.wp.com\/noticiasribeiraopreto.com.br\/wp-content\/uploads\/2024\/06\/itamaraty.jpg?fit=1170%2C700&ssl=1&resize=700%2C400 2x, https:\/\/i0.wp.com\/noticiasribeiraopreto.com.br\/wp-content\/uploads\/2024\/06\/itamaraty.jpg?fit=1170%2C700&ssl=1&resize=1050%2C600 3x"},"classes":[]},{"id":84041,"url":"https:\/\/noticiasribeiraopreto.com.br\/index.php\/2026\/03\/31\/tce-anuncia-concurso-publico-com-50-vagas-e-salarios-de-r-209-mil\/","url_meta":{"origin":45993,"position":5},"title":"TCE anuncia concurso p\u00fablico com 50 vagas e sal\u00e1rios de R$ 20,9 mil","author":"noticiasribeiraopreto.com.br","date":"31 de March de 2026","format":false,"excerpt":"Ler o resumo da not\u00edcia TCE-SP anunciou concurso com 50 vagas para Auditor de Controle Externo com sal\u00e1rio de R$ 20.940,20. Organizado pela Funda\u00e7\u00e3o Vunesp, a inscri\u00e7\u00e3o custar\u00e1 R$ 115 aos candidatos. Vagas s\u00e3o divididas entre Engenharia (12), Ci\u00eancias Cont\u00e1beis (11), Direito (10), Ci\u00eancias Econ\u00f4micas (10), TI (5) e Ci\u00eancias\u2026","rel":"","context":"In &quot;Not\u00edcias de Ribeir\u00e3o Preto-SP e Regi\u00e3o&quot;","block_context":{"text":"Not\u00edcias de Ribeir\u00e3o Preto-SP e Regi\u00e3o","link":"https:\/\/noticiasribeiraopreto.com.br\/index.php\/category\/noticias-de-ribeirao-preto-sp-e-regiao-ismael-colosi\/"},"img":{"alt_text":"","src":"https:\/\/i0.wp.com\/noticiasribeiraopreto.com.br\/wp-content\/uploads\/2026\/03\/concurso-publico_2025-07-09_13-50-45.webp.webp?fit=1200%2C798&ssl=1&resize=350%2C200","width":350,"height":200,"srcset":"https:\/\/i0.wp.com\/noticiasribeiraopreto.com.br\/wp-content\/uploads\/2026\/03\/concurso-publico_2025-07-09_13-50-45.webp.webp?fit=1200%2C798&ssl=1&resize=350%2C200 1x, https:\/\/i0.wp.com\/noticiasribeiraopreto.com.br\/wp-content\/uploads\/2026\/03\/concurso-publico_2025-07-09_13-50-45.webp.webp?fit=1200%2C798&ssl=1&resize=525%2C300 1.5x, https:\/\/i0.wp.com\/noticiasribeiraopreto.com.br\/wp-content\/uploads\/2026\/03\/concurso-publico_2025-07-09_13-50-45.webp.webp?fit=1200%2C798&ssl=1&resize=700%2C400 2x, https:\/\/i0.wp.com\/noticiasribeiraopreto.com.br\/wp-content\/uploads\/2026\/03\/concurso-publico_2025-07-09_13-50-45.webp.webp?fit=1200%2C798&ssl=1&resize=1050%2C600 3x"},"classes":[]}],"jetpack_sharing_enabled":true,"jetpack_shortlink":"https:\/\/wp.me\/peQAOb-bXP","_links":{"self":[{"href":"https:\/\/noticiasribeiraopreto.com.br\/index.php\/wp-json\/wp\/v2\/posts\/45993","targetHints":{"allow":["GET"]}}],"collection":[{"href":"https:\/\/noticiasribeiraopreto.com.br\/index.php\/wp-json\/wp\/v2\/posts"}],"about":[{"href":"https:\/\/noticiasribeiraopreto.com.br\/index.php\/wp-json\/wp\/v2\/types\/post"}],"author":[{"embeddable":true,"href":"https:\/\/noticiasribeiraopreto.com.br\/index.php\/wp-json\/wp\/v2\/users\/1"}],"replies":[{"embeddable":true,"href":"https:\/\/noticiasribeiraopreto.com.br\/index.php\/wp-json\/wp\/v2\/comments?post=45993"}],"version-history":[{"count":0,"href":"https:\/\/noticiasribeiraopreto.com.br\/index.php\/wp-json\/wp\/v2\/posts\/45993\/revisions"}],"wp:featuredmedia":[{"embeddable":true,"href":"https:\/\/noticiasribeiraopreto.com.br\/index.php\/wp-json\/wp\/v2\/media\/45994"}],"wp:attachment":[{"href":"https:\/\/noticiasribeiraopreto.com.br\/index.php\/wp-json\/wp\/v2\/media?parent=45993"}],"wp:term":[{"taxonomy":"category","embeddable":true,"href":"https:\/\/noticiasribeiraopreto.com.br\/index.php\/wp-json\/wp\/v2\/categories?post=45993"},{"taxonomy":"post_tag","embeddable":true,"href":"https:\/\/noticiasribeiraopreto.com.br\/index.php\/wp-json\/wp\/v2\/tags?post=45993"}],"curies":[{"name":"wp","href":"https:\/\/api.w.org\/{rel}","templated":true}]}}