{"id":46005,"date":"2024-04-09T10:10:12","date_gmt":"2024-04-09T13:10:12","guid":{"rendered":"https:\/\/noticiasribeiraopreto.com.br\/index.php\/2024\/04\/09\/anderson-do-molejo-e-internado-na-uti-apos-quadro-de-insuficiencia-renal\/"},"modified":"2024-04-09T10:10:12","modified_gmt":"2024-04-09T13:10:12","slug":"anderson-do-molejo-e-internado-na-uti-apos-quadro-de-insuficiencia-renal","status":"publish","type":"post","link":"https:\/\/noticiasribeiraopreto.com.br\/index.php\/2024\/04\/09\/anderson-do-molejo-e-internado-na-uti-apos-quadro-de-insuficiencia-renal\/","title":{"rendered":"Anderson do Molejo \u00e9 internado na UTI ap\u00f3s quadro de insufici\u00eancia renal"},"content":{"rendered":"<div class='code-block code-block-1' style='margin: 8px 0 8px auto; text-align: right; display: block; clear: both;'>\n<p><a href=\"https:\/\/wa.link\/vpicfd\"><img data-recalc-dims=\"1\" class=\"wp-image-4922\" style=\"aspect-ratio: 2.0253164556962027; width: 561px; height: auto;\" src=\"https:\/\/i0.wp.com\/ismaelcolosi.com.br\/wp-content\/uploads\/2023\/11\/grupo-de-empregos-whatsapp-e-facebook-ismael-colosi-vagas.jpg?ssl=1\" alt=\"\" \/><\/a><\/p>\n<!-- \/wp:image -->\n<\/div>\n<p> <br \/>\n<\/p>\n<div data-td-block-uid=\"tdi_101\">\n<div class=\"tdb-block-inner td-fix-index\">\n<p>O cantor <strong>Anderson Leonardo<\/strong>, do grupo <strong>Molejo<\/strong>, foi internado na<strong> UTI (Unidade de Terapia Intensiva) <\/strong>do Hospital Unimed do <strong>Rio de Janeiro<\/strong>, na \u00faltima segunda-feira (8). Segundo um boletim m\u00e9dico assinado pelo diretor do hospital, <mark style=\"background-color:#fcb900\" class=\"has-inline-color has-black-color\">o vocalista est\u00e1 com um quadro de insufici\u00eancia renal.<\/mark><\/p>\n<p>A nota ressalta, por\u00e9m, que<mark style=\"background-color:#fcb900\" class=\"has-inline-color has-black-color\"> Anderson est\u00e1 \u201cacordado e l\u00facido\u201d, al\u00e9m de respirar sem a ajuda de aparelhos<\/mark>. O boletim foi publicado nas redes sociais do grupo.<\/p>\n<p>O m\u00fasico est\u00e1 internado desde o m\u00eas passado para tratamento contra um c\u00e2ncer inguinal, que afeta a regi\u00e3o do p\u00eanis e do \u00e2nus.<\/p>\n<h4 class=\"wp-block-heading\"><strong>O c\u00e2ncer<\/strong><\/h4>\n<p>Anderson foi diagnosticado com a doen\u00e7a em 2022. Em janeiro do ano passado, o c\u00e2ncer havia entrado em remiss\u00e3o, mas, em maio, ele retomou o tratamento.<\/p>\n<p>No dia 13 do m\u00eas passado, o<mark style=\"background-color:#fcb900\" class=\"has-inline-color has-black-color\"> cantor realizou o procedimento de bloqueio de plexo nervoso hipog\u00e1strico, que trata a dor do paciente oncol\u00f3gico ao bloquear o nervo da regi\u00e3o.<\/mark><\/p>\n<p>Ele chegou a ter alta no dia 19, mas teve de retornar ao hospital no dia 25 (com informa\u00e7\u00f5es Sabrina Legramandi\/Ag\u00eancia Estado).<\/p>\n<p>SAIBA MAIS<br \/>Interior de SP tem alerta de temporais nesta ter\u00e7a-feira; Confira a previs\u00e3o<\/p>\n<h4 class=\"wp-block-heading\"><strong>FIQUE ON<\/strong><\/h4>\n<p>Fique ligado em tudo que acontece em Ribeir\u00e3o Preto e regi\u00e3o. Siga os perfis do <strong>acidade on<\/strong> no <a href=\"https:\/\/www.instagram.com\/acidadeonribeirao\" target=\"_blank\" rel=\"noreferrer noopener nofollow\">Instagram<\/a> e no <a href=\"https:\/\/www.facebook.com\/acidadeonribeirao\" target=\"_blank\" rel=\"noreferrer noopener nofollow\">Facebook<\/a>.<\/p>\n<p>Receba not\u00edcias do<strong> acidade on <\/strong>no WhatsApp. <a href=\"https:\/\/chat.whatsapp.com\/GFH9HUMUTHNFJdnyEd0xxq\" target=\"_blank\" rel=\"noreferrer noopener nofollow\">Para entrar no grupo, basta clicar aqui.<\/a><\/p>\n<p>Fa\u00e7a uma den\u00fancia ou sugira uma reportagem sobre Ribeir\u00e3o Preto e regi\u00e3o pelo WhatsApp: 16 99117 7802.<\/p>\n<p>VEJA TAMB\u00c9M<br \/>Quem vai sair do BBB 24 hoje? Ter\u00e7a-feira \u00e9 de Pared\u00e3o<\/p>\n<p><!-- AI CONTENT END 1 -->\n<\/div>\n<\/div>\n<p><script async src=\"\/\/www.instagram.com\/embed.js\"><\/script><br \/>\n<br \/><br \/>\n<br \/><a href=\"https:\/\/www.acidadeon.com\/ribeiraopreto\/cotidiano\/anderson-do-molejo-e-internado-na-uti-apos-quadro-de-insuficiencia-renal\/\">Source link <\/a><\/p>\n<!-- CONTENT END 1 -->\n","protected":false},"excerpt":{"rendered":"<p>O cantor Anderson Leonardo, do grupo Molejo, foi internado na UTI (Unidade de Terapia Intensiva) do Hospital Unimed do Rio de Janeiro, na \u00faltima segunda-feira&#8230;<\/p>\n","protected":false},"author":1,"featured_media":46006,"comment_status":"open","ping_status":"open","sticky":false,"template":"","format":"standard","meta":{"advanced_seo_description":"","jetpack_seo_html_title":"","jetpack_seo_noindex":false,"jetpack_post_was_ever_published":false,"_jetpack_newsletter_access":"","_jetpack_dont_email_post_to_subs":false,"_jetpack_newsletter_tier_id":0,"_jetpack_memberships_contains_paywalled_content":false,"_jetpack_memberships_contains_paid_content":false,"footnotes":"","jetpack_publicize_message":"","jetpack_publicize_feature_enabled":true,"jetpack_social_post_already_shared":true,"jetpack_social_options":{"image_generator_settings":{"template":"highway","default_image_id":0,"font":"","enabled":false},"version":2}},"categories":[11],"tags":[],"class_list":["post-46005","post","type-post","status-publish","format-standard","has-post-thumbnail","hentry","category-noticias-de-ribeirao-preto-sp-e-regiao-ismael-colosi"],"jetpack_publicize_connections":[],"jetpack_featured_media_url":"https:\/\/i0.wp.com\/noticiasribeiraopreto.com.br\/wp-content\/uploads\/2024\/04\/AnyConv.com__anderson-do-molejo.webp.webp?fit=1280%2C700&ssl=1","jetpack-related-posts":[{"id":4454,"url":"https:\/\/noticiasribeiraopreto.com.br\/index.php\/2023\/11\/21\/enfrentando-um-cancer-raro-estado-de-anderson-do-molejo-e-atualizado\/","url_meta":{"origin":46005,"position":0},"title":"Enfrentando um c\u00e2ncer raro, estado de Anderson, do Molejo, \u00e9 atualizado","author":"noticiasribeiraopreto.com.br","date":"21 de November de 2023","format":false,"excerpt":"Cr\u00e9ditos: reprodu\u00e7\u00e3o\/Instagram\/@cantorandersonleronardoAnderson Leonardo, do Molejo, segue em tratamento contra c\u00e2ncer Anderson Leonardo, do grupo Molejo, est\u00e1 enfrentando um c\u00e2ncer inguinal desde 2022. Nos \u00faltimos dias, boatos diziam que o cantor estava internado ap\u00f3s sofrer com efeitos colaterais do tratamento. A publica\u00e7\u00e3o dizia tamb\u00e9m que o cantor, de 51 anos, precisou\u2026","rel":"","context":"In &quot;Variedades&quot;","block_context":{"text":"Variedades","link":"https:\/\/noticiasribeiraopreto.com.br\/index.php\/category\/variedades\/"},"img":{"alt_text":"","src":"https:\/\/i0.wp.com\/noticiasribeiraopreto.com.br\/wp-content\/uploads\/2023\/11\/anderson-molejo-1.jpg?fit=1200%2C638&ssl=1&resize=350%2C200","width":350,"height":200,"srcset":"https:\/\/i0.wp.com\/noticiasribeiraopreto.com.br\/wp-content\/uploads\/2023\/11\/anderson-molejo-1.jpg?fit=1200%2C638&ssl=1&resize=350%2C200 1x, https:\/\/i0.wp.com\/noticiasribeiraopreto.com.br\/wp-content\/uploads\/2023\/11\/anderson-molejo-1.jpg?fit=1200%2C638&ssl=1&resize=525%2C300 1.5x, https:\/\/i0.wp.com\/noticiasribeiraopreto.com.br\/wp-content\/uploads\/2023\/11\/anderson-molejo-1.jpg?fit=1200%2C638&ssl=1&resize=700%2C400 2x, https:\/\/i0.wp.com\/noticiasribeiraopreto.com.br\/wp-content\/uploads\/2023\/11\/anderson-molejo-1.jpg?fit=1200%2C638&ssl=1&resize=1050%2C600 3x"},"classes":[]},{"id":4248,"url":"https:\/\/noticiasribeiraopreto.com.br\/index.php\/2023\/11\/21\/chega-noticia-sobre-o-cantor-anderson-leonardo-apos-diagnostico-de-cancer-na-virilha\/","url_meta":{"origin":46005,"position":1},"title":"Chega not\u00edcia sobre o cantor Anderson Leonardo ap\u00f3s diagn\u00f3stico de c\u00e2ncer na virilha","author":"noticiasribeiraopreto.com.br","date":"21 de November de 2023","format":false,"excerpt":"O cantor Anderson Leonardo, vocalista do grupo de pagode Molejo, precisou ser hospitalizado na \u00faltima semana. Para que n\u00e3o sabe, o artista, que \u00e9 um dos mais queridos do Brasil, foi diagnosticado com c\u00e2ncer inguinal h\u00e1 alguns meses.As informa\u00e7\u00f5es sobre a nova interna\u00e7\u00e3o de Anderson foram divulgadas nesta semana pelo\u2026","rel":"","context":"In &quot;Blog&quot;","block_context":{"text":"Blog","link":"https:\/\/noticiasribeiraopreto.com.br\/index.php\/category\/blog\/"},"img":{"alt_text":"","src":"https:\/\/i0.wp.com\/noticiasribeiraopreto.com.br\/wp-content\/uploads\/2023\/11\/postimg-655c5b7b647831263.jpg?fit=1200%2C628&ssl=1&resize=350%2C200","width":350,"height":200,"srcset":"https:\/\/i0.wp.com\/noticiasribeiraopreto.com.br\/wp-content\/uploads\/2023\/11\/postimg-655c5b7b647831263.jpg?fit=1200%2C628&ssl=1&resize=350%2C200 1x, https:\/\/i0.wp.com\/noticiasribeiraopreto.com.br\/wp-content\/uploads\/2023\/11\/postimg-655c5b7b647831263.jpg?fit=1200%2C628&ssl=1&resize=525%2C300 1.5x, https:\/\/i0.wp.com\/noticiasribeiraopreto.com.br\/wp-content\/uploads\/2023\/11\/postimg-655c5b7b647831263.jpg?fit=1200%2C628&ssl=1&resize=700%2C400 2x, https:\/\/i0.wp.com\/noticiasribeiraopreto.com.br\/wp-content\/uploads\/2023\/11\/postimg-655c5b7b647831263.jpg?fit=1200%2C628&ssl=1&resize=1050%2C600 3x"},"classes":[]},{"id":65845,"url":"https:\/\/noticiasribeiraopreto.com.br\/index.php\/2025\/03\/25\/jogador-pedro-severino-deixa-uti-e-vai-para-o-quarto-diz-hospital\/","url_meta":{"origin":46005,"position":2},"title":"Jogador Pedro Severino deixa UTI e vai para o quarto, diz hospital","author":"noticiasribeiraopreto.com.br","date":"25 de March de 2025","format":false,"excerpt":"O jogador Pedro Severino, de 19 anos, deixou a UTI e foi transferido para o quarto no in\u00edcio da noite desta segunda-feira (24), segundo boletim m\u00e9dico divulgado pelo Hospital Unimed Ribeir\u00e3o Preto, onde o\u00a0atleta\u00a0permanece\u00a0internado, ap\u00f3s sofrer um\u00a0acidente\u00a0de\u00a0carro\u00a0no dia\u00a04 de mar\u00e7o. Segundo o hospital, o quadro neurol\u00f3gico do atleta ainda inspira\u2026","rel":"","context":"In &quot;Not\u00edcias de Ribeir\u00e3o Preto-SP e Regi\u00e3o&quot;","block_context":{"text":"Not\u00edcias de Ribeir\u00e3o Preto-SP e Regi\u00e3o","link":"https:\/\/noticiasribeiraopreto.com.br\/index.php\/category\/noticias-de-ribeirao-preto-sp-e-regiao-ismael-colosi\/"},"img":{"alt_text":"","src":"https:\/\/i0.wp.com\/noticiasribeiraopreto.com.br\/wp-content\/uploads\/2025\/03\/Molde-Midiass-8_2025-03-04_17-03-50_jpg_2025-03-04_17-03-50.webp.webp?fit=960%2C539&ssl=1&resize=350%2C200","width":350,"height":200,"srcset":"https:\/\/i0.wp.com\/noticiasribeiraopreto.com.br\/wp-content\/uploads\/2025\/03\/Molde-Midiass-8_2025-03-04_17-03-50_jpg_2025-03-04_17-03-50.webp.webp?fit=960%2C539&ssl=1&resize=350%2C200 1x, https:\/\/i0.wp.com\/noticiasribeiraopreto.com.br\/wp-content\/uploads\/2025\/03\/Molde-Midiass-8_2025-03-04_17-03-50_jpg_2025-03-04_17-03-50.webp.webp?fit=960%2C539&ssl=1&resize=525%2C300 1.5x, https:\/\/i0.wp.com\/noticiasribeiraopreto.com.br\/wp-content\/uploads\/2025\/03\/Molde-Midiass-8_2025-03-04_17-03-50_jpg_2025-03-04_17-03-50.webp.webp?fit=960%2C539&ssl=1&resize=700%2C400 2x"},"classes":[]},{"id":64980,"url":"https:\/\/noticiasribeiraopreto.com.br\/index.php\/2025\/03\/14\/jogador-pedro-severino-respira-sem-aparelhos-em-parte-do-dia-diz-boletim-medico\/","url_meta":{"origin":46005,"position":3},"title":"Jogador Pedro Severino respira sem aparelhos em parte do dia, diz boletim m\u00e9dico","author":"noticiasribeiraopreto.com.br","date":"14 de March de 2025","format":false,"excerpt":"O jogador Pedro Severino, de 19 anos, est\u00e1 em processo de retirada da ventila\u00e7\u00e3o mec\u00e2nica, o que permite que ele passe per\u00edodos do dia com respira\u00e7\u00e3o espont\u00e2nea, segundo o boletim m\u00e9dico divulgado na manh\u00e3 desta sexta-feira (14), pelo Hospital Unimed Ribeir\u00e3o Preto.\u00a0O atleta segue\u00a0internado\u00a0na\u00a0UTI (Unidade de Terapia Intensiva), ap\u00f3s sofrer\u2026","rel":"","context":"In &quot;Not\u00edcias de Ribeir\u00e3o Preto-SP e Regi\u00e3o&quot;","block_context":{"text":"Not\u00edcias de Ribeir\u00e3o Preto-SP e Regi\u00e3o","link":"https:\/\/noticiasribeiraopreto.com.br\/index.php\/category\/noticias-de-ribeirao-preto-sp-e-regiao-ismael-colosi\/"},"img":{"alt_text":"","src":"https:\/\/i0.wp.com\/noticiasribeiraopreto.com.br\/wp-content\/uploads\/2025\/03\/IMG-20250305-WA0006_2025-03-05_13-27-33_jpg_2025-03-05_13-27-33.webp.webp?fit=1200%2C799&ssl=1&resize=350%2C200","width":350,"height":200,"srcset":"https:\/\/i0.wp.com\/noticiasribeiraopreto.com.br\/wp-content\/uploads\/2025\/03\/IMG-20250305-WA0006_2025-03-05_13-27-33_jpg_2025-03-05_13-27-33.webp.webp?fit=1200%2C799&ssl=1&resize=350%2C200 1x, https:\/\/i0.wp.com\/noticiasribeiraopreto.com.br\/wp-content\/uploads\/2025\/03\/IMG-20250305-WA0006_2025-03-05_13-27-33_jpg_2025-03-05_13-27-33.webp.webp?fit=1200%2C799&ssl=1&resize=525%2C300 1.5x, https:\/\/i0.wp.com\/noticiasribeiraopreto.com.br\/wp-content\/uploads\/2025\/03\/IMG-20250305-WA0006_2025-03-05_13-27-33_jpg_2025-03-05_13-27-33.webp.webp?fit=1200%2C799&ssl=1&resize=700%2C400 2x, https:\/\/i0.wp.com\/noticiasribeiraopreto.com.br\/wp-content\/uploads\/2025\/03\/IMG-20250305-WA0006_2025-03-05_13-27-33_jpg_2025-03-05_13-27-33.webp.webp?fit=1200%2C799&ssl=1&resize=1050%2C600 3x"},"classes":[]},{"id":39990,"url":"https:\/\/noticiasribeiraopreto.com.br\/index.php\/2024\/02\/29\/faustao-fala-sobre-transplante-de-rim\/","url_meta":{"origin":46005,"position":4},"title":"Faust\u00e3o fala sobre transplante de rim \u00a0","author":"noticiasribeiraopreto.com.br","date":"29 de February de 2024","format":false,"excerpt":"O apresentador Fausto Silva, conhecido como Faust\u00e3o, de 73 anos, falou pela primeira vez sobre o transplante de rim ao qual foi submetido na segunda-feira, 26 de fevereiro. Em declara\u00e7\u00e3o ao colunista Lauro Jardim, do jornal O Globo, disse que \u201cpara quem fez um transplante do cora\u00e7\u00e3o, o de rim\u2026","rel":"","context":"In &quot;Not\u00edcias de Ribeir\u00e3o Preto-SP e Regi\u00e3o&quot;","block_context":{"text":"Not\u00edcias de Ribeir\u00e3o Preto-SP e Regi\u00e3o","link":"https:\/\/noticiasribeiraopreto.com.br\/index.php\/category\/noticias-de-ribeirao-preto-sp-e-regiao-ismael-colosi\/"},"img":{"alt_text":"","src":"https:\/\/i0.wp.com\/noticiasribeiraopreto.com.br\/wp-content\/uploads\/2024\/02\/Faustao-Instagram-Fausto-Silva-scaled.jpg?fit=1000%2C598&ssl=1&resize=350%2C200","width":350,"height":200,"srcset":"https:\/\/i0.wp.com\/noticiasribeiraopreto.com.br\/wp-content\/uploads\/2024\/02\/Faustao-Instagram-Fausto-Silva-scaled.jpg?fit=1000%2C598&ssl=1&resize=350%2C200 1x, https:\/\/i0.wp.com\/noticiasribeiraopreto.com.br\/wp-content\/uploads\/2024\/02\/Faustao-Instagram-Fausto-Silva-scaled.jpg?fit=1000%2C598&ssl=1&resize=525%2C300 1.5x, https:\/\/i0.wp.com\/noticiasribeiraopreto.com.br\/wp-content\/uploads\/2024\/02\/Faustao-Instagram-Fausto-Silva-scaled.jpg?fit=1000%2C598&ssl=1&resize=700%2C400 2x"},"classes":[]},{"id":27074,"url":"https:\/\/noticiasribeiraopreto.com.br\/index.php\/2024\/01\/11\/jornalista-da-globo-e-internado-pela-2a-vez-em-4-dias-emissora-divulgou-nota-sobre-quadro-de-saude\/","url_meta":{"origin":46005,"position":5},"title":"Jornalista da Globo \u00e9 internado pela 2\u00aa vez em 4 dias; emissora divulgou nota sobre quadro de sa\u00fade","author":"noticiasribeiraopreto.com.br","date":"11 de January de 2024","format":false,"excerpt":"O jornalista Marcelo Pereira, conhecido por seu trabalho como apresentador do mapa-tempo no programa \u201cHora 1\u201d da Globo, tem sido alvo de preocupa\u00e7\u00f5es e mist\u00e9rios dentro da emissora.Desde 26 de dezembro, Pereira est\u00e1 fora do ar e, recentemente, foi hospitalizado duas vezes em apenas quatro dias. Sua primeira interna\u00e7\u00e3o ocorreu\u2026","rel":"","context":"In &quot;Blog&quot;","block_context":{"text":"Blog","link":"https:\/\/noticiasribeiraopreto.com.br\/index.php\/category\/blog\/"},"img":{"alt_text":"","src":"https:\/\/i0.wp.com\/noticiasribeiraopreto.com.br\/wp-content\/uploads\/2024\/01\/postimg-659feecbde9043933.jpg?fit=1200%2C628&ssl=1&resize=350%2C200","width":350,"height":200,"srcset":"https:\/\/i0.wp.com\/noticiasribeiraopreto.com.br\/wp-content\/uploads\/2024\/01\/postimg-659feecbde9043933.jpg?fit=1200%2C628&ssl=1&resize=350%2C200 1x, https:\/\/i0.wp.com\/noticiasribeiraopreto.com.br\/wp-content\/uploads\/2024\/01\/postimg-659feecbde9043933.jpg?fit=1200%2C628&ssl=1&resize=525%2C300 1.5x, https:\/\/i0.wp.com\/noticiasribeiraopreto.com.br\/wp-content\/uploads\/2024\/01\/postimg-659feecbde9043933.jpg?fit=1200%2C628&ssl=1&resize=700%2C400 2x, https:\/\/i0.wp.com\/noticiasribeiraopreto.com.br\/wp-content\/uploads\/2024\/01\/postimg-659feecbde9043933.jpg?fit=1200%2C628&ssl=1&resize=1050%2C600 3x"},"classes":[]}],"jetpack_sharing_enabled":true,"jetpack_shortlink":"https:\/\/wp.me\/peQAOb-bY1","_links":{"self":[{"href":"https:\/\/noticiasribeiraopreto.com.br\/index.php\/wp-json\/wp\/v2\/posts\/46005","targetHints":{"allow":["GET"]}}],"collection":[{"href":"https:\/\/noticiasribeiraopreto.com.br\/index.php\/wp-json\/wp\/v2\/posts"}],"about":[{"href":"https:\/\/noticiasribeiraopreto.com.br\/index.php\/wp-json\/wp\/v2\/types\/post"}],"author":[{"embeddable":true,"href":"https:\/\/noticiasribeiraopreto.com.br\/index.php\/wp-json\/wp\/v2\/users\/1"}],"replies":[{"embeddable":true,"href":"https:\/\/noticiasribeiraopreto.com.br\/index.php\/wp-json\/wp\/v2\/comments?post=46005"}],"version-history":[{"count":0,"href":"https:\/\/noticiasribeiraopreto.com.br\/index.php\/wp-json\/wp\/v2\/posts\/46005\/revisions"}],"wp:featuredmedia":[{"embeddable":true,"href":"https:\/\/noticiasribeiraopreto.com.br\/index.php\/wp-json\/wp\/v2\/media\/46006"}],"wp:attachment":[{"href":"https:\/\/noticiasribeiraopreto.com.br\/index.php\/wp-json\/wp\/v2\/media?parent=46005"}],"wp:term":[{"taxonomy":"category","embeddable":true,"href":"https:\/\/noticiasribeiraopreto.com.br\/index.php\/wp-json\/wp\/v2\/categories?post=46005"},{"taxonomy":"post_tag","embeddable":true,"href":"https:\/\/noticiasribeiraopreto.com.br\/index.php\/wp-json\/wp\/v2\/tags?post=46005"}],"curies":[{"name":"wp","href":"https:\/\/api.w.org\/{rel}","templated":true}]}}