{"id":46016,"date":"2024-04-09T10:57:35","date_gmt":"2024-04-09T13:57:35","guid":{"rendered":"https:\/\/noticiasribeiraopreto.com.br\/index.php\/2024\/04\/09\/feira-de-empresas-chinesas-oferece-mais-de-300-vagas-no-brasil-veja-oportunidades\/"},"modified":"2024-04-09T10:57:35","modified_gmt":"2024-04-09T13:57:35","slug":"feira-de-empresas-chinesas-oferece-mais-de-300-vagas-no-brasil-veja-oportunidades","status":"publish","type":"post","link":"https:\/\/noticiasribeiraopreto.com.br\/index.php\/2024\/04\/09\/feira-de-empresas-chinesas-oferece-mais-de-300-vagas-no-brasil-veja-oportunidades\/","title":{"rendered":"Feira de empresas chinesas oferece mais de 300 vagas no Brasil; veja oportunidades"},"content":{"rendered":"<div class='code-block code-block-1' style='margin: 8px 0 8px auto; text-align: right; display: block; clear: both;'>\n<p><a href=\"https:\/\/wa.link\/vpicfd\"><img data-recalc-dims=\"1\" class=\"wp-image-4922\" style=\"aspect-ratio: 2.0253164556962027; width: 561px; height: auto;\" src=\"https:\/\/i0.wp.com\/ismaelcolosi.com.br\/wp-content\/uploads\/2023\/11\/grupo-de-empregos-whatsapp-e-facebook-ismael-colosi-vagas.jpg?ssl=1\" alt=\"\" \/><\/a><\/p>\n<!-- \/wp:image -->\n<\/div>\n<p> <br \/>\n<\/p>\n<div id=\"\">\n<div class=\"content-infos\">\n<div class=\"texts\">\n<p class=\"author tooltip-comp\"> Da reda\u00e7\u00e3o<span class=\"icon-i\">i<\/span><span class=\"tooltiptext\"> <span class=\"author\"><span>Da reda\u00e7\u00e3o<\/span> <\/span><span class=\"desc\"\/> <\/span><\/p>\n<p>09\/04\/2024 &#8211; 10:43<\/p>\n<\/div>\n<div id=\"share-modal\" class=\"share-modal\"> <button class=\"box-close btn-share\"> <img decoding=\"async\" src=\"https:\/\/istoedinheiro.com.br\/wp-content\/themes\/dinheiro-wp-theme\/assets\/img\/svg\/closeIcon.svg?x46096\" alt=\"Close icon\" class=\"close-btn lazy\"\/> <\/button><\/div>\n<\/p><\/div>\n<p>A <strong>VI Feira de Recrutamento das Empresas Chinesas<\/strong> vai oferecer mais de 300 vagas de trabalho neste s\u00e1bado, 13 de abril, nas instala\u00e7\u00f5es da ESEG \u2013 Faculdade do Grupo Etapa, na Vila Mariana, S\u00e3o Paulo.<\/p>\n<p>O evento, gratuito e aberto ao p\u00fablico, vai disponibilizar quatro palestras promovidas pelas empresas expositoras e ministradas por especialistas do setor, oferecendo informa\u00e7\u00f5es sobre tend\u00eancias de mercado e oportunidades de carreira.<\/p>\n<p><strong>+ BNDES anuncia concurso com 150 vagas e sal\u00e1rio inicial de R$ 20,9 mil<\/strong><br \/><strong>+ Bayer abre mais de 100 vagas de est\u00e1gio com bolsa-aux\u00edlio de at\u00e9 R$ 2.800<\/strong><\/p>\n<p>Os interessados poder\u00e3o conhecer representantes de empresas da China e descobrir oportunidades de emprego em diversos setores.<\/p>\n<p>Para isso, os organizadores orientam levar curr\u00edculo impresso para a feira e fazer um cadastro no <strong><a href=\"https:\/\/fremc.iestgroup.com\/sign-in\" target=\"_blank\" rel=\"noopener\">site<\/a> <\/strong>para participar das palestras.\u00a0Na plataforma, \u00e9 poss\u00edvel verificar tamb\u00e9m as vagas de trabalho dispon\u00edveis. Em caso de d\u00favida, outro meio de contato \u00e9 via e-mail (fremc@iestgroup.com).<\/p>\n<p>A lista de empresas chinesas confirmadas engloba: CGGC Construtora do Brasil \u2013 Constru\u00e7\u00e3o e opera\u00e7\u00e3o de projetos, Iest Group e Tecnologia, Magic Mobile, Joyo Tecnologia Brasil, ZTE do Brasil, Newland Payment Tecnologia Do Brasil, XCMG, China unicom do Brasil, CRRC Brasil Equipamentos Ferrovi\u00e1rios, ICBC do Brasil Banco Multiplo SA, China Mobile Internacional Brazil Tecnologia da Informa\u00e7\u00e3o, CGN Brasil Energia e Participa\u00e7\u00f5es, Hisense Gorenje do Brasil Importa\u00e7\u00e3o e Comercio de Eletrodomesticos, Wanhua Borsodchem Latin America, Ces, COFCO International Brasil, Anjun Express Logistica E Transportes Ltda, Cmoc Brasil Minera\u00e7\u00e3o, Concremat Engenha ria e Tecnologia, J&amp;T Express Brazil, Cainiao Network Transportes, BYD do Brasil, CPFL Energia, Chine Three Gorges, Brasil Energia, China Telecom do Brasil, Iest tecnologia, Hikvision do Brasil, Best Partner Services, Instituto Conf\u00facio da UNESP e Prefeitura \u2013 Secretaria de Desenvolvimento Econ\u00f4mico e Trabalho.<\/p>\n<p>A feira \u00e9 organizada pelo Instituto Conf\u00facio na Unesp, Abec (Associa\u00e7\u00e3o de Empresas Chinesas no Brasil) e IEST Consultoria Empresarial.<\/p>\n<h3>Servi\u00e7o<\/h3>\n<p>Data: Dia 13 de Abril de 2024<\/p>\n<p>Local: ESEG \u2013 Faculdade do Grupo ETAPA<\/p>\n<p>Endere\u00e7o: Rua Vergueiro, 1549 \u2013 Vila Mariana, S\u00e3o Paulo \u2013 SP, 04101-000<\/p>\n<p>Aberto ao p\u00fablico e gratuito.<\/p>\n<section data-hb-type=\"ads\" name=\"adsMateria\" data-hb-position=\"after-content\" data-hb-provider=\"\">\n<hr\/>\n<\/section>\n<div id=\"share-modal\" class=\"share-modal\"> <button class=\"box-close btn-share\"> <img decoding=\"async\" src=\"https:\/\/istoedinheiro.com.br\/wp-content\/themes\/dinheiro-wp-theme\/assets\/img\/svg\/closeIcon.svg?x46096\" alt=\"Close icon\" class=\"close-btn lazy\"\/> <\/button><\/div>\n<\/p><\/div>\n<p><script>!function(f,b,e,v,n,t,s){if(f.fbq)return;n=f.fbq=function(){n.callMethod?n.callMethod.apply(n,arguments):n.queue.push(arguments)};if(!f._fbq)f._fbq=n;n.push=n;n.loaded=!0;n.version='2.0';n.queue=[];t=b.createElement(e);t.async=!0;t.src=v;s=b.getElementsByTagName(e)[0];s.parentNode.insertBefore(t,s)}(window,document,'script','<\/script><br \/>\n<br \/><br \/>\n<br \/><a href=\"https:\/\/istoedinheiro.com.br\/feira-de-empresas-chinesas-oferece-mais-de-300-vagas-no-brasil-veja-oportunidades\/\">Source link <\/a><\/p>\n<!-- CONTENT END 1 -->\n","protected":false},"excerpt":{"rendered":"<p>Da reda\u00e7\u00e3oi Da reda\u00e7\u00e3o 09\/04\/2024 &#8211; 10:43 A VI Feira de Recrutamento das Empresas Chinesas vai oferecer mais de 300 vagas de trabalho neste s\u00e1bado,&#8230;<\/p>\n","protected":false},"author":1,"featured_media":46017,"comment_status":"open","ping_status":"open","sticky":false,"template":"","format":"standard","meta":{"advanced_seo_description":"","jetpack_seo_html_title":"","jetpack_seo_noindex":false,"jetpack_post_was_ever_published":false,"_jetpack_newsletter_access":"","_jetpack_dont_email_post_to_subs":false,"_jetpack_newsletter_tier_id":0,"_jetpack_memberships_contains_paywalled_content":false,"_jetpack_memberships_contains_paid_content":false,"footnotes":"","jetpack_publicize_message":"","jetpack_publicize_feature_enabled":true,"jetpack_social_post_already_shared":true,"jetpack_social_options":{"image_generator_settings":{"template":"highway","default_image_id":0,"font":"","enabled":false},"version":2}},"categories":[3598],"tags":[],"class_list":["post-46016","post","type-post","status-publish","format-standard","has-post-thumbnail","hentry","category-empregos-classificados-vagas-trabalho"],"jetpack_publicize_connections":[],"jetpack_featured_media_url":"https:\/\/i0.wp.com\/noticiasribeiraopreto.com.br\/wp-content\/uploads\/2024\/04\/vagas.jpg?fit=1266%2C812&ssl=1","jetpack-related-posts":[{"id":43178,"url":"https:\/\/noticiasribeiraopreto.com.br\/index.php\/2024\/03\/19\/mutirao-oferece-50-vagas-de-emprego\/","url_meta":{"origin":46016,"position":0},"title":"Mutir\u00e3o oferece 50\u00a0vagas de emprego\u00a0","author":"noticiasribeiraopreto.com.br","date":"19 de March de 2024","format":false,"excerpt":"Destaque Empregos e Est\u00e1gios 19 de mar\u00e7o de 2024 | 17:3019 de mar\u00e7o de 2024 | 10:35 0A Rodonaves, uma das maiores empresas do pa\u00eds no setor de transportes e log\u00edstica, em parceria com a prefeitura de Ribeir\u00e3o Preto, realizar\u00e1 nesta quinta-feira, 21 de mar\u00e7o, das de \u00e0s 14 horas,\u2026","rel":"","context":"In &quot;Not\u00edcias de Ribeir\u00e3o Preto-SP e Regi\u00e3o&quot;","block_context":{"text":"Not\u00edcias de Ribeir\u00e3o Preto-SP e Regi\u00e3o","link":"https:\/\/noticiasribeiraopreto.com.br\/index.php\/category\/noticias-de-ribeirao-preto-sp-e-regiao-ismael-colosi\/"},"img":{"alt_text":"","src":"https:\/\/i0.wp.com\/noticiasribeiraopreto.com.br\/wp-content\/uploads\/2024\/03\/Mutirao-Marcelo-Camargo-Ag.Br_-scaled.jpg?fit=1000%2C598&ssl=1&resize=350%2C200","width":350,"height":200,"srcset":"https:\/\/i0.wp.com\/noticiasribeiraopreto.com.br\/wp-content\/uploads\/2024\/03\/Mutirao-Marcelo-Camargo-Ag.Br_-scaled.jpg?fit=1000%2C598&ssl=1&resize=350%2C200 1x, https:\/\/i0.wp.com\/noticiasribeiraopreto.com.br\/wp-content\/uploads\/2024\/03\/Mutirao-Marcelo-Camargo-Ag.Br_-scaled.jpg?fit=1000%2C598&ssl=1&resize=525%2C300 1.5x, https:\/\/i0.wp.com\/noticiasribeiraopreto.com.br\/wp-content\/uploads\/2024\/03\/Mutirao-Marcelo-Camargo-Ag.Br_-scaled.jpg?fit=1000%2C598&ssl=1&resize=700%2C400 2x"},"classes":[]},{"id":12283,"url":"https:\/\/noticiasribeiraopreto.com.br\/index.php\/2023\/12\/07\/vagas-em-portugal-em-empresa-francesa-centenas-oportunidades\/","url_meta":{"origin":46016,"position":1},"title":"Vagas em Portugal em empresa francesa: centenas oportunidades","author":"noticiasribeiraopreto.com.br","date":"7 de December de 2023","format":false,"excerpt":"Vagas em Portugal em empresa francesa \u2013 Foto: Canva. S\u00e3o quase 300 vagas em Portugal em empresa francesa que est\u00e1 recrutando profissionais de v\u00e1rias \u00e1reas. Veja como se candidatar! As vagas em Portugal em empresa francesa s\u00e3o no BNP Paribas. Por isso, um dos maiores bancos da Europa e que\u2026","rel":"","context":"In &quot;Vagas de Emprego em Ribeir\u00e3o Preto-SP&quot;","block_context":{"text":"Vagas de Emprego em Ribeir\u00e3o Preto-SP","link":"https:\/\/noticiasribeiraopreto.com.br\/index.php\/category\/empregos-classificados-vagas-trabalho\/vagas-de-empregos-em-ribeirao-preto-regiao-brasil\/"},"img":{"alt_text":"","src":"https:\/\/i0.wp.com\/noticiasribeiraopreto.com.br\/wp-content\/uploads\/2023\/12\/vagas-em-portugal-em-empresa-francesa.jpeg?fit=660%2C360&ssl=1&resize=350%2C200","width":350,"height":200,"srcset":"https:\/\/i0.wp.com\/noticiasribeiraopreto.com.br\/wp-content\/uploads\/2023\/12\/vagas-em-portugal-em-empresa-francesa.jpeg?fit=660%2C360&ssl=1&resize=350%2C200 1x, https:\/\/i0.wp.com\/noticiasribeiraopreto.com.br\/wp-content\/uploads\/2023\/12\/vagas-em-portugal-em-empresa-francesa.jpeg?fit=660%2C360&ssl=1&resize=525%2C300 1.5x"},"classes":[]},{"id":18313,"url":"https:\/\/noticiasribeiraopreto.com.br\/index.php\/2023\/12\/20\/mondelez-honda-minerva-foods-e-outras-empresas-oferecem-mais-de-6-mil-vagas-de-emprego-2\/","url_meta":{"origin":46016,"position":2},"title":"Mondelez, Honda, Minerva Foods e outras empresas oferecem mais de 6 mil vagas de emprego","author":"noticiasribeiraopreto.com.br","date":"20 de December de 2023","format":false,"excerpt":"Na \u00faltima ter\u00e7a-feira (19), diversas empresas renomadas divulgaram a abertura de processos seletivos, com vagas em todo o Brasil. O JC Concursos fez um compilado das principais sele\u00e7\u00f5es publicadas, com destaque para Mondelez, PPG, Honda, Akad Seguros, Minerva Foods, Portal de Empregos e Youse.\u00a0 Confira as oportunidades abaixo e n\u00e3o\u2026","rel":"","context":"In &quot;Vagas de Emprego em Ribeir\u00e3o Preto-SP&quot;","block_context":{"text":"Vagas de Emprego em Ribeir\u00e3o Preto-SP","link":"https:\/\/noticiasribeiraopreto.com.br\/index.php\/category\/empregos-classificados-vagas-trabalho\/vagas-de-empregos-em-ribeirao-preto-regiao-brasil\/"},"img":{"alt_text":"","src":"https:\/\/i0.wp.com\/noticiasribeiraopreto.com.br\/wp-content\/uploads\/2023\/12\/movile_vagas_de_emprego_divulgacao.jpg?fit=1200%2C675&ssl=1&resize=350%2C200","width":350,"height":200,"srcset":"https:\/\/i0.wp.com\/noticiasribeiraopreto.com.br\/wp-content\/uploads\/2023\/12\/movile_vagas_de_emprego_divulgacao.jpg?fit=1200%2C675&ssl=1&resize=350%2C200 1x, https:\/\/i0.wp.com\/noticiasribeiraopreto.com.br\/wp-content\/uploads\/2023\/12\/movile_vagas_de_emprego_divulgacao.jpg?fit=1200%2C675&ssl=1&resize=525%2C300 1.5x, https:\/\/i0.wp.com\/noticiasribeiraopreto.com.br\/wp-content\/uploads\/2023\/12\/movile_vagas_de_emprego_divulgacao.jpg?fit=1200%2C675&ssl=1&resize=700%2C400 2x, https:\/\/i0.wp.com\/noticiasribeiraopreto.com.br\/wp-content\/uploads\/2023\/12\/movile_vagas_de_emprego_divulgacao.jpg?fit=1200%2C675&ssl=1&resize=1050%2C600 3x"},"classes":[]},{"id":11894,"url":"https:\/\/noticiasribeiraopreto.com.br\/index.php\/2023\/12\/07\/5-empresas-de-tecnologia-com-processo-seletivo-aberto-2\/","url_meta":{"origin":46016,"position":3},"title":"5 empresas de tecnologia com processo seletivo aberto","author":"noticiasribeiraopreto.com.br","date":"7 de December de 2023","format":false,"excerpt":"Se voc\u00ea est\u00e1 em busca de uma oportunidade de trabalho no setor de tecnologia, confira as vagas dispon\u00edveis em cinco empresas que est\u00e3o contratando. O ano de 2023 est\u00e1 chegando ao fim, mas ainda h\u00e1 tempo para come\u00e7ar 2024 com um novo emprego. Se voc\u00ea tem interesse em trabalhar no\u2026","rel":"","context":"In &quot;Vagas de Emprego em Ribeir\u00e3o Preto-SP&quot;","block_context":{"text":"Vagas de Emprego em Ribeir\u00e3o Preto-SP","link":"https:\/\/noticiasribeiraopreto.com.br\/index.php\/category\/empregos-classificados-vagas-trabalho\/vagas-de-empregos-em-ribeirao-preto-regiao-brasil\/"},"img":{"alt_text":"","src":"https:\/\/i0.wp.com\/noticiasribeiraopreto.com.br\/wp-content\/uploads\/2023\/12\/1701920904_tec-tecnologia-ti-pixabay.jpg?fit=1200%2C675&ssl=1&resize=350%2C200","width":350,"height":200,"srcset":"https:\/\/i0.wp.com\/noticiasribeiraopreto.com.br\/wp-content\/uploads\/2023\/12\/1701920904_tec-tecnologia-ti-pixabay.jpg?fit=1200%2C675&ssl=1&resize=350%2C200 1x, https:\/\/i0.wp.com\/noticiasribeiraopreto.com.br\/wp-content\/uploads\/2023\/12\/1701920904_tec-tecnologia-ti-pixabay.jpg?fit=1200%2C675&ssl=1&resize=525%2C300 1.5x, https:\/\/i0.wp.com\/noticiasribeiraopreto.com.br\/wp-content\/uploads\/2023\/12\/1701920904_tec-tecnologia-ti-pixabay.jpg?fit=1200%2C675&ssl=1&resize=700%2C400 2x, https:\/\/i0.wp.com\/noticiasribeiraopreto.com.br\/wp-content\/uploads\/2023\/12\/1701920904_tec-tecnologia-ti-pixabay.jpg?fit=1200%2C675&ssl=1&resize=1050%2C600 3x"},"classes":[]},{"id":18128,"url":"https:\/\/noticiasribeiraopreto.com.br\/index.php\/2023\/12\/19\/portal-de-empregos-oferta-mais-de-46-mil-vagas-para-comecar-2024-empregado\/","url_meta":{"origin":46016,"position":4},"title":"Portal de empregos oferta mais de 4,6 mil vagas para come\u00e7ar 2024 empregado","author":"noticiasribeiraopreto.com.br","date":"19 de December de 2023","format":false,"excerpt":"Para ajudar na resolu\u00e7\u00e3o de fim de ano de conseguir um emprego no ano que vai se iniciar em breve, o Portal de Vagas da S\u00f3lides, portal de empregos para pequenas e m\u00e9dias empresas (PMEs), est\u00e1 com 4.604 vagas abertas em S\u00e3o Paulo e cidades da regi\u00e3o metropolitana. As oportunidades\u2026","rel":"","context":"In &quot;Vagas de Emprego em Ribeir\u00e3o Preto-SP&quot;","block_context":{"text":"Vagas de Emprego em Ribeir\u00e3o Preto-SP","link":"https:\/\/noticiasribeiraopreto.com.br\/index.php\/category\/empregos-classificados-vagas-trabalho\/vagas-de-empregos-em-ribeirao-preto-regiao-brasil\/"},"img":{"alt_text":"","src":"https:\/\/i0.wp.com\/noticiasribeiraopreto.com.br\/wp-content\/uploads\/2023\/12\/1703027013_clt_primeiro_emprego_-_freepik.jpg?fit=1200%2C675&ssl=1&resize=350%2C200","width":350,"height":200,"srcset":"https:\/\/i0.wp.com\/noticiasribeiraopreto.com.br\/wp-content\/uploads\/2023\/12\/1703027013_clt_primeiro_emprego_-_freepik.jpg?fit=1200%2C675&ssl=1&resize=350%2C200 1x, https:\/\/i0.wp.com\/noticiasribeiraopreto.com.br\/wp-content\/uploads\/2023\/12\/1703027013_clt_primeiro_emprego_-_freepik.jpg?fit=1200%2C675&ssl=1&resize=525%2C300 1.5x, https:\/\/i0.wp.com\/noticiasribeiraopreto.com.br\/wp-content\/uploads\/2023\/12\/1703027013_clt_primeiro_emprego_-_freepik.jpg?fit=1200%2C675&ssl=1&resize=700%2C400 2x, https:\/\/i0.wp.com\/noticiasribeiraopreto.com.br\/wp-content\/uploads\/2023\/12\/1703027013_clt_primeiro_emprego_-_freepik.jpg?fit=1200%2C675&ssl=1&resize=1050%2C600 3x"},"classes":[]},{"id":11435,"url":"https:\/\/noticiasribeiraopreto.com.br\/index.php\/2023\/12\/06\/processos-seletivos-na-fiocruz-samarco-e-empresas-privadas-oferecem-61-mil-vagas-2\/","url_meta":{"origin":46016,"position":5},"title":"Processos seletivos na Fiocruz, Samarco e empresas privadas oferecem 6,1 mil vagas","author":"noticiasribeiraopreto.com.br","date":"6 de December de 2023","format":false,"excerpt":"Cerca de 6.100 vagas est\u00e3o abertas para profissionais e estudantes de v\u00e1rias \u00e1reas. \u00c9 grande o n\u00famero de empresas que precisam contratar ou recolocar funcion\u00e1rios e\/ou estagi\u00e1rios em todas as regi\u00f5es do Brasil. Com intuito de auxiliar sua busca por uma oportunidade no mercado de trabalho, o JC Concursos preparou\u2026","rel":"","context":"In &quot;Vagas de Emprego em Ribeir\u00e3o Preto-SP&quot;","block_context":{"text":"Vagas de Emprego em Ribeir\u00e3o Preto-SP","link":"https:\/\/noticiasribeiraopreto.com.br\/index.php\/category\/empregos-classificados-vagas-trabalho\/vagas-de-empregos-em-ribeirao-preto-regiao-brasil\/"},"img":{"alt_text":"","src":"https:\/\/i0.wp.com\/noticiasribeiraopreto.com.br\/wp-content\/uploads\/2023\/12\/1701860272_carteira-de-trabalho-agencia-brasil.jpg?fit=1200%2C675&ssl=1&resize=350%2C200","width":350,"height":200,"srcset":"https:\/\/i0.wp.com\/noticiasribeiraopreto.com.br\/wp-content\/uploads\/2023\/12\/1701860272_carteira-de-trabalho-agencia-brasil.jpg?fit=1200%2C675&ssl=1&resize=350%2C200 1x, https:\/\/i0.wp.com\/noticiasribeiraopreto.com.br\/wp-content\/uploads\/2023\/12\/1701860272_carteira-de-trabalho-agencia-brasil.jpg?fit=1200%2C675&ssl=1&resize=525%2C300 1.5x, https:\/\/i0.wp.com\/noticiasribeiraopreto.com.br\/wp-content\/uploads\/2023\/12\/1701860272_carteira-de-trabalho-agencia-brasil.jpg?fit=1200%2C675&ssl=1&resize=700%2C400 2x, https:\/\/i0.wp.com\/noticiasribeiraopreto.com.br\/wp-content\/uploads\/2023\/12\/1701860272_carteira-de-trabalho-agencia-brasil.jpg?fit=1200%2C675&ssl=1&resize=1050%2C600 3x"},"classes":[]}],"jetpack_sharing_enabled":true,"jetpack_shortlink":"https:\/\/wp.me\/peQAOb-bYc","_links":{"self":[{"href":"https:\/\/noticiasribeiraopreto.com.br\/index.php\/wp-json\/wp\/v2\/posts\/46016","targetHints":{"allow":["GET"]}}],"collection":[{"href":"https:\/\/noticiasribeiraopreto.com.br\/index.php\/wp-json\/wp\/v2\/posts"}],"about":[{"href":"https:\/\/noticiasribeiraopreto.com.br\/index.php\/wp-json\/wp\/v2\/types\/post"}],"author":[{"embeddable":true,"href":"https:\/\/noticiasribeiraopreto.com.br\/index.php\/wp-json\/wp\/v2\/users\/1"}],"replies":[{"embeddable":true,"href":"https:\/\/noticiasribeiraopreto.com.br\/index.php\/wp-json\/wp\/v2\/comments?post=46016"}],"version-history":[{"count":0,"href":"https:\/\/noticiasribeiraopreto.com.br\/index.php\/wp-json\/wp\/v2\/posts\/46016\/revisions"}],"wp:featuredmedia":[{"embeddable":true,"href":"https:\/\/noticiasribeiraopreto.com.br\/index.php\/wp-json\/wp\/v2\/media\/46017"}],"wp:attachment":[{"href":"https:\/\/noticiasribeiraopreto.com.br\/index.php\/wp-json\/wp\/v2\/media?parent=46016"}],"wp:term":[{"taxonomy":"category","embeddable":true,"href":"https:\/\/noticiasribeiraopreto.com.br\/index.php\/wp-json\/wp\/v2\/categories?post=46016"},{"taxonomy":"post_tag","embeddable":true,"href":"https:\/\/noticiasribeiraopreto.com.br\/index.php\/wp-json\/wp\/v2\/tags?post=46016"}],"curies":[{"name":"wp","href":"https:\/\/api.w.org\/{rel}","templated":true}]}}