{"id":46022,"date":"2024-04-09T11:15:40","date_gmt":"2024-04-09T14:15:40","guid":{"rendered":"https:\/\/noticiasribeiraopreto.com.br\/index.php\/2024\/04\/09\/atencao-beneficiarios-reducao-de-50-no-bolsa-familia-para-nis-selecionados-em-abril-confira-se-voce-esta-na-lista\/"},"modified":"2024-04-09T11:15:40","modified_gmt":"2024-04-09T14:15:40","slug":"atencao-beneficiarios-reducao-de-50-no-bolsa-familia-para-nis-selecionados-em-abril-confira-se-voce-esta-na-lista","status":"publish","type":"post","link":"https:\/\/noticiasribeiraopreto.com.br\/index.php\/2024\/04\/09\/atencao-beneficiarios-reducao-de-50-no-bolsa-familia-para-nis-selecionados-em-abril-confira-se-voce-esta-na-lista\/","title":{"rendered":"Aten\u00e7\u00e3o Benefici\u00e1rios: Redu\u00e7\u00e3o de 50% no Bolsa Fam\u00edlia para NIS Selecionados em Abril; Confira se voc\u00ea est\u00e1 na lista"},"content":{"rendered":"<div class='code-block code-block-1' style='margin: 8px 0 8px auto; text-align: right; display: block; clear: both;'>\n<p><a href=\"https:\/\/wa.link\/vpicfd\"><img data-recalc-dims=\"1\" class=\"wp-image-4922\" style=\"aspect-ratio: 2.0253164556962027; width: 561px; height: auto;\" src=\"https:\/\/i0.wp.com\/ismaelcolosi.com.br\/wp-content\/uploads\/2023\/11\/grupo-de-empregos-whatsapp-e-facebook-ismael-colosi-vagas.jpg?ssl=1\" alt=\"\" \/><\/a><\/p>\n<!-- \/wp:image -->\n<\/div>\n<p> <br \/>\n<\/p>\n<div>\n<p style=\"text-align: justify;\"><span style=\"font-family: arial, helvetica, sans-serif; font-size: 14pt;\">O Bolsa Fam\u00edlia, importante programa que apoia diretamente fam\u00edlias em situa\u00e7\u00e3o de vulnerabilidade socioecon\u00f4mica no Brasil, pode sofrer ajustes significativos que afetam diretamente a renda de seus benefici\u00e1rios. Rumores de que as remessas poderiam ser reduzidas em 50% levantaram preocupa\u00e7\u00f5es e d\u00favidas sobre o futuro financeiro dessas fam\u00edlias.<\/span><\/p>\n<p style=\"text-align: justify;\"><span style=\"font-family: arial, helvetica, sans-serif; font-size: 14pt;\">A seguir, analisaremos os motivos que envolvem essas mudan\u00e7as no programa, e veremos em especial as regras de prote\u00e7\u00e3o e como isso afeta aqueles que dependem dessa renda.<\/span><\/p>\n<h2><strong><span style=\"font-family: arial, helvetica, sans-serif;\">Por que o Bolsa Fam\u00edlia \u00e9 importante para as fam\u00edlias brasileiras?<\/span><\/strong><\/h2>\n<p style=\"text-align: justify;\"><span style=\"font-family: arial, helvetica, sans-serif; font-size: 14pt;\">O Bolsa Fam\u00edlia representa mais do que ajuda financeira. \u00c9 um mecanismo de inclus\u00e3o social que permite o acesso a direitos b\u00e1sicos como alimenta\u00e7\u00e3o, sa\u00fade e educa\u00e7\u00e3o. Para muitas fam\u00edlias, o programa garante um m\u00ednimo de dignidade e uma chance de um futuro melhor.<\/span><\/p>\n<p style=\"text-align: justify;\"><span style=\"font-family: arial, helvetica, sans-serif; font-size: 14pt;\">Assim, as regras protetivas do Bolsa Fam\u00edlia servem de almofada para as fam\u00edlias que ultrapassaram o limite para receber o benef\u00edcio integral em raz\u00e3o de um aumento tempor\u00e1rio da renda.<\/span><\/p>\n<p style=\"text-align: justify;\"><span style=\"font-family: arial, helvetica, sans-serif; font-size: 14pt;\">Este mecanismo permite que voc\u00ea n\u00e3o perca seu aux\u00edlio abruptamente, mas reduza-o em etapas, e durante o per\u00edodo de transi\u00e7\u00e3o voc\u00ea receber\u00e1 50% do valor.<\/span><\/p>\n<h2><strong><span style=\"font-family: arial, helvetica, sans-serif;\">Como essa regra afeta as fam\u00edlias?<\/span><\/strong><\/h2>\n<p style=\"text-align: justify;\"><span style=\"font-family: arial, helvetica, sans-serif; font-size: 14pt;\">A aplica\u00e7\u00e3o das regras de prote\u00e7\u00e3o no programa Bolsa Fam\u00edlia gerou uma pol\u00eamica. Por um lado, \u00e9 visto como um incentivo para melhorar de vida, incentivando as fam\u00edlias a buscarem melhores condi\u00e7\u00f5es de trabalho e renda.<\/span><\/p>\n<p style=\"text-align: justify;\"><span style=\"font-family: arial, helvetica, sans-serif; font-size: 14pt;\">Por outro lado, h\u00e1 preocupa\u00e7\u00f5es de que a redu\u00e7\u00e3o dos benef\u00edcios n\u00e3o atenda adequadamente \u00e0 situa\u00e7\u00e3o real de melhoria de renda dessas fam\u00edlias e que elas possam se empobrecer economicamente.<\/span><\/p>\n<h2><strong><span style=\"font-family: arial, helvetica, sans-serif;\">Como as fam\u00edlias podem se preparar para poss\u00edveis mudan\u00e7as?<\/span><\/strong><\/h2>\n<p style=\"text-align: justify;\"><span style=\"font-family: arial, helvetica, sans-serif; font-size: 14pt;\">Para se preparar para poss\u00edveis mudan\u00e7as, as fam\u00edlias precisam tomar algumas medidas proativas. Primeiramente, \u00e9 importante buscar informa\u00e7\u00f5es diretamente nas fontes oficiais do programa. Isso inclui o acompanhamento de an\u00fancios, atualiza\u00e7\u00f5es de pol\u00edticas e orienta\u00e7\u00f5es fornecidas por ag\u00eancias respons\u00e1veis.<\/span><\/p>\n<p style=\"text-align: justify;\"><span style=\"font-family: arial, helvetica, sans-serif; font-size: 14pt;\">Al\u00e9m disso, \u00e9 importante que os familiares verifiquem regularmente a elegibilidade e as condi\u00e7\u00f5es de manuten\u00e7\u00e3o do Bolsa Fam\u00edlia.<\/span><\/p>\n<p style=\"text-align: justify;\"><span style=\"font-family: arial, helvetica, sans-serif; font-size: 14pt;\">Por fim, \u00e9 aconselh\u00e1vel utilizar os recursos do programa de forma planejada, levando em considera\u00e7\u00e3o a possibilidade de ajustes futuros. Isso pode incluir a cria\u00e7\u00e3o de um plano financeiro que leve em conta diferentes cen\u00e1rios e a ado\u00e7\u00e3o de pr\u00e1ticas de gest\u00e3o respons\u00e1vel dos recursos dispon\u00edveis.<\/span><\/p>\n<\/div>\n<p><br \/>\n<br \/><a href=\"https:\/\/www.financasbrasil.org\/2024\/04\/atencao-beneficiarios-reducao.html\">Source link <\/a><\/p>\n<!-- CONTENT END 1 -->\n","protected":false},"excerpt":{"rendered":"<p>O Bolsa Fam\u00edlia, importante programa que apoia diretamente fam\u00edlias em situa\u00e7\u00e3o de vulnerabilidade socioecon\u00f4mica no Brasil, pode sofrer ajustes significativos que afetam diretamente a renda&#8230;<\/p>\n","protected":false},"author":1,"featured_media":46023,"comment_status":"open","ping_status":"open","sticky":false,"template":"","format":"standard","meta":{"advanced_seo_description":"","jetpack_seo_html_title":"","jetpack_seo_noindex":false,"jetpack_post_was_ever_published":false,"_jetpack_newsletter_access":"","_jetpack_dont_email_post_to_subs":false,"_jetpack_newsletter_tier_id":0,"_jetpack_memberships_contains_paywalled_content":false,"_jetpack_memberships_contains_paid_content":false,"footnotes":"","jetpack_publicize_message":"","jetpack_publicize_feature_enabled":true,"jetpack_social_post_already_shared":true,"jetpack_social_options":{"image_generator_settings":{"template":"highway","default_image_id":0,"font":"","enabled":false},"version":2}},"categories":[1235],"tags":[],"class_list":["post-46022","post","type-post","status-publish","format-standard","has-post-thumbnail","hentry","category-dinheiro-e-investimento-como-fazer-como-ganhar"],"jetpack_publicize_connections":[],"jetpack_featured_media_url":"https:\/\/i0.wp.com\/noticiasribeiraopreto.com.br\/wp-content\/uploads\/2024\/04\/Reducao-bolsa-familia-1024x585.webp.webp?fit=1024%2C585&ssl=1","jetpack-related-posts":[{"id":36044,"url":"https:\/\/noticiasribeiraopreto.com.br\/index.php\/2024\/02\/08\/confira-as-mudancas-do-programa-bolsa-familia-para-beneficiarios-que-moram-sozinhos-a-partir-de-agora\/","url_meta":{"origin":46022,"position":0},"title":"Confira as mudan\u00e7as do Programa Bolsa Fam\u00edlia para benefici\u00e1rios que moram sozinhos a partir de agora","author":"noticiasribeiraopreto.com.br","date":"8 de February de 2024","format":false,"excerpt":"O Bolsa Fam\u00edlia, conhecido programa do governo brasileiro dedicado \u00e0 distribui\u00e7\u00e3o de recursos para fam\u00edlias em situa\u00e7\u00e3o de vulnerabilidade, est\u00e1 passando por uma grande mudan\u00e7a que afeta diretamente os benefici\u00e1rios que moram sozinhos. Nesse sentido, \u00e9 importante estar atento a essas atualiza\u00e7\u00f5es e cumprir com as obriga\u00e7\u00f5es necess\u00e1rias para continuar\u2026","rel":"","context":"In &quot;Dinheiro e Investimento&quot;","block_context":{"text":"Dinheiro e Investimento","link":"https:\/\/noticiasribeiraopreto.com.br\/index.php\/category\/dinheiro-e-investimento-como-fazer-como-ganhar\/"},"img":{"alt_text":"","src":"https:\/\/i0.wp.com\/noticiasribeiraopreto.com.br\/wp-content\/uploads\/2024\/02\/Design-sem-nome-11.webp.jpeg?fit=1200%2C630&ssl=1&resize=350%2C200","width":350,"height":200,"srcset":"https:\/\/i0.wp.com\/noticiasribeiraopreto.com.br\/wp-content\/uploads\/2024\/02\/Design-sem-nome-11.webp.jpeg?fit=1200%2C630&ssl=1&resize=350%2C200 1x, https:\/\/i0.wp.com\/noticiasribeiraopreto.com.br\/wp-content\/uploads\/2024\/02\/Design-sem-nome-11.webp.jpeg?fit=1200%2C630&ssl=1&resize=525%2C300 1.5x, https:\/\/i0.wp.com\/noticiasribeiraopreto.com.br\/wp-content\/uploads\/2024\/02\/Design-sem-nome-11.webp.jpeg?fit=1200%2C630&ssl=1&resize=700%2C400 2x, https:\/\/i0.wp.com\/noticiasribeiraopreto.com.br\/wp-content\/uploads\/2024\/02\/Design-sem-nome-11.webp.jpeg?fit=1200%2C630&ssl=1&resize=1050%2C600 3x"},"classes":[]},{"id":54947,"url":"https:\/\/noticiasribeiraopreto.com.br\/index.php\/2024\/07\/26\/atencao-beneficiarios-confira-quem-sera-bloqueado-do-bolsa-familia-em-agosto-verifique-seu-status\/","url_meta":{"origin":46022,"position":1},"title":"Aten\u00e7\u00e3o Benefici\u00e1rios! Confira Quem Ser\u00e1 Bloqueado do Bolsa Fam\u00edlia em Agosto; Verifique Seu Status","author":"noticiasribeiraopreto.com.br","date":"26 de July de 2024","format":false,"excerpt":"Em Agosto, listas de fam\u00edlias beneficiadas pelo Bolsa Fam\u00edlia bloqueado come\u00e7aram a circular, revelando o impacto de um rigoroso processo de verifica\u00e7\u00e3o. Esse pente microsc\u00f3pico tem suscitado debate e preocupa\u00e7\u00e3o sobre o impacto social dessas medidas no Brasil. Em resumo, o Bolsa Fam\u00edlia \u00e9 um dos principais programas sociais do\u2026","rel":"","context":"In &quot;Dinheiro e Investimento&quot;","block_context":{"text":"Dinheiro e Investimento","link":"https:\/\/noticiasribeiraopreto.com.br\/index.php\/category\/dinheiro-e-investimento-como-fazer-como-ganhar\/"},"img":{"alt_text":"","src":"https:\/\/i0.wp.com\/noticiasribeiraopreto.com.br\/wp-content\/uploads\/2024\/07\/Design-sem-nome-1-2.webp.webp?fit=1200%2C630&ssl=1&resize=350%2C200","width":350,"height":200,"srcset":"https:\/\/i0.wp.com\/noticiasribeiraopreto.com.br\/wp-content\/uploads\/2024\/07\/Design-sem-nome-1-2.webp.webp?fit=1200%2C630&ssl=1&resize=350%2C200 1x, https:\/\/i0.wp.com\/noticiasribeiraopreto.com.br\/wp-content\/uploads\/2024\/07\/Design-sem-nome-1-2.webp.webp?fit=1200%2C630&ssl=1&resize=525%2C300 1.5x, https:\/\/i0.wp.com\/noticiasribeiraopreto.com.br\/wp-content\/uploads\/2024\/07\/Design-sem-nome-1-2.webp.webp?fit=1200%2C630&ssl=1&resize=700%2C400 2x, https:\/\/i0.wp.com\/noticiasribeiraopreto.com.br\/wp-content\/uploads\/2024\/07\/Design-sem-nome-1-2.webp.webp?fit=1200%2C630&ssl=1&resize=1050%2C600 3x"},"classes":[]},{"id":37502,"url":"https:\/\/noticiasribeiraopreto.com.br\/index.php\/2024\/02\/16\/beneficiarios-do-programa-bolsa-familia-podem-perder-beneficio-se-estiverem-com-o-nome-sujo-saiba-detalhes\/","url_meta":{"origin":46022,"position":2},"title":"Benefici\u00e1rios do Programa Bolsa fam\u00edlia podem PERDER benef\u00edcio se estiverem com o nome SUJO? Saiba detalhes","author":"noticiasribeiraopreto.com.br","date":"16 de February de 2024","format":false,"excerpt":"Recentemente, rumores tomaram conta da conversa: quem tem o nome sujo pode perder o Bolsa Fam\u00edlia. As tens\u00f5es est\u00e3o a aumentar entre os benefici\u00e1rios que dependem deste apoio financeiro. Mas, afinal, qual \u00e9 a verdade por tr\u00e1s dessa hist\u00f3ria? Pode perder o Bolsa Fam\u00edlia por ter o nome sujo? Segundo\u2026","rel":"","context":"In &quot;Dinheiro e Investimento&quot;","block_context":{"text":"Dinheiro e Investimento","link":"https:\/\/noticiasribeiraopreto.com.br\/index.php\/category\/dinheiro-e-investimento-como-fazer-como-ganhar\/"},"img":{"alt_text":"","src":"https:\/\/i0.wp.com\/noticiasribeiraopreto.com.br\/wp-content\/uploads\/2024\/02\/Bolsa.webp.png?fit=1200%2C630&ssl=1&resize=350%2C200","width":350,"height":200,"srcset":"https:\/\/i0.wp.com\/noticiasribeiraopreto.com.br\/wp-content\/uploads\/2024\/02\/Bolsa.webp.png?fit=1200%2C630&ssl=1&resize=350%2C200 1x, https:\/\/i0.wp.com\/noticiasribeiraopreto.com.br\/wp-content\/uploads\/2024\/02\/Bolsa.webp.png?fit=1200%2C630&ssl=1&resize=525%2C300 1.5x, https:\/\/i0.wp.com\/noticiasribeiraopreto.com.br\/wp-content\/uploads\/2024\/02\/Bolsa.webp.png?fit=1200%2C630&ssl=1&resize=700%2C400 2x, https:\/\/i0.wp.com\/noticiasribeiraopreto.com.br\/wp-content\/uploads\/2024\/02\/Bolsa.webp.png?fit=1200%2C630&ssl=1&resize=1050%2C600 3x"},"classes":[]},{"id":6856,"url":"https:\/\/noticiasribeiraopreto.com.br\/index.php\/2023\/11\/27\/governo-federal-anuncia-novo-corte-no-bolsa-familia\/","url_meta":{"origin":46022,"position":3},"title":"Governo Federal anuncia novo corte no Bolsa Fam\u00edlia","author":"noticiasribeiraopreto.com.br","date":"27 de November de 2023","format":false,"excerpt":"Cr\u00e9ditos: Ag\u00eancia BrasilNot\u00edcia DEVASTADORA assusta benefici\u00e1rios do Bolsa Fam\u00edlia O m\u00eas de novembro trouxe uma not\u00edcia desanimadora para os benefici\u00e1rios do Bolsa Fam\u00edlia, pois o Governo Federal anunciou um novo corte no programa. Dessa vez, a medida est\u00e1 relacionada ao valor do benef\u00edcio, resultando em uma redu\u00e7\u00e3o de R$ 100\u2026","rel":"","context":"In &quot;Variedades&quot;","block_context":{"text":"Variedades","link":"https:\/\/noticiasribeiraopreto.com.br\/index.php\/category\/variedades\/"},"img":{"alt_text":"","src":"https:\/\/i0.wp.com\/noticiasribeiraopreto.com.br\/wp-content\/uploads\/2023\/11\/1701074614_bolsa-familia-na-conta-saiba-se-voce-vai-receber-hoje.jpg?fit=1200%2C638&ssl=1&resize=350%2C200","width":350,"height":200,"srcset":"https:\/\/i0.wp.com\/noticiasribeiraopreto.com.br\/wp-content\/uploads\/2023\/11\/1701074614_bolsa-familia-na-conta-saiba-se-voce-vai-receber-hoje.jpg?fit=1200%2C638&ssl=1&resize=350%2C200 1x, https:\/\/i0.wp.com\/noticiasribeiraopreto.com.br\/wp-content\/uploads\/2023\/11\/1701074614_bolsa-familia-na-conta-saiba-se-voce-vai-receber-hoje.jpg?fit=1200%2C638&ssl=1&resize=525%2C300 1.5x, https:\/\/i0.wp.com\/noticiasribeiraopreto.com.br\/wp-content\/uploads\/2023\/11\/1701074614_bolsa-familia-na-conta-saiba-se-voce-vai-receber-hoje.jpg?fit=1200%2C638&ssl=1&resize=700%2C400 2x, https:\/\/i0.wp.com\/noticiasribeiraopreto.com.br\/wp-content\/uploads\/2023\/11\/1701074614_bolsa-familia-na-conta-saiba-se-voce-vai-receber-hoje.jpg?fit=1200%2C638&ssl=1&resize=1050%2C600 3x"},"classes":[]},{"id":46338,"url":"https:\/\/noticiasribeiraopreto.com.br\/index.php\/2024\/04\/11\/beneficiarios-do-bolsa-familia-de-nis-final-1-ao-9-recebem-beneficio-extra-do-programa-e-comemoram-veja-os-detalhes\/","url_meta":{"origin":46022,"position":4},"title":"Benefici\u00e1rios do Bolsa fam\u00edlia de NIS final 1 ao 9 recebem benef\u00edcio extra do programa e comemoram; Veja os detalhes","author":"noticiasribeiraopreto.com.br","date":"11 de April de 2024","format":false,"excerpt":"O Bolsa Fam\u00edlia \u00e9 um programa voltado para fam\u00edlias em situa\u00e7\u00e3o de vulnerabilidade social e econ\u00f4mica. Oferece benef\u00edcios mensais para quem se cadastrar. Al\u00e9m dos benef\u00edcios regulares, est\u00e3o previstos benef\u00edcios adicionais para as fam\u00edlias eleg\u00edveis ao programa neste m\u00eas. Estes recursos adicionais destinam-se a prestar assist\u00eancia adicional \u00e0s fam\u00edlias mais\u2026","rel":"","context":"In &quot;Dinheiro e Investimento&quot;","block_context":{"text":"Dinheiro e Investimento","link":"https:\/\/noticiasribeiraopreto.com.br\/index.php\/category\/dinheiro-e-investimento-como-fazer-como-ganhar\/"},"img":{"alt_text":"","src":"https:\/\/i0.wp.com\/noticiasribeiraopreto.com.br\/wp-content\/uploads\/2024\/04\/PisASEP-1.webp.webp?fit=1200%2C630&ssl=1&resize=350%2C200","width":350,"height":200,"srcset":"https:\/\/i0.wp.com\/noticiasribeiraopreto.com.br\/wp-content\/uploads\/2024\/04\/PisASEP-1.webp.webp?fit=1200%2C630&ssl=1&resize=350%2C200 1x, https:\/\/i0.wp.com\/noticiasribeiraopreto.com.br\/wp-content\/uploads\/2024\/04\/PisASEP-1.webp.webp?fit=1200%2C630&ssl=1&resize=525%2C300 1.5x, https:\/\/i0.wp.com\/noticiasribeiraopreto.com.br\/wp-content\/uploads\/2024\/04\/PisASEP-1.webp.webp?fit=1200%2C630&ssl=1&resize=700%2C400 2x, https:\/\/i0.wp.com\/noticiasribeiraopreto.com.br\/wp-content\/uploads\/2024\/04\/PisASEP-1.webp.webp?fit=1200%2C630&ssl=1&resize=1050%2C600 3x"},"classes":[]},{"id":46565,"url":"https:\/\/noticiasribeiraopreto.com.br\/index.php\/2024\/04\/12\/bolsa-familia-anuncia-medida-drastica-pagamentos-bloqueados-para-beneficiarios-com-cpf-irregular-entenda-seu-caso\/","url_meta":{"origin":46022,"position":5},"title":"Bolsa Fam\u00edlia anuncia medida dr\u00e1stica: Pagamentos bloqueados para benefici\u00e1rios com CPF Irregular; Entenda seu caso","author":"noticiasribeiraopreto.com.br","date":"12 de April de 2024","format":false,"excerpt":"Voc\u00ea est\u00e1 recebendo o Bolsa Fam\u00edlia e tem algum problema com o seu CPF? Tenha cuidado, pois os benef\u00edcios podem ser bloqueados. Recentemente, o programa Bolsa Fam\u00edlia anunciou que bloquearia pagamentos a benefici\u00e1rios que tiverem problemas com o CPF. A medida tem o objetivo de evitar fraudes no pagamento dos\u2026","rel":"","context":"In &quot;Dinheiro e Investimento&quot;","block_context":{"text":"Dinheiro e Investimento","link":"https:\/\/noticiasribeiraopreto.com.br\/index.php\/category\/dinheiro-e-investimento-como-fazer-como-ganhar\/"},"img":{"alt_text":"","src":"https:\/\/i0.wp.com\/noticiasribeiraopreto.com.br\/wp-content\/uploads\/2024\/04\/13o-Salario.webp.webp?fit=1200%2C630&ssl=1&resize=350%2C200","width":350,"height":200,"srcset":"https:\/\/i0.wp.com\/noticiasribeiraopreto.com.br\/wp-content\/uploads\/2024\/04\/13o-Salario.webp.webp?fit=1200%2C630&ssl=1&resize=350%2C200 1x, https:\/\/i0.wp.com\/noticiasribeiraopreto.com.br\/wp-content\/uploads\/2024\/04\/13o-Salario.webp.webp?fit=1200%2C630&ssl=1&resize=525%2C300 1.5x, https:\/\/i0.wp.com\/noticiasribeiraopreto.com.br\/wp-content\/uploads\/2024\/04\/13o-Salario.webp.webp?fit=1200%2C630&ssl=1&resize=700%2C400 2x, https:\/\/i0.wp.com\/noticiasribeiraopreto.com.br\/wp-content\/uploads\/2024\/04\/13o-Salario.webp.webp?fit=1200%2C630&ssl=1&resize=1050%2C600 3x"},"classes":[]}],"jetpack_sharing_enabled":true,"jetpack_shortlink":"https:\/\/wp.me\/peQAOb-bYi","_links":{"self":[{"href":"https:\/\/noticiasribeiraopreto.com.br\/index.php\/wp-json\/wp\/v2\/posts\/46022","targetHints":{"allow":["GET"]}}],"collection":[{"href":"https:\/\/noticiasribeiraopreto.com.br\/index.php\/wp-json\/wp\/v2\/posts"}],"about":[{"href":"https:\/\/noticiasribeiraopreto.com.br\/index.php\/wp-json\/wp\/v2\/types\/post"}],"author":[{"embeddable":true,"href":"https:\/\/noticiasribeiraopreto.com.br\/index.php\/wp-json\/wp\/v2\/users\/1"}],"replies":[{"embeddable":true,"href":"https:\/\/noticiasribeiraopreto.com.br\/index.php\/wp-json\/wp\/v2\/comments?post=46022"}],"version-history":[{"count":0,"href":"https:\/\/noticiasribeiraopreto.com.br\/index.php\/wp-json\/wp\/v2\/posts\/46022\/revisions"}],"wp:featuredmedia":[{"embeddable":true,"href":"https:\/\/noticiasribeiraopreto.com.br\/index.php\/wp-json\/wp\/v2\/media\/46023"}],"wp:attachment":[{"href":"https:\/\/noticiasribeiraopreto.com.br\/index.php\/wp-json\/wp\/v2\/media?parent=46022"}],"wp:term":[{"taxonomy":"category","embeddable":true,"href":"https:\/\/noticiasribeiraopreto.com.br\/index.php\/wp-json\/wp\/v2\/categories?post=46022"},{"taxonomy":"post_tag","embeddable":true,"href":"https:\/\/noticiasribeiraopreto.com.br\/index.php\/wp-json\/wp\/v2\/tags?post=46022"}],"curies":[{"name":"wp","href":"https:\/\/api.w.org\/{rel}","templated":true}]}}