{"id":46042,"date":"2024-04-09T12:32:02","date_gmt":"2024-04-09T15:32:02","guid":{"rendered":"https:\/\/noticiasribeiraopreto.com.br\/index.php\/2024\/04\/09\/veja-12-shows-de-comedia-confirmados-no-theatro-pedro-ii-em-ribeirao-preto\/"},"modified":"2024-04-09T12:32:02","modified_gmt":"2024-04-09T15:32:02","slug":"veja-12-shows-de-comedia-confirmados-no-theatro-pedro-ii-em-ribeirao-preto","status":"publish","type":"post","link":"https:\/\/noticiasribeiraopreto.com.br\/index.php\/2024\/04\/09\/veja-12-shows-de-comedia-confirmados-no-theatro-pedro-ii-em-ribeirao-preto\/","title":{"rendered":"Veja 12 shows de com\u00e9dia confirmados no Theatro Pedro II em Ribeir\u00e3o Preto"},"content":{"rendered":"<div class='code-block code-block-1' style='margin: 8px 0 8px auto; text-align: right; display: block; clear: both;'>\n<p><a href=\"https:\/\/wa.link\/vpicfd\"><img data-recalc-dims=\"1\" class=\"wp-image-4922\" style=\"aspect-ratio: 2.0253164556962027; width: 561px; height: auto;\" src=\"https:\/\/i0.wp.com\/ismaelcolosi.com.br\/wp-content\/uploads\/2023\/11\/grupo-de-empregos-whatsapp-e-facebook-ismael-colosi-vagas.jpg?ssl=1\" alt=\"\" \/><\/a><\/p>\n<!-- \/wp:image -->\n<\/div>\n<p> <br \/>\n<\/p>\n<div>\n<p>O <strong>Theatro Pedro II<\/strong>, em<strong> Ribeir\u00e3o Preto<\/strong>, conta com 12 shows de com\u00e9dia confirmados at\u00e9 o m\u00eas de setembro. Entre os nomes que v\u00e3o passar pelo palco, est\u00e3o <strong>Afonso Padilha<\/strong>,<strong> Thiago Ventura<\/strong>, <strong>Bruna Louise<\/strong>, <strong>Os Melhores do Mundo <\/strong>e <strong>Os Barbixas de Humor<\/strong>.<\/p>\n<h4 class=\"wp-block-heading\"><strong>Confira as atra\u00e7\u00f5es:<\/strong><\/h4>\n<h4 class=\"wp-block-heading\"><strong>Abril <\/strong><em>\u00a0<\/em><\/h4>\n<ul>\n<li><strong>Tiago Santineli \u2013 O Pai da Mentira 2.0<\/strong><\/li>\n<\/ul>\n<p>No dia <strong>27 de abril<\/strong>, \u00e0s <strong>20h<\/strong>, <strong>Tiago Santineli<\/strong> apresenta o espet\u00e1culo \u201c<strong>O Pai da Mentira 2.0<\/strong>\u201d. O humorista vem se destacando nas redes sociais com v\u00eddeos sem filtro.<\/p>\n<p>Os <strong>ingressos<\/strong> ainda est\u00e3o \u00e0 venda pelo site Bilheto (<a href=\"https:\/\/bilheto.com.br\/comprar\/2204\/tiago-santineli-%EF%BF%BD-o-pai-da-mentira-2-0\" target=\"_blank\" rel=\"noreferrer noopener\">clique aqui<\/a>) ou na bilheteria oficial do <strong>Theatro Pedro II<\/strong>. Os valores variam entre <strong>R$ 30<\/strong> e <strong>R$ 120<\/strong>.<\/p>\n<h4 class=\"wp-block-heading\"><strong>Maio<\/strong><\/h4>\n<ul>\n<li><strong>Thiago Ventura \u2013 Novo Show<\/strong><\/li>\n<\/ul>\n<p>O humorista apresenta o show solo no dia <strong>4 de maio<\/strong>, \u00e0s <strong>21h<\/strong>. O <em>stand-up<\/em> conta com classifica\u00e7\u00e3o indicativa de <strong>16 anos<\/strong> e Thiago Ventura comenta sobre os amigos, relacionamentos e sexualidade na adolesc\u00eancia.<\/p>\n<p>Os <strong>ingressos<\/strong> podem ser adquiridos on-line (<a href=\"https:\/\/ingressodigital.com\/evento\/10890\/Thiago_Ventura_%7C_Novo_Show\" target=\"_blank\" rel=\"noreferrer noopener\">clique aqui<\/a>) ou ent\u00e3o, na bilheteria oficial do <strong>Theatro<\/strong>. Os valores variam entre <strong>R$ 50 <\/strong>e <strong>R$140<\/strong>.<\/p>\n<ul>\n<li><strong>Matheus Cear\u00e1 \u2013 Nome Sujo na Pra\u00e7a<\/strong><\/li>\n<\/ul>\n<p>O show \u201c<strong>Nome Sujo na Pra\u00e7a<\/strong>\u201d traz outra vers\u00e3o de <strong>Matheus Cear\u00e1<\/strong>. Como o contador de piadas desbocado, sem as amarras do papel que o tornou famoso na TV, livre para contar suas hist\u00f3rias das maneiras mais hil\u00e1rias.<\/p>\n<p>O show n\u00e3o \u00e9 recomendado para menores de 16 anos e menores de 18 s\u00f3 podem entrar acompanhados dos pais ou respons\u00e1veis.<\/p>\n<p>O stand-up acontece dia <strong>19 de maio<\/strong>, \u00e0s <strong>19h<\/strong>. Os <strong>ingressos<\/strong> est\u00e3o sendo vendidos online (<a href=\"https:\/\/bileto.sympla.com.br\/event\/91975\/d\/244970\" target=\"_blank\" rel=\"noreferrer noopener\">clique aqui<\/a>) e na bilheteria do <strong>Theatro<\/strong>. Os valores variam de <strong>R$ 40<\/strong> e<strong> R$ 100<\/strong>.<\/p>\n<ul>\n<li><strong>Renato Albani \u2013 Novo Show<\/strong><\/li>\n<\/ul>\n<p><strong>Renato Albani<\/strong> relata os anos 1990\/2000 e utiliza suas refer\u00eancias com programas de TV, desenhos animados, amigos, hist\u00f3rias da inf\u00e2ncia e o relacionamento familiar entre pais e filhos.\u00a0<\/p>\n<p>A classifica\u00e7\u00e3o indicativa \u00e9 de <strong>16 anos<\/strong>. Os ingressos podem ser adquiridos no site (<a href=\"https:\/\/ingressodigital.com\/evento\/11423\/Renato_Albani_%7C_Novo_Show.\" target=\"_blank\" rel=\"noreferrer noopener\">clique aqui<\/a>) ou na bilheteria do <strong>Pedro II<\/strong>. Os bilhetes custam entre <strong>R$ 45<\/strong> e <strong>R$120<\/strong>. \u00a0<\/p>\n<h4 class=\"wp-block-heading\"><strong>Junho<\/strong><\/h4>\n<ul>\n<li><strong>Diogo Almeida \u2013 Tarja Preta<\/strong><\/li>\n<\/ul>\n<p>O humorista se apresenta dia <strong>8 de junho<\/strong>, com sess\u00f5es \u00e0s <strong>18h <\/strong>e \u00e0s <strong>20h<\/strong>. O <strong>Tarja Preta<\/strong> \u00e9 uma terapia coletiva para quem trabalha na educa\u00e7\u00e3o \u2013 ou n\u00e3o! \u2013 e precisa de um al\u00edvio para a cabe\u00e7a.<\/p>\n<p>O texto apresenta as perip\u00e9cias dos professores que precisam enfrentar salas de aula lotadas e ainda manter a sanidade. Para isso, recorrem \u00e0 terapias, tratamentos alternativos e outros m\u00e9todos nada convencionais.<\/p>\n<p>Os <strong>ingressos<\/strong> podem ser adquiridos na bilheteria oficial do <strong>Theatro<\/strong> e de forma online (<a href=\"https:\/\/bileto.sympla.com.br\/event\/91669\/d\/243603\" target=\"_blank\" rel=\"noreferrer noopener\">clique aqui<\/a>). Os valores variam entre<strong> R$ 60<\/strong> e <strong>R$ 160<\/strong>. O <em>stand-up<\/em> tem classifica\u00e7\u00e3o indicativa de 14 anos.<\/p>\n<ul>\n<li><strong>Cia Os Barbixas de Humor \u2013 Improv\u00e1vel<\/strong><\/li>\n<\/ul>\n<p>Criado pelo trio de humoristas Anderson Bizzocchi, Daniel Nascimento e Elidio Sanna (os Barbixas), improv\u00e1vel \u00e9 um espet\u00e1culo de improvisa\u00e7\u00e3o teatral onde as cenas s\u00e3o criadas na hora, a partir das ideias da plateia.<\/p>\n<p>Al\u00e9m das colabora\u00e7\u00f5es do p\u00fablico, o \u2018<strong>Improv\u00e1vel<\/strong>\u2019 conta com atores convidados todas as semanas, o que faz dele um espet\u00e1culo completamente novo a cada quinta.<\/p>\n<p>Os ingressos est\u00e3o dispon\u00edveis no site (<a href=\"https:\/\/ingressodigital.com\/evento\/10990\/Improvvel__Cia_Barbixas_de_Humor\" target=\"_blank\" rel=\"noreferrer noopener\">clique aqui<\/a>) e na bilheteria do <strong>Theatro Pedro II<\/strong>. Os valores variam entre <strong>R$ 45 e R$ 110<\/strong>. A apresenta\u00e7\u00e3o acontece dia <strong>19 de junho<\/strong>, \u00e0s <strong>19h<\/strong> e tem classifica\u00e7\u00e3o indicativa de <strong>14 anos<\/strong>.<\/p>\n<ul>\n<li><strong>Os Melhores do Mundo \u2013 Not\u00edcias Populares<\/strong><\/li>\n<\/ul>\n<p>A not\u00edcia \u00e9 o que norteia nossas opini\u00f5es, discuss\u00f5es e metas. A not\u00edcia elegeu e derrubou pol\u00edticos, conquistou espa\u00e7o, ganhou fama e \u00e9 a maior estrela do nosso s\u00e9culo.<\/p>\n<p>Com tamanha import\u00e2ncia, \u00e9 claro que a not\u00edcia mostrou seu lado humorado. Traz para o palco uma s\u00e9rie de enquetes \u2013 alguns dos mais explosivos do repert\u00f3rio da <strong>Cia. de Com\u00e9dia Os Melhores do Mundo<\/strong> \u2013 que transforma em humor qualquer lance do nosso dia-a-dia. Fatos corriqueiros, hist\u00f3rias dram\u00e1ticas, personalidades, entretenimento, pol\u00edtica e tudo mais que couber no palco \u2013 jornal.<\/p>\n<p>O espet\u00e1culo tem classifica\u00e7\u00e3o indicativa de <strong>16 anos<\/strong>. A sess\u00e3o acontece \u00e0s<strong> 21h<\/strong> no dia <strong>22 de junho<\/strong>. Os ingressos podem ser comprados pelo site (<a href=\"https:\/\/ingressodigital.com\/evento\/11303\/0s_Melhores_do_Mundo_%7C_Noticias_Populares\" target=\"_blank\" rel=\"noreferrer noopener\">clique aqui<\/a>) ou na bilheteria oficial. Os valores variam entre R$ <strong>40<\/strong> e <strong>R$ 140<\/strong>. \u00a0<\/p>\n<ul>\n<li><strong>Paulinho Gog\u00f3 \u2013 S\u00f3 e Bem Acompanhado<\/strong><\/li>\n<\/ul>\n<p><strong>Paulinho Gog\u00f3 <\/strong>chega aos palcos do <strong>Pedro II <\/strong>no dia<strong> 23 de junho<\/strong>, \u00e0s <strong>19h<\/strong>. O show tem classifica\u00e7\u00e3o indicativa de <strong>16 anos<\/strong>. Ap\u00f3s perder sua Nega Juju para outro, ele n\u00e3o ir\u00e1 passar muito tempo sozinho.<\/p>\n<p>Os ingressos est\u00e3o sendo vendidos pelo site (<a href=\"https:\/\/ingressodigital.com\/evento\/11718\/Paulinho_Gogo_%7C_So_e_Bem_Acompanhado\" target=\"_blank\" rel=\"noreferrer noopener\">clique aqui<\/a>) e na bilheteria do<strong> Theatro<\/strong>. Os valores variam entre <strong>R$ 40<\/strong> e<strong> R$ 100<\/strong>.<\/p>\n<ul>\n<li><strong>Bruna Louise \u2013 Ela t\u00e1 Correndo Atr\u00e1s<\/strong><\/li>\n<\/ul>\n<p>Em seu novo show, <strong>Bruna Louise<\/strong> traz de forma descontra\u00edda temas de empoderamento e combate aos preconceitos, julgamentos e escolhas que tentam fazer por ela.\u00a0<\/p>\n<p>A sess\u00e3o \u00e9 dia 29 de junho, \u00e0s <strong>20h<\/strong>. O <em>stand-up<\/em> tem classifica\u00e7\u00e3o indicativa de<strong> 16 anos<\/strong>. Os ingressos podem ser adquiridos online (<a href=\"https:\/\/ingressodigital.com\/evento\/11251\/Bruna_Louise_%7C_Ela_Ta_Correndo_Atras\" target=\"_blank\" rel=\"noreferrer noopener\">clique aqui<\/a>) ou na bilheteria oficial e custam entre <strong>R$ 40 e R$ 120.<\/strong><\/p>\n<p><strong>Julho<\/strong><\/p>\n<ul>\n<li><strong>Rodrigo Santana \u2013 Atazanando<\/strong><\/li>\n<\/ul>\n<p>A sess\u00e3o acontece dia 26 de julho \u00e0s 20h. <strong>Rodrigo Santana<\/strong>, em seu novo show de humor usa suas habilidades para interpretar personagens como um tomate cereja, uma m\u00e3e rica, a mulher do site de busca e um peru de Natal.<\/p>\n<p>Usando h\u00e1bitos do mundo moderno para refletir, atrav\u00e9s de uma com\u00e9dia hil\u00e1ria, o cotidiano de uma gera\u00e7\u00e3o, na sa\u00fade e na doen\u00e7a at\u00e9 que a fam\u00edlia nos separe.<\/p>\n<p>O show tem classifica\u00e7\u00e3o indicativa de 16 anos e os ingressos podem ser adquiridos no site (<a href=\"https:\/\/ingressodigital.com\/evento\/11332\/Atazanado\">clique aqui<\/a>) e os valores variam entre <strong>R$ 40<\/strong> e <strong>R$ 120<\/strong>.<\/p>\n<h4 class=\"wp-block-heading\"><strong>Agosto<\/strong><\/h4>\n<ul>\n<li><strong>4 amigos \u2013 10 Anos Fila de Piadas<\/strong><\/li>\n<\/ul>\n<p>No dia <strong>17 de Agosto<\/strong>, com sess\u00f5es \u00e0s <strong>19h<\/strong> e \u00e0s <strong>21h<\/strong>, os humoristas Dihh Lopes, Thiago Ventura, Afonso Padilha e M\u00e1rcio Donato apresentam o Fila de Piadas, especial de 10 anos.<\/p>\n<p>Os comediantes de destaque no <em>stand-up<\/em> brasileiro se\u00a0<mark>revezam no palco ao longo do show.<\/mark><\/p>\n<p>Os ingressos variam entre <strong>R$ 55<\/strong> e <strong>R$ 220<\/strong> e podem ser adquiridos pelo site (<a href=\"https:\/\/www.theatropedro2.com.br\/espetaculo.php?id=1354&amp;4-amigos-fila-de-piadas\" target=\"_blank\" rel=\"noreferrer noopener\">clique aqui<\/a>). O <em>stand-up<\/em> tem classifica\u00e7\u00e3o indicativa de <strong>18 anos<\/strong>.<\/p>\n<h4 class=\"wp-block-heading\"><strong>Setembro<\/strong><\/h4>\n<ul>\n<li><strong>Afonso Padilha \u2013 Ningu\u00e9m Se Importa<\/strong><\/li>\n<\/ul>\n<p>No dia <strong>14 de setembro<\/strong>, \u00e0s<strong> 21h<\/strong>, o humorista leva ao <strong>Theatro Pedro II<\/strong> o<em> stand-up<\/em> \u2018<strong>Ningu\u00e9m Se Importa<\/strong>\u2018.<\/p>\n<p>Afonso j\u00e1 participou dos maiores festivais de com\u00e9dia do pa\u00eds: Risol\u00f3gico, Risorama, Risadaria e Virada Cultural paulista \u2013 palco <em>stand up<\/em>.\u00a0<\/p>\n<p>Os ingressos j\u00e1 est\u00e3o dispon\u00edveis pela internet (<a href=\"https:\/\/ingressodigital.com\/evento\/11632\/Afonso_Padilha__Ningum_Se_Importa\" target=\"_blank\" rel=\"noreferrer noopener\">clique aqui<\/a>) e custam entre<strong> R$ 50 e R$140<\/strong>.<\/p>\n<p>SAIBA MAIS<br \/>Anderson do Molejo \u00e9 internado na UTI ap\u00f3s quadro de insufici\u00eancia renal<\/p>\n<h4 class=\"wp-block-heading\"><strong>FIQUE ON<\/strong><\/h4>\n<p>Fique ligado em tudo que acontece em Ribeir\u00e3o Preto e regi\u00e3o. Siga os perfis do <strong>acidade on <\/strong>no <a href=\"https:\/\/www.instagram.com\/acidadeonribeirao\" target=\"_blank\" rel=\"noreferrer noopener\">Instagram<\/a> e no <a href=\"https:\/\/www.facebook.com\/acidadeonribeirao\" target=\"_blank\" rel=\"noreferrer noopener\">Facebook<\/a>.<\/p>\n<p>Receba not\u00edcias do acidade on no WhatsApp. Para entrar no grupo, basta <a href=\"https:\/\/chat.whatsapp.com\/GFH9HUMUTHNFJdnyEd0xxq\" target=\"_blank\" rel=\"noreferrer noopener\">clicar aqui<\/a>.<\/p>\n<p>Fa\u00e7a uma den\u00fancia ou sugira uma reportagem sobre Ribeir\u00e3o Preto e regi\u00e3o pelo WhatsApp: 16 99117 7802.<\/p>\n<p>VEJA TAMB\u00c9M<br \/>O que \u00e9 \u201cvetezeiro\u201d?<\/p>\n<p><!-- AI CONTENT END 1 -->\n<\/div>\n<p><script async src=\"\/\/www.instagram.com\/embed.js\"><\/script><br \/>\n<br \/><br \/>\n<br \/><a href=\"https:\/\/www.acidadeon.com\/ribeiraopreto\/lazer-e-cultura\/veja-12-shows-de-comedia-confirmados-no-theatro-pedro-ii-em-ribeirao-preto\/\">Source link <\/a><\/p>\n<!-- CONTENT END 1 -->\n","protected":false},"excerpt":{"rendered":"<p>O Theatro Pedro II, em Ribeir\u00e3o Preto, conta com 12 shows de com\u00e9dia confirmados at\u00e9 o m\u00eas de setembro. Entre os nomes que v\u00e3o passar&#8230;<\/p>\n","protected":false},"author":1,"featured_media":46043,"comment_status":"open","ping_status":"open","sticky":false,"template":"","format":"standard","meta":{"advanced_seo_description":"","jetpack_seo_html_title":"","jetpack_seo_noindex":false,"jetpack_post_was_ever_published":false,"_jetpack_newsletter_access":"","_jetpack_dont_email_post_to_subs":false,"_jetpack_newsletter_tier_id":0,"_jetpack_memberships_contains_paywalled_content":false,"_jetpack_memberships_contains_paid_content":false,"footnotes":"","jetpack_publicize_message":"","jetpack_publicize_feature_enabled":true,"jetpack_social_post_already_shared":true,"jetpack_social_options":{"image_generator_settings":{"template":"highway","default_image_id":0,"font":"","enabled":false},"version":2}},"categories":[11],"tags":[],"class_list":["post-46042","post","type-post","status-publish","format-standard","has-post-thumbnail","hentry","category-noticias-de-ribeirao-preto-sp-e-regiao-ismael-colosi"],"jetpack_publicize_connections":[],"jetpack_featured_media_url":"https:\/\/i0.wp.com\/noticiasribeiraopreto.com.br\/wp-content\/uploads\/2024\/04\/26862-banner-uhuu-thiago-ventura.png?fit=1180%2C420&ssl=1","jetpack-related-posts":[{"id":45029,"url":"https:\/\/noticiasribeiraopreto.com.br\/index.php\/2024\/04\/01\/humorista-tiago-santineli-se-apresenta-em-ribeirao-preto\/","url_meta":{"origin":46042,"position":0},"title":"Humorista Tiago Santineli se apresenta em Ribeir\u00e3o Preto","author":"noticiasribeiraopreto.com.br","date":"1 de April de 2024","format":false,"excerpt":"O humorista Tiago Santineli traz para Ribeir\u00e3o Preto seu show \u201cO Pai da Mentira 2.0\u201d. A apresenta\u00e7\u00e3o acontece no Theatro Pedro II, no dia 27 de abril, \u00e0s 20h. Os ingressos custam a partir de R$ 30. Tiago Santineli vem se destacando nas redes sociais com v\u00eddeos sem filtro. Atualmente,\u2026","rel":"","context":"In &quot;Not\u00edcias de Ribeir\u00e3o Preto-SP e Regi\u00e3o&quot;","block_context":{"text":"Not\u00edcias de Ribeir\u00e3o Preto-SP e Regi\u00e3o","link":"https:\/\/noticiasribeiraopreto.com.br\/index.php\/category\/noticias-de-ribeirao-preto-sp-e-regiao-ismael-colosi\/"},"img":{"alt_text":"","src":"https:\/\/i0.wp.com\/noticiasribeiraopreto.com.br\/wp-content\/uploads\/2024\/04\/Capturar.jpg?fit=722%2C626&ssl=1&resize=350%2C200","width":350,"height":200,"srcset":"https:\/\/i0.wp.com\/noticiasribeiraopreto.com.br\/wp-content\/uploads\/2024\/04\/Capturar.jpg?fit=722%2C626&ssl=1&resize=350%2C200 1x, https:\/\/i0.wp.com\/noticiasribeiraopreto.com.br\/wp-content\/uploads\/2024\/04\/Capturar.jpg?fit=722%2C626&ssl=1&resize=525%2C300 1.5x, https:\/\/i0.wp.com\/noticiasribeiraopreto.com.br\/wp-content\/uploads\/2024\/04\/Capturar.jpg?fit=722%2C626&ssl=1&resize=700%2C400 2x"},"classes":[]},{"id":56256,"url":"https:\/\/noticiasribeiraopreto.com.br\/index.php\/2024\/08\/12\/theatro-pedro-ii-em-ribeirao-preto-recebe-show-de-comedia-embrulha-pra-viagem\/","url_meta":{"origin":46042,"position":1},"title":"Theatro Pedro II em Ribeir\u00e3o Preto recebe show de com\u00e9dia \u2018Embrulha Pra Viagem\u2019","author":"noticiasribeiraopreto.com.br","date":"12 de August de 2024","format":false,"excerpt":"Os atores Marcelo Laham, Maur\u00edcio de Barros e Willian Mezzacapa, apresentam o show de com\u00e9dia \u201cEmbrulha Pra Viagem \u2013 Ao Vivo\u201d, no Theatro Pedro II, em Ribeir\u00e3o Preto, no dia 6 de setembro, \u00e0s 20h. No espet\u00e1culo se apresentam mais de 20 personagens do grupo, que se revezam em um\u2026","rel":"","context":"In &quot;Not\u00edcias de Ribeir\u00e3o Preto-SP e Regi\u00e3o&quot;","block_context":{"text":"Not\u00edcias de Ribeir\u00e3o Preto-SP e Regi\u00e3o","link":"https:\/\/noticiasribeiraopreto.com.br\/index.php\/category\/noticias-de-ribeirao-preto-sp-e-regiao-ismael-colosi\/"},"img":{"alt_text":"","src":"https:\/\/i0.wp.com\/noticiasribeiraopreto.com.br\/wp-content\/uploads\/2024\/08\/Copia-de-Copia-de-TAMANHO-EXATO-PARA-FOTOS-NO-SISTEMA-NOVO-43_2024-08-12_13-27-40_jpg_2024-08-12_13-27-40.webp.webp?fit=1200%2C675&ssl=1&resize=350%2C200","width":350,"height":200,"srcset":"https:\/\/i0.wp.com\/noticiasribeiraopreto.com.br\/wp-content\/uploads\/2024\/08\/Copia-de-Copia-de-TAMANHO-EXATO-PARA-FOTOS-NO-SISTEMA-NOVO-43_2024-08-12_13-27-40_jpg_2024-08-12_13-27-40.webp.webp?fit=1200%2C675&ssl=1&resize=350%2C200 1x, https:\/\/i0.wp.com\/noticiasribeiraopreto.com.br\/wp-content\/uploads\/2024\/08\/Copia-de-Copia-de-TAMANHO-EXATO-PARA-FOTOS-NO-SISTEMA-NOVO-43_2024-08-12_13-27-40_jpg_2024-08-12_13-27-40.webp.webp?fit=1200%2C675&ssl=1&resize=525%2C300 1.5x, https:\/\/i0.wp.com\/noticiasribeiraopreto.com.br\/wp-content\/uploads\/2024\/08\/Copia-de-Copia-de-TAMANHO-EXATO-PARA-FOTOS-NO-SISTEMA-NOVO-43_2024-08-12_13-27-40_jpg_2024-08-12_13-27-40.webp.webp?fit=1200%2C675&ssl=1&resize=700%2C400 2x, https:\/\/i0.wp.com\/noticiasribeiraopreto.com.br\/wp-content\/uploads\/2024\/08\/Copia-de-Copia-de-TAMANHO-EXATO-PARA-FOTOS-NO-SISTEMA-NOVO-43_2024-08-12_13-27-40_jpg_2024-08-12_13-27-40.webp.webp?fit=1200%2C675&ssl=1&resize=1050%2C600 3x"},"classes":[]},{"id":84217,"url":"https:\/\/noticiasribeiraopreto.com.br\/index.php\/2026\/04\/04\/theatro-pedro-ii-recebe-a-comedia-agora-e-que-sao-elas\/","url_meta":{"origin":46042,"position":2},"title":"Theatro Pedro II recebe a com\u00e9dia \u2018Agora \u00c9 que S\u00e3o Elas!\u2019","author":"noticiasribeiraopreto.com.br","date":"4 de April de 2026","format":false,"excerpt":"Ler o resumo da not\u00edcia Theatro Pedro II recebe a com\u00e9dia \u2018Agora \u00c9 que S\u00e3o Elas!\u2019 O Theatro Pedro II, em Ribeir\u00e3o Preto, recebe no pr\u00f3ximo dia 12 de abril, \u00e0s 18h, a com\u00e9dia \u201cAgora \u00c9 que S\u00e3o Elas!\u201d, com J\u00falia Rabello, Maria Clara Gueiros e Priscila Castello Branco. O\u2026","rel":"","context":"In &quot;Not\u00edcias de Ribeir\u00e3o Preto-SP e Regi\u00e3o&quot;","block_context":{"text":"Not\u00edcias de Ribeir\u00e3o Preto-SP e Regi\u00e3o","link":"https:\/\/noticiasribeiraopreto.com.br\/index.php\/category\/noticias-de-ribeirao-preto-sp-e-regiao-ismael-colosi\/"},"img":{"alt_text":"","src":"https:\/\/i0.wp.com\/noticiasribeiraopreto.com.br\/wp-content\/uploads\/2026\/04\/theatro-pedro-ii_2026-04-04_21-12-38.webp.webp?fit=1200%2C674&ssl=1&resize=350%2C200","width":350,"height":200,"srcset":"https:\/\/i0.wp.com\/noticiasribeiraopreto.com.br\/wp-content\/uploads\/2026\/04\/theatro-pedro-ii_2026-04-04_21-12-38.webp.webp?fit=1200%2C674&ssl=1&resize=350%2C200 1x, https:\/\/i0.wp.com\/noticiasribeiraopreto.com.br\/wp-content\/uploads\/2026\/04\/theatro-pedro-ii_2026-04-04_21-12-38.webp.webp?fit=1200%2C674&ssl=1&resize=525%2C300 1.5x, https:\/\/i0.wp.com\/noticiasribeiraopreto.com.br\/wp-content\/uploads\/2026\/04\/theatro-pedro-ii_2026-04-04_21-12-38.webp.webp?fit=1200%2C674&ssl=1&resize=700%2C400 2x, https:\/\/i0.wp.com\/noticiasribeiraopreto.com.br\/wp-content\/uploads\/2026\/04\/theatro-pedro-ii_2026-04-04_21-12-38.webp.webp?fit=1200%2C674&ssl=1&resize=1050%2C600 3x"},"classes":[]},{"id":56958,"url":"https:\/\/noticiasribeiraopreto.com.br\/index.php\/2024\/08\/19\/ator-do-musical-o-rei-leao-se-apresenta-no-theatro-pedro-ii-em-ribeirao-preto\/","url_meta":{"origin":46042,"position":3},"title":"Ator do musical \u2018O Rei Le\u00e3o\u2019 se apresenta no Theatro Pedro II em Ribeir\u00e3o Preto","author":"noticiasribeiraopreto.com.br","date":"19 de August de 2024","format":false,"excerpt":"O ator Tiago Barbosa, do musical \u2018O Rei Le\u00e3o\u2019, apresenta o espet\u00e1culo \u201cTiago canta Milton\u201d, no Theatro Pedro II, em Ribeir\u00e3o Preto, neste domingo (25), \u00e0s 19h. No concerto, ele revive e reinventa as can\u00e7\u00f5es apresentadas no musical \u201cClube da Esquina \u2013 Os Sonhos N\u00e3o Envelhecem\u201d.\u00a0 O repert\u00f3rio inclui cerca\u2026","rel":"","context":"In &quot;Not\u00edcias de Ribeir\u00e3o Preto-SP e Regi\u00e3o&quot;","block_context":{"text":"Not\u00edcias de Ribeir\u00e3o Preto-SP e Regi\u00e3o","link":"https:\/\/noticiasribeiraopreto.com.br\/index.php\/category\/noticias-de-ribeirao-preto-sp-e-regiao-ismael-colosi\/"},"img":{"alt_text":"","src":"https:\/\/i0.wp.com\/noticiasribeiraopreto.com.br\/wp-content\/uploads\/2024\/08\/Copia-de-Copia-de-Copia-de-TAMANHO-EXATO-PARA-FOTOS-NO-SISTEMA-NOVO-9_2024-08-19_12-05-44_jpg_2024-08-19_12-05-44.webp.webp?fit=1200%2C675&ssl=1&resize=350%2C200","width":350,"height":200,"srcset":"https:\/\/i0.wp.com\/noticiasribeiraopreto.com.br\/wp-content\/uploads\/2024\/08\/Copia-de-Copia-de-Copia-de-TAMANHO-EXATO-PARA-FOTOS-NO-SISTEMA-NOVO-9_2024-08-19_12-05-44_jpg_2024-08-19_12-05-44.webp.webp?fit=1200%2C675&ssl=1&resize=350%2C200 1x, https:\/\/i0.wp.com\/noticiasribeiraopreto.com.br\/wp-content\/uploads\/2024\/08\/Copia-de-Copia-de-Copia-de-TAMANHO-EXATO-PARA-FOTOS-NO-SISTEMA-NOVO-9_2024-08-19_12-05-44_jpg_2024-08-19_12-05-44.webp.webp?fit=1200%2C675&ssl=1&resize=525%2C300 1.5x, https:\/\/i0.wp.com\/noticiasribeiraopreto.com.br\/wp-content\/uploads\/2024\/08\/Copia-de-Copia-de-Copia-de-TAMANHO-EXATO-PARA-FOTOS-NO-SISTEMA-NOVO-9_2024-08-19_12-05-44_jpg_2024-08-19_12-05-44.webp.webp?fit=1200%2C675&ssl=1&resize=700%2C400 2x, https:\/\/i0.wp.com\/noticiasribeiraopreto.com.br\/wp-content\/uploads\/2024\/08\/Copia-de-Copia-de-Copia-de-TAMANHO-EXATO-PARA-FOTOS-NO-SISTEMA-NOVO-9_2024-08-19_12-05-44_jpg_2024-08-19_12-05-44.webp.webp?fit=1200%2C675&ssl=1&resize=1050%2C600 3x"},"classes":[]},{"id":40050,"url":"https:\/\/noticiasribeiraopreto.com.br\/index.php\/2024\/02\/29\/os-melhores-do-mundo-se-apresentam-no-theatro-pedro-ii-em-ribeirao-preto\/","url_meta":{"origin":46042,"position":4},"title":"&#8216;Os Melhores do Mundo&#8217; se apresentam no Theatro Pedro II em Ribeir\u00e3o Preto","author":"noticiasribeiraopreto.com.br","date":"29 de February de 2024","format":false,"excerpt":"Ribeir\u00e3o Preto recebe o espet\u00e1culo \u201cNot\u00edcias Populares\u201d, da companhia de com\u00e9dia Os Melhores do Mundo, no Theatro Pedro II, localizado no Centro do munic\u00edpio. A apresenta\u00e7\u00e3o est\u00e1 marcada para acontecer \u00e0s 21h, no dia 22 de junho. Por\u00e9m, os ingressos j\u00e1 podem ser adquiridos de forma on-line (clique aqui) ou\u2026","rel":"","context":"In &quot;Not\u00edcias de Ribeir\u00e3o Preto-SP e Regi\u00e3o&quot;","block_context":{"text":"Not\u00edcias de Ribeir\u00e3o Preto-SP e Regi\u00e3o","link":"https:\/\/noticiasribeiraopreto.com.br\/index.php\/category\/noticias-de-ribeirao-preto-sp-e-regiao-ismael-colosi\/"},"img":{"alt_text":"","src":"https:\/\/i0.wp.com\/noticiasribeiraopreto.com.br\/wp-content\/uploads\/2024\/02\/AnyConv.com__19055634_1523216544395019_6660817054708657108_o.webp.webp?fit=1200%2C714&ssl=1&resize=350%2C200","width":350,"height":200,"srcset":"https:\/\/i0.wp.com\/noticiasribeiraopreto.com.br\/wp-content\/uploads\/2024\/02\/AnyConv.com__19055634_1523216544395019_6660817054708657108_o.webp.webp?fit=1200%2C714&ssl=1&resize=350%2C200 1x, https:\/\/i0.wp.com\/noticiasribeiraopreto.com.br\/wp-content\/uploads\/2024\/02\/AnyConv.com__19055634_1523216544395019_6660817054708657108_o.webp.webp?fit=1200%2C714&ssl=1&resize=525%2C300 1.5x, https:\/\/i0.wp.com\/noticiasribeiraopreto.com.br\/wp-content\/uploads\/2024\/02\/AnyConv.com__19055634_1523216544395019_6660817054708657108_o.webp.webp?fit=1200%2C714&ssl=1&resize=700%2C400 2x, https:\/\/i0.wp.com\/noticiasribeiraopreto.com.br\/wp-content\/uploads\/2024\/02\/AnyConv.com__19055634_1523216544395019_6660817054708657108_o.webp.webp?fit=1200%2C714&ssl=1&resize=1050%2C600 3x"},"classes":[]},{"id":45819,"url":"https:\/\/noticiasribeiraopreto.com.br\/index.php\/2024\/04\/08\/saiba-tudo-sobre-o-show-da-banda-magic-em-ribeirao-preto\/","url_meta":{"origin":46042,"position":5},"title":"Saiba tudo sobre o show da banda Magic! em Ribeir\u00e3o Preto","author":"noticiasribeiraopreto.com.br","date":"8 de April de 2024","format":false,"excerpt":"A banda canadense de pop reggae Magic! chega a Ribeir\u00e3o Preto nesta quinta-feira (11), \u00e0s 20 horas, no Theatro Pedro II. Em turn\u00ea pelo Brasil, o show no interior de S\u00e3o Paulo abre a temporada de apresenta\u00e7\u00f5es pelo Pa\u00eds. Al\u00e9m de Ribeir\u00e3o Preto, o grupo formado por Nasri Atweh, Mark\u2026","rel":"","context":"In &quot;Not\u00edcias de Ribeir\u00e3o Preto-SP e Regi\u00e3o&quot;","block_context":{"text":"Not\u00edcias de Ribeir\u00e3o Preto-SP e Regi\u00e3o","link":"https:\/\/noticiasribeiraopreto.com.br\/index.php\/category\/noticias-de-ribeirao-preto-sp-e-regiao-ismael-colosi\/"},"img":{"alt_text":"","src":"https:\/\/i0.wp.com\/noticiasribeiraopreto.com.br\/wp-content\/uploads\/2024\/04\/Capturar-2.jpg?fit=591%2C291&ssl=1&resize=350%2C200","width":350,"height":200,"srcset":"https:\/\/i0.wp.com\/noticiasribeiraopreto.com.br\/wp-content\/uploads\/2024\/04\/Capturar-2.jpg?fit=591%2C291&ssl=1&resize=350%2C200 1x, https:\/\/i0.wp.com\/noticiasribeiraopreto.com.br\/wp-content\/uploads\/2024\/04\/Capturar-2.jpg?fit=591%2C291&ssl=1&resize=525%2C300 1.5x"},"classes":[]}],"jetpack_sharing_enabled":true,"jetpack_shortlink":"https:\/\/wp.me\/peQAOb-bYC","_links":{"self":[{"href":"https:\/\/noticiasribeiraopreto.com.br\/index.php\/wp-json\/wp\/v2\/posts\/46042","targetHints":{"allow":["GET"]}}],"collection":[{"href":"https:\/\/noticiasribeiraopreto.com.br\/index.php\/wp-json\/wp\/v2\/posts"}],"about":[{"href":"https:\/\/noticiasribeiraopreto.com.br\/index.php\/wp-json\/wp\/v2\/types\/post"}],"author":[{"embeddable":true,"href":"https:\/\/noticiasribeiraopreto.com.br\/index.php\/wp-json\/wp\/v2\/users\/1"}],"replies":[{"embeddable":true,"href":"https:\/\/noticiasribeiraopreto.com.br\/index.php\/wp-json\/wp\/v2\/comments?post=46042"}],"version-history":[{"count":0,"href":"https:\/\/noticiasribeiraopreto.com.br\/index.php\/wp-json\/wp\/v2\/posts\/46042\/revisions"}],"wp:featuredmedia":[{"embeddable":true,"href":"https:\/\/noticiasribeiraopreto.com.br\/index.php\/wp-json\/wp\/v2\/media\/46043"}],"wp:attachment":[{"href":"https:\/\/noticiasribeiraopreto.com.br\/index.php\/wp-json\/wp\/v2\/media?parent=46042"}],"wp:term":[{"taxonomy":"category","embeddable":true,"href":"https:\/\/noticiasribeiraopreto.com.br\/index.php\/wp-json\/wp\/v2\/categories?post=46042"},{"taxonomy":"post_tag","embeddable":true,"href":"https:\/\/noticiasribeiraopreto.com.br\/index.php\/wp-json\/wp\/v2\/tags?post=46042"}],"curies":[{"name":"wp","href":"https:\/\/api.w.org\/{rel}","templated":true}]}}