{"id":46046,"date":"2024-04-09T12:48:55","date_gmt":"2024-04-09T15:48:55","guid":{"rendered":"https:\/\/noticiasribeiraopreto.com.br\/index.php\/2024\/04\/09\/dois-sao-presos-e-um-morre-em-confronto-apos-ataques-no-interior-de-sp\/"},"modified":"2024-04-09T12:48:55","modified_gmt":"2024-04-09T15:48:55","slug":"dois-sao-presos-e-um-morre-em-confronto-apos-ataques-no-interior-de-sp","status":"publish","type":"post","link":"https:\/\/noticiasribeiraopreto.com.br\/index.php\/2024\/04\/09\/dois-sao-presos-e-um-morre-em-confronto-apos-ataques-no-interior-de-sp\/","title":{"rendered":"Dois s\u00e3o presos e um morre em confronto ap\u00f3s ataques no interior de SP"},"content":{"rendered":"<div class='code-block code-block-1' style='margin: 8px 0 8px auto; text-align: right; display: block; clear: both;'>\n<p><a href=\"https:\/\/wa.link\/vpicfd\"><img data-recalc-dims=\"1\" class=\"wp-image-4922\" style=\"aspect-ratio: 2.0253164556962027; width: 561px; height: auto;\" src=\"https:\/\/i0.wp.com\/ismaelcolosi.com.br\/wp-content\/uploads\/2023\/11\/grupo-de-empregos-whatsapp-e-facebook-ismael-colosi-vagas.jpg?ssl=1\" alt=\"\" \/><\/a><\/p>\n<!-- \/wp:image -->\n<\/div>\n<p> <br \/>\n<\/p>\n<div data-td-block-uid=\"tdi_101\">\n<div class=\"tdb-block-inner td-fix-index\">\n<p><strong>Um homem suspeito de participa\u00e7\u00e3o em uma quadrilha que atacou um banco e tr\u00eas carros-fortes nesta segunda-feira (8), no interior de S\u00e3o Paulo, foi morto em um confronto com a pol\u00edcia. <\/strong><span style=\"background-color:#f7cc62\" class=\"td_text_highlight_marker\">Dois suspeitos acabaram presos e mais de R$ 110 mil foram recuperados.<\/span><\/p>\n<p>A <strong>Pol\u00edcia Civil <\/strong>confirmou nesta ter\u00e7a-feira (9) que os <strong>crimes <\/strong>foram <strong>cometidos <\/strong>pelo <strong>mesmo grupo <\/strong>em <strong>S\u00e3o Pedro, Cordeir\u00f3polis e Piracicaba<\/strong>.<\/p>\n<p>Al\u00e9m do <strong>dinheiro<\/strong>, a <strong>pol\u00edcia <\/strong>tamb\u00e9m apreendeu <strong>fuzis <\/strong>que teriam sido utilizados na a\u00e7\u00e3o.<\/p>\n<h4 class=\"wp-block-heading\"><strong>Como foram os ataques<\/strong><\/h4>\n<p>Os <strong>assaltantes <\/strong>agiram primeiro em uma <strong>ag\u00eancia banc\u00e1ria <\/strong>na <strong>cidade tur\u00edstica de S\u00e3o Pedro<\/strong>, na madrugada desta segunda-feira. <strong>Explosivos <\/strong>foram deixados pelos bandidos na fuga e o <strong>Gate (Grupo de A\u00e7\u00f5es T\u00e1ticas Especiais)<\/strong> foi acionado.<\/p>\n<p>Os <strong>ataques <\/strong>aos <strong>tr\u00eas carros-fortes <\/strong>ocorreram no fim da tarde da segunda.<\/p>\n<p><strong>Dois ve\u00edculos<\/strong> de transporte de valores foram <strong>explodidos <\/strong>pelos <strong>criminosos <\/strong>em pontos diferentes na <strong>rodovia Washington Lu\u00eds (SP-310)<\/strong>, nas <strong>regi\u00f5es <\/strong>de <strong>Cordeir\u00f3polis <\/strong>e <strong>Piracicaba<\/strong>.<\/p>\n<p>O <strong>terceiro carro-forte<\/strong> foi alvo de <strong>tiros <\/strong>na <strong>rodovia Luiz de Queiroz (SP-304)<\/strong>, em <strong>Piracicaba<\/strong>.<\/p>\n<p>SAIBA MAIS<\/p>\n<p>Interior de SP tem alerta de temporais nesta ter\u00e7a-feira; Confira a previs\u00e3o<\/p>\n<h4 class=\"wp-block-heading\"><strong><mark>FIQUE ON<\/mark><\/strong><\/h4>\n<p>Fique ligado em tudo que acontece em Ribeir\u00e3o Preto e regi\u00e3o. Siga os perfis do\u00a0<strong>acidade on<\/strong>\u00a0no<a href=\"https:\/\/www.instagram.com\/acidadeonribeirao\" target=\"_blank\" rel=\"noreferrer noopener\">\u00a0Instagram<\/a>\u00a0e no\u00a0<a href=\"https:\/\/www.facebook.com\/acidadeonribeirao\" target=\"_blank\" rel=\"noreferrer noopener\">Facebook<\/a>.<\/p>\n<p>Receba not\u00edcias do\u00a0<strong>acidade on\u00a0<\/strong>no WhatsApp.\u00a0<a href=\"https:\/\/chat.whatsapp.com\/GFH9HUMUTHNFJdnyEd0xxq\" target=\"_blank\" rel=\"noreferrer noopener\">Para entrar no grupo, basta clicar aqui.<\/a><\/p>\n<p>Fa\u00e7a uma den\u00fancia ou sugira uma reportagem sobre Ribeir\u00e3o Preto e regi\u00e3o pelo WhatsApp: 16 99117 7802.<\/p>\n<p>VEJA TAMB\u00c9M<\/p>\n<p>O que recebe com demiss\u00e3o por justa causa?<\/p>\n<p><!-- AI CONTENT END 1 -->\n<\/div>\n<\/div>\n<p><script async src=\"\/\/www.instagram.com\/embed.js\"><\/script><br \/>\n<br \/><br \/>\n<br \/><a href=\"https:\/\/www.acidadeon.com\/ribeiraopreto\/cotidiano\/dois-sao-presos-e-um-morre-em-confronto-apos-ataques-no-interior-de-sp\/\">Source link <\/a><\/p>\n<!-- CONTENT END 1 -->\n","protected":false},"excerpt":{"rendered":"<p>Um homem suspeito de participa\u00e7\u00e3o em uma quadrilha que atacou um banco e tr\u00eas carros-fortes nesta segunda-feira (8), no interior de S\u00e3o Paulo, foi morto&#8230;<\/p>\n","protected":false},"author":1,"featured_media":46047,"comment_status":"open","ping_status":"open","sticky":false,"template":"","format":"standard","meta":{"advanced_seo_description":"","jetpack_seo_html_title":"","jetpack_seo_noindex":false,"jetpack_post_was_ever_published":false,"_jetpack_newsletter_access":"","_jetpack_dont_email_post_to_subs":false,"_jetpack_newsletter_tier_id":0,"_jetpack_memberships_contains_paywalled_content":false,"_jetpack_memberships_contains_paid_content":false,"footnotes":"","jetpack_publicize_message":"","jetpack_publicize_feature_enabled":true,"jetpack_social_post_already_shared":true,"jetpack_social_options":{"image_generator_settings":{"template":"highway","default_image_id":0,"font":"","enabled":false},"version":2}},"categories":[11],"tags":[],"class_list":["post-46046","post","type-post","status-publish","format-standard","has-post-thumbnail","hentry","category-noticias-de-ribeirao-preto-sp-e-regiao-ismael-colosi"],"jetpack_publicize_connections":[],"jetpack_featured_media_url":"https:\/\/i0.wp.com\/noticiasribeiraopreto.com.br\/wp-content\/uploads\/2024\/04\/ARMAMENTO.jpg?fit=2000%2C1136&ssl=1","jetpack-related-posts":[{"id":58715,"url":"https:\/\/noticiasribeiraopreto.com.br\/index.php\/2024\/10\/04\/suspeito-de-ataque-a-carro-forte-na-regiao-de-ribeirao-morre-em-confronto-com-a-policia\/","url_meta":{"origin":46046,"position":0},"title":"Suspeito de ataque a carro-forte na regi\u00e3o de Ribeir\u00e3o morre em confronto com a pol\u00edcia","author":"noticiasribeiraopreto.com.br","date":"4 de October de 2024","format":false,"excerpt":"Agentes da Pol\u00edcia Civil e Pol\u00edcia Militar junto com o Minist\u00e9rio P\u00fablico realizaram, na manh\u00e3 desta sexta-feira (4), uma opera\u00e7\u00e3o para prender ladr\u00f5es que tentaram roubar um carro-forte, no m\u00eas passado, na regi\u00e3o de Ribeir\u00e3o. Um suspeito foi morto durante o confronto, outro foi preso e um fuzil foi apreendido.\u2026","rel":"","context":"In &quot;Not\u00edcias de Ribeir\u00e3o Preto-SP e Regi\u00e3o&quot;","block_context":{"text":"Not\u00edcias de Ribeir\u00e3o Preto-SP e Regi\u00e3o","link":"https:\/\/noticiasribeiraopreto.com.br\/index.php\/category\/noticias-de-ribeirao-preto-sp-e-regiao-ismael-colosi\/"},"img":{"alt_text":"","src":"https:\/\/i0.wp.com\/noticiasribeiraopreto.com.br\/wp-content\/uploads\/2024\/10\/Sem-titulo_2024-10-04_16-11-05_png_2024-10-04_16-11-05.webp.webp?fit=1200%2C645&ssl=1&resize=350%2C200","width":350,"height":200,"srcset":"https:\/\/i0.wp.com\/noticiasribeiraopreto.com.br\/wp-content\/uploads\/2024\/10\/Sem-titulo_2024-10-04_16-11-05_png_2024-10-04_16-11-05.webp.webp?fit=1200%2C645&ssl=1&resize=350%2C200 1x, https:\/\/i0.wp.com\/noticiasribeiraopreto.com.br\/wp-content\/uploads\/2024\/10\/Sem-titulo_2024-10-04_16-11-05_png_2024-10-04_16-11-05.webp.webp?fit=1200%2C645&ssl=1&resize=525%2C300 1.5x, https:\/\/i0.wp.com\/noticiasribeiraopreto.com.br\/wp-content\/uploads\/2024\/10\/Sem-titulo_2024-10-04_16-11-05_png_2024-10-04_16-11-05.webp.webp?fit=1200%2C645&ssl=1&resize=700%2C400 2x, https:\/\/i0.wp.com\/noticiasribeiraopreto.com.br\/wp-content\/uploads\/2024\/10\/Sem-titulo_2024-10-04_16-11-05_png_2024-10-04_16-11-05.webp.webp?fit=1200%2C645&ssl=1&resize=1050%2C600 3x"},"classes":[]},{"id":83636,"url":"https:\/\/noticiasribeiraopreto.com.br\/index.php\/2026\/03\/23\/policia-civil-prende-suspeito-de-matar-homem-durante-assalto-em-ribeirao-preto\/","url_meta":{"origin":46046,"position":1},"title":"Pol\u00edcia Civil prende suspeito de matar homem durante assalto em Ribeir\u00e3o Preto","author":"noticiasribeiraopreto.com.br","date":"23 de March de 2026","format":false,"excerpt":"A Pol\u00edcia Civil prendeu nesta segunda-feira (23) o suspeito de um latroc\u00ednio ocorrido no \u00faltimo dia 20 de fevereiro, perto de um bar no Jardim Presidente Dutra I, zona Norte de Ribeir\u00e3o Preto. Segundo a pol\u00edcia, o homem preso, identificado como Thiago Daniel Freitas Garcia, conhecido como \u201cOreia\u201d, de 23\u2026","rel":"","context":"In &quot;Not\u00edcias de Ribeir\u00e3o Preto-SP e Regi\u00e3o&quot;","block_context":{"text":"Not\u00edcias de Ribeir\u00e3o Preto-SP e Regi\u00e3o","link":"https:\/\/noticiasribeiraopreto.com.br\/index.php\/category\/noticias-de-ribeirao-preto-sp-e-regiao-ismael-colosi\/"},"img":{"alt_text":"","src":"https:\/\/i0.wp.com\/noticiasribeiraopreto.com.br\/wp-content\/uploads\/2026\/03\/WhatsApp-Image-2026-03-23-at-06.47.27_2026-03-23_09-51-42.webp.webp?fit=1200%2C675&ssl=1&resize=350%2C200","width":350,"height":200,"srcset":"https:\/\/i0.wp.com\/noticiasribeiraopreto.com.br\/wp-content\/uploads\/2026\/03\/WhatsApp-Image-2026-03-23-at-06.47.27_2026-03-23_09-51-42.webp.webp?fit=1200%2C675&ssl=1&resize=350%2C200 1x, https:\/\/i0.wp.com\/noticiasribeiraopreto.com.br\/wp-content\/uploads\/2026\/03\/WhatsApp-Image-2026-03-23-at-06.47.27_2026-03-23_09-51-42.webp.webp?fit=1200%2C675&ssl=1&resize=525%2C300 1.5x, https:\/\/i0.wp.com\/noticiasribeiraopreto.com.br\/wp-content\/uploads\/2026\/03\/WhatsApp-Image-2026-03-23-at-06.47.27_2026-03-23_09-51-42.webp.webp?fit=1200%2C675&ssl=1&resize=700%2C400 2x, https:\/\/i0.wp.com\/noticiasribeiraopreto.com.br\/wp-content\/uploads\/2026\/03\/WhatsApp-Image-2026-03-23-at-06.47.27_2026-03-23_09-51-42.webp.webp?fit=1200%2C675&ssl=1&resize=1050%2C600 3x"},"classes":[]},{"id":77758,"url":"https:\/\/noticiasribeiraopreto.com.br\/index.php\/2025\/09\/25\/suspeitos-de-envolvimento-em-roubo-a-predio-de-ribeirao-preto-sao-presos-em-sao-paulo\/","url_meta":{"origin":46046,"position":2},"title":"Suspeitos de envolvimento em roubo a pr\u00e9dio de Ribeir\u00e3o Preto s\u00e3o presos em S\u00e3o Paulo","author":"noticiasribeiraopreto.com.br","date":"25 de September de 2025","format":false,"excerpt":"A pol\u00edcia prendeu seis pessoas suspeitas de participa\u00e7\u00e3o no roubo a um pr\u00e9dio residencial ocorrido nesta quarta-feira (24), na rua Campos Sales, no Centro de Ribeir\u00e3o Preto. Segundo a Pol\u00edcia Civil, um homem e uma mulher foram presos em Ribeir\u00e3o, dois homens em S\u00e3o Paulo e mais dois em Itapecerica\u2026","rel":"","context":"In &quot;Not\u00edcias de Ribeir\u00e3o Preto-SP e Regi\u00e3o&quot;","block_context":{"text":"Not\u00edcias de Ribeir\u00e3o Preto-SP e Regi\u00e3o","link":"https:\/\/noticiasribeiraopreto.com.br\/index.php\/category\/noticias-de-ribeirao-preto-sp-e-regiao-ismael-colosi\/"},"img":{"alt_text":"","src":"https:\/\/i0.wp.com\/noticiasribeiraopreto.com.br\/wp-content\/uploads\/2025\/09\/WhatsApp-Image-2025-09-24-at-12.02.59_2025-09-24_15-05-55.webp.webp?fit=1200%2C635&ssl=1&resize=350%2C200","width":350,"height":200,"srcset":"https:\/\/i0.wp.com\/noticiasribeiraopreto.com.br\/wp-content\/uploads\/2025\/09\/WhatsApp-Image-2025-09-24-at-12.02.59_2025-09-24_15-05-55.webp.webp?fit=1200%2C635&ssl=1&resize=350%2C200 1x, https:\/\/i0.wp.com\/noticiasribeiraopreto.com.br\/wp-content\/uploads\/2025\/09\/WhatsApp-Image-2025-09-24-at-12.02.59_2025-09-24_15-05-55.webp.webp?fit=1200%2C635&ssl=1&resize=525%2C300 1.5x, https:\/\/i0.wp.com\/noticiasribeiraopreto.com.br\/wp-content\/uploads\/2025\/09\/WhatsApp-Image-2025-09-24-at-12.02.59_2025-09-24_15-05-55.webp.webp?fit=1200%2C635&ssl=1&resize=700%2C400 2x, https:\/\/i0.wp.com\/noticiasribeiraopreto.com.br\/wp-content\/uploads\/2025\/09\/WhatsApp-Image-2025-09-24-at-12.02.59_2025-09-24_15-05-55.webp.webp?fit=1200%2C635&ssl=1&resize=1050%2C600 3x"},"classes":[]},{"id":45954,"url":"https:\/\/noticiasribeiraopreto.com.br\/index.php\/2024\/04\/08\/criminoso-explodem-carros-fortes-em-rodovias-do-interior-de-sao-paulo\/","url_meta":{"origin":46046,"position":3},"title":"Criminoso explodem carros fortes em rodovias do interior de S\u00e3o Paulo","author":"noticiasribeiraopreto.com.br","date":"8 de April de 2024","format":false,"excerpt":"Ao menos tr\u00eas carros fortes foram atacados por criminosos, nesta segunda-feira (8), no interior de S\u00e3o Paulo. O primeiro caso aconteceu no final da tarde, na rodovia Washington Lu\u00eds (SP-330), em Cordeir\u00f3polis. De acordo com a EPTV Campinas, que esteve no local do ocorrido, dois carros fortes foram alvos de\u2026","rel":"","context":"In &quot;Not\u00edcias de Ribeir\u00e3o Preto-SP e Regi\u00e3o&quot;","block_context":{"text":"Not\u00edcias de Ribeir\u00e3o Preto-SP e Regi\u00e3o","link":"https:\/\/noticiasribeiraopreto.com.br\/index.php\/category\/noticias-de-ribeirao-preto-sp-e-regiao-ismael-colosi\/"},"img":{"alt_text":"","src":"https:\/\/i0.wp.com\/noticiasribeiraopreto.com.br\/wp-content\/uploads\/2024\/04\/carros-fortes-carro-forte-roubo-1068x530-1.png?fit=1068%2C530&ssl=1&resize=350%2C200","width":350,"height":200,"srcset":"https:\/\/i0.wp.com\/noticiasribeiraopreto.com.br\/wp-content\/uploads\/2024\/04\/carros-fortes-carro-forte-roubo-1068x530-1.png?fit=1068%2C530&ssl=1&resize=350%2C200 1x, https:\/\/i0.wp.com\/noticiasribeiraopreto.com.br\/wp-content\/uploads\/2024\/04\/carros-fortes-carro-forte-roubo-1068x530-1.png?fit=1068%2C530&ssl=1&resize=525%2C300 1.5x, https:\/\/i0.wp.com\/noticiasribeiraopreto.com.br\/wp-content\/uploads\/2024\/04\/carros-fortes-carro-forte-roubo-1068x530-1.png?fit=1068%2C530&ssl=1&resize=700%2C400 2x, https:\/\/i0.wp.com\/noticiasribeiraopreto.com.br\/wp-content\/uploads\/2024\/04\/carros-fortes-carro-forte-roubo-1068x530-1.png?fit=1068%2C530&ssl=1&resize=1050%2C600 3x"},"classes":[]},{"id":57347,"url":"https:\/\/noticiasribeiraopreto.com.br\/index.php\/2024\/08\/29\/mais-dois-suspeitos-sao-presos-por-incendios-na-regiao-de-ribeirao\/","url_meta":{"origin":46046,"position":4},"title":"Mais dois suspeitos s\u00e3o presos por inc\u00eandios na regi\u00e3o de Ribeir\u00e3o","author":"noticiasribeiraopreto.com.br","date":"29 de August de 2024","format":false,"excerpt":"Dois homens foram presos pela Pol\u00edcia Militar suspeitos de atear fogo em uma \u00e1rea de vegeta\u00e7\u00e3o na regi\u00e3o de Ribeir\u00e3o. A pris\u00e3o aconteceu \u00e0s margens da Rodovia F\u00e1bio Talarico, em\u00a0Franca, na noite desta quarta-feira (29). Com isso, chega a nove o n\u00famero de pris\u00f5es de pessoas suspeitas de participar de\u2026","rel":"","context":"In &quot;Not\u00edcias de Ribeir\u00e3o Preto-SP e Regi\u00e3o&quot;","block_context":{"text":"Not\u00edcias de Ribeir\u00e3o Preto-SP e Regi\u00e3o","link":"https:\/\/noticiasribeiraopreto.com.br\/index.php\/category\/noticias-de-ribeirao-preto-sp-e-regiao-ismael-colosi\/"},"img":{"alt_text":"","src":"https:\/\/i0.wp.com\/noticiasribeiraopreto.com.br\/wp-content\/uploads\/2024\/08\/INCENDIO_2024-08-23_18-57-32_jpg_2024-08-23_18-57-32.webp.webp?fit=1200%2C784&ssl=1&resize=350%2C200","width":350,"height":200,"srcset":"https:\/\/i0.wp.com\/noticiasribeiraopreto.com.br\/wp-content\/uploads\/2024\/08\/INCENDIO_2024-08-23_18-57-32_jpg_2024-08-23_18-57-32.webp.webp?fit=1200%2C784&ssl=1&resize=350%2C200 1x, https:\/\/i0.wp.com\/noticiasribeiraopreto.com.br\/wp-content\/uploads\/2024\/08\/INCENDIO_2024-08-23_18-57-32_jpg_2024-08-23_18-57-32.webp.webp?fit=1200%2C784&ssl=1&resize=525%2C300 1.5x, https:\/\/i0.wp.com\/noticiasribeiraopreto.com.br\/wp-content\/uploads\/2024\/08\/INCENDIO_2024-08-23_18-57-32_jpg_2024-08-23_18-57-32.webp.webp?fit=1200%2C784&ssl=1&resize=700%2C400 2x, https:\/\/i0.wp.com\/noticiasribeiraopreto.com.br\/wp-content\/uploads\/2024\/08\/INCENDIO_2024-08-23_18-57-32_jpg_2024-08-23_18-57-32.webp.webp?fit=1200%2C784&ssl=1&resize=1050%2C600 3x"},"classes":[]},{"id":57944,"url":"https:\/\/noticiasribeiraopreto.com.br\/index.php\/2024\/09\/14\/o-que-se-sabe-sobre-a-prisao-de-suspeitos-com-explosivos-na-regiao-de-ribeirao\/","url_meta":{"origin":46046,"position":5},"title":"O que se sabe sobre a pris\u00e3o de suspeitos com explosivos na regi\u00e3o de Ribeir\u00e3o","author":"noticiasribeiraopreto.com.br","date":"14 de September de 2024","format":false,"excerpt":"A PM (Pol\u00edcia Militar) prendeu tr\u00eas homens com explosivos no fim da noite desta sexta-feira (13), em uma ch\u00e1cara de C\u00e1ssia dos Coqueiros, cidade a aproximadamente 70 quil\u00f4metros de Ribeir\u00e3o Preto. Segundo o boletim de ocorr\u00eancia (BO), o Baep (Batalh\u00e3o de A\u00e7\u00f5es Especiais de Pol\u00edcia) de Piracicaba, no interior de\u2026","rel":"","context":"In &quot;Not\u00edcias de Ribeir\u00e3o Preto-SP e Regi\u00e3o&quot;","block_context":{"text":"Not\u00edcias de Ribeir\u00e3o Preto-SP e Regi\u00e3o","link":"https:\/\/noticiasribeiraopreto.com.br\/index.php\/category\/noticias-de-ribeirao-preto-sp-e-regiao-ismael-colosi\/"},"img":{"alt_text":"","src":"https:\/\/i0.wp.com\/noticiasribeiraopreto.com.br\/wp-content\/uploads\/2024\/09\/WhatsApp-Image-2024-09-14-at-11.47.24_2024-09-14_14-47-50_jpeg_2024-09-14_14-47-50.webp.webp?fit=1200%2C675&ssl=1&resize=350%2C200","width":350,"height":200,"srcset":"https:\/\/i0.wp.com\/noticiasribeiraopreto.com.br\/wp-content\/uploads\/2024\/09\/WhatsApp-Image-2024-09-14-at-11.47.24_2024-09-14_14-47-50_jpeg_2024-09-14_14-47-50.webp.webp?fit=1200%2C675&ssl=1&resize=350%2C200 1x, https:\/\/i0.wp.com\/noticiasribeiraopreto.com.br\/wp-content\/uploads\/2024\/09\/WhatsApp-Image-2024-09-14-at-11.47.24_2024-09-14_14-47-50_jpeg_2024-09-14_14-47-50.webp.webp?fit=1200%2C675&ssl=1&resize=525%2C300 1.5x, https:\/\/i0.wp.com\/noticiasribeiraopreto.com.br\/wp-content\/uploads\/2024\/09\/WhatsApp-Image-2024-09-14-at-11.47.24_2024-09-14_14-47-50_jpeg_2024-09-14_14-47-50.webp.webp?fit=1200%2C675&ssl=1&resize=700%2C400 2x, https:\/\/i0.wp.com\/noticiasribeiraopreto.com.br\/wp-content\/uploads\/2024\/09\/WhatsApp-Image-2024-09-14-at-11.47.24_2024-09-14_14-47-50_jpeg_2024-09-14_14-47-50.webp.webp?fit=1200%2C675&ssl=1&resize=1050%2C600 3x"},"classes":[]}],"jetpack_sharing_enabled":true,"jetpack_shortlink":"https:\/\/wp.me\/peQAOb-bYG","_links":{"self":[{"href":"https:\/\/noticiasribeiraopreto.com.br\/index.php\/wp-json\/wp\/v2\/posts\/46046","targetHints":{"allow":["GET"]}}],"collection":[{"href":"https:\/\/noticiasribeiraopreto.com.br\/index.php\/wp-json\/wp\/v2\/posts"}],"about":[{"href":"https:\/\/noticiasribeiraopreto.com.br\/index.php\/wp-json\/wp\/v2\/types\/post"}],"author":[{"embeddable":true,"href":"https:\/\/noticiasribeiraopreto.com.br\/index.php\/wp-json\/wp\/v2\/users\/1"}],"replies":[{"embeddable":true,"href":"https:\/\/noticiasribeiraopreto.com.br\/index.php\/wp-json\/wp\/v2\/comments?post=46046"}],"version-history":[{"count":0,"href":"https:\/\/noticiasribeiraopreto.com.br\/index.php\/wp-json\/wp\/v2\/posts\/46046\/revisions"}],"wp:featuredmedia":[{"embeddable":true,"href":"https:\/\/noticiasribeiraopreto.com.br\/index.php\/wp-json\/wp\/v2\/media\/46047"}],"wp:attachment":[{"href":"https:\/\/noticiasribeiraopreto.com.br\/index.php\/wp-json\/wp\/v2\/media?parent=46046"}],"wp:term":[{"taxonomy":"category","embeddable":true,"href":"https:\/\/noticiasribeiraopreto.com.br\/index.php\/wp-json\/wp\/v2\/categories?post=46046"},{"taxonomy":"post_tag","embeddable":true,"href":"https:\/\/noticiasribeiraopreto.com.br\/index.php\/wp-json\/wp\/v2\/tags?post=46046"}],"curies":[{"name":"wp","href":"https:\/\/api.w.org\/{rel}","templated":true}]}}