{"id":46052,"date":"2024-04-09T13:16:00","date_gmt":"2024-04-09T16:16:00","guid":{"rendered":"https:\/\/noticiasribeiraopreto.com.br\/index.php\/2024\/04\/09\/peca-teatral-de-perto-ninguem-e-normal-chega-a-ribeirao-preto-entrada-e-de-graca\/"},"modified":"2024-04-09T13:16:00","modified_gmt":"2024-04-09T16:16:00","slug":"peca-teatral-de-perto-ninguem-e-normal-chega-a-ribeirao-preto-entrada-e-de-graca","status":"publish","type":"post","link":"https:\/\/noticiasribeiraopreto.com.br\/index.php\/2024\/04\/09\/peca-teatral-de-perto-ninguem-e-normal-chega-a-ribeirao-preto-entrada-e-de-graca\/","title":{"rendered":"Pe\u00e7a teatral \u2018De Perto Ningu\u00e9m \u00e9 Normal\u2019 chega a Ribeir\u00e3o Preto; Entrada \u00e9 de gra\u00e7a"},"content":{"rendered":"<div class='code-block code-block-1' style='margin: 8px 0 8px auto; text-align: right; display: block; clear: both;'>\n<p><a href=\"https:\/\/wa.link\/vpicfd\"><img data-recalc-dims=\"1\" class=\"wp-image-4922\" style=\"aspect-ratio: 2.0253164556962027; width: 561px; height: auto;\" src=\"https:\/\/i0.wp.com\/ismaelcolosi.com.br\/wp-content\/uploads\/2023\/11\/grupo-de-empregos-whatsapp-e-facebook-ismael-colosi-vagas.jpg?ssl=1\" alt=\"\" \/><\/a><\/p>\n<!-- \/wp:image -->\n<\/div>\n<p> <br \/>\n<\/p>\n<div data-td-block-uid=\"tdi_101\">\n<div class=\"tdb-block-inner td-fix-index\">\n<p>A pe\u00e7a teatral <strong>\u201cDe Perto Ningu\u00e9m \u00e9 Normal\u201d<\/strong> chega a <strong>Ribeir\u00e3o Preto<\/strong> nesta<strong> sexta-feira<\/strong> (12), com mais cinco datas confirmadas para as apresenta\u00e7\u00f5es do espet\u00e1culo <strong>(veja abaixo)<\/strong>. A <strong>com\u00e9dia<\/strong> acontece no <strong>teatro <\/strong>do <strong>Sesi<\/strong>.<\/p>\n<p>Mesmo com <strong>entrada de gra\u00e7a<\/strong>, a retirada dos ingressos devem ser pelo <strong><a href=\"https:\/\/acesso.sesisp.org.br\/Account\/Login?ReturnUrl=%2Fconnect%2Fauthorize%2Fcallback%3Fclient_id%3Dmvc.sesi.org.br%26redirect_uri%3Dhttps%253A%252F%252Fwww.sesisp.org.br%252Fsignin-oidc%26response_type%3Dcode%2520id_token%26scope%3Dopenid%2520profile%2520api.portal.evento%2520SesiUser%26response_mode%3Dform_post%26nonce%3D638482757406345838.ZTQxZTVjZTktZjdmOC00NjVhLWJjM2MtZDIyM2Y1OTk3YTQwZjBkNjAzN2ItN2VmZC00YzM3LWJhNzQtMGNkMGUwZjE3M2Jj%26state%3DCfDJ8FM13tydC_dFgfTzZPR2JyBSLgyPlbdkBymgCiBWlMB88XC2JQfl4j7gn3dG_zk1WPfM---keKv-qQpRm3YwOCz7wN6kxEKWClmz8hPEYQO6Ni0UVtt86ruueF3SWTQZKKL1-PLPg15bmskNb5R4jrnhmXuQoioslRHlJA0q5ndW4PuHKuAx5abG5gz4onU5S0oJg6YlqDBxINdwkQzGylFaIE3hwqFrJnJzECSD9FYNK501cAI1XBpFBJOMXi_Km8qO37Y2cOFjX1I0Co-0Akwft8oC9Ud-opLhhU-zG2LJMbAkoLsddn3EQXAhRsVGag%26x-client-SKU%3DID_NETSTANDARD2_0%26x-client-ver%3D5.5.0.0\" target=\"_blank\" rel=\"noreferrer noopener nofollow\">site do Sesi \/ Meu Sesi<\/a><\/strong>.<\/p>\n<h4 class=\"wp-block-heading\"><strong>Sobre a pe\u00e7a<\/strong><\/h4>\n<p>O elenco da pe\u00e7a tem 11 artistas cariocas e paulistanos que levam ao palco as confus\u00f5es de um grupo de teatro \u00e0s v\u00e9speras da estreia.<\/p>\n<p>Durante o espet\u00e1culo, o p\u00fablico vai ver a saga de uma companhia teatral na noite de estreia do novo espet\u00e1culo, sem ter realizado um ensaio completo. O caos e o nervosismo tomam conta do elenco quando percebem que o tempo est\u00e1 se esgotando. Com essa viv\u00eancia, o p\u00fablico poder\u00e1 se divertir com erros e acertos dos ensaios de uma Cia. Que n\u00e3o consegue realizar um \u201censaio geral\u201d e corrigir a tempo os contratempos t\u00e9cnicos.<\/p>\n<h4 class=\"wp-block-heading\"><strong>Servi\u00e7o:<\/strong><\/h4>\n<p><strong>\u201cDe Perto Ningu\u00e9m \u00e9 Normal\u201d<\/strong><\/p>\n<p><strong>Dias:<\/strong> 12, 13, 14, 19, 20 e 21\/04 \u2013 de sexta a domingo<br \/><strong>Hor\u00e1rio:<\/strong> 19h<br \/><strong>Local:<\/strong> Teatro Sesi \u2013 rua: Jo\u00e3o Ignacchitti, s\/n\u00ba \u2013 Jardim Castelo Branco<br \/><strong>Classifica\u00e7\u00e3o:<\/strong> 14 anos<br \/><strong>Entrada gratuita<\/strong> com retirada dos ingressos pelo<strong><a href=\"https:\/\/acesso.sesisp.org.br\/Account\/Login?ReturnUrl=%2Fconnect%2Fauthorize%2Fcallback%3Fclient_id%3Dmvc.sesi.org.br%26redirect_uri%3Dhttps%253A%252F%252Fwww.sesisp.org.br%252Fsignin-oidc%26response_type%3Dcode%2520id_token%26scope%3Dopenid%2520profile%2520api.portal.evento%2520SesiUser%26response_mode%3Dform_post%26nonce%3D638482757406345838.ZTQxZTVjZTktZjdmOC00NjVhLWJjM2MtZDIyM2Y1OTk3YTQwZjBkNjAzN2ItN2VmZC00YzM3LWJhNzQtMGNkMGUwZjE3M2Jj%26state%3DCfDJ8FM13tydC_dFgfTzZPR2JyBSLgyPlbdkBymgCiBWlMB88XC2JQfl4j7gn3dG_zk1WPfM---keKv-qQpRm3YwOCz7wN6kxEKWClmz8hPEYQO6Ni0UVtt86ruueF3SWTQZKKL1-PLPg15bmskNb5R4jrnhmXuQoioslRHlJA0q5ndW4PuHKuAx5abG5gz4onU5S0oJg6YlqDBxINdwkQzGylFaIE3hwqFrJnJzECSD9FYNK501cAI1XBpFBJOMXi_Km8qO37Y2cOFjX1I0Co-0Akwft8oC9Ud-opLhhU-zG2LJMbAkoLsddn3EQXAhRsVGag%26x-client-SKU%3DID_NETSTANDARD2_0%26x-client-ver%3D5.5.0.0\" target=\"_blank\" rel=\"noreferrer noopener nofollow\"> site Meu Sesi<\/a><\/strong><\/p>\n<p>SAIBA MAIS <\/p>\n<p>Justi\u00e7a marca audi\u00eancia sobre caso de mulher morta ao sair de bar em Ribeir\u00e3o Preto<\/p>\n<h4 class=\"wp-block-heading\"><strong>FIQUE ON<\/strong><\/h4>\n<p>Fique ligado em tudo que acontece em Ribeir\u00e3o Preto e regi\u00e3o. Siga os perfis do\u00a0<strong>acidade on\u00a0<\/strong>no\u00a0<a href=\"https:\/\/www.instagram.com\/acidadeonribeirao\" target=\"_blank\" rel=\"noreferrer noopener\">Instagram<\/a>\u00a0e no\u00a0<a href=\"https:\/\/www.facebook.com\/acidadeonribeirao\" target=\"_blank\" rel=\"noreferrer noopener\">Facebook<\/a>.<\/p>\n<p>Receba not\u00edcias do acidade on no WhatsApp. Para entrar no grupo, basta\u00a0<a href=\"https:\/\/chat.whatsapp.com\/GFH9HUMUTHNFJdnyEd0xxq\" target=\"_blank\" rel=\"noreferrer noopener\">clicar aqui<\/a>.<\/p>\n<p>Fa\u00e7a uma den\u00fancia ou sugira uma reportagem sobre Ribeir\u00e3o Preto e regi\u00e3o pelo WhatsApp: 16 99117 7802.<\/p>\n<p>VEJA TAMB\u00c9M<br \/>Por que Davi e Beatriz discutiram?<\/p>\n<p><!-- AI CONTENT END 1 -->\n<\/div>\n<\/div>\n<p><script async src=\"\/\/www.instagram.com\/embed.js\"><\/script><br \/>\n<br \/><br \/>\n<br \/><a href=\"https:\/\/www.acidadeon.com\/ribeiraopreto\/lazer-e-cultura\/peca-teatral-de-perto-ninguem-e-normal-chega-a-ribeirao-preto-entrada-e-de-graca\/\">Source link <\/a><\/p>\n<!-- CONTENT END 1 -->\n","protected":false},"excerpt":{"rendered":"<p>A pe\u00e7a teatral \u201cDe Perto Ningu\u00e9m \u00e9 Normal\u201d chega a Ribeir\u00e3o Preto nesta sexta-feira (12), com mais cinco datas confirmadas para as apresenta\u00e7\u00f5es do espet\u00e1culo&#8230;<\/p>\n","protected":false},"author":1,"featured_media":46053,"comment_status":"open","ping_status":"open","sticky":false,"template":"","format":"standard","meta":{"advanced_seo_description":"","jetpack_seo_html_title":"","jetpack_seo_noindex":false,"jetpack_post_was_ever_published":false,"_jetpack_newsletter_access":"","_jetpack_dont_email_post_to_subs":false,"_jetpack_newsletter_tier_id":0,"_jetpack_memberships_contains_paywalled_content":false,"_jetpack_memberships_contains_paid_content":false,"footnotes":"","jetpack_publicize_message":"","jetpack_publicize_feature_enabled":true,"jetpack_social_post_already_shared":true,"jetpack_social_options":{"image_generator_settings":{"template":"highway","default_image_id":0,"font":"","enabled":false},"version":2}},"categories":[11],"tags":[],"class_list":["post-46052","post","type-post","status-publish","format-standard","has-post-thumbnail","hentry","category-noticias-de-ribeirao-preto-sp-e-regiao-ismael-colosi"],"jetpack_publicize_connections":[],"jetpack_featured_media_url":"https:\/\/i0.wp.com\/noticiasribeiraopreto.com.br\/wp-content\/uploads\/2024\/04\/Copia-de-Copia-de-TAMANHO-EXATO-PARA-FOTOS-NO-SISTEMA-NOVO-8-1.jpg?fit=1200%2C675&ssl=1","jetpack-related-posts":[{"id":46082,"url":"https:\/\/noticiasribeiraopreto.com.br\/index.php\/2024\/04\/09\/abril-tera-chuva-de-meteoros-saiba-como-observar-o-fenomeno\/","url_meta":{"origin":46052,"position":0},"title":"Abril ter\u00e1 chuva de meteoros; Saiba como observar o fen\u00f4meno","author":"noticiasribeiraopreto.com.br","date":"9 de April de 2024","format":false,"excerpt":"J\u00e1 que n\u00e3o foi poss\u00edvel observar o eclipse total do Sol no Brasil, abril ainda reserva a possibilidade de observamos uma chuva de meteoros a partir da metade do m\u00eas. A chuva de meteoros L\u00edridas acontece entre os dias 16 e 25 de abril, com pico previsto para a madrugada\u2026","rel":"","context":"In &quot;Not\u00edcias de Ribeir\u00e3o Preto-SP e Regi\u00e3o&quot;","block_context":{"text":"Not\u00edcias de Ribeir\u00e3o Preto-SP e Regi\u00e3o","link":"https:\/\/noticiasribeiraopreto.com.br\/index.php\/category\/noticias-de-ribeirao-preto-sp-e-regiao-ismael-colosi\/"},"img":{"alt_text":"","src":"https:\/\/i0.wp.com\/noticiasribeiraopreto.com.br\/wp-content\/uploads\/2024\/04\/meteor-shower-2018-3876718_1280.jpg?fit=1200%2C816&ssl=1&resize=350%2C200","width":350,"height":200,"srcset":"https:\/\/i0.wp.com\/noticiasribeiraopreto.com.br\/wp-content\/uploads\/2024\/04\/meteor-shower-2018-3876718_1280.jpg?fit=1200%2C816&ssl=1&resize=350%2C200 1x, https:\/\/i0.wp.com\/noticiasribeiraopreto.com.br\/wp-content\/uploads\/2024\/04\/meteor-shower-2018-3876718_1280.jpg?fit=1200%2C816&ssl=1&resize=525%2C300 1.5x, https:\/\/i0.wp.com\/noticiasribeiraopreto.com.br\/wp-content\/uploads\/2024\/04\/meteor-shower-2018-3876718_1280.jpg?fit=1200%2C816&ssl=1&resize=700%2C400 2x, https:\/\/i0.wp.com\/noticiasribeiraopreto.com.br\/wp-content\/uploads\/2024\/04\/meteor-shower-2018-3876718_1280.jpg?fit=1200%2C816&ssl=1&resize=1050%2C600 3x"},"classes":[]},{"id":55387,"url":"https:\/\/noticiasribeiraopreto.com.br\/index.php\/2024\/08\/01\/feira-do-livro-de-ribeirao-preto-recebe-peca-teatral-gratuita-sobre-sustentabilidade\/","url_meta":{"origin":46052,"position":1},"title":"Feira do Livro de Ribeir\u00e3o Preto recebe pe\u00e7a teatral gratuita sobre sustentabilidade","author":"noticiasribeiraopreto.com.br","date":"1 de August de 2024","format":false,"excerpt":"A 23\u00aa Feira Internacional do Livro de Ribeir\u00e3o Preto, que come\u00e7ou nesta quinta-feira (1) e tem na programa\u00e7\u00e3o mais de 400 atividades gratuitas recebe a pe\u00e7a teatral \u201cO Rastro do Meu Passo\u201d, projeto que une sustentabilidade, inclus\u00e3o e ocupa\u00e7\u00e3o urbana. A apresenta\u00e7\u00e3o acontece neste domingo (4), \u00e0s 10h, no Espa\u00e7o\u2026","rel":"","context":"In &quot;Not\u00edcias de Ribeir\u00e3o Preto-SP e Regi\u00e3o&quot;","block_context":{"text":"Not\u00edcias de Ribeir\u00e3o Preto-SP e Regi\u00e3o","link":"https:\/\/noticiasribeiraopreto.com.br\/index.php\/category\/noticias-de-ribeirao-preto-sp-e-regiao-ismael-colosi\/"},"img":{"alt_text":"","src":"https:\/\/i0.wp.com\/noticiasribeiraopreto.com.br\/wp-content\/uploads\/2024\/08\/Copia-de-Copia-de-TAMANHO-EXATO-PARA-FOTOS-NO-SISTEMA-NOVO-23_2024-08-01_12-57-13_jpg_2024-08-01_12-57-13.webp.webp?fit=1200%2C675&ssl=1&resize=350%2C200","width":350,"height":200,"srcset":"https:\/\/i0.wp.com\/noticiasribeiraopreto.com.br\/wp-content\/uploads\/2024\/08\/Copia-de-Copia-de-TAMANHO-EXATO-PARA-FOTOS-NO-SISTEMA-NOVO-23_2024-08-01_12-57-13_jpg_2024-08-01_12-57-13.webp.webp?fit=1200%2C675&ssl=1&resize=350%2C200 1x, https:\/\/i0.wp.com\/noticiasribeiraopreto.com.br\/wp-content\/uploads\/2024\/08\/Copia-de-Copia-de-TAMANHO-EXATO-PARA-FOTOS-NO-SISTEMA-NOVO-23_2024-08-01_12-57-13_jpg_2024-08-01_12-57-13.webp.webp?fit=1200%2C675&ssl=1&resize=525%2C300 1.5x, https:\/\/i0.wp.com\/noticiasribeiraopreto.com.br\/wp-content\/uploads\/2024\/08\/Copia-de-Copia-de-TAMANHO-EXATO-PARA-FOTOS-NO-SISTEMA-NOVO-23_2024-08-01_12-57-13_jpg_2024-08-01_12-57-13.webp.webp?fit=1200%2C675&ssl=1&resize=700%2C400 2x, https:\/\/i0.wp.com\/noticiasribeiraopreto.com.br\/wp-content\/uploads\/2024\/08\/Copia-de-Copia-de-TAMANHO-EXATO-PARA-FOTOS-NO-SISTEMA-NOVO-23_2024-08-01_12-57-13_jpg_2024-08-01_12-57-13.webp.webp?fit=1200%2C675&ssl=1&resize=1050%2C600 3x"},"classes":[]},{"id":41823,"url":"https:\/\/noticiasribeiraopreto.com.br\/index.php\/2024\/03\/11\/zona-norte-de-ribeirao-recebe-apresentacao-teatral-gratuita-saiba-como-assistir\/","url_meta":{"origin":46052,"position":2},"title":"Zona Norte de Ribeir\u00e3o recebe apresenta\u00e7\u00e3o teatral gratuita; Saiba como assistir","author":"noticiasribeiraopreto.com.br","date":"11 de March de 2024","format":false,"excerpt":"Nesta semana, nos dias 13, 14 e 15 de mar\u00e7o, alunos do ensino m\u00e9dio de duas escolas estaduais do Quintino Facci II, na zona Norte de Ribeir\u00e3o Preto, e o p\u00fablico em geral poder\u00e3o assistir a pe\u00e7a \u201cAnDan\u00e7a da Morte e dUmZ\u00e9\u201d, do grupo teatral ApanelA. A apresenta\u00e7\u00e3o tem classifica\u00e7\u00e3o\u2026","rel":"","context":"In &quot;Not\u00edcias de Ribeir\u00e3o Preto-SP e Regi\u00e3o&quot;","block_context":{"text":"Not\u00edcias de Ribeir\u00e3o Preto-SP e Regi\u00e3o","link":"https:\/\/noticiasribeiraopreto.com.br\/index.php\/category\/noticias-de-ribeirao-preto-sp-e-regiao-ismael-colosi\/"},"img":{"alt_text":"","src":"https:\/\/i0.wp.com\/noticiasribeiraopreto.com.br\/wp-content\/uploads\/2024\/03\/Copia-de-Copia-de-TAMANHO-EXATO-PARA-FOTOS-NO-SISTEMA-NOVO-4-1.jpg?fit=1200%2C675&ssl=1&resize=350%2C200","width":350,"height":200,"srcset":"https:\/\/i0.wp.com\/noticiasribeiraopreto.com.br\/wp-content\/uploads\/2024\/03\/Copia-de-Copia-de-TAMANHO-EXATO-PARA-FOTOS-NO-SISTEMA-NOVO-4-1.jpg?fit=1200%2C675&ssl=1&resize=350%2C200 1x, https:\/\/i0.wp.com\/noticiasribeiraopreto.com.br\/wp-content\/uploads\/2024\/03\/Copia-de-Copia-de-TAMANHO-EXATO-PARA-FOTOS-NO-SISTEMA-NOVO-4-1.jpg?fit=1200%2C675&ssl=1&resize=525%2C300 1.5x, https:\/\/i0.wp.com\/noticiasribeiraopreto.com.br\/wp-content\/uploads\/2024\/03\/Copia-de-Copia-de-TAMANHO-EXATO-PARA-FOTOS-NO-SISTEMA-NOVO-4-1.jpg?fit=1200%2C675&ssl=1&resize=700%2C400 2x, https:\/\/i0.wp.com\/noticiasribeiraopreto.com.br\/wp-content\/uploads\/2024\/03\/Copia-de-Copia-de-TAMANHO-EXATO-PARA-FOTOS-NO-SISTEMA-NOVO-4-1.jpg?fit=1200%2C675&ssl=1&resize=1050%2C600 3x"},"classes":[]},{"id":60367,"url":"https:\/\/noticiasribeiraopreto.com.br\/index.php\/2024\/11\/12\/sesi-ribeirao-preto-recebe-peca-doroteia-nesta-semana\/","url_meta":{"origin":46052,"position":3},"title":"Sesi Ribeir\u00e3o Preto recebe pe\u00e7a \u2018Dorot\u00e9ia\u2019 nesta semana","author":"noticiasribeiraopreto.com.br","date":"12 de November de 2024","format":false,"excerpt":"A pe\u00e7a teatral consagrada \u201cDorot\u00e9ia\u201d chega ao palco do Centro Cultural Sesi Ribeir\u00e3o Preto nesta quarta-feira (13), \u00e0s 20h. A apresenta\u00e7\u00e3o \u00e9 gratuita e aberta ao p\u00fablico. O texto de Nelson Rodrigues ser\u00e1 apresentado pelo Grupo F\u00f3cu de Teatro. O enredo conta a hist\u00f3ria de uma prostituta, de beleza incompar\u00e1vel,\u2026","rel":"","context":"In &quot;Not\u00edcias de Ribeir\u00e3o Preto-SP e Regi\u00e3o&quot;","block_context":{"text":"Not\u00edcias de Ribeir\u00e3o Preto-SP e Regi\u00e3o","link":"https:\/\/noticiasribeiraopreto.com.br\/index.php\/category\/noticias-de-ribeirao-preto-sp-e-regiao-ismael-colosi\/"},"img":{"alt_text":"","src":"https:\/\/i0.wp.com\/noticiasribeiraopreto.com.br\/wp-content\/uploads\/2024\/11\/Copia-de-Copia-de-Copia-de-TAMANHO-EXATO-PARA-FOTOS-NO-SISTEMA-NOVO-29_2024-11-12_12-49-32_jpg_2024-11-12_12-49-32.webp.webp?fit=1200%2C675&ssl=1&resize=350%2C200","width":350,"height":200,"srcset":"https:\/\/i0.wp.com\/noticiasribeiraopreto.com.br\/wp-content\/uploads\/2024\/11\/Copia-de-Copia-de-Copia-de-TAMANHO-EXATO-PARA-FOTOS-NO-SISTEMA-NOVO-29_2024-11-12_12-49-32_jpg_2024-11-12_12-49-32.webp.webp?fit=1200%2C675&ssl=1&resize=350%2C200 1x, https:\/\/i0.wp.com\/noticiasribeiraopreto.com.br\/wp-content\/uploads\/2024\/11\/Copia-de-Copia-de-Copia-de-TAMANHO-EXATO-PARA-FOTOS-NO-SISTEMA-NOVO-29_2024-11-12_12-49-32_jpg_2024-11-12_12-49-32.webp.webp?fit=1200%2C675&ssl=1&resize=525%2C300 1.5x, https:\/\/i0.wp.com\/noticiasribeiraopreto.com.br\/wp-content\/uploads\/2024\/11\/Copia-de-Copia-de-Copia-de-TAMANHO-EXATO-PARA-FOTOS-NO-SISTEMA-NOVO-29_2024-11-12_12-49-32_jpg_2024-11-12_12-49-32.webp.webp?fit=1200%2C675&ssl=1&resize=700%2C400 2x, https:\/\/i0.wp.com\/noticiasribeiraopreto.com.br\/wp-content\/uploads\/2024\/11\/Copia-de-Copia-de-Copia-de-TAMANHO-EXATO-PARA-FOTOS-NO-SISTEMA-NOVO-29_2024-11-12_12-49-32_jpg_2024-11-12_12-49-32.webp.webp?fit=1200%2C675&ssl=1&resize=1050%2C600 3x"},"classes":[]},{"id":66474,"url":"https:\/\/noticiasribeiraopreto.com.br\/index.php\/2025\/04\/01\/ribeirao-preto-recebe-espetaculo-cavalos-pretos-sao-imensos-entrada-e-gratuita\/","url_meta":{"origin":46052,"position":4},"title":"Ribeir\u00e3o Preto recebe espet\u00e1culo \u2018Cavalos Pretos S\u00e3o Imensos\u2019; Entrada \u00e9 gratuita","author":"noticiasribeiraopreto.com.br","date":"1 de April de 2025","format":false,"excerpt":"O espet\u00e1culo teatral \u201cCavalos Pretos S\u00e3o Imensos\u201d chega a Ribeir\u00e3o Preto para duas apresenta\u00e7\u00f5es no Teatro do Campus da USP Ribeir\u00e3o Preto, nos dias 12 e 13 de abril. A pe\u00e7a \u00e9 um retrato da realidade do encarceramento feminino no Brasil. Com dire\u00e7\u00e3o de Tha\u00eds Dias, o espet\u00e1culo mergulha nas\u2026","rel":"","context":"In &quot;Not\u00edcias de Ribeir\u00e3o Preto-SP e Regi\u00e3o&quot;","block_context":{"text":"Not\u00edcias de Ribeir\u00e3o Preto-SP e Regi\u00e3o","link":"https:\/\/noticiasribeiraopreto.com.br\/index.php\/category\/noticias-de-ribeirao-preto-sp-e-regiao-ismael-colosi\/"},"img":{"alt_text":"","src":"https:\/\/i0.wp.com\/noticiasribeiraopreto.com.br\/wp-content\/uploads\/2025\/04\/8027972f-6616-423d-b95e-915b55c1d1ce_2025-04-01_14-13-34_jpg_2025-04-01_14-13-35-scaled.webp.webp?fit=1200%2C800&ssl=1&resize=350%2C200","width":350,"height":200,"srcset":"https:\/\/i0.wp.com\/noticiasribeiraopreto.com.br\/wp-content\/uploads\/2025\/04\/8027972f-6616-423d-b95e-915b55c1d1ce_2025-04-01_14-13-34_jpg_2025-04-01_14-13-35-scaled.webp.webp?fit=1200%2C800&ssl=1&resize=350%2C200 1x, https:\/\/i0.wp.com\/noticiasribeiraopreto.com.br\/wp-content\/uploads\/2025\/04\/8027972f-6616-423d-b95e-915b55c1d1ce_2025-04-01_14-13-34_jpg_2025-04-01_14-13-35-scaled.webp.webp?fit=1200%2C800&ssl=1&resize=525%2C300 1.5x, https:\/\/i0.wp.com\/noticiasribeiraopreto.com.br\/wp-content\/uploads\/2025\/04\/8027972f-6616-423d-b95e-915b55c1d1ce_2025-04-01_14-13-34_jpg_2025-04-01_14-13-35-scaled.webp.webp?fit=1200%2C800&ssl=1&resize=700%2C400 2x, https:\/\/i0.wp.com\/noticiasribeiraopreto.com.br\/wp-content\/uploads\/2025\/04\/8027972f-6616-423d-b95e-915b55c1d1ce_2025-04-01_14-13-34_jpg_2025-04-01_14-13-35-scaled.webp.webp?fit=1200%2C800&ssl=1&resize=1050%2C600 3x"},"classes":[]},{"id":60455,"url":"https:\/\/noticiasribeiraopreto.com.br\/index.php\/2024\/11\/14\/peca-divertida-mente-2-chega-a-ribeirao-preto-neste-fim-de-semana\/","url_meta":{"origin":46052,"position":5},"title":"Pe\u00e7a \u2018Divertida Mente 2\u2019 chega a Ribeir\u00e3o Preto neste fim de semana","author":"noticiasribeiraopreto.com.br","date":"14 de November de 2024","format":false,"excerpt":"Neste domingo (17), Ribeir\u00e3o Preto recebe a pe\u00e7a \u201cDivertida Mente 2\u201d, no Teatro Marista, com duas sess\u00f5es, \u00e0s 15h30 e \u00e0s 17h30. O espet\u00e1culo ainda conta com ingressos dispon\u00edveis \u00e0 venda \u2013 veja mais abaixo. A pe\u00e7a inspirada no filme da Disney Pixar se passa na cabe\u00e7a de Riley, que\u2026","rel":"","context":"In &quot;Not\u00edcias de Ribeir\u00e3o Preto-SP e Regi\u00e3o&quot;","block_context":{"text":"Not\u00edcias de Ribeir\u00e3o Preto-SP e Regi\u00e3o","link":"https:\/\/noticiasribeiraopreto.com.br\/index.php\/category\/noticias-de-ribeirao-preto-sp-e-regiao-ismael-colosi\/"},"img":{"alt_text":"","src":"https:\/\/i0.wp.com\/noticiasribeiraopreto.com.br\/wp-content\/uploads\/2024\/11\/Copia-de-Copia-de-Copia-de-TAMANHO-EXATO-PARA-FOTOS-NO-SISTEMA-NOVO-31_2024-11-14_14-02-00_jpg_2024-11-14_14-02-00.webp.webp?fit=1200%2C675&ssl=1&resize=350%2C200","width":350,"height":200,"srcset":"https:\/\/i0.wp.com\/noticiasribeiraopreto.com.br\/wp-content\/uploads\/2024\/11\/Copia-de-Copia-de-Copia-de-TAMANHO-EXATO-PARA-FOTOS-NO-SISTEMA-NOVO-31_2024-11-14_14-02-00_jpg_2024-11-14_14-02-00.webp.webp?fit=1200%2C675&ssl=1&resize=350%2C200 1x, https:\/\/i0.wp.com\/noticiasribeiraopreto.com.br\/wp-content\/uploads\/2024\/11\/Copia-de-Copia-de-Copia-de-TAMANHO-EXATO-PARA-FOTOS-NO-SISTEMA-NOVO-31_2024-11-14_14-02-00_jpg_2024-11-14_14-02-00.webp.webp?fit=1200%2C675&ssl=1&resize=525%2C300 1.5x, https:\/\/i0.wp.com\/noticiasribeiraopreto.com.br\/wp-content\/uploads\/2024\/11\/Copia-de-Copia-de-Copia-de-TAMANHO-EXATO-PARA-FOTOS-NO-SISTEMA-NOVO-31_2024-11-14_14-02-00_jpg_2024-11-14_14-02-00.webp.webp?fit=1200%2C675&ssl=1&resize=700%2C400 2x, https:\/\/i0.wp.com\/noticiasribeiraopreto.com.br\/wp-content\/uploads\/2024\/11\/Copia-de-Copia-de-Copia-de-TAMANHO-EXATO-PARA-FOTOS-NO-SISTEMA-NOVO-31_2024-11-14_14-02-00_jpg_2024-11-14_14-02-00.webp.webp?fit=1200%2C675&ssl=1&resize=1050%2C600 3x"},"classes":[]}],"jetpack_sharing_enabled":true,"jetpack_shortlink":"https:\/\/wp.me\/peQAOb-bYM","_links":{"self":[{"href":"https:\/\/noticiasribeiraopreto.com.br\/index.php\/wp-json\/wp\/v2\/posts\/46052","targetHints":{"allow":["GET"]}}],"collection":[{"href":"https:\/\/noticiasribeiraopreto.com.br\/index.php\/wp-json\/wp\/v2\/posts"}],"about":[{"href":"https:\/\/noticiasribeiraopreto.com.br\/index.php\/wp-json\/wp\/v2\/types\/post"}],"author":[{"embeddable":true,"href":"https:\/\/noticiasribeiraopreto.com.br\/index.php\/wp-json\/wp\/v2\/users\/1"}],"replies":[{"embeddable":true,"href":"https:\/\/noticiasribeiraopreto.com.br\/index.php\/wp-json\/wp\/v2\/comments?post=46052"}],"version-history":[{"count":0,"href":"https:\/\/noticiasribeiraopreto.com.br\/index.php\/wp-json\/wp\/v2\/posts\/46052\/revisions"}],"wp:featuredmedia":[{"embeddable":true,"href":"https:\/\/noticiasribeiraopreto.com.br\/index.php\/wp-json\/wp\/v2\/media\/46053"}],"wp:attachment":[{"href":"https:\/\/noticiasribeiraopreto.com.br\/index.php\/wp-json\/wp\/v2\/media?parent=46052"}],"wp:term":[{"taxonomy":"category","embeddable":true,"href":"https:\/\/noticiasribeiraopreto.com.br\/index.php\/wp-json\/wp\/v2\/categories?post=46052"},{"taxonomy":"post_tag","embeddable":true,"href":"https:\/\/noticiasribeiraopreto.com.br\/index.php\/wp-json\/wp\/v2\/tags?post=46052"}],"curies":[{"name":"wp","href":"https:\/\/api.w.org\/{rel}","templated":true}]}}