{"id":46103,"date":"2024-04-09T16:55:16","date_gmt":"2024-04-09T19:55:16","guid":{"rendered":"https:\/\/noticiasribeiraopreto.com.br\/index.php\/2024\/04\/09\/vanessa-da-mata-chega-a-sao-paulo-com-a-turne-de-vem-doce\/"},"modified":"2024-04-09T16:55:16","modified_gmt":"2024-04-09T19:55:16","slug":"vanessa-da-mata-chega-a-sao-paulo-com-a-turne-de-vem-doce","status":"publish","type":"post","link":"https:\/\/noticiasribeiraopreto.com.br\/index.php\/2024\/04\/09\/vanessa-da-mata-chega-a-sao-paulo-com-a-turne-de-vem-doce\/","title":{"rendered":"Vanessa da Mata chega a S\u00e3o Paulo com a turn\u00ea de &#8220;Vem Doce&#8221;"},"content":{"rendered":"<div class='code-block code-block-1' style='margin: 8px 0 8px auto; text-align: right; display: block; clear: both;'>\n<p><a href=\"https:\/\/wa.link\/vpicfd\"><img data-recalc-dims=\"1\" class=\"wp-image-4922\" style=\"aspect-ratio: 2.0253164556962027; width: 561px; height: auto;\" src=\"https:\/\/i0.wp.com\/ismaelcolosi.com.br\/wp-content\/uploads\/2023\/11\/grupo-de-empregos-whatsapp-e-facebook-ismael-colosi-vagas.jpg?ssl=1\" alt=\"\" \/><\/a><\/p>\n<!-- \/wp:image -->\n<\/div>\n<p> <br \/>\n<\/p>\n<div>\n<h3 class=\"fn__maintitle\"><span>Vanessa da Mata chega a S\u00e3o Paulo com a turn\u00ea de \u201cVem Doce\u201d<\/span><\/h3>\n<\/div>\n<div>\n<p><i>Celebrando 20 anos de carreira, a artista apresenta no Tokio Marine Hall\u00a0<\/i><i>o \u00e1lbum indicado ao Grammy Latino, al\u00e9m de seus grandes sucessos<\/i><\/p>\n<p>Vanessa da Mata retorna a S\u00e3o Paulo para levar a turn\u00ea de \u201cVem Doce\u201d e celebrar seus 20 anos de carreira. O \u00e1lbum \u00e9 sucesso de p\u00fablico e cr\u00edtica, sendo indicado ao Grammy Latino na categoria Melhor \u00e1lbum de m\u00fasica popular brasileira e no s\u00e1bado, 27 de abril, a artista sobe ao palco do Tokio Marine Hall para exibir seu novo trabalho e cantar sucessos que marcaram gera\u00e7\u00f5es.<\/p>\n<p>Dividido em tr\u00eas atos, o novo show tem dire\u00e7\u00e3o assinada por Jorge Farjalla e apresenta a artista revisitando sua trajet\u00f3ria pessoal e musical. Vanessa une as novas can\u00e7\u00f5es aos t\u00edtulos cl\u00e1ssicos de sua carreira, agora reimaginados para o contexto criativo do projeto. Cada um dos atos conta com um cen\u00e1rio diferente, inspirados por grandes nomes do modernismo brasileiro, como Oswald de Andrade, Lina Bo Bardi, H\u00e9lio Eichbauer, entre tantos outros.<\/p>\n<p>\u201cVem Doce\u201d oferece a potente voz da artista ao lado de sua talentosa banda em um espet\u00e1culo que une elementos de grandes g\u00eaneros da m\u00fasica e da cultura brasileira. O \u00e1lbum possui 13 faixas in\u00e9ditas e contempla diferentes g\u00eaneros e parcerias, como Jo\u00e3o Gomes, com quem Vanessa da Mata canta \u201cComent\u00e1rio A Respeito de John\u201d, regrava\u00e7\u00e3o de Belchior, al\u00e9m de Marcelo Camelo, L7NNON e Ana Carolina. Multi-talentosa, Vanessa atua como compositora, arranjadora, produtora e int\u00e9rprete.<\/p>\n<p>Vanessa da Mata comenta: \u201cEu amo S\u00e3o Paulo. Essa cidade sempre me recebeu muito bem e fiz shows hist\u00f3ricos por l\u00e1. Dessa vez n\u00e3o vai ser diferente. Vou apresentar o show do meu trabalho mais recente, \u201cVem Doce\u201d, em uma apresenta\u00e7\u00e3o pensada com muito carinho. Tenho certeza que quem for vai se emocionar e se divertir bastante comigo.\u201d<\/p>\n<div class=\"popito_fn_votewrap\">\n<h3 class=\"vote_title\">Como voc\u00ea vota? <\/h3>\n<div class=\"popito_fn_votes \" data-id=\"1943\">\n<p>0 People voted this article. 0 Upvotes &#8211; 0 Downvotes.<\/p>\n<\/div>\n<\/div>\n<\/div>\n<p><br \/>\n<br \/><a href=\"https:\/\/popito.com.br\/vanessa-da-mata-chega-a-sao-paulo-com-a-turne-de-vem-doce\/\">Source link <\/a><\/p>\n<!-- CONTENT END 1 -->\n","protected":false},"excerpt":{"rendered":"<p>Vanessa da Mata chega a S\u00e3o Paulo com a turn\u00ea de \u201cVem Doce\u201d Celebrando 20 anos de carreira, a artista apresenta no Tokio Marine Hall\u00a0o&#8230;<\/p>\n","protected":false},"author":1,"featured_media":46104,"comment_status":"open","ping_status":"open","sticky":false,"template":"","format":"standard","meta":{"advanced_seo_description":"","jetpack_seo_html_title":"","jetpack_seo_noindex":false,"jetpack_post_was_ever_published":false,"_jetpack_newsletter_access":"","_jetpack_dont_email_post_to_subs":false,"_jetpack_newsletter_tier_id":0,"_jetpack_memberships_contains_paywalled_content":false,"_jetpack_memberships_contains_paid_content":false,"footnotes":"","jetpack_publicize_message":"","jetpack_publicize_feature_enabled":true,"jetpack_social_post_already_shared":true,"jetpack_social_options":{"image_generator_settings":{"template":"highway","default_image_id":0,"font":"","enabled":false},"version":2}},"categories":[11],"tags":[531,5541,603,161,50,3455,5540,1230],"class_list":["post-46103","post","type-post","status-publish","format-standard","has-post-thumbnail","hentry","category-noticias-de-ribeirao-preto-sp-e-regiao-ismael-colosi","tag-chega","tag-doce","tag-mata","tag-paulo","tag-sao","tag-turne","tag-vanessa","tag-vem"],"jetpack_publicize_connections":[],"jetpack_featured_media_url":"https:\/\/i0.wp.com\/noticiasribeiraopreto.com.br\/wp-content\/uploads\/2024\/04\/vanessa.jpg?fit=1200%2C1200&ssl=1","jetpack-related-posts":[{"id":46910,"url":"https:\/\/noticiasribeiraopreto.com.br\/index.php\/2024\/04\/15\/mother-mother-anuncia-nova-turne-pela-america-latina\/","url_meta":{"origin":46103,"position":0},"title":"Mother Mother anuncia nova turn\u00ea pela Am\u00e9rica Latina","author":"noticiasribeiraopreto.com.br","date":"15 de April de 2024","format":false,"excerpt":"Mother Mother anuncia nova turn\u00ea pela Am\u00e9rica LatinaBanda confirma show em S\u00e3o Paulo, no dia\u00a023\u00a0de outubro de 2024, no Tokio Marine Hall A maior banda de Rock alternativo do Canad\u00e1,\u00a0Mother Mother, tem o prazer de anunciar que retornar\u00e1 \u00e0 Am\u00e9rica Latina em outubro para sua primeira turn\u00ea como atra\u00e7\u00e3o principal.\u2026","rel":"","context":"In &quot;Not\u00edcias de Ribeir\u00e3o Preto-SP e Regi\u00e3o&quot;","block_context":{"text":"Not\u00edcias de Ribeir\u00e3o Preto-SP e Regi\u00e3o","link":"https:\/\/noticiasribeiraopreto.com.br\/index.php\/category\/noticias-de-ribeirao-preto-sp-e-regiao-ismael-colosi\/"},"img":{"alt_text":"","src":"https:\/\/i0.wp.com\/noticiasribeiraopreto.com.br\/wp-content\/uploads\/2024\/04\/adeb3592-1303-4f9d-b681-9e3856a5eed3.webp.webp?fit=1200%2C800&ssl=1&resize=350%2C200","width":350,"height":200,"srcset":"https:\/\/i0.wp.com\/noticiasribeiraopreto.com.br\/wp-content\/uploads\/2024\/04\/adeb3592-1303-4f9d-b681-9e3856a5eed3.webp.webp?fit=1200%2C800&ssl=1&resize=350%2C200 1x, https:\/\/i0.wp.com\/noticiasribeiraopreto.com.br\/wp-content\/uploads\/2024\/04\/adeb3592-1303-4f9d-b681-9e3856a5eed3.webp.webp?fit=1200%2C800&ssl=1&resize=525%2C300 1.5x, https:\/\/i0.wp.com\/noticiasribeiraopreto.com.br\/wp-content\/uploads\/2024\/04\/adeb3592-1303-4f9d-b681-9e3856a5eed3.webp.webp?fit=1200%2C800&ssl=1&resize=700%2C400 2x, https:\/\/i0.wp.com\/noticiasribeiraopreto.com.br\/wp-content\/uploads\/2024\/04\/adeb3592-1303-4f9d-b681-9e3856a5eed3.webp.webp?fit=1200%2C800&ssl=1&resize=1050%2C600 3x"},"classes":[]},{"id":63146,"url":"https:\/\/noticiasribeiraopreto.com.br\/index.php\/2025\/02\/04\/joao-rock-2025-anuncia-line-up-com-natiruts-nando-reis-e-vanessa-da-mata\/","url_meta":{"origin":46103,"position":1},"title":"Jo\u00e3o Rock 2025 anuncia line-up com Natiruts, Nando Reis e Vanessa da Mata","author":"noticiasribeiraopreto.com.br","date":"4 de February de 2025","format":false,"excerpt":"O Festival Jo\u00e3o Rock anunciou a line-up para sua 22\u00aa edi\u00e7\u00e3o, que acontece no dia 14 de junho, em Ribeir\u00e3o Preto. A programa\u00e7\u00e3o musical conta com Natiruts, Nando Reis e Vanessa da Mata. Ao todo, s\u00e3o 36 atra\u00e7\u00f5es nacionais. A edi\u00e7\u00e3o conta com quatro palcos: o Palco Jo\u00e3o Rock, sendo\u2026","rel":"","context":"In &quot;Not\u00edcias de Ribeir\u00e3o Preto-SP e Regi\u00e3o&quot;","block_context":{"text":"Not\u00edcias de Ribeir\u00e3o Preto-SP e Regi\u00e3o","link":"https:\/\/noticiasribeiraopreto.com.br\/index.php\/category\/noticias-de-ribeirao-preto-sp-e-regiao-ismael-colosi\/"},"img":{"alt_text":"","src":"https:\/\/i0.wp.com\/noticiasribeiraopreto.com.br\/wp-content\/uploads\/2025\/02\/joao-rock-4_2025-02-04_14-15-00_jpeg_2025-02-04_14-15-00.webp.webp?fit=1200%2C675&ssl=1&resize=350%2C200","width":350,"height":200,"srcset":"https:\/\/i0.wp.com\/noticiasribeiraopreto.com.br\/wp-content\/uploads\/2025\/02\/joao-rock-4_2025-02-04_14-15-00_jpeg_2025-02-04_14-15-00.webp.webp?fit=1200%2C675&ssl=1&resize=350%2C200 1x, https:\/\/i0.wp.com\/noticiasribeiraopreto.com.br\/wp-content\/uploads\/2025\/02\/joao-rock-4_2025-02-04_14-15-00_jpeg_2025-02-04_14-15-00.webp.webp?fit=1200%2C675&ssl=1&resize=525%2C300 1.5x, https:\/\/i0.wp.com\/noticiasribeiraopreto.com.br\/wp-content\/uploads\/2025\/02\/joao-rock-4_2025-02-04_14-15-00_jpeg_2025-02-04_14-15-00.webp.webp?fit=1200%2C675&ssl=1&resize=700%2C400 2x, https:\/\/i0.wp.com\/noticiasribeiraopreto.com.br\/wp-content\/uploads\/2025\/02\/joao-rock-4_2025-02-04_14-15-00_jpeg_2025-02-04_14-15-00.webp.webp?fit=1200%2C675&ssl=1&resize=1050%2C600 3x"},"classes":[]},{"id":43829,"url":"https:\/\/noticiasribeiraopreto.com.br\/index.php\/2024\/03\/23\/conheca-os-artistas-do-palco-fortalecendo-a-cena-no-joao-rock\/","url_meta":{"origin":46103,"position":2},"title":"Conhe\u00e7a os artistas do Palco Fortalecendo a Cena no Jo\u00e3o Rock","author":"noticiasribeiraopreto.com.br","date":"23 de March de 2024","format":false,"excerpt":"O\u00a0Jo\u00e3o Rock 2024 acontece no dia 8 de junho no\u00a0Parque Permanente de Exposi\u00e7\u00f5es, em\u00a0Ribeir\u00e3o Preto. O festival conta com o Palco Fortalecendo a Cena, que traz novos artistas. Nesta edi\u00e7\u00e3o, o palco tr\u00e1s nomes j\u00e1 consagrados pelo p\u00fablico, que despontam no cen\u00e1rio nacional, entre os artistas: Ebony,\u00a0Ryu The Runner,\u00a0Wiu,\u00a0Teto\u00a0e\u00a0Veigh. Ebony\u2026","rel":"","context":"In &quot;Not\u00edcias de Ribeir\u00e3o Preto-SP e Regi\u00e3o&quot;","block_context":{"text":"Not\u00edcias de Ribeir\u00e3o Preto-SP e Regi\u00e3o","link":"https:\/\/noticiasribeiraopreto.com.br\/index.php\/category\/noticias-de-ribeirao-preto-sp-e-regiao-ismael-colosi\/"},"img":{"alt_text":"","src":"https:\/\/i0.wp.com\/noticiasribeiraopreto.com.br\/wp-content\/uploads\/2024\/03\/Copia-de-Copia-de-TAMANHO-EXATO-PARA-FOTOS-NO-SISTEMA-NOVO-2.jpg?fit=1200%2C675&ssl=1&resize=350%2C200","width":350,"height":200,"srcset":"https:\/\/i0.wp.com\/noticiasribeiraopreto.com.br\/wp-content\/uploads\/2024\/03\/Copia-de-Copia-de-TAMANHO-EXATO-PARA-FOTOS-NO-SISTEMA-NOVO-2.jpg?fit=1200%2C675&ssl=1&resize=350%2C200 1x, https:\/\/i0.wp.com\/noticiasribeiraopreto.com.br\/wp-content\/uploads\/2024\/03\/Copia-de-Copia-de-TAMANHO-EXATO-PARA-FOTOS-NO-SISTEMA-NOVO-2.jpg?fit=1200%2C675&ssl=1&resize=525%2C300 1.5x, https:\/\/i0.wp.com\/noticiasribeiraopreto.com.br\/wp-content\/uploads\/2024\/03\/Copia-de-Copia-de-TAMANHO-EXATO-PARA-FOTOS-NO-SISTEMA-NOVO-2.jpg?fit=1200%2C675&ssl=1&resize=700%2C400 2x, https:\/\/i0.wp.com\/noticiasribeiraopreto.com.br\/wp-content\/uploads\/2024\/03\/Copia-de-Copia-de-TAMANHO-EXATO-PARA-FOTOS-NO-SISTEMA-NOVO-2.jpg?fit=1200%2C675&ssl=1&resize=1050%2C600 3x"},"classes":[]},{"id":49220,"url":"https:\/\/noticiasribeiraopreto.com.br\/index.php\/2024\/05\/09\/concerto-especial-da-hbo-gaga-chromatica-ball-estreia-no-dia-25-de-maio-na-max-e-na-hbo\/","url_meta":{"origin":46103,"position":3},"title":"Concerto especial da HBO &#8216;Gaga Chromatica Ball&#8217; estreia no dia 25 de maio na Max e na HBO","author":"noticiasribeiraopreto.com.br","date":"9 de May de 2024","format":false,"excerpt":"Exclusivamente na Max e na HBO, o show apresenta performances ao vivo de alguns dos maiores sucessos de Lady Gaga durante sua turn\u00ea de grande sucesso em 2022.\u00a0 Diante de um p\u00fablico de 52 mil pessoas, a vencedora de 13 pr\u00eamios GRAMMY\u00ae e do Oscar\u00ae, Lady Gaga, oferece uma performance\u2026","rel":"","context":"In &quot;Not\u00edcias de Ribeir\u00e3o Preto-SP e Regi\u00e3o&quot;","block_context":{"text":"Not\u00edcias de Ribeir\u00e3o Preto-SP e Regi\u00e3o","link":"https:\/\/noticiasribeiraopreto.com.br\/index.php\/category\/noticias-de-ribeirao-preto-sp-e-regiao-ismael-colosi\/"},"img":{"alt_text":"","src":"https:\/\/i0.wp.com\/noticiasribeiraopreto.com.br\/wp-content\/uploads\/2024\/05\/Lady-Gaga-Chromatica-Ball_KA_16X9_BRA_PL.jpg?fit=1200%2C675&ssl=1&resize=350%2C200","width":350,"height":200,"srcset":"https:\/\/i0.wp.com\/noticiasribeiraopreto.com.br\/wp-content\/uploads\/2024\/05\/Lady-Gaga-Chromatica-Ball_KA_16X9_BRA_PL.jpg?fit=1200%2C675&ssl=1&resize=350%2C200 1x, https:\/\/i0.wp.com\/noticiasribeiraopreto.com.br\/wp-content\/uploads\/2024\/05\/Lady-Gaga-Chromatica-Ball_KA_16X9_BRA_PL.jpg?fit=1200%2C675&ssl=1&resize=525%2C300 1.5x, https:\/\/i0.wp.com\/noticiasribeiraopreto.com.br\/wp-content\/uploads\/2024\/05\/Lady-Gaga-Chromatica-Ball_KA_16X9_BRA_PL.jpg?fit=1200%2C675&ssl=1&resize=700%2C400 2x, https:\/\/i0.wp.com\/noticiasribeiraopreto.com.br\/wp-content\/uploads\/2024\/05\/Lady-Gaga-Chromatica-Ball_KA_16X9_BRA_PL.jpg?fit=1200%2C675&ssl=1&resize=1050%2C600 3x"},"classes":[]},{"id":47410,"url":"https:\/\/noticiasribeiraopreto.com.br\/index.php\/2024\/04\/25\/pabllo-vittar-leva-publico-a-loucura-com-estreia-da-turne-de-batidao-tropical-vol-2\/","url_meta":{"origin":46103,"position":4},"title":"Pabllo Vittar leva p\u00fablico \u00e0 loucura com estreia da turn\u00ea de Batid\u00e3o Tropical Vol.2","author":"noticiasribeiraopreto.com.br","date":"25 de April de 2024","format":false,"excerpt":"Pabllo Vittar leva p\u00fablico \u00e0 loucura com estreia da turn\u00ea de Batid\u00e3o Tropical Vol.2Show aconteceu em vinhedo, interior de S\u00e3o Paulo Pabllo Vittar estreou no s\u00e1bado (20) a turn\u00ea do seu 6\u00b0 \u00e1lbum de est\u00fadio, o \u2018Batid\u00e3o Tropical Vol.2\u2019, em show realizado no Hopi Pride, festival que celebra a diversidade\u2026","rel":"","context":"In &quot;Not\u00edcias de Ribeir\u00e3o Preto-SP e Regi\u00e3o&quot;","block_context":{"text":"Not\u00edcias de Ribeir\u00e3o Preto-SP e Regi\u00e3o","link":"https:\/\/noticiasribeiraopreto.com.br\/index.php\/category\/noticias-de-ribeirao-preto-sp-e-regiao-ismael-colosi\/"},"img":{"alt_text":"","src":"https:\/\/i0.wp.com\/popito.com.br\/wp-content\/uploads\/2024\/04\/1J4A9166.jpeg?resize=350%2C200&ssl=1","width":350,"height":200,"srcset":"https:\/\/i0.wp.com\/popito.com.br\/wp-content\/uploads\/2024\/04\/1J4A9166.jpeg?resize=350%2C200&ssl=1 1x, https:\/\/i0.wp.com\/popito.com.br\/wp-content\/uploads\/2024\/04\/1J4A9166.jpeg?resize=525%2C300&ssl=1 1.5x, https:\/\/i0.wp.com\/popito.com.br\/wp-content\/uploads\/2024\/04\/1J4A9166.jpeg?resize=700%2C400&ssl=1 2x, https:\/\/i0.wp.com\/popito.com.br\/wp-content\/uploads\/2024\/04\/1J4A9166.jpeg?resize=1050%2C600&ssl=1 3x, https:\/\/i0.wp.com\/popito.com.br\/wp-content\/uploads\/2024\/04\/1J4A9166.jpeg?resize=1400%2C800&ssl=1 4x"},"classes":[]},{"id":51895,"url":"https:\/\/noticiasribeiraopreto.com.br\/index.php\/2024\/05\/31\/ze-ramalho-e-vanessa-da-mata-fazem-shows-em-tradicional-festival-na-regiao-de-ribeirao-preto\/","url_meta":{"origin":46103,"position":5},"title":"Z\u00e9 Ramalho e Vanessa da Mata fazem shows em tradicional festival na regi\u00e3o de Ribeir\u00e3o Preto","author":"noticiasribeiraopreto.com.br","date":"31 de May de 2024","format":false,"excerpt":"O cantor Z\u00e9 Ramalho e a cantora Vanessa da Mata fazem shows neste s\u00e1bado (1), no \u201cFestival da Lua Cheia\u201d, que acontece em Altin\u00f3polis, na regi\u00e3o de Ribeir\u00e3o Preto. As apresenta\u00e7\u00f5es musicais de grandes nomes da m\u00fasica brasileira seguem at\u00e9 domingo (2), durante a 32\u00aa edi\u00e7\u00e3o do festival (veja abaixo).\u2026","rel":"","context":"In &quot;Not\u00edcias de Ribeir\u00e3o Preto-SP e Regi\u00e3o&quot;","block_context":{"text":"Not\u00edcias de Ribeir\u00e3o Preto-SP e Regi\u00e3o","link":"https:\/\/noticiasribeiraopreto.com.br\/index.php\/category\/noticias-de-ribeirao-preto-sp-e-regiao-ismael-colosi\/"},"img":{"alt_text":"","src":"https:\/\/i0.wp.com\/noticiasribeiraopreto.com.br\/wp-content\/uploads\/2024\/05\/Copia-de-Copia-de-TAMANHO-EXATO-PARA-FOTOS-NO-SISTEMA-NOVO-1_2024-05-31_20-32-02_jpg_2024-05-31_20-32-02.webp.webp?fit=1200%2C675&ssl=1&resize=350%2C200","width":350,"height":200,"srcset":"https:\/\/i0.wp.com\/noticiasribeiraopreto.com.br\/wp-content\/uploads\/2024\/05\/Copia-de-Copia-de-TAMANHO-EXATO-PARA-FOTOS-NO-SISTEMA-NOVO-1_2024-05-31_20-32-02_jpg_2024-05-31_20-32-02.webp.webp?fit=1200%2C675&ssl=1&resize=350%2C200 1x, https:\/\/i0.wp.com\/noticiasribeiraopreto.com.br\/wp-content\/uploads\/2024\/05\/Copia-de-Copia-de-TAMANHO-EXATO-PARA-FOTOS-NO-SISTEMA-NOVO-1_2024-05-31_20-32-02_jpg_2024-05-31_20-32-02.webp.webp?fit=1200%2C675&ssl=1&resize=525%2C300 1.5x, https:\/\/i0.wp.com\/noticiasribeiraopreto.com.br\/wp-content\/uploads\/2024\/05\/Copia-de-Copia-de-TAMANHO-EXATO-PARA-FOTOS-NO-SISTEMA-NOVO-1_2024-05-31_20-32-02_jpg_2024-05-31_20-32-02.webp.webp?fit=1200%2C675&ssl=1&resize=700%2C400 2x, https:\/\/i0.wp.com\/noticiasribeiraopreto.com.br\/wp-content\/uploads\/2024\/05\/Copia-de-Copia-de-TAMANHO-EXATO-PARA-FOTOS-NO-SISTEMA-NOVO-1_2024-05-31_20-32-02_jpg_2024-05-31_20-32-02.webp.webp?fit=1200%2C675&ssl=1&resize=1050%2C600 3x"},"classes":[]}],"jetpack_sharing_enabled":true,"jetpack_shortlink":"https:\/\/wp.me\/peQAOb-bZB","_links":{"self":[{"href":"https:\/\/noticiasribeiraopreto.com.br\/index.php\/wp-json\/wp\/v2\/posts\/46103","targetHints":{"allow":["GET"]}}],"collection":[{"href":"https:\/\/noticiasribeiraopreto.com.br\/index.php\/wp-json\/wp\/v2\/posts"}],"about":[{"href":"https:\/\/noticiasribeiraopreto.com.br\/index.php\/wp-json\/wp\/v2\/types\/post"}],"author":[{"embeddable":true,"href":"https:\/\/noticiasribeiraopreto.com.br\/index.php\/wp-json\/wp\/v2\/users\/1"}],"replies":[{"embeddable":true,"href":"https:\/\/noticiasribeiraopreto.com.br\/index.php\/wp-json\/wp\/v2\/comments?post=46103"}],"version-history":[{"count":0,"href":"https:\/\/noticiasribeiraopreto.com.br\/index.php\/wp-json\/wp\/v2\/posts\/46103\/revisions"}],"wp:featuredmedia":[{"embeddable":true,"href":"https:\/\/noticiasribeiraopreto.com.br\/index.php\/wp-json\/wp\/v2\/media\/46104"}],"wp:attachment":[{"href":"https:\/\/noticiasribeiraopreto.com.br\/index.php\/wp-json\/wp\/v2\/media?parent=46103"}],"wp:term":[{"taxonomy":"category","embeddable":true,"href":"https:\/\/noticiasribeiraopreto.com.br\/index.php\/wp-json\/wp\/v2\/categories?post=46103"},{"taxonomy":"post_tag","embeddable":true,"href":"https:\/\/noticiasribeiraopreto.com.br\/index.php\/wp-json\/wp\/v2\/tags?post=46103"}],"curies":[{"name":"wp","href":"https:\/\/api.w.org\/{rel}","templated":true}]}}