{"id":46107,"date":"2024-04-09T17:05:58","date_gmt":"2024-04-09T20:05:58","guid":{"rendered":"https:\/\/noticiasribeiraopreto.com.br\/index.php\/2024\/04\/09\/o-comida-di-buteco-2024-comecou-trazendo-o-slogan-somos-todos-buteco\/"},"modified":"2024-04-09T17:05:58","modified_gmt":"2024-04-09T20:05:58","slug":"o-comida-di-buteco-2024-comecou-trazendo-o-slogan-somos-todos-buteco","status":"publish","type":"post","link":"https:\/\/noticiasribeiraopreto.com.br\/index.php\/2024\/04\/09\/o-comida-di-buteco-2024-comecou-trazendo-o-slogan-somos-todos-buteco\/","title":{"rendered":"O Comida di Buteco 2024 come\u00e7ou trazendo o slogan \u201cSomos todos Buteco\u201d."},"content":{"rendered":"<div class='code-block code-block-1' style='margin: 8px 0 8px auto; text-align: right; display: block; clear: both;'>\n<p><a href=\"https:\/\/wa.link\/vpicfd\"><img data-recalc-dims=\"1\" class=\"wp-image-4922\" style=\"aspect-ratio: 2.0253164556962027; width: 561px; height: auto;\" src=\"https:\/\/i0.wp.com\/ismaelcolosi.com.br\/wp-content\/uploads\/2023\/11\/grupo-de-empregos-whatsapp-e-facebook-ismael-colosi-vagas.jpg?ssl=1\" alt=\"\" \/><\/a><\/p>\n<!-- \/wp:image -->\n<\/div>\n<p> <br \/>\n<\/p>\n<h3 class=\"wp-block-heading\">De 5 de abril a 28 de maio, o primeiro e maior concurso de \u201cbutecos\u201d do Brasil convoca a grande e democr\u00e1tica comunidade botequeira a eleger o melhor buteco do pa\u00eds, com o lema: \u201cSOMOS TODOS BUTECO\u201d.<\/h3>\n<p>Com esse slogan de campanha o Comida di Buteco 2024, que comemora 24 anos de exist\u00eancia, sendo a 14\u00aa edi\u00e7\u00e3o em Ribeir\u00e3o Preto, reitera mais uma vez o buteco como um grande protagonista da sociabilidade brasileira e demarca a exist\u00eancia de uma \u201ccultura de buteco\u201d.&nbsp;<\/p>\n<p>De norte a sul do pa\u00eds, em todas as regi\u00f5es, o p\u00fablico \u00e9 convidado a se engajar nessa grande elei\u00e7\u00e3o nacional envolvendo mais de 1.100 butecos.<\/p>\n<h4 class=\"wp-block-heading\">Petiscos em todo o brasil por <strong>R$35<\/strong> neste Comida di Buteco 2024.<\/h4>\n<p><strong>Conhe\u00e7a os botecos participantes deste ano:<\/strong><\/p>\n<ul>\n<li><a href=\"https:\/\/maps.app.goo.gl\/BqQgPZXowvMNKBRy5\">Aqu\u00edferos Bar<\/a><\/li>\n<li><a href=\"https:\/\/maps.app.goo.gl\/V7e1JN4oRGYQLhg29\">Bar A Toca<\/a><\/li>\n<li><a href=\"https:\/\/maps.app.goo.gl\/crz4N2tdXAFTxZLt6\">Bar da Dona Celina<\/a><\/li>\n<li><a href=\"https:\/\/maps.app.goo.gl\/Eddt1TiE1KMfRLkw8\">Bar da Patroa<\/a><\/li>\n<li><a href=\"https:\/\/maps.app.goo.gl\/tNYgsQW1BAPEaJAj6\">Bar do Gil<\/a><\/li>\n<li><a href=\"https:\/\/maps.app.goo.gl\/2bkLsYbHq6DNVn9D9\">Bar do Jefferson<\/a><\/li>\n<li><a href=\"https:\/\/maps.app.goo.gl\/BV4Dni6RA2gjWf2p6\">Bar do Marc\u00e3o<\/a><\/li>\n<li><a href=\"https:\/\/maps.app.goo.gl\/3xj1RpLSLb1GTgnP8\">Bar Dona Helena<\/a><\/li>\n<li><a href=\"https:\/\/maps.app.goo.gl\/GhwohWM4uVeF1XVz9\">Bar Emp\u00f3rio Paulistano<\/a><\/li>\n<li><a href=\"https:\/\/maps.app.goo.gl\/s6eBgYG1fp81dGGz6\">BarBaridade Espeto &amp; Bar<\/a><\/li>\n<li><a href=\"https:\/\/maps.app.goo.gl\/CxXQVshVxLGasM3J6\">Beringelas Bar<\/a><\/li>\n<li><a href=\"https:\/\/maps.app.goo.gl\/Wr9ao9try3uEMBKfA\">Buteco da Lu<\/a><\/li>\n<li><a href=\"https:\/\/maps.app.goo.gl\/Br8UfrseitzhBToq8\">Buteco do Maranh\u00e3o e cia<\/a><\/li>\n<li><a href=\"https:\/\/maps.app.goo.gl\/GkQYXdRJmqYWfMea8\">Buteco Dubrodi<\/a><\/li>\n<li><a href=\"https:\/\/maps.app.goo.gl\/r741bmFNBh3xBzAHA\">Choperia Dus Mineiros<\/a><\/li>\n<li><a href=\"https:\/\/maps.app.goo.gl\/KzezzzrsqXwcsdzW7\">Dimais Espetos Bar<\/a><\/li>\n<li><a href=\"https:\/\/maps.app.goo.gl\/FSt8PQB1sV4gM3SG7\">Emp\u00f3rio Bras\u00edlia<\/a><\/li>\n<li><a href=\"https:\/\/maps.app.goo.gl\/JtDGHqMatC8fks1UA\">Emp\u00f3rio Mobiglia<\/a><\/li>\n<li><a href=\"https:\/\/maps.app.goo.gl\/9zXuPEeACgtKVPag7\">Esquina do Z\u00e9<\/a><\/li>\n<li><a href=\"https:\/\/maps.app.goo.gl\/YK4q4CHEy9EAJ3Ty9\">Fazendeiro Grill<\/a><\/li>\n<li><a href=\"https:\/\/maps.app.goo.gl\/QLZmmc6ES2f8um399\">Federal Bar<\/a><\/li>\n<li><a href=\"https:\/\/maps.app.goo.gl\/mWXDSPeta21NJYaD7\">Garraf\u00e3o Estudio Bar<\/a><\/li>\n<li><a href=\"https:\/\/maps.app.goo.gl\/EsZgs2iKKsgFDtzf8\">Mares Peixe Bar<\/a><\/li>\n<li><a href=\"https:\/\/maps.app.goo.gl\/WY6jFX67p7pREubV8\">Mister Gourmet Pub&amp;Bar<\/a><\/li>\n<li><a href=\"https:\/\/maps.app.goo.gl\/G1aa68eUceDJBPAB9\">Ponto Alto Bar<\/a><\/li>\n<li><a href=\"https:\/\/maps.app.goo.gl\/ivXyBWqG2zWKQpac6\">Primo (O rei da beringela)<\/a><\/li>\n<li><a href=\"https:\/\/maps.app.goo.gl\/QgV86F4VnbEXR49y7\">Spetus di butecus<\/a><\/li>\n<li><a href=\"https:\/\/maps.app.goo.gl\/74Vv8hP3YAkYxGsF8\">Toco&#8217;s Bar<\/a><\/li>\n<li><a href=\"https:\/\/maps.app.goo.gl\/Ub75QBM6UToh9GdC8\">Varanda Do Espeto<\/a><\/li>\n<\/ul>\n<p>Nascido no ano 2000, na cidade de Belo Horizonte, na extinta R\u00e1dio Geraes FM, o Comida di Buteco tem o objetivo de resgatar butecos familiares e a cozinha raiz. \u00c9 um concurso e n\u00e3o um festival! Com voto popular e de jurados \u00e9 eleito o melhor buteco da cidade e depois o melhor do pa\u00eds.&nbsp;<\/p>\n<p>P\u00fablico e jurados visitam os estabelecimentos dando notas de 1 a 10 em: atendimento, temperatura da bebida, higiene e petisco. O petisco leva 70% do peso da nota e as demais categorias 10% cada uma. O voto do p\u00fablico vale 50% do peso total e dos jurados 50%.<\/p>\n<h3 class=\"wp-block-heading\">Organize seu tour pelos botecos participantes e eleja o melhor petisco do Comida di Buteco 2024.<\/h3>\n<figure class=\"wp-block-image size-full\"><img data-recalc-dims=\"1\" loading=\"lazy\" decoding=\"async\" width=\"771\" height=\"474\" src=\"https:\/\/i0.wp.com\/www.acidadeon.com\/ribeiraopreto\/wp-content\/uploads\/sites\/3\/2024\/04\/Screenshot_1-2.jpg?resize=771%2C474&#038;ssl=1\" alt=\"\" class=\"wp-image-77606\" \/><\/figure>\n<p>O post O Comida di Buteco 2024 come\u00e7ou trazendo o slogan \u201cSomos todos Buteco\u201d. apareceu primeiro em ACidade ON Ribeir\u00e3o Preto.<\/p>\n<p><br \/>\n<br \/><a href=\"https:\/\/www.acidadeon.com\/ribeiraopreto\/comida-di-buteco\/comida-di-buteco-2024-comecou\/\">Source link <\/a><\/p>\n<!-- CONTENT END 1 -->\n","protected":false},"excerpt":{"rendered":"<p>De 5 de abril a 28 de maio, o primeiro e maior concurso de \u201cbutecos\u201d do Brasil convoca a grande e democr\u00e1tica comunidade botequeira a&#8230;<\/p>\n","protected":false},"author":1,"featured_media":46108,"comment_status":"open","ping_status":"open","sticky":false,"template":"","format":"standard","meta":{"advanced_seo_description":"","jetpack_seo_html_title":"","jetpack_seo_noindex":false,"jetpack_post_was_ever_published":false,"_jetpack_newsletter_access":"","_jetpack_dont_email_post_to_subs":false,"_jetpack_newsletter_tier_id":0,"_jetpack_memberships_contains_paywalled_content":false,"_jetpack_memberships_contains_paid_content":false,"footnotes":"","jetpack_publicize_message":"","jetpack_publicize_feature_enabled":true,"jetpack_social_post_already_shared":true,"jetpack_social_options":{"image_generator_settings":{"template":"highway","default_image_id":0,"font":"","enabled":false},"version":2}},"categories":[11],"tags":[],"class_list":["post-46107","post","type-post","status-publish","format-standard","has-post-thumbnail","hentry","category-noticias-de-ribeirao-preto-sp-e-regiao-ismael-colosi"],"jetpack_publicize_connections":[],"jetpack_featured_media_url":"https:\/\/i0.wp.com\/noticiasribeiraopreto.com.br\/wp-content\/uploads\/2024\/04\/Screenshot_1-1.jpg?fit=771%2C474&ssl=1","jetpack-related-posts":[{"id":46357,"url":"https:\/\/noticiasribeiraopreto.com.br\/index.php\/2024\/04\/11\/como-surgiu-o-concurso-comida-di-buteco\/","url_meta":{"origin":46107,"position":0},"title":"Como surgiu o concurso Comida di Buteco?","author":"noticiasribeiraopreto.com.br","date":"11 de April de 2024","format":false,"excerpt":"Mais que um concurso, uma chave de impacto socioecon\u00f4mico. O Comida di Buteco nasceu no ano 2000, na cidade de Belo Horizonte, na extinta R\u00e1dio Geraes FM, com objetivo de resgatar butecos familiares e a cozinha raiz. \u00c9 um concurso e n\u00e3o um festival! Com voto popular e de jurados\u2026","rel":"","context":"In &quot;Not\u00edcias de Ribeir\u00e3o Preto-SP e Regi\u00e3o&quot;","block_context":{"text":"Not\u00edcias de Ribeir\u00e3o Preto-SP e Regi\u00e3o","link":"https:\/\/noticiasribeiraopreto.com.br\/index.php\/category\/noticias-de-ribeirao-preto-sp-e-regiao-ismael-colosi\/"},"img":{"alt_text":"","src":"https:\/\/i0.wp.com\/noticiasribeiraopreto.com.br\/wp-content\/uploads\/2024\/04\/comida-di-buteco.jpg?fit=570%2C300&ssl=1&resize=350%2C200","width":350,"height":200,"srcset":"https:\/\/i0.wp.com\/noticiasribeiraopreto.com.br\/wp-content\/uploads\/2024\/04\/comida-di-buteco.jpg?fit=570%2C300&ssl=1&resize=350%2C200 1x, https:\/\/i0.wp.com\/noticiasribeiraopreto.com.br\/wp-content\/uploads\/2024\/04\/comida-di-buteco.jpg?fit=570%2C300&ssl=1&resize=525%2C300 1.5x"},"classes":[]},{"id":46828,"url":"https:\/\/noticiasribeiraopreto.com.br\/index.php\/2024\/04\/15\/qual-o-tema-e-as-novidades-do-comida-di-buteco-para-2024\/","url_meta":{"origin":46107,"position":1},"title":"Qual o tema e as novidades do Comida di Buteco para 2024?","author":"noticiasribeiraopreto.com.br","date":"15 de April de 2024","format":false,"excerpt":"Em 2024 o tema \u00e9 livre! Criatividade, inova\u00e7\u00e3o, mem\u00f3ria e motiva\u00e7\u00e3o s\u00e3o os temperos. Ano sim, ano n\u00e3o, o concurso lan\u00e7a um tema para a cria\u00e7\u00e3o dos petiscos.\u00a0 Em 2024 o tema \u00e9 livre! Criatividade, resgate, inova\u00e7\u00e3o, pesquisa, motiva\u00e7\u00e3o foram os temperos para os participantes, que criaram cada um dos\u2026","rel":"","context":"In &quot;Not\u00edcias de Ribeir\u00e3o Preto-SP e Regi\u00e3o&quot;","block_context":{"text":"Not\u00edcias de Ribeir\u00e3o Preto-SP e Regi\u00e3o","link":"https:\/\/noticiasribeiraopreto.com.br\/index.php\/category\/noticias-de-ribeirao-preto-sp-e-regiao-ismael-colosi\/"},"img":{"alt_text":"","src":"https:\/\/i0.wp.com\/noticiasribeiraopreto.com.br\/wp-content\/uploads\/2024\/04\/banner-op1.webp.webp?fit=752%2C501&ssl=1&resize=350%2C200","width":350,"height":200,"srcset":"https:\/\/i0.wp.com\/noticiasribeiraopreto.com.br\/wp-content\/uploads\/2024\/04\/banner-op1.webp.webp?fit=752%2C501&ssl=1&resize=350%2C200 1x, https:\/\/i0.wp.com\/noticiasribeiraopreto.com.br\/wp-content\/uploads\/2024\/04\/banner-op1.webp.webp?fit=752%2C501&ssl=1&resize=525%2C300 1.5x, https:\/\/i0.wp.com\/noticiasribeiraopreto.com.br\/wp-content\/uploads\/2024\/04\/banner-op1.webp.webp?fit=752%2C501&ssl=1&resize=700%2C400 2x"},"classes":[]},{"id":40835,"url":"https:\/\/noticiasribeiraopreto.com.br\/index.php\/2024\/03\/05\/comida-di-buteco-acontece-em-abril\/","url_meta":{"origin":46107,"position":2},"title":"\u2018Comida di Buteco\u2019 acontece em abril \u00a0","author":"noticiasribeiraopreto.com.br","date":"5 de March de 2024","format":false,"excerpt":"5 de mar\u00e7o de 2024 | 18:005 de mar\u00e7o de 2024 | 10:27 0Ribeir\u00e3o Preto-SP recebe, entre os dias 5 e 28 de abril, a 24\u00aa edi\u00e7\u00e3o do Comida di Buteco. Com o lema \u201cSomos Todos Buteco\u201d, o concurso quer trazer o boteco como protagonista da sociedade brasileira, valorizando a\u2026","rel":"","context":"In &quot;Not\u00edcias de Ribeir\u00e3o Preto-SP e Regi\u00e3o&quot;","block_context":{"text":"Not\u00edcias de Ribeir\u00e3o Preto-SP e Regi\u00e3o","link":"https:\/\/noticiasribeiraopreto.com.br\/index.php\/category\/noticias-de-ribeirao-preto-sp-e-regiao-ismael-colosi\/"},"img":{"alt_text":"","src":"https:\/\/i0.wp.com\/noticiasribeiraopreto.com.br\/wp-content\/uploads\/2024\/03\/Buteco-Detalhe-Renata-Prado-Fuligem-scaled.jpg?fit=967%2C645&ssl=1&resize=350%2C200","width":350,"height":200,"srcset":"https:\/\/i0.wp.com\/noticiasribeiraopreto.com.br\/wp-content\/uploads\/2024\/03\/Buteco-Detalhe-Renata-Prado-Fuligem-scaled.jpg?fit=967%2C645&ssl=1&resize=350%2C200 1x, https:\/\/i0.wp.com\/noticiasribeiraopreto.com.br\/wp-content\/uploads\/2024\/03\/Buteco-Detalhe-Renata-Prado-Fuligem-scaled.jpg?fit=967%2C645&ssl=1&resize=525%2C300 1.5x, https:\/\/i0.wp.com\/noticiasribeiraopreto.com.br\/wp-content\/uploads\/2024\/03\/Buteco-Detalhe-Renata-Prado-Fuligem-scaled.jpg?fit=967%2C645&ssl=1&resize=700%2C400 2x"},"classes":[]},{"id":84505,"url":"https:\/\/noticiasribeiraopreto.com.br\/index.php\/2026\/04\/10\/comida-di-buteco-comeca-em-ribeirao-preto-com-32-bares-e-tema-verduras\/","url_meta":{"origin":46107,"position":3},"title":"Comida di Buteco come\u00e7a em Ribeir\u00e3o Preto com 32 bares e tema &#8216;Verduras&#8217;","author":"noticiasribeiraopreto.com.br","date":"10 de April de 2026","format":false,"excerpt":"Ler o resumo da not\u00edcia \r Comida di Buteco 2026 come\u00e7a nesta sexta-feira (10) em Ribeir\u00e3o Preto com 32 bares participantes.\r O tema do ano \u00e9 \"Verduras\", orientando a cria\u00e7\u00e3o de petiscos com folhas, talos e flores comest\u00edveis.\r O evento segue at\u00e9 3 de maio e faz parte de um\u2026","rel":"","context":"In &quot;Not\u00edcias de Ribeir\u00e3o Preto-SP e Regi\u00e3o&quot;","block_context":{"text":"Not\u00edcias de Ribeir\u00e3o Preto-SP e Regi\u00e3o","link":"https:\/\/noticiasribeiraopreto.com.br\/index.php\/category\/noticias-de-ribeirao-preto-sp-e-regiao-ismael-colosi\/"},"img":{"alt_text":"","src":"https:\/\/i0.wp.com\/noticiasribeiraopreto.com.br\/wp-content\/uploads\/2026\/04\/palace-61_2026-03-10_22-35-25.webp.webp?fit=1200%2C675&ssl=1&resize=350%2C200","width":350,"height":200,"srcset":"https:\/\/i0.wp.com\/noticiasribeiraopreto.com.br\/wp-content\/uploads\/2026\/04\/palace-61_2026-03-10_22-35-25.webp.webp?fit=1200%2C675&ssl=1&resize=350%2C200 1x, https:\/\/i0.wp.com\/noticiasribeiraopreto.com.br\/wp-content\/uploads\/2026\/04\/palace-61_2026-03-10_22-35-25.webp.webp?fit=1200%2C675&ssl=1&resize=525%2C300 1.5x, https:\/\/i0.wp.com\/noticiasribeiraopreto.com.br\/wp-content\/uploads\/2026\/04\/palace-61_2026-03-10_22-35-25.webp.webp?fit=1200%2C675&ssl=1&resize=700%2C400 2x, https:\/\/i0.wp.com\/noticiasribeiraopreto.com.br\/wp-content\/uploads\/2026\/04\/palace-61_2026-03-10_22-35-25.webp.webp?fit=1200%2C675&ssl=1&resize=1050%2C600 3x"},"classes":[]},{"id":44441,"url":"https:\/\/noticiasribeiraopreto.com.br\/index.php\/2024\/03\/27\/confira-os-bares-participantes-do-comida-di-buteco-em-ribeirao-preto\/","url_meta":{"origin":46107,"position":4},"title":"Confira os bares participantes do \u2018Comida di Buteco\u2019 em Ribeir\u00e3o Preto","author":"noticiasribeiraopreto.com.br","date":"27 de March de 2024","format":false,"excerpt":"A 24\u00aa edi\u00e7\u00e3o do Comida di Buteco em Ribeir\u00e3o Preto acontece de 5 a 28 de abril. Este ano, com o lema \u201cSomos Todos Buteco\u201d, o concurso que re\u00fane 27 estabelecimentos de regi\u00f5es diversas vai eleger o melhor bar da cidade. Ap\u00f3s essa primeira etapa do concurso, o vencedor vai\u2026","rel":"","context":"In &quot;Not\u00edcias de Ribeir\u00e3o Preto-SP e Regi\u00e3o&quot;","block_context":{"text":"Not\u00edcias de Ribeir\u00e3o Preto-SP e Regi\u00e3o","link":"https:\/\/noticiasribeiraopreto.com.br\/index.php\/category\/noticias-de-ribeirao-preto-sp-e-regiao-ismael-colosi\/"},"img":{"alt_text":"","src":"https:\/\/i0.wp.com\/noticiasribeiraopreto.com.br\/wp-content\/uploads\/2024\/03\/bar-do-jefferson-bolinguica-ribeirao-preto2022-renata-prado.webp.webp?fit=984%2C656&ssl=1&resize=350%2C200","width":350,"height":200,"srcset":"https:\/\/i0.wp.com\/noticiasribeiraopreto.com.br\/wp-content\/uploads\/2024\/03\/bar-do-jefferson-bolinguica-ribeirao-preto2022-renata-prado.webp.webp?fit=984%2C656&ssl=1&resize=350%2C200 1x, https:\/\/i0.wp.com\/noticiasribeiraopreto.com.br\/wp-content\/uploads\/2024\/03\/bar-do-jefferson-bolinguica-ribeirao-preto2022-renata-prado.webp.webp?fit=984%2C656&ssl=1&resize=525%2C300 1.5x, https:\/\/i0.wp.com\/noticiasribeiraopreto.com.br\/wp-content\/uploads\/2024\/03\/bar-do-jefferson-bolinguica-ribeirao-preto2022-renata-prado.webp.webp?fit=984%2C656&ssl=1&resize=700%2C400 2x"},"classes":[]},{"id":83165,"url":"https:\/\/noticiasribeiraopreto.com.br\/index.php\/2026\/03\/11\/petiscos-tradicao-e-disputa-32-bares-participam-do-comida-di-buteco-em-ribeirao-preto\/","url_meta":{"origin":46107,"position":5},"title":"Petiscos, tradi\u00e7\u00e3o e disputa: 32 bares participam do Comida di Buteco em Ribeir\u00e3o Preto","author":"noticiasribeiraopreto.com.br","date":"11 de March de 2026","format":false,"excerpt":"Ribeir\u00e3o Preto recebe, entre 10 de abril e 3 de maio, mais uma edi\u00e7\u00e3o do Comida di Buteco, considerado um dos maiores concursos gastron\u00f4micos do Brasil. Neste ano, 32 bares da cidade participam do circuito local, com petiscos in\u00e9ditos criados especialmente para a competi\u00e7\u00e3o. A edi\u00e7\u00e3o de 2026 tem como\u2026","rel":"","context":"In &quot;Not\u00edcias de Ribeir\u00e3o Preto-SP e Regi\u00e3o&quot;","block_context":{"text":"Not\u00edcias de Ribeir\u00e3o Preto-SP e Regi\u00e3o","link":"https:\/\/noticiasribeiraopreto.com.br\/index.php\/category\/noticias-de-ribeirao-preto-sp-e-regiao-ismael-colosi\/"},"img":{"alt_text":"","src":"https:\/\/i0.wp.com\/noticiasribeiraopreto.com.br\/wp-content\/uploads\/2026\/03\/palace-61_2026-03-10_22-35-25.webp.webp?fit=1200%2C675&ssl=1&resize=350%2C200","width":350,"height":200,"srcset":"https:\/\/i0.wp.com\/noticiasribeiraopreto.com.br\/wp-content\/uploads\/2026\/03\/palace-61_2026-03-10_22-35-25.webp.webp?fit=1200%2C675&ssl=1&resize=350%2C200 1x, https:\/\/i0.wp.com\/noticiasribeiraopreto.com.br\/wp-content\/uploads\/2026\/03\/palace-61_2026-03-10_22-35-25.webp.webp?fit=1200%2C675&ssl=1&resize=525%2C300 1.5x, https:\/\/i0.wp.com\/noticiasribeiraopreto.com.br\/wp-content\/uploads\/2026\/03\/palace-61_2026-03-10_22-35-25.webp.webp?fit=1200%2C675&ssl=1&resize=700%2C400 2x, https:\/\/i0.wp.com\/noticiasribeiraopreto.com.br\/wp-content\/uploads\/2026\/03\/palace-61_2026-03-10_22-35-25.webp.webp?fit=1200%2C675&ssl=1&resize=1050%2C600 3x"},"classes":[]}],"jetpack_sharing_enabled":true,"jetpack_shortlink":"https:\/\/wp.me\/peQAOb-bZF","_links":{"self":[{"href":"https:\/\/noticiasribeiraopreto.com.br\/index.php\/wp-json\/wp\/v2\/posts\/46107","targetHints":{"allow":["GET"]}}],"collection":[{"href":"https:\/\/noticiasribeiraopreto.com.br\/index.php\/wp-json\/wp\/v2\/posts"}],"about":[{"href":"https:\/\/noticiasribeiraopreto.com.br\/index.php\/wp-json\/wp\/v2\/types\/post"}],"author":[{"embeddable":true,"href":"https:\/\/noticiasribeiraopreto.com.br\/index.php\/wp-json\/wp\/v2\/users\/1"}],"replies":[{"embeddable":true,"href":"https:\/\/noticiasribeiraopreto.com.br\/index.php\/wp-json\/wp\/v2\/comments?post=46107"}],"version-history":[{"count":0,"href":"https:\/\/noticiasribeiraopreto.com.br\/index.php\/wp-json\/wp\/v2\/posts\/46107\/revisions"}],"wp:featuredmedia":[{"embeddable":true,"href":"https:\/\/noticiasribeiraopreto.com.br\/index.php\/wp-json\/wp\/v2\/media\/46108"}],"wp:attachment":[{"href":"https:\/\/noticiasribeiraopreto.com.br\/index.php\/wp-json\/wp\/v2\/media?parent=46107"}],"wp:term":[{"taxonomy":"category","embeddable":true,"href":"https:\/\/noticiasribeiraopreto.com.br\/index.php\/wp-json\/wp\/v2\/categories?post=46107"},{"taxonomy":"post_tag","embeddable":true,"href":"https:\/\/noticiasribeiraopreto.com.br\/index.php\/wp-json\/wp\/v2\/tags?post=46107"}],"curies":[{"name":"wp","href":"https:\/\/api.w.org\/{rel}","templated":true}]}}