{"id":46296,"date":"2024-04-10T17:51:42","date_gmt":"2024-04-10T20:51:42","guid":{"rendered":"https:\/\/noticiasribeiraopreto.com.br\/index.php\/2024\/04\/10\/governo-anuncia-mais-de-300-moradias-populares-em-ribeirao-preto\/"},"modified":"2024-04-10T17:51:42","modified_gmt":"2024-04-10T20:51:42","slug":"governo-anuncia-mais-de-300-moradias-populares-em-ribeirao-preto","status":"publish","type":"post","link":"https:\/\/noticiasribeiraopreto.com.br\/index.php\/2024\/04\/10\/governo-anuncia-mais-de-300-moradias-populares-em-ribeirao-preto\/","title":{"rendered":"Governo anuncia mais de 300 moradias populares em Ribeir\u00e3o Preto"},"content":{"rendered":"<div class='code-block code-block-1' style='margin: 8px 0 8px auto; text-align: right; display: block; clear: both;'>\n<p><a href=\"https:\/\/wa.link\/vpicfd\"><img data-recalc-dims=\"1\" class=\"wp-image-4922\" style=\"aspect-ratio: 2.0253164556962027; width: 561px; height: auto;\" src=\"https:\/\/i0.wp.com\/ismaelcolosi.com.br\/wp-content\/uploads\/2023\/11\/grupo-de-empregos-whatsapp-e-facebook-ismael-colosi-vagas.jpg?ssl=1\" alt=\"\" \/><\/a><\/p>\n<!-- \/wp:image -->\n<\/div>\n<p> <br \/>\n<\/p>\n<div data-td-block-uid=\"tdi_101\">\n<div class=\"tdb-block-inner td-fix-index\">\n<p>O <strong><a href=\"https:\/\/www.gov.br\/pt-br\" target=\"_blank\" rel=\"noreferrer noopener nofollow\">Governo Federal <\/a><\/strong>anunciou nesta quarta-feira (10) <mark style=\"background-color:#fcb900\" class=\"has-inline-color has-black-color\">a constru\u00e7\u00e3o de 354 moradias populares em <strong>Ribeir\u00e3o Preto<\/strong><\/mark>, por meio do<strong> Minha Casa, Minha Vida Entidades<\/strong>. Os im\u00f3veis s\u00e3o destinados para fam\u00edlias com renda mensal de at\u00e9 R$ 2.640,00, organizadas sob a forma associativa.<\/p>\n<p>Al\u00e9m de Ribeir\u00e3o Preto, ser\u00e3o constru\u00eddos 50 im\u00f3veis nesta modalidade em<strong> Miguel\u00f3polis<\/strong>, tamb\u00e9m na regi\u00e3o. O processo de sele\u00e7\u00e3o foi iniciado em julho de 2023 e selecionou mais de 148 mil pessoas em todo o Pa\u00eds.<\/p>\n<h4 class=\"wp-block-heading\"><strong>O que \u00e9?<\/strong><\/h4>\n<p>O Minha Casa, Minha Vida Entidades tem por finalidade a concess\u00e3o de financiamento subsidiado a fam\u00edlias organizadas por meio de entidades privadas sem fins lucrativos para produ\u00e7\u00e3o de unidades habitacionais urbanas, com recursos do FDS (Fundo de Desenvolvimento Social) \u2013 <a href=\"https:\/\/www.gov.br\/cidades\/pt-br\/acesso-a-informacao\/acoes-e-programas\/habitacao\/programa-minha-casa-minha-vida\/mcmv-entidades-1\/sobre-o-mcmv-entidades\" target=\"_blank\" rel=\"noreferrer noopener nofollow\">clique e veja como participar<\/a>.<\/p>\n<p>De acordo com o governo, o aux\u00edlio concedido \u00e0s fam\u00edlias benefici\u00e1rias do MCMV, fica entre R$ 130 mil e R$ 164 mil para o custeio de unidades habitacionais novas em \u00e1reas urbanas, sendo casas ou apartamentos.<\/p>\n<p>SAIBA MAIS<br \/>Exposi\u00e7\u00e3o da USP com acervo do Museu do Ipiranga come\u00e7a s\u00e1bado em Ribeir\u00e3o Preto<\/p>\n<h4 class=\"wp-block-heading\"><strong>FIQUE ON<\/strong><\/h4>\n<p>Fique ligado em tudo que acontece em Ribeir\u00e3o Preto e regi\u00e3o. Siga os perfis do<strong> acidade on <\/strong>no <a href=\"https:\/\/www.instagram.com\/acidadeonribeirao\" target=\"_blank\" rel=\"noreferrer noopener nofollow\">Instagram<\/a> e no <a href=\"https:\/\/www.facebook.com\/acidadeonribeirao\" target=\"_blank\" rel=\"noreferrer noopener nofollow\">Facebook<\/a>.<\/p>\n<p>Receba not\u00edcias do<strong> acidade on <\/strong>no WhatsApp. <a href=\"https:\/\/chat.whatsapp.com\/GFH9HUMUTHNFJdnyEd0xxq\" target=\"_blank\" rel=\"noreferrer noopener nofollow\">Para entrar no grupo, basta clicar aqui.<\/a><\/p>\n<p>Fa\u00e7a uma den\u00fancia ou sugira uma reportagem sobre Ribeir\u00e3o Preto e regi\u00e3o pelo WhatsApp: 16 99117 7802.<\/p>\n<p>VEJA TAMB\u00c9M<br \/>DPVAT vai voltar? Saiba como receber o dinheiro do seguro<\/p>\n<p><!-- AI CONTENT END 1 -->\n<\/div>\n<\/div>\n<p><script async src=\"\/\/www.instagram.com\/embed.js\"><\/script><br \/>\n<br \/><br \/>\n<br \/><a href=\"https:\/\/www.acidadeon.com\/ribeiraopreto\/politica\/governo-anuncia-mais-de-300-moradias-populares-em-ribeirao-preto\/\">Source link <\/a><\/p>\n<!-- CONTENT END 1 -->\n","protected":false},"excerpt":{"rendered":"<p>O Governo Federal anunciou nesta quarta-feira (10) a constru\u00e7\u00e3o de 354 moradias populares em Ribeir\u00e3o Preto, por meio do Minha Casa, Minha Vida Entidades. Os&#8230;<\/p>\n","protected":false},"author":1,"featured_media":46297,"comment_status":"open","ping_status":"open","sticky":false,"template":"","format":"standard","meta":{"advanced_seo_description":"","jetpack_seo_html_title":"","jetpack_seo_noindex":false,"jetpack_post_was_ever_published":false,"_jetpack_newsletter_access":"","_jetpack_dont_email_post_to_subs":false,"_jetpack_newsletter_tier_id":0,"_jetpack_memberships_contains_paywalled_content":false,"_jetpack_memberships_contains_paid_content":false,"footnotes":"","jetpack_publicize_message":"","jetpack_publicize_feature_enabled":true,"jetpack_social_post_already_shared":true,"jetpack_social_options":{"image_generator_settings":{"template":"highway","default_image_id":0,"font":"","enabled":false},"version":2}},"categories":[11],"tags":[],"class_list":["post-46296","post","type-post","status-publish","format-standard","has-post-thumbnail","hentry","category-noticias-de-ribeirao-preto-sp-e-regiao-ismael-colosi"],"jetpack_publicize_connections":[],"jetpack_featured_media_url":"https:\/\/i0.wp.com\/noticiasribeiraopreto.com.br\/wp-content\/uploads\/2024\/04\/1712782302_casa-popular.jpg?fit=1160%2C694&ssl=1","jetpack-related-posts":[{"id":81113,"url":"https:\/\/noticiasribeiraopreto.com.br\/index.php\/2025\/12\/24\/proposta-quer-alienar-36-imoveis-publicos-de-ribeirao-para-moradias-do-minha-casa-minha-vida\/","url_meta":{"origin":46296,"position":0},"title":"Proposta quer alienar 36 im\u00f3veis p\u00fablicos de Ribeir\u00e3o para moradias do Minha Casa, Minha Vida","author":"noticiasribeiraopreto.com.br","date":"24 de December de 2025","format":false,"excerpt":"A Prefeitura de Ribeir\u00e3o Preto enviou o projeto de lei complementar 61\/2025 para C\u00e2mara Municipal, que permite alienar 36 im\u00f3veis p\u00fablicos para constru\u00e7\u00e3o de moradias no Programa Minha Casa, Minha Vida. Segundo a proposta, os im\u00f3veis ser\u00e3o desafetados, ou seja, perder\u00e3o a fun\u00e7\u00e3o p\u00fablica para que possam ser alienados pela\u2026","rel":"","context":"In &quot;Not\u00edcias de Ribeir\u00e3o Preto-SP e Regi\u00e3o&quot;","block_context":{"text":"Not\u00edcias de Ribeir\u00e3o Preto-SP e Regi\u00e3o","link":"https:\/\/noticiasribeiraopreto.com.br\/index.php\/category\/noticias-de-ribeirao-preto-sp-e-regiao-ismael-colosi\/"},"img":{"alt_text":"","src":"https:\/\/i0.wp.com\/noticiasribeiraopreto.com.br\/wp-content\/uploads\/2025\/10\/camara-de-ribeirao-preto_2025-10-27_20-36-22.webp.webp?fit=1024%2C576&ssl=1&resize=350%2C200","width":350,"height":200,"srcset":"https:\/\/i0.wp.com\/noticiasribeiraopreto.com.br\/wp-content\/uploads\/2025\/10\/camara-de-ribeirao-preto_2025-10-27_20-36-22.webp.webp?fit=1024%2C576&ssl=1&resize=350%2C200 1x, https:\/\/i0.wp.com\/noticiasribeiraopreto.com.br\/wp-content\/uploads\/2025\/10\/camara-de-ribeirao-preto_2025-10-27_20-36-22.webp.webp?fit=1024%2C576&ssl=1&resize=525%2C300 1.5x, https:\/\/i0.wp.com\/noticiasribeiraopreto.com.br\/wp-content\/uploads\/2025\/10\/camara-de-ribeirao-preto_2025-10-27_20-36-22.webp.webp?fit=1024%2C576&ssl=1&resize=700%2C400 2x"},"classes":[]},{"id":60174,"url":"https:\/\/noticiasribeiraopreto.com.br\/index.php\/2024\/11\/07\/caixa-assina-contrato-para-construcao-de-moradias-populares-em-ribeirao-preto\/","url_meta":{"origin":46296,"position":1},"title":"Caixa assina contrato para constru\u00e7\u00e3o de moradias populares em Ribeir\u00e3o Preto","author":"noticiasribeiraopreto.com.br","date":"7 de November de 2024","format":false,"excerpt":"A Caixa Econ\u00f4mica Federal assinou na \u00faltima segunda-feira (4) o contrato para constru\u00e7\u00e3o do empreendimento com 144 de moradias populares selecionado no Programa Minha Casa, Minha Vida \u2013 Entidades, em Ribeir\u00e3o Preto. O acordo foi assinado com os representantes do Mohas (Movimento Habitacional e A\u00e7\u00e3o), \u00a0movimento social que foi selecionado\u2026","rel":"","context":"In &quot;Not\u00edcias de Ribeir\u00e3o Preto-SP e Regi\u00e3o&quot;","block_context":{"text":"Not\u00edcias de Ribeir\u00e3o Preto-SP e Regi\u00e3o","link":"https:\/\/noticiasribeiraopreto.com.br\/index.php\/category\/noticias-de-ribeirao-preto-sp-e-regiao-ismael-colosi\/"},"img":{"alt_text":"","src":"https:\/\/i0.wp.com\/noticiasribeiraopreto.com.br\/wp-content\/uploads\/2024\/11\/casa-popular.jpg?fit=1160%2C694&ssl=1&resize=350%2C200","width":350,"height":200,"srcset":"https:\/\/i0.wp.com\/noticiasribeiraopreto.com.br\/wp-content\/uploads\/2024\/11\/casa-popular.jpg?fit=1160%2C694&ssl=1&resize=350%2C200 1x, https:\/\/i0.wp.com\/noticiasribeiraopreto.com.br\/wp-content\/uploads\/2024\/11\/casa-popular.jpg?fit=1160%2C694&ssl=1&resize=525%2C300 1.5x, https:\/\/i0.wp.com\/noticiasribeiraopreto.com.br\/wp-content\/uploads\/2024\/11\/casa-popular.jpg?fit=1160%2C694&ssl=1&resize=700%2C400 2x, https:\/\/i0.wp.com\/noticiasribeiraopreto.com.br\/wp-content\/uploads\/2024\/11\/casa-popular.jpg?fit=1160%2C694&ssl=1&resize=1050%2C600 3x"},"classes":[]},{"id":79551,"url":"https:\/\/noticiasribeiraopreto.com.br\/index.php\/2025\/11\/03\/ribeirao-preto-abre-cadastro-para-128-moradias-do-minha-casa-minha-vida-veja-como-participar\/","url_meta":{"origin":46296,"position":2},"title":"Ribeir\u00e3o Preto abre cadastro para 128 moradias do Minha Casa, Minha Vida; veja como participar","author":"noticiasribeiraopreto.com.br","date":"3 de November de 2025","format":false,"excerpt":"A Prefeitura de Ribeir\u00e3o Preto abriu, nesta segunda-feira (3), o cadastro para a pr\u00e9-sele\u00e7\u00e3o de fam\u00edlias de baixa renda interessadas em concorrer a 128 casas do programa Minha Casa, Minha Vida. As inscri\u00e7\u00f5es poder\u00e3o ser realizadas at\u00e9 o dia 16 de novembro, de forma online (clique aqui) ou presencialmente, na\u2026","rel":"","context":"In &quot;Not\u00edcias de Ribeir\u00e3o Preto-SP e Regi\u00e3o&quot;","block_context":{"text":"Not\u00edcias de Ribeir\u00e3o Preto-SP e Regi\u00e3o","link":"https:\/\/noticiasribeiraopreto.com.br\/index.php\/category\/noticias-de-ribeirao-preto-sp-e-regiao-ismael-colosi\/"},"img":{"alt_text":"","src":"https:\/\/i0.wp.com\/noticiasribeiraopreto.com.br\/wp-content\/uploads\/2025\/11\/minha-casa-minha-vida.jpeg?fit=768%2C441&ssl=1&resize=350%2C200","width":350,"height":200,"srcset":"https:\/\/i0.wp.com\/noticiasribeiraopreto.com.br\/wp-content\/uploads\/2025\/11\/minha-casa-minha-vida.jpeg?fit=768%2C441&ssl=1&resize=350%2C200 1x, https:\/\/i0.wp.com\/noticiasribeiraopreto.com.br\/wp-content\/uploads\/2025\/11\/minha-casa-minha-vida.jpeg?fit=768%2C441&ssl=1&resize=525%2C300 1.5x, https:\/\/i0.wp.com\/noticiasribeiraopreto.com.br\/wp-content\/uploads\/2025\/11\/minha-casa-minha-vida.jpeg?fit=768%2C441&ssl=1&resize=700%2C400 2x"},"classes":[]},{"id":64024,"url":"https:\/\/noticiasribeiraopreto.com.br\/index.php\/2025\/02\/27\/ribeirao-preto-assina-parceria-para-construcao-de-160-moradias-populares\/","url_meta":{"origin":46296,"position":3},"title":"Ribeir\u00e3o Preto assina parceria para constru\u00e7\u00e3o de 160 moradias populares","author":"noticiasribeiraopreto.com.br","date":"27 de February de 2025","format":false,"excerpt":"A Prefeitura de Ribeir\u00e3o Preto assinou na \u00faltima quarta-feira (26) uma parceria com a Associa\u00e7\u00e3o de Moradores do Bairro Santa Rosa, com o apoio da Caixa Econ\u00f4mica Federal, para a constru\u00e7\u00e3o de 160 moradias populares. Os im\u00f3veis ficar\u00e3o no Jardim Heitor Rigon, na zona Norte, e far\u00e3o parte do Programa\u2026","rel":"","context":"In &quot;Not\u00edcias de Ribeir\u00e3o Preto-SP e Regi\u00e3o&quot;","block_context":{"text":"Not\u00edcias de Ribeir\u00e3o Preto-SP e Regi\u00e3o","link":"https:\/\/noticiasribeiraopreto.com.br\/index.php\/category\/noticias-de-ribeirao-preto-sp-e-regiao-ismael-colosi\/"},"img":{"alt_text":"","src":"https:\/\/i0.wp.com\/noticiasribeiraopreto.com.br\/wp-content\/uploads\/2025\/02\/condominio-heitor-rigon_2025-02-27_18-48-51_jpg_2025-02-27_18-48-51.webp.webp?fit=1005%2C660&ssl=1&resize=350%2C200","width":350,"height":200,"srcset":"https:\/\/i0.wp.com\/noticiasribeiraopreto.com.br\/wp-content\/uploads\/2025\/02\/condominio-heitor-rigon_2025-02-27_18-48-51_jpg_2025-02-27_18-48-51.webp.webp?fit=1005%2C660&ssl=1&resize=350%2C200 1x, https:\/\/i0.wp.com\/noticiasribeiraopreto.com.br\/wp-content\/uploads\/2025\/02\/condominio-heitor-rigon_2025-02-27_18-48-51_jpg_2025-02-27_18-48-51.webp.webp?fit=1005%2C660&ssl=1&resize=525%2C300 1.5x, https:\/\/i0.wp.com\/noticiasribeiraopreto.com.br\/wp-content\/uploads\/2025\/02\/condominio-heitor-rigon_2025-02-27_18-48-51_jpg_2025-02-27_18-48-51.webp.webp?fit=1005%2C660&ssl=1&resize=700%2C400 2x"},"classes":[]},{"id":62718,"url":"https:\/\/noticiasribeiraopreto.com.br\/index.php\/2025\/01\/22\/minha-casa-minha-vida-governo-preve-construcao-de-445-imoveis-na-regiao-de-ribeirao-preto\/","url_meta":{"origin":46296,"position":4},"title":"Minha Casa, Minha Vida: Governo prev\u00ea constru\u00e7\u00e3o de 445 im\u00f3veis na regi\u00e3o de Ribeir\u00e3o Preto","author":"noticiasribeiraopreto.com.br","date":"22 de January de 2025","format":false,"excerpt":"O Governo Federal anunciou, na \u00faltima segunda-feira (20), que nove munic\u00edpios da regi\u00e3o de Ribeir\u00e3o Preto foram habilitados para apresentarem propostas de projetos habitacionais pelo programa Minha Casa Minha Vida. A autoriza\u00e7\u00e3o para a constru\u00e7\u00e3o dos im\u00f3veis populares foi publicada no Di\u00e1rio Oficial da Uni\u00e3o. Conforme o documento, ser\u00e3o beneficiadas\u2026","rel":"","context":"In &quot;Not\u00edcias de Ribeir\u00e3o Preto-SP e Regi\u00e3o&quot;","block_context":{"text":"Not\u00edcias de Ribeir\u00e3o Preto-SP e Regi\u00e3o","link":"https:\/\/noticiasribeiraopreto.com.br\/index.php\/category\/noticias-de-ribeirao-preto-sp-e-regiao-ismael-colosi\/"},"img":{"alt_text":"","src":"https:\/\/i0.wp.com\/noticiasribeiraopreto.com.br\/wp-content\/uploads\/2025\/01\/minha-casa-minha-vida.jpeg?fit=768%2C441&ssl=1&resize=350%2C200","width":350,"height":200,"srcset":"https:\/\/i0.wp.com\/noticiasribeiraopreto.com.br\/wp-content\/uploads\/2025\/01\/minha-casa-minha-vida.jpeg?fit=768%2C441&ssl=1&resize=350%2C200 1x, https:\/\/i0.wp.com\/noticiasribeiraopreto.com.br\/wp-content\/uploads\/2025\/01\/minha-casa-minha-vida.jpeg?fit=768%2C441&ssl=1&resize=525%2C300 1.5x, https:\/\/i0.wp.com\/noticiasribeiraopreto.com.br\/wp-content\/uploads\/2025\/01\/minha-casa-minha-vida.jpeg?fit=768%2C441&ssl=1&resize=700%2C400 2x"},"classes":[]},{"id":22663,"url":"https:\/\/noticiasribeiraopreto.com.br\/index.php\/2023\/12\/30\/minha-casa-minha-vida-2024-inscricoes-foram-ampliadas-para-moradia-gratuita-entenda\/","url_meta":{"origin":46296,"position":5},"title":"Minha Casa, Minha Vida 2024: Inscri\u00e7\u00f5es foram ampliadas para moradia GRATUITA! Entenda","author":"noticiasribeiraopreto.com.br","date":"30 de December de 2023","format":false,"excerpt":"O Minha Casa Minha Vida, o maior programa habitacional do Brasil, continuar\u00e1 em 2024, oferecendo moradia gratuita para a popula\u00e7\u00e3o que atender a determinados crit\u00e9rios. Al\u00e9m disso, j\u00e1 foram anunciadas novas constru\u00e7\u00f5es para o pr\u00f3ximo ano. O Retorno do Minha Casa Minha Vida Ap\u00f3s a substitui\u00e7\u00e3o do programa Casa Verde\u2026","rel":"","context":"In &quot;Vagas de Emprego em Ribeir\u00e3o Preto-SP&quot;","block_context":{"text":"Vagas de Emprego em Ribeir\u00e3o Preto-SP","link":"https:\/\/noticiasribeiraopreto.com.br\/index.php\/category\/empregos-classificados-vagas-trabalho\/vagas-de-empregos-em-ribeirao-preto-regiao-brasil\/"},"img":{"alt_text":"","src":"","width":0,"height":0},"classes":[]}],"jetpack_sharing_enabled":true,"jetpack_shortlink":"https:\/\/wp.me\/peQAOb-c2I","_links":{"self":[{"href":"https:\/\/noticiasribeiraopreto.com.br\/index.php\/wp-json\/wp\/v2\/posts\/46296","targetHints":{"allow":["GET"]}}],"collection":[{"href":"https:\/\/noticiasribeiraopreto.com.br\/index.php\/wp-json\/wp\/v2\/posts"}],"about":[{"href":"https:\/\/noticiasribeiraopreto.com.br\/index.php\/wp-json\/wp\/v2\/types\/post"}],"author":[{"embeddable":true,"href":"https:\/\/noticiasribeiraopreto.com.br\/index.php\/wp-json\/wp\/v2\/users\/1"}],"replies":[{"embeddable":true,"href":"https:\/\/noticiasribeiraopreto.com.br\/index.php\/wp-json\/wp\/v2\/comments?post=46296"}],"version-history":[{"count":0,"href":"https:\/\/noticiasribeiraopreto.com.br\/index.php\/wp-json\/wp\/v2\/posts\/46296\/revisions"}],"wp:featuredmedia":[{"embeddable":true,"href":"https:\/\/noticiasribeiraopreto.com.br\/index.php\/wp-json\/wp\/v2\/media\/46297"}],"wp:attachment":[{"href":"https:\/\/noticiasribeiraopreto.com.br\/index.php\/wp-json\/wp\/v2\/media?parent=46296"}],"wp:term":[{"taxonomy":"category","embeddable":true,"href":"https:\/\/noticiasribeiraopreto.com.br\/index.php\/wp-json\/wp\/v2\/categories?post=46296"},{"taxonomy":"post_tag","embeddable":true,"href":"https:\/\/noticiasribeiraopreto.com.br\/index.php\/wp-json\/wp\/v2\/tags?post=46296"}],"curies":[{"name":"wp","href":"https:\/\/api.w.org\/{rel}","templated":true}]}}