{"id":46304,"date":"2024-04-10T18:46:55","date_gmt":"2024-04-10T21:46:55","guid":{"rendered":"https:\/\/noticiasribeiraopreto.com.br\/index.php\/2024\/04\/10\/ifsp-esta-com-inscricoes-abertas-na-regiao-de-ribeirao-preto\/"},"modified":"2024-04-10T18:46:55","modified_gmt":"2024-04-10T21:46:55","slug":"ifsp-esta-com-inscricoes-abertas-na-regiao-de-ribeirao-preto","status":"publish","type":"post","link":"https:\/\/noticiasribeiraopreto.com.br\/index.php\/2024\/04\/10\/ifsp-esta-com-inscricoes-abertas-na-regiao-de-ribeirao-preto\/","title":{"rendered":"IFSP est\u00e1 com inscri\u00e7\u00f5es abertas na regi\u00e3o de Ribeir\u00e3o Preto"},"content":{"rendered":"<div class='code-block code-block-1' style='margin: 8px 0 8px auto; text-align: right; display: block; clear: both;'>\n<p><a href=\"https:\/\/wa.link\/vpicfd\"><img data-recalc-dims=\"1\" class=\"wp-image-4922\" style=\"aspect-ratio: 2.0253164556962027; width: 561px; height: auto;\" src=\"https:\/\/i0.wp.com\/ismaelcolosi.com.br\/wp-content\/uploads\/2023\/11\/grupo-de-empregos-whatsapp-e-facebook-ismael-colosi-vagas.jpg?ssl=1\" alt=\"\" \/><\/a><\/p>\n<!-- \/wp:image -->\n<\/div>\n<p> <br \/>\n<\/p>\n<div data-td-block-uid=\"tdi_101\">\n<div class=\"tdb-block-inner td-fix-index\">\n<p>O <strong>IFSP<\/strong> (Instituto Federal de S\u00e3o Paulo) est\u00e1 com <strong>inscri\u00e7\u00f5es abertas<\/strong> para <strong>cursos t\u00e9cnicos<\/strong> em <strong>30 campi<\/strong>, entre eles, o de <strong>Sert\u00e3ozinho<\/strong>, cidade a 21 quil\u00f4metros de Ribeir\u00e3o Preto. Os <strong>interessados<\/strong> t\u00eam at\u00e9 o dia <strong>5 de maio<\/strong> para se <strong>inscreverem<\/strong>.<\/p>\n<p>Ao todo, <span style=\"background-color:#f7cc62\" class=\"td_text_highlight_marker\"><mark style=\"background-color:rgba(0, 0, 0, 0)\" class=\"has-inline-color has-black-color\">no estado de S\u00e3o Paulo s\u00e3o 2.410 vagas gratuitas dispon\u00edveis para in\u00edcio no segundo semestre deste ano. No <strong>campus de Sert\u00e3ozinho, s\u00e3o 40 vagas abertas para o curso de Marketing<\/strong><\/mark><\/span>.<\/p>\n<h4 class=\"wp-block-heading\"><strong>Veja quem e como se inscrever:<\/strong><\/h4>\n<p>As inscri\u00e7\u00f5es devem ser feitas pelo<strong><a href=\"https:\/\/processoseletivo.ifsp.edu.br\/cursos-tecnicos-2024-2\/\" target=\"_blank\" rel=\"noreferrer noopener nofollow\"> site do instituto<\/a><\/strong>. A <strong>taxa<\/strong> de inscri\u00e7\u00e3o \u00e9 de <strong>R$ 20<\/strong> e pode ser paga com pix, cart\u00e3o de cr\u00e9dito ou GRU (Guia de Recolhimento da Uni\u00e3o)<\/p>\n<p>Podem <strong>concorrer<\/strong> a uma das vagas, <strong>estudantes<\/strong> que estejam<strong> cursando o segundo ou o terceiro ano do ensino m\u00e9dio ou que j\u00e1 conclu\u00edram.<\/strong><\/p>\n<h4 class=\"wp-block-heading\"><strong>Sobre a prova<\/strong><\/h4>\n<p>A <strong>prova<\/strong> do processo seletivo acontece no dia <strong>16 de junho<\/strong>, na mesma cidade ou na regi\u00e3o do campus escolhido na inscri\u00e7\u00e3o.<\/p>\n<p>O <strong>hor\u00e1rio e local<\/strong> da aplica\u00e7\u00e3o da prova ser\u00e3o <strong>divulgados<\/strong> no dia <strong>13 de junho<\/strong>, ap\u00f3s \u00e0s 20h.<\/p>\n<p>Com <strong>30 quest\u00f5es de m\u00faltipla escolha<\/strong>, quatro alternativas cada, os conte\u00fados de <strong>Portugu\u00eas<\/strong> e <strong>Matem\u00e1tica<\/strong> ser\u00e3o os que foram abordados no <strong>6\u00ba e 9\u00ba ano<\/strong> do ensino fundamental.<\/p>\n<p>Para mais detalhes, o<strong> IFSP<\/strong> disponibiliza o <strong>edital<\/strong> completo no <strong><a href=\"https:\/\/processoseletivo.ifsp.edu.br\/media\/public\/4\/4j5iswtq76sepqvr3yk9034eh\/5c\/5cx7eiqv3pn3a1hrc3kjh3328.pdf\" target=\"_blank\" rel=\"noreferrer noopener nofollow\">site<\/a><\/strong>.<\/p>\n<p>SAIBA MAIS <\/p>\n<p>Carnaval fora de \u00e9poca: \u2018Um Amor em Cada Bloco\u2019 agita Ribeir\u00e3o Preto; Veja quando<\/p>\n<h4 class=\"wp-block-heading\"><strong><mark>FIQUE ON<\/mark><\/strong><\/h4>\n<p>Fique ligado em tudo que acontece em Ribeir\u00e3o Preto e regi\u00e3o. Siga os perfis do\u00a0<strong>acidade on\u00a0<\/strong>no\u00a0<a href=\"https:\/\/www.instagram.com\/acidadeonribeirao\" target=\"_blank\" rel=\"noreferrer noopener\">Instagram<\/a>\u00a0e no\u00a0<a href=\"https:\/\/www.facebook.com\/acidadeonribeirao\" target=\"_blank\" rel=\"noreferrer noopener\">Facebook<\/a>.<\/p>\n<p>Receba not\u00edcias do acidade on no WhatsApp. Para entrar no grupo, basta\u00a0<a href=\"https:\/\/chat.whatsapp.com\/GFH9HUMUTHNFJdnyEd0xxq\" target=\"_blank\" rel=\"noreferrer noopener\">clicar aqui<\/a>.<\/p>\n<p>Fa\u00e7a uma den\u00fancia ou sugira uma reportagem sobre Ribeir\u00e3o Preto e regi\u00e3o pelo WhatsApp: 16 99117 7802.<\/p>\n<p>VEJA TAMB\u00c9M<\/p>\n<p>Beatriz ser\u00e1 eliminada do BBB 24 com rejei\u00e7\u00e3o? Veja nova parcial<\/p>\n<p><!-- AI CONTENT END 1 -->\n<\/div>\n<\/div>\n<p><script async src=\"\/\/www.instagram.com\/embed.js\"><\/script><br \/>\n<br \/><br \/>\n<br \/><a href=\"https:\/\/www.acidadeon.com\/ribeiraopreto\/cotidiano\/ifsp-esta-com-inscricoes-abertas-na-regiao-de-ribeirao-preto\/\">Source link <\/a><\/p>\n<!-- CONTENT END 1 -->\n","protected":false},"excerpt":{"rendered":"<p>O IFSP (Instituto Federal de S\u00e3o Paulo) est\u00e1 com inscri\u00e7\u00f5es abertas para cursos t\u00e9cnicos em 30 campi, entre eles, o de Sert\u00e3ozinho, cidade a 21&#8230;<\/p>\n","protected":false},"author":1,"featured_media":46305,"comment_status":"open","ping_status":"open","sticky":false,"template":"","format":"standard","meta":{"advanced_seo_description":"","jetpack_seo_html_title":"","jetpack_seo_noindex":false,"jetpack_post_was_ever_published":false,"_jetpack_newsletter_access":"","_jetpack_dont_email_post_to_subs":false,"_jetpack_newsletter_tier_id":0,"_jetpack_memberships_contains_paywalled_content":false,"_jetpack_memberships_contains_paid_content":false,"footnotes":"","jetpack_publicize_message":"","jetpack_publicize_feature_enabled":true,"jetpack_social_post_already_shared":true,"jetpack_social_options":{"image_generator_settings":{"template":"highway","default_image_id":0,"font":"","enabled":false},"version":2}},"categories":[11],"tags":[],"class_list":["post-46304","post","type-post","status-publish","format-standard","has-post-thumbnail","hentry","category-noticias-de-ribeirao-preto-sp-e-regiao-ismael-colosi"],"jetpack_publicize_connections":[],"jetpack_featured_media_url":"https:\/\/i0.wp.com\/noticiasribeiraopreto.com.br\/wp-content\/uploads\/2024\/04\/Copia-de-Copia-de-TAMANHO-EXATO-PARA-FOTOS-NO-SISTEMA-NOVO-16-1.jpg?fit=1200%2C675&ssl=1","jetpack-related-posts":[{"id":67260,"url":"https:\/\/noticiasribeiraopreto.com.br\/index.php\/2025\/04\/11\/ifsp-conta-com-mais-de-2-mil-vagas-para-cursos-tecnicos-gratuitos-veja-como-participar\/","url_meta":{"origin":46304,"position":0},"title":"IFSP conta com mais de 2 mil vagas para cursos t\u00e9cnicos gratuitos; Veja como participar","author":"noticiasribeiraopreto.com.br","date":"11 de April de 2025","format":false,"excerpt":"As inscri\u00e7\u00f5es para o processo seletivo do IFSP (Instituto Federal de S\u00e3o Paulo) est\u00e3o abertas at\u00e9 o dia 4 de maio. S\u00e3o 2.080 vagas de cursos t\u00e9cnicos gratuitos dispon\u00edveis em todo o Estado de S\u00e3o Paulo. As inscri\u00e7\u00f5es devem ser realizadas pela internet (clique aqui). A taxa de inscri\u00e7\u00e3o custa\u2026","rel":"","context":"In &quot;Not\u00edcias de Ribeir\u00e3o Preto-SP e Regi\u00e3o&quot;","block_context":{"text":"Not\u00edcias de Ribeir\u00e3o Preto-SP e Regi\u00e3o","link":"https:\/\/noticiasribeiraopreto.com.br\/index.php\/category\/noticias-de-ribeirao-preto-sp-e-regiao-ismael-colosi\/"},"img":{"alt_text":"","src":"https:\/\/i0.wp.com\/noticiasribeiraopreto.com.br\/wp-content\/uploads\/2025\/04\/ifsp_sertaozinho_1024x576_04062021110105.jpg?fit=1024%2C576&ssl=1&resize=350%2C200","width":350,"height":200,"srcset":"https:\/\/i0.wp.com\/noticiasribeiraopreto.com.br\/wp-content\/uploads\/2025\/04\/ifsp_sertaozinho_1024x576_04062021110105.jpg?fit=1024%2C576&ssl=1&resize=350%2C200 1x, https:\/\/i0.wp.com\/noticiasribeiraopreto.com.br\/wp-content\/uploads\/2025\/04\/ifsp_sertaozinho_1024x576_04062021110105.jpg?fit=1024%2C576&ssl=1&resize=525%2C300 1.5x, https:\/\/i0.wp.com\/noticiasribeiraopreto.com.br\/wp-content\/uploads\/2025\/04\/ifsp_sertaozinho_1024x576_04062021110105.jpg?fit=1024%2C576&ssl=1&resize=700%2C400 2x"},"classes":[]},{"id":47949,"url":"https:\/\/noticiasribeiraopreto.com.br\/index.php\/2024\/04\/29\/confira-ate-quando-vao-as-inscricoes-para-os-cursos-do-ifsp-com-vagas-na-regiao-de-ribeirao\/","url_meta":{"origin":46304,"position":1},"title":"Confira at\u00e9 quando v\u00e3o as inscri\u00e7\u00f5es para os cursos do IFSP com vagas na regi\u00e3o de Ribeir\u00e3o","author":"noticiasribeiraopreto.com.br","date":"29 de April de 2024","format":false,"excerpt":"As inscri\u00e7\u00f5es para os cursos t\u00e9cnicos gratuitos do IFSP (Instituto Federal de S\u00e3o Paulo) v\u00e3o at\u00e9 \u00e0s 23h59 do dia 5 de maio. Os interessados devem se inscrever no site do instituto (clique aqui). A taxa \u00e9 de R$ 20 e pode ser paga com pix, cart\u00e3o de cr\u00e9dito ou\u2026","rel":"","context":"In &quot;Not\u00edcias de Ribeir\u00e3o Preto-SP e Regi\u00e3o&quot;","block_context":{"text":"Not\u00edcias de Ribeir\u00e3o Preto-SP e Regi\u00e3o","link":"https:\/\/noticiasribeiraopreto.com.br\/index.php\/category\/noticias-de-ribeirao-preto-sp-e-regiao-ismael-colosi\/"},"img":{"alt_text":"","src":"https:\/\/i0.wp.com\/noticiasribeiraopreto.com.br\/wp-content\/uploads\/2024\/04\/ifsp-de-sertaozinho.jpg?fit=1200%2C751&ssl=1&resize=350%2C200","width":350,"height":200,"srcset":"https:\/\/i0.wp.com\/noticiasribeiraopreto.com.br\/wp-content\/uploads\/2024\/04\/ifsp-de-sertaozinho.jpg?fit=1200%2C751&ssl=1&resize=350%2C200 1x, https:\/\/i0.wp.com\/noticiasribeiraopreto.com.br\/wp-content\/uploads\/2024\/04\/ifsp-de-sertaozinho.jpg?fit=1200%2C751&ssl=1&resize=525%2C300 1.5x, https:\/\/i0.wp.com\/noticiasribeiraopreto.com.br\/wp-content\/uploads\/2024\/04\/ifsp-de-sertaozinho.jpg?fit=1200%2C751&ssl=1&resize=700%2C400 2x, https:\/\/i0.wp.com\/noticiasribeiraopreto.com.br\/wp-content\/uploads\/2024\/04\/ifsp-de-sertaozinho.jpg?fit=1200%2C751&ssl=1&resize=1050%2C600 3x"},"classes":[]},{"id":77687,"url":"https:\/\/noticiasribeiraopreto.com.br\/index.php\/2025\/09\/23\/ifsp-oferece-mais-de-7-mil-vagas-em-cursos-tecnicos-gratuitos-ha-oportunidades-na-regiao-de-ribeirao\/","url_meta":{"origin":46304,"position":2},"title":"IFSP oferece mais de 7 mil vagas em cursos t\u00e9cnicos gratuitos; H\u00e1 oportunidades na regi\u00e3o de Ribeir\u00e3o","author":"noticiasribeiraopreto.com.br","date":"23 de September de 2025","format":false,"excerpt":"O IFSP (Instituto Federal de S\u00e3o Paulo) abriu inscri\u00e7\u00f5es para cursos t\u00e9cnicos com ingresso no primeiro semestre de 2026. Ao todo, s\u00e3o 7.362 vagas no Estado, mais de 200 delas destinadas \u00e0 regi\u00e3o de Ribeir\u00e3o Preto \u2013 veja as vagas abaixo. As inscri\u00e7\u00f5es devem ser realizadas de forma online (clique\u2026","rel":"","context":"In &quot;Not\u00edcias de Ribeir\u00e3o Preto-SP e Regi\u00e3o&quot;","block_context":{"text":"Not\u00edcias de Ribeir\u00e3o Preto-SP e Regi\u00e3o","link":"https:\/\/noticiasribeiraopreto.com.br\/index.php\/category\/noticias-de-ribeirao-preto-sp-e-regiao-ismael-colosi\/"},"img":{"alt_text":"","src":"https:\/\/i0.wp.com\/noticiasribeiraopreto.com.br\/wp-content\/uploads\/2025\/09\/IFSP_BRT_SEDE_Vista_Aerea_2025-09-23_23-06-29.webp.webp?fit=800%2C475&ssl=1&resize=350%2C200","width":350,"height":200,"srcset":"https:\/\/i0.wp.com\/noticiasribeiraopreto.com.br\/wp-content\/uploads\/2025\/09\/IFSP_BRT_SEDE_Vista_Aerea_2025-09-23_23-06-29.webp.webp?fit=800%2C475&ssl=1&resize=350%2C200 1x, https:\/\/i0.wp.com\/noticiasribeiraopreto.com.br\/wp-content\/uploads\/2025\/09\/IFSP_BRT_SEDE_Vista_Aerea_2025-09-23_23-06-29.webp.webp?fit=800%2C475&ssl=1&resize=525%2C300 1.5x, https:\/\/i0.wp.com\/noticiasribeiraopreto.com.br\/wp-content\/uploads\/2025\/09\/IFSP_BRT_SEDE_Vista_Aerea_2025-09-23_23-06-29.webp.webp?fit=800%2C475&ssl=1&resize=700%2C400 2x"},"classes":[]},{"id":56337,"url":"https:\/\/noticiasribeiraopreto.com.br\/index.php\/2024\/08\/12\/ifsp-esta-com-440-vagas-em-cursos-tecnicos-gratuitos-na-regiao-de-ribeirao-preto\/","url_meta":{"origin":46304,"position":3},"title":"IFSP est\u00e1 com 440 vagas em cursos t\u00e9cnicos gratuitos na regi\u00e3o de Ribeir\u00e3o Preto","author":"noticiasribeiraopreto.com.br","date":"12 de August de 2024","format":false,"excerpt":"O Instituto Federal de S\u00e3o Paulo (IFSP) est\u00e1 oferecendo 440 vagas de cursos t\u00e9cnicos gratuitos nas modalidades integrado, concomitante ou subsequente ao ensino m\u00e9dio, em Sert\u00e3ozinho e Barretos, cidades na regi\u00e3o de Ribeir\u00e3o Preto. As inscri\u00e7\u00f5es devem ser realizadas de forma on-line, atrav\u00e9s do site da institui\u00e7\u00e3o (clique aqui), at\u00e9\u2026","rel":"","context":"In &quot;Not\u00edcias de Ribeir\u00e3o Preto-SP e Regi\u00e3o&quot;","block_context":{"text":"Not\u00edcias de Ribeir\u00e3o Preto-SP e Regi\u00e3o","link":"https:\/\/noticiasribeiraopreto.com.br\/index.php\/category\/noticias-de-ribeirao-preto-sp-e-regiao-ismael-colosi\/"},"img":{"alt_text":"","src":"https:\/\/i0.wp.com\/noticiasribeiraopreto.com.br\/wp-content\/uploads\/2024\/08\/ifsp_1200x675_17022022161056.jpg?fit=1200%2C675&ssl=1&resize=350%2C200","width":350,"height":200,"srcset":"https:\/\/i0.wp.com\/noticiasribeiraopreto.com.br\/wp-content\/uploads\/2024\/08\/ifsp_1200x675_17022022161056.jpg?fit=1200%2C675&ssl=1&resize=350%2C200 1x, https:\/\/i0.wp.com\/noticiasribeiraopreto.com.br\/wp-content\/uploads\/2024\/08\/ifsp_1200x675_17022022161056.jpg?fit=1200%2C675&ssl=1&resize=525%2C300 1.5x, https:\/\/i0.wp.com\/noticiasribeiraopreto.com.br\/wp-content\/uploads\/2024\/08\/ifsp_1200x675_17022022161056.jpg?fit=1200%2C675&ssl=1&resize=700%2C400 2x, https:\/\/i0.wp.com\/noticiasribeiraopreto.com.br\/wp-content\/uploads\/2024\/08\/ifsp_1200x675_17022022161056.jpg?fit=1200%2C675&ssl=1&resize=1050%2C600 3x"},"classes":[]},{"id":83989,"url":"https:\/\/noticiasribeiraopreto.com.br\/index.php\/2026\/03\/30\/ifsp-abre-processo-seletivo-com-salarios-de-ate-r-8-mil\/","url_meta":{"origin":46304,"position":4},"title":"IFSP abre processo seletivo com sal\u00e1rios de at\u00e9 R$ 8 mil","author":"noticiasribeiraopreto.com.br","date":"30 de March de 2026","format":false,"excerpt":"Ler o resumo da not\u00edcia IFSP abre processo seletivo para professor substituto com sal\u00e1rios de R$ 4,2 mil a R$ 8 mil Vagas para campi de Barretos e Sert\u00e3ozinho, na regi\u00e3o de Ribeir\u00e3o Preto Inscri\u00e7\u00f5es abertas de 30 de mar\u00e7o at\u00e9 10 de abril, exclusivamente online Sele\u00e7\u00e3o ser\u00e1 por prova\u2026","rel":"","context":"In &quot;Not\u00edcias de Ribeir\u00e3o Preto-SP e Regi\u00e3o&quot;","block_context":{"text":"Not\u00edcias de Ribeir\u00e3o Preto-SP e Regi\u00e3o","link":"https:\/\/noticiasribeiraopreto.com.br\/index.php\/category\/noticias-de-ribeirao-preto-sp-e-regiao-ismael-colosi\/"},"img":{"alt_text":"","src":"https:\/\/i0.wp.com\/noticiasribeiraopreto.com.br\/wp-content\/uploads\/2026\/03\/processo-seletivo-ifsp_2026-03-30_16-45-18.webp.webp?fit=1200%2C800&ssl=1&resize=350%2C200","width":350,"height":200,"srcset":"https:\/\/i0.wp.com\/noticiasribeiraopreto.com.br\/wp-content\/uploads\/2026\/03\/processo-seletivo-ifsp_2026-03-30_16-45-18.webp.webp?fit=1200%2C800&ssl=1&resize=350%2C200 1x, https:\/\/i0.wp.com\/noticiasribeiraopreto.com.br\/wp-content\/uploads\/2026\/03\/processo-seletivo-ifsp_2026-03-30_16-45-18.webp.webp?fit=1200%2C800&ssl=1&resize=525%2C300 1.5x, https:\/\/i0.wp.com\/noticiasribeiraopreto.com.br\/wp-content\/uploads\/2026\/03\/processo-seletivo-ifsp_2026-03-30_16-45-18.webp.webp?fit=1200%2C800&ssl=1&resize=700%2C400 2x, https:\/\/i0.wp.com\/noticiasribeiraopreto.com.br\/wp-content\/uploads\/2026\/03\/processo-seletivo-ifsp_2026-03-30_16-45-18.webp.webp?fit=1200%2C800&ssl=1&resize=1050%2C600 3x"},"classes":[]},{"id":57562,"url":"https:\/\/noticiasribeiraopreto.com.br\/index.php\/2024\/09\/04\/ifsp-de-sertaozinho-abre-processo-seletivo-com-salarios-de-r-4-mil\/","url_meta":{"origin":46304,"position":5},"title":"IFSP de Sert\u00e3ozinho abre processo seletivo com sal\u00e1rios de R$ 4 mil","author":"noticiasribeiraopreto.com.br","date":"4 de September de 2024","format":false,"excerpt":"O IFSP (Instituto Federal de S\u00e3o Paulo) abriu processo seletivo para contrata\u00e7\u00e3o, por tempo determinado, um t\u00e9cnico especializado em linguagem de sinais. Os sal\u00e1rios para o cargo s\u00e3o de R$ 4.556,92. As inscri\u00e7\u00f5es devem ser realizadas no site do IFSP (clique aqui) at\u00e9 o dia 18 de setembro. A taxa\u2026","rel":"","context":"In &quot;Not\u00edcias de Ribeir\u00e3o Preto-SP e Regi\u00e3o&quot;","block_context":{"text":"Not\u00edcias de Ribeir\u00e3o Preto-SP e Regi\u00e3o","link":"https:\/\/noticiasribeiraopreto.com.br\/index.php\/category\/noticias-de-ribeirao-preto-sp-e-regiao-ismael-colosi\/"},"img":{"alt_text":"","src":"https:\/\/i0.wp.com\/noticiasribeiraopreto.com.br\/wp-content\/uploads\/2024\/09\/ifsp_sertaozinho_1024x576_04062021110105.jpg?fit=1024%2C576&ssl=1&resize=350%2C200","width":350,"height":200,"srcset":"https:\/\/i0.wp.com\/noticiasribeiraopreto.com.br\/wp-content\/uploads\/2024\/09\/ifsp_sertaozinho_1024x576_04062021110105.jpg?fit=1024%2C576&ssl=1&resize=350%2C200 1x, https:\/\/i0.wp.com\/noticiasribeiraopreto.com.br\/wp-content\/uploads\/2024\/09\/ifsp_sertaozinho_1024x576_04062021110105.jpg?fit=1024%2C576&ssl=1&resize=525%2C300 1.5x, https:\/\/i0.wp.com\/noticiasribeiraopreto.com.br\/wp-content\/uploads\/2024\/09\/ifsp_sertaozinho_1024x576_04062021110105.jpg?fit=1024%2C576&ssl=1&resize=700%2C400 2x"},"classes":[]}],"jetpack_sharing_enabled":true,"jetpack_shortlink":"https:\/\/wp.me\/peQAOb-c2Q","_links":{"self":[{"href":"https:\/\/noticiasribeiraopreto.com.br\/index.php\/wp-json\/wp\/v2\/posts\/46304","targetHints":{"allow":["GET"]}}],"collection":[{"href":"https:\/\/noticiasribeiraopreto.com.br\/index.php\/wp-json\/wp\/v2\/posts"}],"about":[{"href":"https:\/\/noticiasribeiraopreto.com.br\/index.php\/wp-json\/wp\/v2\/types\/post"}],"author":[{"embeddable":true,"href":"https:\/\/noticiasribeiraopreto.com.br\/index.php\/wp-json\/wp\/v2\/users\/1"}],"replies":[{"embeddable":true,"href":"https:\/\/noticiasribeiraopreto.com.br\/index.php\/wp-json\/wp\/v2\/comments?post=46304"}],"version-history":[{"count":0,"href":"https:\/\/noticiasribeiraopreto.com.br\/index.php\/wp-json\/wp\/v2\/posts\/46304\/revisions"}],"wp:featuredmedia":[{"embeddable":true,"href":"https:\/\/noticiasribeiraopreto.com.br\/index.php\/wp-json\/wp\/v2\/media\/46305"}],"wp:attachment":[{"href":"https:\/\/noticiasribeiraopreto.com.br\/index.php\/wp-json\/wp\/v2\/media?parent=46304"}],"wp:term":[{"taxonomy":"category","embeddable":true,"href":"https:\/\/noticiasribeiraopreto.com.br\/index.php\/wp-json\/wp\/v2\/categories?post=46304"},{"taxonomy":"post_tag","embeddable":true,"href":"https:\/\/noticiasribeiraopreto.com.br\/index.php\/wp-json\/wp\/v2\/tags?post=46304"}],"curies":[{"name":"wp","href":"https:\/\/api.w.org\/{rel}","templated":true}]}}