{"id":46308,"date":"2024-04-10T18:59:56","date_gmt":"2024-04-10T21:59:56","guid":{"rendered":"https:\/\/noticiasribeiraopreto.com.br\/index.php\/2024\/04\/10\/obra-da-saerp-provoca-interdicao-total-em-cruzamento-no-centro-de-ribeirao-preto\/"},"modified":"2024-04-10T18:59:56","modified_gmt":"2024-04-10T21:59:56","slug":"obra-da-saerp-provoca-interdicao-total-em-cruzamento-no-centro-de-ribeirao-preto","status":"publish","type":"post","link":"https:\/\/noticiasribeiraopreto.com.br\/index.php\/2024\/04\/10\/obra-da-saerp-provoca-interdicao-total-em-cruzamento-no-centro-de-ribeirao-preto\/","title":{"rendered":"Obra da Saerp provoca interdi\u00e7\u00e3o total em cruzamento no Centro de Ribeir\u00e3o Preto"},"content":{"rendered":"<div class='code-block code-block-1' style='margin: 8px 0 8px auto; text-align: right; display: block; clear: both;'>\n<p><a href=\"https:\/\/wa.link\/vpicfd\"><img data-recalc-dims=\"1\" class=\"wp-image-4922\" style=\"aspect-ratio: 2.0253164556962027; width: 561px; height: auto;\" src=\"https:\/\/i0.wp.com\/ismaelcolosi.com.br\/wp-content\/uploads\/2023\/11\/grupo-de-empregos-whatsapp-e-facebook-ismael-colosi-vagas.jpg?ssl=1\" alt=\"\" \/><\/a><\/p>\n<!-- \/wp:image -->\n<\/div>\n<p> <br \/>\n<\/p>\n<div data-td-block-uid=\"tdi_101\">\n<div class=\"tdb-block-inner td-fix-index\">\n<p>O <span style=\"background-color:#f7cc62\" class=\"td_text_highlight_marker\"><mark style=\"background-color:rgba(0, 0, 0, 0)\" class=\"has-inline-color has-black-color\">cruzamento das ruas S\u00e3o Sebasti\u00e3o com a Visconde de Inha\u00fama, no Centro de Ribeir\u00e3o Preto est\u00e1 com interdi\u00e7\u00e3o total para que a Saerp<\/mark><\/span> (Secretaria de \u00c1gua e Esgoto de Ribeir\u00e3o Preto) realize os <strong>servi\u00e7os de reparos em uma rede de abastecimento de \u00e1gua<\/strong>, que provocou a interrup\u00e7\u00e3o de \u00e1gua na regi\u00e3o desde a noite de ter\u00e7a-feira (9). <\/p>\n<p>A <strong>previs\u00e3o<\/strong> \u00e9 de que a <strong>libera\u00e7\u00e3o<\/strong> do <strong>tr\u00e2nsito<\/strong> no local <strong>aconte\u00e7a<\/strong> na <strong>sexta-feira<\/strong> (12).<\/p>\n<p>Enquanto isso n\u00e3o ocorre, <span style=\"background-color:#f7cc62\" class=\"td_text_highlight_marker\"><mark style=\"background-color:rgba(0, 0, 0, 0)\" class=\"has-inline-color has-black-color\">os motoristas que j\u00e1 est\u00e3o tendo que enfrentar outras interdi\u00e7\u00f5es naquela regi\u00e3o do Centro por conta das obras do corredor de \u00f4nibus<\/mark><\/span>, ter\u00e3o que adotar <strong>rotas alternativas<\/strong>.<\/p>\n<p>A<strong> RP Mobi<\/strong>, empresa que gerencia o tr\u00e2nsito e o transporte de Ribeir\u00e3o Preto, orienta que o motorista que vem da rua S\u00e3o Sebasti\u00e3o deve desviar \u00e0 esquerda na\u00a0 rua Cerqueira C\u00e9sar, \u00e0 direita na rua Flor\u00eancio de Abreu, \u00e0 direita na rua Tibiri\u00e7\u00e1, \u00e0 esquerda para retomar a rua S\u00e3o Sebasti\u00e3o e seguir o destino desejado. <\/p>\n<p>O acesso nessa regi\u00e3o com interdi\u00e7\u00e3o ser\u00e1 somente para moradores e comerciantes.<\/p>\n<p>SAIBA MAIS <\/p>\n<p>Veja por que Ribeir\u00e3o Preto \u00e9 conhecida como \u2018Calif\u00f3rnia Brasileira\u2019<\/p>\n<h4 class=\"wp-block-heading\"><strong><mark>FIQUE ON<\/mark><\/strong><\/h4>\n<p>Fique ligado em tudo que acontece em Ribeir\u00e3o Preto e regi\u00e3o. Siga os perfis do\u00a0<strong>acidade on\u00a0<\/strong>no\u00a0<a href=\"https:\/\/www.instagram.com\/acidadeonribeirao\" target=\"_blank\" rel=\"noreferrer noopener\">Instagram<\/a>\u00a0e no\u00a0<a href=\"https:\/\/www.facebook.com\/acidadeonribeirao\" target=\"_blank\" rel=\"noreferrer noopener\">Facebook<\/a>.<\/p>\n<p>Receba not\u00edcias do acidade on no WhatsApp. Para entrar no grupo, basta\u00a0<a href=\"https:\/\/chat.whatsapp.com\/GFH9HUMUTHNFJdnyEd0xxq\" target=\"_blank\" rel=\"noreferrer noopener\">clicar aqui<\/a>.<\/p>\n<p>Fa\u00e7a uma den\u00fancia ou sugira uma reportagem sobre Ribeir\u00e3o Preto e regi\u00e3o pelo WhatsApp: 16 99117 7802.<\/p>\n<p>VEJA TAMB\u00c9M<\/p>\n<p>Gil do Vigor comenta rejei\u00e7\u00e3o de Beatriz no BBB 24<\/p>\n<p><!-- AI CONTENT END 1 -->\n<\/div>\n<\/div>\n<p><script async src=\"\/\/www.instagram.com\/embed.js\"><\/script><br \/>\n<br \/><br \/>\n<br \/><a href=\"https:\/\/www.acidadeon.com\/ribeiraopreto\/cotidiano\/obra-da-saerp-provoca-interdicao-total-em-cruzamento-no-centro-de-ribeirao-preto\/\">Source link <\/a><\/p>\n<!-- CONTENT END 1 -->\n","protected":false},"excerpt":{"rendered":"<p>O cruzamento das ruas S\u00e3o Sebasti\u00e3o com a Visconde de Inha\u00fama, no Centro de Ribeir\u00e3o Preto est\u00e1 com interdi\u00e7\u00e3o total para que a Saerp (Secretaria&#8230;<\/p>\n","protected":false},"author":1,"featured_media":46309,"comment_status":"open","ping_status":"open","sticky":false,"template":"","format":"standard","meta":{"advanced_seo_description":"","jetpack_seo_html_title":"","jetpack_seo_noindex":false,"jetpack_post_was_ever_published":false,"_jetpack_newsletter_access":"","_jetpack_dont_email_post_to_subs":false,"_jetpack_newsletter_tier_id":0,"_jetpack_memberships_contains_paywalled_content":false,"_jetpack_memberships_contains_paid_content":false,"footnotes":"","jetpack_publicize_message":"","jetpack_publicize_feature_enabled":true,"jetpack_social_post_already_shared":true,"jetpack_social_options":{"image_generator_settings":{"template":"highway","default_image_id":0,"font":"","enabled":false},"version":2}},"categories":[11],"tags":[],"class_list":["post-46308","post","type-post","status-publish","format-standard","has-post-thumbnail","hentry","category-noticias-de-ribeirao-preto-sp-e-regiao-ismael-colosi"],"jetpack_publicize_connections":[],"jetpack_featured_media_url":"https:\/\/i0.wp.com\/noticiasribeiraopreto.com.br\/wp-content\/uploads\/2024\/04\/Copia-de-Copia-de-TAMANHO-EXATO-PARA-FOTOS-NO-SISTEMA-NOVO-17-1.jpg?fit=1200%2C675&ssl=1","jetpack-related-posts":[{"id":78632,"url":"https:\/\/noticiasribeiraopreto.com.br\/index.php\/2025\/10\/15\/vazamento-de-agua-chama-atencao-no-centro-de-ribeirao-preto-video\/","url_meta":{"origin":46308,"position":0},"title":"Vazamento de \u00e1gua chama aten\u00e7\u00e3o no Centro de Ribeir\u00e3o Preto; V\u00eddeo","author":"noticiasribeiraopreto.com.br","date":"15 de October de 2025","format":false,"excerpt":"Um vazamento de \u00e1gua limpa no cruzamento das ruas Duque de Caxias e Bar\u00e3o do Amazonas, no Centro de Ribeir\u00e3o Preto, chamou a aten\u00e7\u00e3o de moradores na manh\u00e3 desta quarta-feira (15). Em v\u00eddeo enviado ao acidade on, \u00e9 poss\u00edvel ver uma grande parte da rua Duque de Caxias molhada por\u2026","rel":"","context":"In &quot;Not\u00edcias de Ribeir\u00e3o Preto-SP e Regi\u00e3o&quot;","block_context":{"text":"Not\u00edcias de Ribeir\u00e3o Preto-SP e Regi\u00e3o","link":"https:\/\/noticiasribeiraopreto.com.br\/index.php\/category\/noticias-de-ribeirao-preto-sp-e-regiao-ismael-colosi\/"},"img":{"alt_text":"","src":"https:\/\/i0.wp.com\/noticiasribeiraopreto.com.br\/wp-content\/uploads\/2025\/10\/Copia-de-Copia-de-Copia-de-TAMANHO-EXATO-PARA-FOTOS-NO-SISTEMA-NOVO-2025-10-15T110812.265_2025-10-15_14-16-10.webp.webp?fit=1200%2C675&ssl=1&resize=350%2C200","width":350,"height":200,"srcset":"https:\/\/i0.wp.com\/noticiasribeiraopreto.com.br\/wp-content\/uploads\/2025\/10\/Copia-de-Copia-de-Copia-de-TAMANHO-EXATO-PARA-FOTOS-NO-SISTEMA-NOVO-2025-10-15T110812.265_2025-10-15_14-16-10.webp.webp?fit=1200%2C675&ssl=1&resize=350%2C200 1x, https:\/\/i0.wp.com\/noticiasribeiraopreto.com.br\/wp-content\/uploads\/2025\/10\/Copia-de-Copia-de-Copia-de-TAMANHO-EXATO-PARA-FOTOS-NO-SISTEMA-NOVO-2025-10-15T110812.265_2025-10-15_14-16-10.webp.webp?fit=1200%2C675&ssl=1&resize=525%2C300 1.5x, https:\/\/i0.wp.com\/noticiasribeiraopreto.com.br\/wp-content\/uploads\/2025\/10\/Copia-de-Copia-de-Copia-de-TAMANHO-EXATO-PARA-FOTOS-NO-SISTEMA-NOVO-2025-10-15T110812.265_2025-10-15_14-16-10.webp.webp?fit=1200%2C675&ssl=1&resize=700%2C400 2x, https:\/\/i0.wp.com\/noticiasribeiraopreto.com.br\/wp-content\/uploads\/2025\/10\/Copia-de-Copia-de-Copia-de-TAMANHO-EXATO-PARA-FOTOS-NO-SISTEMA-NOVO-2025-10-15T110812.265_2025-10-15_14-16-10.webp.webp?fit=1200%2C675&ssl=1&resize=1050%2C600 3x"},"classes":[]},{"id":84333,"url":"https:\/\/noticiasribeiraopreto.com.br\/index.php\/2026\/04\/07\/centro-de-ribeirao-preto-tera-interdicao-e-falta-dagua-entenda\/","url_meta":{"origin":46308,"position":1},"title":"Centro de Ribeir\u00e3o Preto ter\u00e1 interdi\u00e7\u00e3o e falta d&#8217;\u00e1gua; entenda","author":"noticiasribeiraopreto.com.br","date":"7 de April de 2026","format":false,"excerpt":"Ler o resumo da not\u00edcia Centro de Ribeir\u00e3o Preto ter\u00e1 interdi\u00e7\u00e3o parcial e falta de \u00e1gua nesta quarta-feira (8) devido a reparo emergencial. Equipes da Saerp atuar\u00e3o a partir das 8h30 na esquina das ruas Garibaldi e S\u00e3o Sebasti\u00e3o para consertar tubula\u00e7\u00e3o rompida. A RP Mobi far\u00e1 a sinaliza\u00e7\u00e3o e\u2026","rel":"","context":"In &quot;Not\u00edcias de Ribeir\u00e3o Preto-SP e Regi\u00e3o&quot;","block_context":{"text":"Not\u00edcias de Ribeir\u00e3o Preto-SP e Regi\u00e3o","link":"https:\/\/noticiasribeiraopreto.com.br\/index.php\/category\/noticias-de-ribeirao-preto-sp-e-regiao-ismael-colosi\/"},"img":{"alt_text":"","src":"https:\/\/i0.wp.com\/noticiasribeiraopreto.com.br\/wp-content\/uploads\/2026\/04\/WhatsApp-Image-2026-04-07-at-18.13.03-1_2026-04-07_21-13-53.webp.webp?fit=1200%2C801&ssl=1&resize=350%2C200","width":350,"height":200,"srcset":"https:\/\/i0.wp.com\/noticiasribeiraopreto.com.br\/wp-content\/uploads\/2026\/04\/WhatsApp-Image-2026-04-07-at-18.13.03-1_2026-04-07_21-13-53.webp.webp?fit=1200%2C801&ssl=1&resize=350%2C200 1x, https:\/\/i0.wp.com\/noticiasribeiraopreto.com.br\/wp-content\/uploads\/2026\/04\/WhatsApp-Image-2026-04-07-at-18.13.03-1_2026-04-07_21-13-53.webp.webp?fit=1200%2C801&ssl=1&resize=525%2C300 1.5x, https:\/\/i0.wp.com\/noticiasribeiraopreto.com.br\/wp-content\/uploads\/2026\/04\/WhatsApp-Image-2026-04-07-at-18.13.03-1_2026-04-07_21-13-53.webp.webp?fit=1200%2C801&ssl=1&resize=700%2C400 2x, https:\/\/i0.wp.com\/noticiasribeiraopreto.com.br\/wp-content\/uploads\/2026\/04\/WhatsApp-Image-2026-04-07-at-18.13.03-1_2026-04-07_21-13-53.webp.webp?fit=1200%2C801&ssl=1&resize=1050%2C600 3x"},"classes":[]},{"id":60632,"url":"https:\/\/noticiasribeiraopreto.com.br\/index.php\/2024\/11\/20\/obra-causa-interdicao-em-trecho-no-centro-de-ribeirao-preto-veja-desvio\/","url_meta":{"origin":46308,"position":2},"title":"Obra causa interdi\u00e7\u00e3o em trecho no Centro de Ribeir\u00e3o Preto; Veja desvio","author":"noticiasribeiraopreto.com.br","date":"20 de November de 2024","format":false,"excerpt":"A RP Mobi interditou, nesta quarta-feira (20), um trecho da rua Duque de Caxias, a partir do cruzamento com a rua Jos\u00e9 Bonif\u00e1cio at\u00e9 a pista Centro-bairro da avenida Jer\u00f4nimo Gon\u00e7alves, na regi\u00e3o Central de Ribeir\u00e3o Preto. Segundo a Prefeitura de Ribeir\u00e3o, o bloqueio \u00e9 devido a um reparo nas\u2026","rel":"","context":"In &quot;Not\u00edcias de Ribeir\u00e3o Preto-SP e Regi\u00e3o&quot;","block_context":{"text":"Not\u00edcias de Ribeir\u00e3o Preto-SP e Regi\u00e3o","link":"https:\/\/noticiasribeiraopreto.com.br\/index.php\/category\/noticias-de-ribeirao-preto-sp-e-regiao-ismael-colosi\/"},"img":{"alt_text":"","src":"https:\/\/i0.wp.com\/noticiasribeiraopreto.com.br\/wp-content\/uploads\/2024\/11\/INTERDICAO_2024-11-20_15-00-13_jpeg_2024-11-20_15-00-13.webp.webp?fit=1200%2C844&ssl=1&resize=350%2C200","width":350,"height":200,"srcset":"https:\/\/i0.wp.com\/noticiasribeiraopreto.com.br\/wp-content\/uploads\/2024\/11\/INTERDICAO_2024-11-20_15-00-13_jpeg_2024-11-20_15-00-13.webp.webp?fit=1200%2C844&ssl=1&resize=350%2C200 1x, https:\/\/i0.wp.com\/noticiasribeiraopreto.com.br\/wp-content\/uploads\/2024\/11\/INTERDICAO_2024-11-20_15-00-13_jpeg_2024-11-20_15-00-13.webp.webp?fit=1200%2C844&ssl=1&resize=525%2C300 1.5x, https:\/\/i0.wp.com\/noticiasribeiraopreto.com.br\/wp-content\/uploads\/2024\/11\/INTERDICAO_2024-11-20_15-00-13_jpeg_2024-11-20_15-00-13.webp.webp?fit=1200%2C844&ssl=1&resize=700%2C400 2x, https:\/\/i0.wp.com\/noticiasribeiraopreto.com.br\/wp-content\/uploads\/2024\/11\/INTERDICAO_2024-11-20_15-00-13_jpeg_2024-11-20_15-00-13.webp.webp?fit=1200%2C844&ssl=1&resize=1050%2C600 3x"},"classes":[]},{"id":74583,"url":"https:\/\/noticiasribeiraopreto.com.br\/index.php\/2025\/07\/24\/obra-emergencial-causa-interdicao-no-centro-de-ribeirao-preto-veja-rota-alternativa\/","url_meta":{"origin":46308,"position":3},"title":"Obra emergencial causa interdi\u00e7\u00e3o no Centro de Ribeir\u00e3o Preto; veja rota alternativa","author":"noticiasribeiraopreto.com.br","date":"24 de July de 2025","format":false,"excerpt":"Agentes de Tr\u00e2nsito interditaram, na noite desta quinta-feira (24), o trecho da rua Campos Sales a partir do cruzamento com a rua Amador Bueno, no Centro de Ribeir\u00e3o Preto. A interdi\u00e7\u00e3o total ocorre devido a uma obra emergencial feita por uma empresa terceirizada da Secretaria Municipal de \u00c1gua e Esgotos\u2026","rel":"","context":"In &quot;Not\u00edcias de Ribeir\u00e3o Preto-SP e Regi\u00e3o&quot;","block_context":{"text":"Not\u00edcias de Ribeir\u00e3o Preto-SP e Regi\u00e3o","link":"https:\/\/noticiasribeiraopreto.com.br\/index.php\/category\/noticias-de-ribeirao-preto-sp-e-regiao-ismael-colosi\/"},"img":{"alt_text":"","src":"https:\/\/i0.wp.com\/noticiasribeiraopreto.com.br\/wp-content\/uploads\/2025\/07\/Copia-de-Copia-de-Copia-de-TAMANHO-EXATO-PARA-FOTOS-NO-SISTEMA-NOVO-2025-07-24T195432.425_2025-07-24_22-54-47.webp.webp?fit=1200%2C675&ssl=1&resize=350%2C200","width":350,"height":200,"srcset":"https:\/\/i0.wp.com\/noticiasribeiraopreto.com.br\/wp-content\/uploads\/2025\/07\/Copia-de-Copia-de-Copia-de-TAMANHO-EXATO-PARA-FOTOS-NO-SISTEMA-NOVO-2025-07-24T195432.425_2025-07-24_22-54-47.webp.webp?fit=1200%2C675&ssl=1&resize=350%2C200 1x, https:\/\/i0.wp.com\/noticiasribeiraopreto.com.br\/wp-content\/uploads\/2025\/07\/Copia-de-Copia-de-Copia-de-TAMANHO-EXATO-PARA-FOTOS-NO-SISTEMA-NOVO-2025-07-24T195432.425_2025-07-24_22-54-47.webp.webp?fit=1200%2C675&ssl=1&resize=525%2C300 1.5x, https:\/\/i0.wp.com\/noticiasribeiraopreto.com.br\/wp-content\/uploads\/2025\/07\/Copia-de-Copia-de-Copia-de-TAMANHO-EXATO-PARA-FOTOS-NO-SISTEMA-NOVO-2025-07-24T195432.425_2025-07-24_22-54-47.webp.webp?fit=1200%2C675&ssl=1&resize=700%2C400 2x, https:\/\/i0.wp.com\/noticiasribeiraopreto.com.br\/wp-content\/uploads\/2025\/07\/Copia-de-Copia-de-Copia-de-TAMANHO-EXATO-PARA-FOTOS-NO-SISTEMA-NOVO-2025-07-24T195432.425_2025-07-24_22-54-47.webp.webp?fit=1200%2C675&ssl=1&resize=1050%2C600 3x"},"classes":[]},{"id":53074,"url":"https:\/\/noticiasribeiraopreto.com.br\/index.php\/2024\/06\/15\/obra-tem-vazamento-de-agua-limpa-no-centro-de-ribeirao-preto-veja-video\/","url_meta":{"origin":46308,"position":4},"title":"Obra tem vazamento de \u00e1gua limpa no Centro de Ribeir\u00e3o Preto; Veja v\u00eddeo","author":"noticiasribeiraopreto.com.br","date":"15 de June de 2024","format":false,"excerpt":"Um vazamento de \u00e1gua da rede da Saerp (Secretaria de \u00c1gua e Esgoto de Ribeir\u00e3o Preto) foi registrado na manh\u00e3 deste s\u00e1bado (15), em uma obra do corredor de \u00f4nibus no cruzamento das\u00a0ruas Flor\u00eancio de Abreu e Sete de Setembro, no\u00a0Centro da cidade. Assista ao v\u00eddeo abaixo. Moradores relataram que\u2026","rel":"","context":"In &quot;Not\u00edcias de Ribeir\u00e3o Preto-SP e Regi\u00e3o&quot;","block_context":{"text":"Not\u00edcias de Ribeir\u00e3o Preto-SP e Regi\u00e3o","link":"https:\/\/noticiasribeiraopreto.com.br\/index.php\/category\/noticias-de-ribeirao-preto-sp-e-regiao-ismael-colosi\/"},"img":{"alt_text":"","src":"https:\/\/i0.wp.com\/noticiasribeiraopreto.com.br\/wp-content\/uploads\/2024\/06\/WhatsApp-Image-2024-06-15-at-08.56.27_2024-06-15_14-53-00_jpeg_2024-06-15_14-53-00.webp.webp?fit=1200%2C675&ssl=1&resize=350%2C200","width":350,"height":200,"srcset":"https:\/\/i0.wp.com\/noticiasribeiraopreto.com.br\/wp-content\/uploads\/2024\/06\/WhatsApp-Image-2024-06-15-at-08.56.27_2024-06-15_14-53-00_jpeg_2024-06-15_14-53-00.webp.webp?fit=1200%2C675&ssl=1&resize=350%2C200 1x, https:\/\/i0.wp.com\/noticiasribeiraopreto.com.br\/wp-content\/uploads\/2024\/06\/WhatsApp-Image-2024-06-15-at-08.56.27_2024-06-15_14-53-00_jpeg_2024-06-15_14-53-00.webp.webp?fit=1200%2C675&ssl=1&resize=525%2C300 1.5x, https:\/\/i0.wp.com\/noticiasribeiraopreto.com.br\/wp-content\/uploads\/2024\/06\/WhatsApp-Image-2024-06-15-at-08.56.27_2024-06-15_14-53-00_jpeg_2024-06-15_14-53-00.webp.webp?fit=1200%2C675&ssl=1&resize=700%2C400 2x, https:\/\/i0.wp.com\/noticiasribeiraopreto.com.br\/wp-content\/uploads\/2024\/06\/WhatsApp-Image-2024-06-15-at-08.56.27_2024-06-15_14-53-00_jpeg_2024-06-15_14-53-00.webp.webp?fit=1200%2C675&ssl=1&resize=1050%2C600 3x"},"classes":[]},{"id":61748,"url":"https:\/\/noticiasribeiraopreto.com.br\/index.php\/2024\/12\/20\/saerp-alerta-para-falta-dagua-na-zona-sul-e-no-centro-de-ribeirao-preto\/","url_meta":{"origin":46308,"position":5},"title":"Saerp alerta para falta d\u2019\u00e1gua na zona Sul e no Centro de Ribeir\u00e3o Preto","author":"noticiasribeiraopreto.com.br","date":"20 de December de 2024","format":false,"excerpt":"A Saerp (Secretaria de \u00c1gua e Esgoto de Ribeir\u00e3o Preto) informou que bairros da zona Sul e o Centro de Ribeir\u00e3o Preto podem ficar sem \u00e1gua nesta sexta-feira (20). De acordo com a secretaria, a situa\u00e7\u00e3o \u00e9 motivada pelas obras de mobilidade na regi\u00e3o. A pasta informou que equipes realizam\u2026","rel":"","context":"In &quot;Not\u00edcias de Ribeir\u00e3o Preto-SP e Regi\u00e3o&quot;","block_context":{"text":"Not\u00edcias de Ribeir\u00e3o Preto-SP e Regi\u00e3o","link":"https:\/\/noticiasribeiraopreto.com.br\/index.php\/category\/noticias-de-ribeirao-preto-sp-e-regiao-ismael-colosi\/"},"img":{"alt_text":"","src":"https:\/\/i0.wp.com\/noticiasribeiraopreto.com.br\/wp-content\/uploads\/2024\/08\/Copia-de-Copia-de-TAMANHO-EXATO-PARA-FOTOS-NO-SISTEMA-NOVO-15_2024-07-10_14-38-39_jpg_2024-07-10_14-38-39.webp.webp?fit=1200%2C675&ssl=1&resize=350%2C200","width":350,"height":200,"srcset":"https:\/\/i0.wp.com\/noticiasribeiraopreto.com.br\/wp-content\/uploads\/2024\/08\/Copia-de-Copia-de-TAMANHO-EXATO-PARA-FOTOS-NO-SISTEMA-NOVO-15_2024-07-10_14-38-39_jpg_2024-07-10_14-38-39.webp.webp?fit=1200%2C675&ssl=1&resize=350%2C200 1x, https:\/\/i0.wp.com\/noticiasribeiraopreto.com.br\/wp-content\/uploads\/2024\/08\/Copia-de-Copia-de-TAMANHO-EXATO-PARA-FOTOS-NO-SISTEMA-NOVO-15_2024-07-10_14-38-39_jpg_2024-07-10_14-38-39.webp.webp?fit=1200%2C675&ssl=1&resize=525%2C300 1.5x, https:\/\/i0.wp.com\/noticiasribeiraopreto.com.br\/wp-content\/uploads\/2024\/08\/Copia-de-Copia-de-TAMANHO-EXATO-PARA-FOTOS-NO-SISTEMA-NOVO-15_2024-07-10_14-38-39_jpg_2024-07-10_14-38-39.webp.webp?fit=1200%2C675&ssl=1&resize=700%2C400 2x, https:\/\/i0.wp.com\/noticiasribeiraopreto.com.br\/wp-content\/uploads\/2024\/08\/Copia-de-Copia-de-TAMANHO-EXATO-PARA-FOTOS-NO-SISTEMA-NOVO-15_2024-07-10_14-38-39_jpg_2024-07-10_14-38-39.webp.webp?fit=1200%2C675&ssl=1&resize=1050%2C600 3x"},"classes":[]}],"jetpack_sharing_enabled":true,"jetpack_shortlink":"https:\/\/wp.me\/peQAOb-c2U","_links":{"self":[{"href":"https:\/\/noticiasribeiraopreto.com.br\/index.php\/wp-json\/wp\/v2\/posts\/46308","targetHints":{"allow":["GET"]}}],"collection":[{"href":"https:\/\/noticiasribeiraopreto.com.br\/index.php\/wp-json\/wp\/v2\/posts"}],"about":[{"href":"https:\/\/noticiasribeiraopreto.com.br\/index.php\/wp-json\/wp\/v2\/types\/post"}],"author":[{"embeddable":true,"href":"https:\/\/noticiasribeiraopreto.com.br\/index.php\/wp-json\/wp\/v2\/users\/1"}],"replies":[{"embeddable":true,"href":"https:\/\/noticiasribeiraopreto.com.br\/index.php\/wp-json\/wp\/v2\/comments?post=46308"}],"version-history":[{"count":0,"href":"https:\/\/noticiasribeiraopreto.com.br\/index.php\/wp-json\/wp\/v2\/posts\/46308\/revisions"}],"wp:featuredmedia":[{"embeddable":true,"href":"https:\/\/noticiasribeiraopreto.com.br\/index.php\/wp-json\/wp\/v2\/media\/46309"}],"wp:attachment":[{"href":"https:\/\/noticiasribeiraopreto.com.br\/index.php\/wp-json\/wp\/v2\/media?parent=46308"}],"wp:term":[{"taxonomy":"category","embeddable":true,"href":"https:\/\/noticiasribeiraopreto.com.br\/index.php\/wp-json\/wp\/v2\/categories?post=46308"},{"taxonomy":"post_tag","embeddable":true,"href":"https:\/\/noticiasribeiraopreto.com.br\/index.php\/wp-json\/wp\/v2\/tags?post=46308"}],"curies":[{"name":"wp","href":"https:\/\/api.w.org\/{rel}","templated":true}]}}